
{"id":18943,"date":"2013-01-23T05:53:44","date_gmt":"2013-01-23T05:53:44","guid":{"rendered":"http:\/\/www.cinevox.be\/?p=18943"},"modified":"2013-04-24T12:34:48","modified_gmt":"2013-04-24T12:34:48","slug":"david-lambert-la-realisation","status":"publish","type":"post","link":"https:\/\/w-l-c.be\/fr\/david-lambert-la-realisation\/","title":{"rendered":"Hors les Murs &#8211; David Lambert : La r\u00e9alisation"},"content":{"rendered":"<p>Bruxelles, en 2011.<br \/>\nPaulo, un jeune pianiste \u00e0 la vie presque rang\u00e9e, rencontre Ilir, un bassite d&rsquo;origine albanaise. C&rsquo;est le coup de foudre, ces deux-l\u00e0 s&rsquo;aiment instantan\u00e9ment.<br \/>\nMalgr\u00e9 les r\u00e9ticences d&rsquo;Ilir, habitu\u00e9 \u00e0 une vie solitaire, Paulo quitte sa copine pour s&rsquo;installer dans une minuscule chambre avec lui. Un quotidien s&rsquo;installe, ils surpassent leurs diff\u00e9rences pour vivre d&rsquo;amour et d&rsquo;eau fra\u00eeche.<br \/>\nLe jour o\u00f9 Paulo promet \u00e0 Ilir de l&rsquo;aimer pour la vie, Ilir part et ne revient plus. Ce dernier s&rsquo;av\u00e8re \u00eatre en prison, arr\u00eat\u00e9 pour trois fois rien&#8230;<!--more--><\/p>\n<p>&nbsp;<\/p>\n<p>Festival de Cannes 2012 &#8211; Semaine internationale de la Critique &#8211; Grand Rail d&rsquo;Or 2012<\/p>\n<p>&nbsp;<\/p>\n<p>Sortie du film au Canada le 15 juin 2012, en France le 14 novembre et en Belgique le 21 (?) novembre<\/p>\n<p>&nbsp;<\/p>\n<p>David Lambert<\/p>\n<p>N\u00e9 en 1974 dans les Ardennes Belges, David Lambert est dipl\u00f4m\u00e9 en Langues et Litt\u00e9ratures Romanes \u00e0 l&rsquo;Universit\u00e9 de Li\u00e8ge. Il fait ensuite du th\u00e9\u00e0tre, comme dramaturge, puis passe peu \u00e0 peu \u00e0 la mise en sc\u00e9ne.<\/p>\n<p>Il devient sc\u00e9nariste \u00e0 l&rsquo;aube de ses trente ans. Il travaille deux ans sur une \u00e9mission pour enfants de la RTBF \u00ab Ici Blabla \u00bb, puis collaborant \u00e0 l&rsquo;\u00e9criture de sc\u00e9narios de long m\u00e9trage avec de nombreux r\u00e9alisateurs fran\u00e7ais ou belges. La derni\u00e8re en date, \u00ab La r\u00e9gate \u00bb , sort sur les \u00e9crans \u00e0 l&rsquo;automne 2009.<\/p>\n<p>\u00ab Vivre encore un peu \u00bb est son premier court-m\u00e9trage de fiction en tant que r\u00e9alisateur.<\/p>\n<p>Il \u00e9crit actuellement son premier long m\u00e9trage \u00ab Hors les murs \u00bb.<\/p>\n<p>&nbsp;<\/p>\n","protected":false},"excerpt":{"rendered":"<p>Bruxelles, en 2011. Paulo, un jeune pianiste \u00e0 la vie presque rang\u00e9e, rencontre Ilir, un bassite d&rsquo;origine albanaise. C&rsquo;est le coup de foudre, ces deux-l\u00e0 s&rsquo;aiment instantan\u00e9ment. Malgr\u00e9 les r\u00e9ticences d&rsquo;Ilir, habitu\u00e9 \u00e0 une vie solitaire, Paulo quitte sa copine pour s&rsquo;installer dans une minuscule chambre avec lui. Un quotidien s&rsquo;installe, ils surpassent leurs diff\u00e9rences &hellip;<\/p>\n","protected":false},"author":7,"featured_media":18944,"comment_status":"closed","ping_status":"closed","sticky":false,"template":"","format":"standard","meta":{"ngg_post_thumbnail":0,"footnotes":""},"categories":[1978],"tags":[],"class_list":["post-18943","post","type-post","status-publish","format-standard","has-post-thumbnail","","category-interviews"],"yoast_head":"<!-- This site is optimized with the Yoast SEO plugin v20.4 - https:\/\/yoast.com\/wordpress\/plugins\/seo\/ -->\n<title>Hors les Murs - David Lambert : La r\u00e9alisation - w-l-c<\/title>\n<meta name=\"robots\" content=\"noindex, follow, max-snippet:-1, max-image-preview:large, max-video-preview:-1\" \/>\n<meta property=\"og:locale\" content=\"fr_FR\" \/>\n<meta property=\"og:type\" content=\"article\" \/>\n<meta property=\"og:title\" content=\"Hors les Murs - David Lambert : La r\u00e9alisation - w-l-c\" \/>\n<meta property=\"og:description\" content=\"Bruxelles, en 2011. Paulo, un jeune pianiste \u00e0 la vie presque rang\u00e9e, rencontre Ilir, un bassite d&rsquo;origine albanaise. C&rsquo;est le coup de foudre, ces deux-l\u00e0 s&rsquo;aiment instantan\u00e9ment. Malgr\u00e9 les r\u00e9ticences d&rsquo;Ilir, habitu\u00e9 \u00e0 une vie solitaire, Paulo quitte sa copine pour s&rsquo;installer dans une minuscule chambre avec lui. Un quotidien s&rsquo;installe, ils surpassent leurs diff\u00e9rences &hellip;\" \/>\n<meta property=\"og:url\" content=\"https:\/\/w-l-c.be\/fr\/david-lambert-la-realisation\/\" \/>\n<meta property=\"og:site_name\" content=\"w-l-c\" \/>\n<meta property=\"article:published_time\" content=\"2013-01-23T05:53:44+00:00\" \/>\n<meta property=\"article:modified_time\" content=\"2013-04-24T12:34:48+00:00\" \/>\n<meta property=\"og:image\" content=\"https:\/\/w-l-c.be\/wp-content\/uploads\/2012\/03\/DL-la-r\u00e9alisation.png\" \/>\n\t<meta property=\"og:image:width\" content=\"829\" \/>\n\t<meta property=\"og:image:height\" content=\"484\" \/>\n\t<meta property=\"og:image:type\" content=\"image\/png\" \/>\n<meta name=\"author\" content=\"Philippe.Pierquin\" \/>\n<meta name=\"twitter:card\" content=\"summary_large_image\" \/>\n<meta name=\"twitter:label1\" content=\"\u00c9crit par\" \/>\n\t<meta name=\"twitter:data1\" content=\"Philippe.Pierquin\" \/>\n\t<meta name=\"twitter:label2\" content=\"Dur\u00e9e de lecture estim\u00e9e\" \/>\n\t<meta name=\"twitter:data2\" content=\"1 minute\" \/>\n<script type=\"application\/ld+json\" class=\"yoast-schema-graph\">{\"@context\":\"https:\/\/schema.org\",\"@graph\":[{\"@type\":\"WebPage\",\"@id\":\"https:\/\/w-l-c.be\/fr\/david-lambert-la-realisation\/\",\"url\":\"https:\/\/w-l-c.be\/fr\/david-lambert-la-realisation\/\",\"name\":\"Hors les Murs - David Lambert : La r\u00e9alisation - w-l-c\",\"isPartOf\":{\"@id\":\"https:\/\/w-l-c.be\/fr\/#website\"},\"datePublished\":\"2013-01-23T05:53:44+00:00\",\"dateModified\":\"2013-04-24T12:34:48+00:00\",\"author\":{\"@id\":\"https:\/\/w-l-c.be\/fr\/#\/schema\/person\/4b9b1d857f0943453a38a7c2859ef756\"},\"breadcrumb\":{\"@id\":\"https:\/\/w-l-c.be\/fr\/david-lambert-la-realisation\/#breadcrumb\"},\"inLanguage\":\"fr-FR\",\"potentialAction\":[{\"@type\":\"ReadAction\",\"target\":[\"https:\/\/w-l-c.be\/fr\/david-lambert-la-realisation\/\"]}]},{\"@type\":\"BreadcrumbList\",\"@id\":\"https:\/\/w-l-c.be\/fr\/david-lambert-la-realisation\/#breadcrumb\",\"itemListElement\":[{\"@type\":\"ListItem\",\"position\":1,\"name\":\"Accueil\",\"item\":\"https:\/\/w-l-c.be\/fr\/\"},{\"@type\":\"ListItem\",\"position\":2,\"name\":\"Hors les Murs &#8211; David Lambert : La r\u00e9alisation\"}]},{\"@type\":\"WebSite\",\"@id\":\"https:\/\/w-l-c.be\/fr\/#website\",\"url\":\"https:\/\/w-l-c.be\/fr\/\",\"name\":\"w-l-c\",\"description\":\"Le cin\u00e9ma vu par les belges\",\"potentialAction\":[{\"@type\":\"SearchAction\",\"target\":{\"@type\":\"EntryPoint\",\"urlTemplate\":\"https:\/\/w-l-c.be\/fr\/?s={search_term_string}\"},\"query-input\":\"required name=search_term_string\"}],\"inLanguage\":\"fr-FR\"},{\"@type\":\"Person\",\"@id\":\"https:\/\/w-l-c.be\/fr\/#\/schema\/person\/4b9b1d857f0943453a38a7c2859ef756\",\"name\":\"Philippe.Pierquin\",\"url\":\"https:\/\/w-l-c.be\/fr\/author\/philippe-pierquin\/\"}]}<\/script>\n<!-- \/ Yoast SEO plugin. -->","yoast_head_json":{"title":"Hors les Murs - David Lambert : La r\u00e9alisation - w-l-c","robots":{"index":"noindex","follow":"follow","max-snippet":"max-snippet:-1","max-image-preview":"max-image-preview:large","max-video-preview":"max-video-preview:-1"},"og_locale":"fr_FR","og_type":"article","og_title":"Hors les Murs - David Lambert : La r\u00e9alisation - w-l-c","og_description":"Bruxelles, en 2011. Paulo, un jeune pianiste \u00e0 la vie presque rang\u00e9e, rencontre Ilir, un bassite d&rsquo;origine albanaise. C&rsquo;est le coup de foudre, ces deux-l\u00e0 s&rsquo;aiment instantan\u00e9ment. Malgr\u00e9 les r\u00e9ticences d&rsquo;Ilir, habitu\u00e9 \u00e0 une vie solitaire, Paulo quitte sa copine pour s&rsquo;installer dans une minuscule chambre avec lui. Un quotidien s&rsquo;installe, ils surpassent leurs diff\u00e9rences &hellip;","og_url":"https:\/\/w-l-c.be\/fr\/david-lambert-la-realisation\/","og_site_name":"w-l-c","article_published_time":"2013-01-23T05:53:44+00:00","article_modified_time":"2013-04-24T12:34:48+00:00","og_image":[{"width":"829","height":"484","url":"https:\/\/w-l-c.be\/wp-content\/uploads\/2012\/03\/DL-la-r\u00e9alisation.png","type":"image\/png"}],"author":"Philippe.Pierquin","twitter_card":"summary_large_image","twitter_misc":{"\u00c9crit par":"Philippe.Pierquin","Dur\u00e9e de lecture estim\u00e9e":"1 minute"},"schema":{"@context":"https:\/\/schema.org","@graph":[{"@type":"WebPage","@id":"https:\/\/w-l-c.be\/fr\/david-lambert-la-realisation\/","url":"https:\/\/w-l-c.be\/fr\/david-lambert-la-realisation\/","name":"Hors les Murs - David Lambert : La r\u00e9alisation - w-l-c","isPartOf":{"@id":"https:\/\/w-l-c.be\/fr\/#website"},"datePublished":"2013-01-23T05:53:44+00:00","dateModified":"2013-04-24T12:34:48+00:00","author":{"@id":"https:\/\/w-l-c.be\/fr\/#\/schema\/person\/4b9b1d857f0943453a38a7c2859ef756"},"breadcrumb":{"@id":"https:\/\/w-l-c.be\/fr\/david-lambert-la-realisation\/#breadcrumb"},"inLanguage":"fr-FR","potentialAction":[{"@type":"ReadAction","target":["https:\/\/w-l-c.be\/fr\/david-lambert-la-realisation\/"]}]},{"@type":"BreadcrumbList","@id":"https:\/\/w-l-c.be\/fr\/david-lambert-la-realisation\/#breadcrumb","itemListElement":[{"@type":"ListItem","position":1,"name":"Accueil","item":"https:\/\/w-l-c.be\/fr\/"},{"@type":"ListItem","position":2,"name":"Hors les Murs &#8211; David Lambert : La r\u00e9alisation"}]},{"@type":"WebSite","@id":"https:\/\/w-l-c.be\/fr\/#website","url":"https:\/\/w-l-c.be\/fr\/","name":"w-l-c","description":"Le cin\u00e9ma vu par les belges","potentialAction":[{"@type":"SearchAction","target":{"@type":"EntryPoint","urlTemplate":"https:\/\/w-l-c.be\/fr\/?s={search_term_string}"},"query-input":"required name=search_term_string"}],"inLanguage":"fr-FR"},{"@type":"Person","@id":"https:\/\/w-l-c.be\/fr\/#\/schema\/person\/4b9b1d857f0943453a38a7c2859ef756","name":"Philippe.Pierquin","url":"https:\/\/w-l-c.be\/fr\/author\/philippe-pierquin\/"}]}},"_links":{"self":[{"href":"https:\/\/w-l-c.be\/fr\/wp-json\/wp\/v2\/posts\/18943","targetHints":{"allow":["GET"]}}],"collection":[{"href":"https:\/\/w-l-c.be\/fr\/wp-json\/wp\/v2\/posts"}],"about":[{"href":"https:\/\/w-l-c.be\/fr\/wp-json\/wp\/v2\/types\/post"}],"author":[{"embeddable":true,"href":"https:\/\/w-l-c.be\/fr\/wp-json\/wp\/v2\/users\/7"}],"replies":[{"embeddable":true,"href":"https:\/\/w-l-c.be\/fr\/wp-json\/wp\/v2\/comments?post=18943"}],"version-history":[{"count":0,"href":"https:\/\/w-l-c.be\/fr\/wp-json\/wp\/v2\/posts\/18943\/revisions"}],"wp:featuredmedia":[{"embeddable":true,"href":"https:\/\/w-l-c.be\/fr\/wp-json\/wp\/v2\/media\/18944"}],"wp:attachment":[{"href":"https:\/\/w-l-c.be\/fr\/wp-json\/wp\/v2\/media?parent=18943"}],"wp:term":[{"taxonomy":"category","embeddable":true,"href":"https:\/\/w-l-c.be\/fr\/wp-json\/wp\/v2\/categories?post=18943"},{"taxonomy":"post_tag","embeddable":true,"href":"https:\/\/w-l-c.be\/fr\/wp-json\/wp\/v2\/tags?post=18943"}],"curies":[{"name":"wp","href":"https:\/\/api.w.org\/{rel}","templated":true}]}}