
{"id":193261,"date":"2016-12-06T18:56:13","date_gmt":"2016-12-06T17:56:13","guid":{"rendered":"http:\/\/www.cinevox.be\/?p=93261"},"modified":"2016-12-06T18:56:13","modified_gmt":"2016-12-06T17:56:13","slug":"home-bande-annonce","status":"publish","type":"post","link":"https:\/\/w-l-c.be\/fr\/home-bande-annonce\/","title":{"rendered":"Home, la bande-annonce"},"content":{"rendered":"<p><em>Home<\/em>, le nouveau film de Fien Troch, sortira dans les salles belges le 11 janvier prochain. Apr\u00e8s l&rsquo;intense et pr\u00e9cieux <em>Kid<\/em>, la r\u00e9alisatrice revient avec un film fort, bouleversant et sans concession sur l&rsquo;adolescence et la maternit\u00e9 en faillite. Port\u00e9 par un casting \u00e9poustouflant, m\u00ealant des jeunes com\u00e9diens d\u00e9butants, et des acteurs exp\u00e9riment\u00e9s, <em>Home<\/em>\u00a0offre un double portrait g\u00e9n\u00e9rationnel percutant.<\/p>\n<p><!--more--><\/p>\n<p>Dans les r\u00f4les des adolescents, on retrouve des com\u00e9diens d\u00e9butants, Sebastian Van Dun,Lo\u00efc Bellemans, Mistral Guidotti, Lena Suijkerbuijk, tous terrassants\u00a0de justesse et de naturel, \u00e9paul\u00e9s notamment par\u00a0Karlijn Sileghem, Tom Audenaert, Natali Broods,\u00a0Jeroen Perceval ou Jan Hammenecker dans des seconds r\u00f4les.<\/p>\n<p>&nbsp;<\/p>\n","protected":false},"excerpt":{"rendered":"<p>Home, le nouveau film de Fien Troch, sortira dans les salles belges le 11 janvier prochain. Apr\u00e8s l&rsquo;intense et pr\u00e9cieux Kid, la r\u00e9alisatrice revient avec un film fort, bouleversant et sans concession sur l&rsquo;adolescence et la maternit\u00e9 en faillite. Port\u00e9 par un casting \u00e9poustouflant, m\u00ealant des jeunes com\u00e9diens d\u00e9butants, et des acteurs exp\u00e9riment\u00e9s, Home\u00a0offre un &hellip;<\/p>\n","protected":false},"author":343,"featured_media":193267,"comment_status":"closed","ping_status":"closed","sticky":false,"template":"","format":"standard","meta":{"ngg_post_thumbnail":0,"footnotes":""},"categories":[53],"tags":[],"class_list":["post-193261","post","type-post","status-publish","format-standard","has-post-thumbnail","","category-coming-soon"],"yoast_head":"<!-- This site is optimized with the Yoast SEO plugin v20.4 - https:\/\/yoast.com\/wordpress\/plugins\/seo\/ -->\n<title>Home, la bande-annonce - w-l-c<\/title>\n<meta name=\"robots\" content=\"noindex, follow, max-snippet:-1, max-image-preview:large, max-video-preview:-1\" \/>\n<meta property=\"og:locale\" content=\"fr_FR\" \/>\n<meta property=\"og:type\" content=\"article\" \/>\n<meta property=\"og:title\" content=\"Home, la bande-annonce - w-l-c\" \/>\n<meta property=\"og:description\" content=\"Home, le nouveau film de Fien Troch, sortira dans les salles belges le 11 janvier prochain. Apr\u00e8s l&rsquo;intense et pr\u00e9cieux Kid, la r\u00e9alisatrice revient avec un film fort, bouleversant et sans concession sur l&rsquo;adolescence et la maternit\u00e9 en faillite. Port\u00e9 par un casting \u00e9poustouflant, m\u00ealant des jeunes com\u00e9diens d\u00e9butants, et des acteurs exp\u00e9riment\u00e9s, Home\u00a0offre un &hellip;\" \/>\n<meta property=\"og:url\" content=\"https:\/\/w-l-c.be\/fr\/home-bande-annonce\/\" \/>\n<meta property=\"og:site_name\" content=\"w-l-c\" \/>\n<meta property=\"article:published_time\" content=\"2016-12-06T17:56:13+00:00\" \/>\n<meta property=\"og:image\" content=\"https:\/\/w-l-c.be\/wp-content\/uploads\/2016\/12\/Affiche-Home1.jpg\" \/>\n\t<meta property=\"og:image:width\" content=\"1000\" \/>\n\t<meta property=\"og:image:height\" content=\"1414\" \/>\n\t<meta property=\"og:image:type\" content=\"image\/jpeg\" \/>\n<meta name=\"author\" content=\"Aurore Engelen\" \/>\n<meta name=\"twitter:card\" content=\"summary_large_image\" \/>\n<meta name=\"twitter:label1\" content=\"\u00c9crit par\" \/>\n\t<meta name=\"twitter:data1\" content=\"Aurore Engelen\" \/>\n\t<meta name=\"twitter:label2\" content=\"Dur\u00e9e de lecture estim\u00e9e\" \/>\n\t<meta name=\"twitter:data2\" content=\"1 minute\" \/>\n<script type=\"application\/ld+json\" class=\"yoast-schema-graph\">{\"@context\":\"https:\/\/schema.org\",\"@graph\":[{\"@type\":\"WebPage\",\"@id\":\"https:\/\/w-l-c.be\/fr\/home-bande-annonce\/\",\"url\":\"https:\/\/w-l-c.be\/fr\/home-bande-annonce\/\",\"name\":\"Home, la bande-annonce - w-l-c\",\"isPartOf\":{\"@id\":\"https:\/\/w-l-c.be\/fr\/#website\"},\"datePublished\":\"2016-12-06T17:56:13+00:00\",\"dateModified\":\"2016-12-06T17:56:13+00:00\",\"author\":{\"@id\":\"https:\/\/w-l-c.be\/fr\/#\/schema\/person\/8084b68c6b176142d073695c654dc7cf\"},\"breadcrumb\":{\"@id\":\"https:\/\/w-l-c.be\/fr\/home-bande-annonce\/#breadcrumb\"},\"inLanguage\":\"fr-FR\",\"potentialAction\":[{\"@type\":\"ReadAction\",\"target\":[\"https:\/\/w-l-c.be\/fr\/home-bande-annonce\/\"]}]},{\"@type\":\"BreadcrumbList\",\"@id\":\"https:\/\/w-l-c.be\/fr\/home-bande-annonce\/#breadcrumb\",\"itemListElement\":[{\"@type\":\"ListItem\",\"position\":1,\"name\":\"Accueil\",\"item\":\"https:\/\/w-l-c.be\/fr\/\"},{\"@type\":\"ListItem\",\"position\":2,\"name\":\"Home, la bande-annonce\"}]},{\"@type\":\"WebSite\",\"@id\":\"https:\/\/w-l-c.be\/fr\/#website\",\"url\":\"https:\/\/w-l-c.be\/fr\/\",\"name\":\"w-l-c\",\"description\":\"Le cin\u00e9ma vu par les belges\",\"potentialAction\":[{\"@type\":\"SearchAction\",\"target\":{\"@type\":\"EntryPoint\",\"urlTemplate\":\"https:\/\/w-l-c.be\/fr\/?s={search_term_string}\"},\"query-input\":\"required name=search_term_string\"}],\"inLanguage\":\"fr-FR\"},{\"@type\":\"Person\",\"@id\":\"https:\/\/w-l-c.be\/fr\/#\/schema\/person\/8084b68c6b176142d073695c654dc7cf\",\"name\":\"Aurore Engelen\",\"url\":\"https:\/\/w-l-c.be\/fr\/author\/aurore-engelen\/\"}]}<\/script>\n<!-- \/ Yoast SEO plugin. -->","yoast_head_json":{"title":"Home, la bande-annonce - w-l-c","robots":{"index":"noindex","follow":"follow","max-snippet":"max-snippet:-1","max-image-preview":"max-image-preview:large","max-video-preview":"max-video-preview:-1"},"og_locale":"fr_FR","og_type":"article","og_title":"Home, la bande-annonce - w-l-c","og_description":"Home, le nouveau film de Fien Troch, sortira dans les salles belges le 11 janvier prochain. Apr\u00e8s l&rsquo;intense et pr\u00e9cieux Kid, la r\u00e9alisatrice revient avec un film fort, bouleversant et sans concession sur l&rsquo;adolescence et la maternit\u00e9 en faillite. Port\u00e9 par un casting \u00e9poustouflant, m\u00ealant des jeunes com\u00e9diens d\u00e9butants, et des acteurs exp\u00e9riment\u00e9s, Home\u00a0offre un &hellip;","og_url":"https:\/\/w-l-c.be\/fr\/home-bande-annonce\/","og_site_name":"w-l-c","article_published_time":"2016-12-06T17:56:13+00:00","og_image":[{"width":1000,"height":1414,"url":"https:\/\/w-l-c.be\/wp-content\/uploads\/2016\/12\/Affiche-Home1.jpg","type":"image\/jpeg"}],"author":"Aurore Engelen","twitter_card":"summary_large_image","twitter_misc":{"\u00c9crit par":"Aurore Engelen","Dur\u00e9e de lecture estim\u00e9e":"1 minute"},"schema":{"@context":"https:\/\/schema.org","@graph":[{"@type":"WebPage","@id":"https:\/\/w-l-c.be\/fr\/home-bande-annonce\/","url":"https:\/\/w-l-c.be\/fr\/home-bande-annonce\/","name":"Home, la bande-annonce - w-l-c","isPartOf":{"@id":"https:\/\/w-l-c.be\/fr\/#website"},"datePublished":"2016-12-06T17:56:13+00:00","dateModified":"2016-12-06T17:56:13+00:00","author":{"@id":"https:\/\/w-l-c.be\/fr\/#\/schema\/person\/8084b68c6b176142d073695c654dc7cf"},"breadcrumb":{"@id":"https:\/\/w-l-c.be\/fr\/home-bande-annonce\/#breadcrumb"},"inLanguage":"fr-FR","potentialAction":[{"@type":"ReadAction","target":["https:\/\/w-l-c.be\/fr\/home-bande-annonce\/"]}]},{"@type":"BreadcrumbList","@id":"https:\/\/w-l-c.be\/fr\/home-bande-annonce\/#breadcrumb","itemListElement":[{"@type":"ListItem","position":1,"name":"Accueil","item":"https:\/\/w-l-c.be\/fr\/"},{"@type":"ListItem","position":2,"name":"Home, la bande-annonce"}]},{"@type":"WebSite","@id":"https:\/\/w-l-c.be\/fr\/#website","url":"https:\/\/w-l-c.be\/fr\/","name":"w-l-c","description":"Le cin\u00e9ma vu par les belges","potentialAction":[{"@type":"SearchAction","target":{"@type":"EntryPoint","urlTemplate":"https:\/\/w-l-c.be\/fr\/?s={search_term_string}"},"query-input":"required name=search_term_string"}],"inLanguage":"fr-FR"},{"@type":"Person","@id":"https:\/\/w-l-c.be\/fr\/#\/schema\/person\/8084b68c6b176142d073695c654dc7cf","name":"Aurore Engelen","url":"https:\/\/w-l-c.be\/fr\/author\/aurore-engelen\/"}]}},"_links":{"self":[{"href":"https:\/\/w-l-c.be\/fr\/wp-json\/wp\/v2\/posts\/193261","targetHints":{"allow":["GET"]}}],"collection":[{"href":"https:\/\/w-l-c.be\/fr\/wp-json\/wp\/v2\/posts"}],"about":[{"href":"https:\/\/w-l-c.be\/fr\/wp-json\/wp\/v2\/types\/post"}],"author":[{"embeddable":true,"href":"https:\/\/w-l-c.be\/fr\/wp-json\/wp\/v2\/users\/343"}],"replies":[{"embeddable":true,"href":"https:\/\/w-l-c.be\/fr\/wp-json\/wp\/v2\/comments?post=193261"}],"version-history":[{"count":0,"href":"https:\/\/w-l-c.be\/fr\/wp-json\/wp\/v2\/posts\/193261\/revisions"}],"wp:featuredmedia":[{"embeddable":true,"href":"https:\/\/w-l-c.be\/fr\/wp-json\/wp\/v2\/media\/193267"}],"wp:attachment":[{"href":"https:\/\/w-l-c.be\/fr\/wp-json\/wp\/v2\/media?parent=193261"}],"wp:term":[{"taxonomy":"category","embeddable":true,"href":"https:\/\/w-l-c.be\/fr\/wp-json\/wp\/v2\/categories?post=193261"},{"taxonomy":"post_tag","embeddable":true,"href":"https:\/\/w-l-c.be\/fr\/wp-json\/wp\/v2\/tags?post=193261"}],"curies":[{"name":"wp","href":"https:\/\/api.w.org\/{rel}","templated":true}]}}