
{"id":193449,"date":"2016-12-09T10:37:10","date_gmt":"2016-12-09T09:37:10","guid":{"rendered":"http:\/\/www.cinevox.be\/?p=93449"},"modified":"2016-12-09T10:49:24","modified_gmt":"2016-12-09T09:49:24","slug":"magritte-2017-les-pre-nominations","status":"publish","type":"post","link":"https:\/\/w-l-c.be\/fr\/magritte-2017-les-pre-nominations\/","title":{"rendered":"Magritte 2017: les pr\u00e9-nominations"},"content":{"rendered":"<p>La 7\u00e8me \u00e9dition des Magritte du Cin\u00e9ma aura lieu le 4 f\u00e9vrier prochain, et sera une fois encore l&rsquo;occasion de c\u00e9l\u00e9brer la richesse et la vitalit\u00e9 du cin\u00e9ma belge. L&rsquo;Acad\u00e9mie Andr\u00e9 Delvaux vient de r\u00e9v\u00e9ler l&rsquo;identit\u00e9 des talents qui concourront pour le premier tour de vote, vote effectu\u00e9 par les professionnels du cin\u00e9ma.<\/p>\n<p><!--more--><\/p>\n<p>&nbsp;<\/p>\n<p>Parmi les films en lice pour le Magritte du Meilleur Film, on retrouve notamment 4 r\u00e9alisateurs d\u00e9j\u00e0 prim\u00e9s par le pass\u00e9 (Vanja d&rsquo;Alcantara, nomin\u00e9e cette ann\u00e9e avec <i>Le Coeur R\u00e9gulier<\/i> et d\u00e9j\u00e0 nomin\u00e9e en 2012 avec <i>Beyond the Steppes<\/i>; les fr\u00e8res Dardenne, nomin\u00e9s en 2012 avec <i>Le Gamin au V\u00e9lo<\/i>, et laur\u00e9ats en 2015 avec <i>Deux Jours, Une nuit<\/i>; Joachim Lafosse laur\u00e9at en 2013 avec <i>A perdre la raison<\/i>; et Bouli Lanners laur\u00e9at en 2012 avec <i>Les G\u00e9ants),<\/i> mais aussi 8 premiers films, soulignant ainsi l&rsquo;arriv\u00e9e de nouveaux et prometteurs talents. On soulignera notamment que deux r\u00e9alisateurs prim\u00e9s pour leurs courts m\u00e9trages sont ainsi pass\u00e9s au long cette ann\u00e9e (Valery Rosier, prim\u00e9 en 2012 pour <em>Dimanches<\/em>, dont on a d\u00e9couvert cette ann\u00e9e <em>Parasol<\/em>, et Xavier Seron, prim\u00e9 l&rsquo;ann\u00e9e derni\u00e8re pour <em>L&rsquo;Ours Noir<\/em>, et qui a d\u00e9voil\u00e9 cette ann\u00e9e <em>Je me tue \u00e0 la dire<\/em>).<\/p>\n<p>&nbsp;<\/p>\n<p>C\u00f4t\u00e9 com\u00e9diennes, on retiendra les 5 (!) pr\u00e9-nominations de Virginie Efira, pr\u00e9sentes sur tous les fronts cette ann\u00e9e, qui qui aura l&rsquo;honneur de pr\u00e9sider la c\u00e9r\u00e9monie. La cat\u00e9gorie meilleur com\u00e9dienne promet de renouveler le genre, puisque parmi les 10 actrices pr\u00e9-nomin\u00e9es, une seule a d\u00e9j\u00e0 remport\u00e9 le troph\u00e9e (Veerle Baetens, l&rsquo;ann\u00e9e derni\u00e8re pour Un d\u00e9but prometteur). Le prix se jouera entre des com\u00e9diennes d\u00e9j\u00e0 \u00e9tablies (Virginie Efira donc, mais aussi D\u00e9borah\u00a0Fran\u00e7ois, Marie Gillain, ou Astrid Whetnall), ou encore des\u00a0r\u00e9v\u00e9lations comme\u00a0Martha Canga Antonio d\u00e9couverte dans <em>Black<\/em>,\u00a0Salom\u00e9 Richard (d&rsquo;ailleurs \u00e9galement pr\u00e9-nomin\u00e9e aux C\u00e9sar pour <em>Baden Baden<\/em>), ou Justine Louis (<em>Nous Quatre<\/em>).<\/p>\n<p>&nbsp;<\/p>\n<p>Chez les hommes, la comp\u00e9tition sera largement disput\u00e9e, entre des habitu\u00e9s comme Beno\u00eet Poelvoorde, Fran\u00e7ois Damiens (encore jamais prim\u00e9), Olivier Gourmet, Bouli Lanners, J\u00e9r\u00e9mie R\u00e9nier ou Fabrizio Rongione, et de nombreux acteurs qui ont explos\u00e9 cette ann\u00e9e, comme Martin Nyssen et Arthur Buyssens (<em>Welcome Home<\/em>), Yoann Blanc (<em>Un homme \u00e0 la mer<\/em>) ou encore Jean-Jacques Rausin (<em>Je me tue \u00e0 le dire<\/em>).<\/p>\n<p>&nbsp;<\/p>\n<p>Les nominations finales seront annonc\u00e9es dans le courant du mois de janvier, avant l&rsquo;ultime\u00a0tour de votes. Les paris sont ouverts!<\/p>\n<p>&nbsp;<\/p>\n<p><strong>MAGRITTE DU MEILLEUR FILM<\/strong><\/p>\n<ul>\n<li><strong>Baden Baden<\/strong> de Rachel Lang (Tarantula)<\/li>\n<li><strong>I am not from Barcelona<\/strong> de St\u00e9phane Leclercq (Mutation asbl)<\/li>\n<li><strong>Je me tue \u00e0 le dire<\/strong> de Xavier Seron (Novak Prod)<\/li>\n<li><strong>Keeper<\/strong> de Guillaume Senez (Iota Production)<\/li>\n<li><strong>L\u2019\u00e9conomie du couple<\/strong> de Joachim Lafosse (Versus production)<\/li>\n<li><strong>La fille inconnue <\/strong>de Jean-Pierre et Luc Dardenne (Les Films du Fleuve)<\/li>\n<li><strong>Le chant des hommes<\/strong> de Mary Jimenez et B\u00e9n\u00e9dicte Li\u00e9nard (Tarantula)<\/li>\n<li><strong>Le coeur r\u00e9gulier<\/strong> de Vanja d\u2019Alcantara (Need Productions)<\/li>\n<li><strong>Les chevaliers blancs<\/strong> de Joachim Lafosse (Versus production)<\/li>\n<li><strong>Les hommes d\u2019argile<\/strong> de Mourad Boucif (Un souffle)<\/li>\n<li><strong>Les premiers les derniers<\/strong> de Bouli Lanners (Versus production)<\/li>\n<li><strong>Les survivants<\/strong> de Luc Jabon (Iris Films)<\/li>\n<li><strong>Mirage d\u2019amour<\/strong> de Hubert Toint (Saga Film)<\/li>\n<li><strong>Nous quatre<\/strong> de St\u00e9phane H\u00e9nocque,(300%)<\/li>\n<li><strong>Parasol<\/strong> de Val\u00e9ry Rosier (Wrong Men North)<\/li>\n<li><strong>Un homme \u00e0 la mer<\/strong> de G\u00e9raldine Doignon (H\u00e9licotronc)<\/li>\n<li><strong>Welcome home<\/strong> de Philippe de Pierpont (Iota production)<\/li>\n<\/ul>\n<p>&nbsp;<\/p>\n<p><strong>MAGRITTE DU MEILLEUR PREMIER FILM<\/strong><\/p>\n<ul>\n<li><strong>Baden Baden<\/strong> de Rachel Lang, produit par Val\u00e9rie Bournonville et Joseph Rouschop (Tarantula)<\/li>\n<li><strong>I am not from Barcelona<\/strong> de St\u00e9phane Leclercq, produit par Muriel Allart et St\u00e9phane Leclercq (Mutation asbl)<\/li>\n<li><strong>Je me tue \u00e0 le dire<\/strong> de Xavier Seron, produit par Bernard de Dessus les Moustier et Olivier Dubois (Novak Prod)<\/li>\n<li><strong>Keeper<\/strong> de Guillaume Senez, produit par Isabelle Truc (Iota Production)<\/li>\n<li><strong>Les survivants<\/strong> de Luc Jabon, produit par Nicolas Steil (Iris Films)<\/li>\n<li><strong>Mirage d\u2019amour<\/strong> de Hubert Toint, produit par Hubert Toint (Saga Film)<\/li>\n<li><strong>Nous quatre<\/strong> de St\u00e9phane H\u00e9nocque, produit par Philippe Delhaes (300%) et St\u00e9phane H\u00e9nocque<\/li>\n<li><strong>Parasol<\/strong> de Val\u00e9ry Rosier, produit par Beno\u00eet Roland (Wrong Men North)<\/li>\n<\/ul>\n<p>&nbsp;<\/p>\n<p><strong>MAGRITTE DU MEILLEUR R\u00c9ALISATEUR<\/strong><\/p>\n<ul>\n<li>Baden Baden : <strong>Rachel Lang <\/strong><\/li>\n<li>I am not from Barcelona : <strong>St\u00e9phane Leclercq<\/strong><\/li>\n<li>Je me tue \u00e0 le dire : <strong>Xavier Seron<\/strong><\/li>\n<li>Keeper : <strong>Guillaume Senez<\/strong><\/li>\n<li>L\u2019\u00e9conomie du couple : <strong>Joachim Lafosse<\/strong><\/li>\n<li>La fille inconnue : <strong>Jean-Pierre et Luc Dardenne<\/strong><\/li>\n<li>Le chant des hommes : <strong>Mary Jimenez et B\u00e9n\u00e9dicte Li\u00e9nard<\/strong><\/li>\n<li>Le coeur r\u00e9gulier : <strong>Vanja d\u2019Alcantara<\/strong><\/li>\n<li>Les chevaliers blancs : <strong>Joachim Lafosse<\/strong><\/li>\n<li>Les hommes d\u2019argile : <strong>Mourad Boucif<\/strong><\/li>\n<li>Les premiers les derniers : <strong>Bouli Lanners<\/strong><\/li>\n<li>Les survivants : <strong>Luc Jabon<\/strong><\/li>\n<li>Mirage d\u2019amour : <strong>Hubert Toint<\/strong><\/li>\n<li>Nous quatre : <strong>St\u00e9phane H\u00e9nocque<\/strong><\/li>\n<li>Parasol : <strong>Val\u00e9ry Rosier<\/strong><\/li>\n<li>Un homme \u00e0 la mer : <strong>G\u00e9raldine Doignon<\/strong><\/li>\n<li>Welcome home : <strong>Philippe de Pierpont<\/strong><\/li>\n<\/ul>\n<p>&nbsp;<\/p>\n<p><strong>MAGRITTE DE LA MEILLEURE ACTRICE<\/strong><\/p>\n<ul>\n<li>Au-del\u00e0 des nuages :<strong> Chris Lomme <\/strong><\/li>\n<li>Baden Baden :<strong> Salom\u00e9 Richard<\/strong><\/li>\n<li>Black : <strong>Martha Canga Antonio<\/strong><\/li>\n<li>C\u00e9zanne et moi* : <strong>D\u00e9borah Fran\u00e7ois<\/strong><\/li>\n<li>Des nouvelles de la plan\u00e8te mars*:<strong> Veerle Baetens<\/strong><\/li>\n<li>Et ta soeur* : <strong>Virginie Efira<\/strong><\/li>\n<li>La route d\u2019Istanbul :<strong> Astrid Whettnall<\/strong><\/li>\n<li>Le go\u00fbt des merveilles* :<strong> Virginie Efira<\/strong><\/li>\n<li>Mirage d\u2019amour : <strong>Marie Gillain<\/strong><\/li>\n<li>Nous quatre : <strong>Justine Louis<\/strong><\/li>\n<li>Un homme \u00e0 la hauteur* :<strong> Virginie Efira<\/strong><\/li>\n<li>Un homme \u00e0 la mer : <strong>Jo Deseure<\/strong><\/li>\n<li>Victoria* : <strong>Virginie Efira<\/strong><\/li>\n<\/ul>\n<p>&nbsp;<\/p>\n<p><strong>MAGRITTE DU MEILLEUR ACTEUR<\/strong><\/p>\n<ul>\n<li>Au-del\u00e0 des nuages :<strong> Jo De Meyere<\/strong><\/li>\n<li>Bienvenue \u00e0 Marly-Gomont* :<strong> Marc Zinga<\/strong><\/li>\n<li>Black : <strong>Aboubakr Bensaihi<\/strong><\/li>\n<li>Des nouvelles de la plan\u00e8te mars* : <strong>Fran\u00e7ois Damiens<\/strong><\/li>\n<li>En mai fais ce qu\u2019il te plait* : <strong>Olivier Gourmet<\/strong><\/li>\n<li>\u00c9ternit\u00e9 : <strong>J\u00e9r\u00e9mie Renier<\/strong><\/li>\n<li>Everybody happy :<strong> Peter Van den Begin<\/strong><\/li>\n<li>I am not from Barcelona :<strong> Baptiste Moulart<\/strong><\/li>\n<li>Ils sont partout* : <strong>Beno\u00eet Poelvoorde<\/strong><\/li>\n<li>Je me tue \u00e0 le dire : <strong>Jean-Jacques Rausin<\/strong><\/li>\n<li>Le correspondant :<strong> Jimmy Labeeu<\/strong><\/li>\n<li>Les cowboys :<strong> Fran\u00e7ois Damiens<\/strong><\/li>\n<li>Les hommes d\u2019argile : <strong>Miloud Nasiri<\/strong><\/li>\n<li>Les premiers les derniers : <strong>Bouli Lanners<\/strong><\/li>\n<li>Les survivants :<strong> Fabrizio Rongione<\/strong><\/li>\n<li>Nous quatre : <strong>Fran\u00e7ois Huberty,\u00a0<strong>Pierre Olivier,\u00a0<strong>Florian P\u00e2que<\/strong><\/strong><\/strong><\/li>\n<li>Paris-Willouby* : <strong>St\u00e9phane De Groodt<\/strong><\/li>\n<li>Problemski hotel :<strong> Tarek Halaby<\/strong><\/li>\n<li>Saint Amour* : <strong>Beno\u00eet Poelvoorde<\/strong><\/li>\n<li>Un homme \u00e0 la mer : <strong>Yoann Blanc<\/strong><\/li>\n<li>Welcome home : <strong>Arthur Buyssens,\u00a0<strong>Martin Nissen<\/strong><\/strong><\/li>\n<\/ul>\n<p>&nbsp;<\/p>\n<p><strong>MAGRITTE DE LA MEILLEURE ACTRICE DANS UN SECOND R\u00d4LE<\/strong><\/p>\n<ul>\n<li>A peine j\u2019ouvre les yeux : <strong>Ghalia Benali<\/strong><\/li>\n<li>Arr\u00eate ton cin\u00e9ma ! :<strong> Virginie Hocq<\/strong><\/li>\n<li>Au-del\u00e0 des nuages : <strong>Charlotte De Bruyne,\u00a0<strong>Katelijne Verbeke<\/strong><\/strong><\/li>\n<li>Elle* :<strong> Virginie Efira<\/strong><\/li>\n<li>Everybody happy :<strong> Veerle Malschaert,\u00a0<strong>Barbara Sarafian<\/strong><\/strong><\/li>\n<li>Keeper : <strong>Catherine Sal\u00e9e<\/strong><\/li>\n<li>La route d\u2019Istanbul : <strong>Pauline Burlet<\/strong><\/li>\n<li>La taularde :<strong> Pauline Burlet,\u00a0<strong>Anne Coesens<\/strong><\/strong><\/li>\n<li>Le fils de Joseph : <strong>Natacha R\u00e9gnier<\/strong><\/li>\n<li>Le grand partage* : <strong>Sandra Zidani<\/strong><\/li>\n<li>Le voyage de Fanny :<strong> C\u00e9cile de France<\/strong><\/li>\n<li>Les survivants <strong>: Erika Sainte<\/strong><\/li>\n<li>Les visiteurs : la R\u00e9volution :<strong> St\u00e9phanie Crayencour<\/strong><\/li>\n<li>Parasol :<strong> Julienne Goeffers<\/strong><\/li>\n<li>Problemski hotel :<strong> Evguenia Brendes,\u00a0<strong>Lydia Indjova<\/strong><\/strong><\/li>\n<li>T\u00eate baiss\u00e9e : <strong>Aylin Yay<\/strong><\/li>\n<\/ul>\n<p>&nbsp;<\/p>\n<p><strong>MAGRITTE DU MEILLEUR ACTEUR DANS UN SECOND R\u00d4LE<\/strong><\/p>\n<ul>\n<li>Baden Baden :<strong> Lazare Gousseau<\/strong><\/li>\n<li>Bienvenue \u00e0 Marly-Gomont* :<strong> Jean-Beno\u00eet Ugeux <\/strong><\/li>\n<li>Black : <strong>Soufiane Chilah,\u00a0<strong>Th\u00e9o Kabeya,\u00a0<strong>Emmanuel Tahon<\/strong><\/strong><\/strong><\/li>\n<li>Chocolat* : <strong>Olivier Gourmet<\/strong><\/li>\n<li>Diamant noir : <strong>Jos Verbist<\/strong><\/li>\n<li>Elle* : <strong>Jonas Bloquet<\/strong><\/li>\n<li>\u00c9ternit\u00e9 : <strong>Arieh Worthalter<\/strong><\/li>\n<li>Everybody happy : <strong>Josse De Pauw,\u00a0<strong>Jeroen Leenders,\u00a0<strong>Rik Verheye<\/strong><\/strong><\/strong><\/li>\n<li>Ils sont partout* : <strong>Fran\u00e7ois Damiens<\/strong><\/li>\n<li>Je suis un soldat :<strong> Laurent Capelluto<\/strong><\/li>\n<li>Keeper :<strong> Sam Louwyck<\/strong><\/li>\n<li>La danseuse : <strong>Fran\u00e7ois Damiens<\/strong><\/li>\n<li>La fille inconnue :<strong> J\u00e9r\u00e9mie Renier,\u00a0<strong>Olivier Gourmet,\u00a0<strong>Louka Minnella<\/strong><\/strong><\/strong><\/li>\n<li>Le chant des hommes : <strong>Sam Louwyck<\/strong><\/li>\n<li>Le fils de Joseph :<strong> Fabrizio Rongione<\/strong><\/li>\n<li>Les hommes d\u2019argile :<strong>Christian Crahay,\u00a0<\/strong><strong>Tibo Vandenborre,\u00a0<strong>Mourad Wagli,\u00a0<strong>Mohamed Zahir<\/strong><\/strong><\/strong><\/li>\n<li>Les premiers les derniers : <strong>David Murgia<\/strong><\/li>\n<li>Les survivants :<strong> Antoine Plaisant<\/strong><\/li>\n<li>M\u00e9decin de campagne* : <strong>Patrick Descamps<\/strong><\/li>\n<li>Nous quatre : <strong>Renaud Rutten<\/strong><\/li>\n<li>Peur de rien* : <strong>Damien Chapelle<\/strong><\/li>\n<li>Problemski hotel : <strong>G\u00f6khan Girginol<\/strong><\/li>\n<li>Radin !* : <strong>Patrick Ridremont<\/strong><\/li>\n<li>Un petit boulot : <strong>Charlie Dupont<\/strong><\/li>\n<\/ul>\n<p>&nbsp;<\/p>\n<p><strong>MAGRITTE DU MEILLEUR ESPOIR F\u00c9MININ<\/strong><\/p>\n<ul>\n<li>A peine j\u2019ouvre les yeux : <strong>Ghalia Benali<\/strong><\/li>\n<li>Arr\u00eate ton cin\u00e9ma ! :<strong> Virginie Hocq<\/strong><\/li>\n<li>Au-del\u00e0 des nuages : <strong>Charlotte De Bruyne<\/strong><\/li>\n<li>Baden Baden :<strong> Salom\u00e9 Richard<\/strong><\/li>\n<li>Black : <strong>Martha Canga Antonio<\/strong><\/li>\n<li>L\u2019\u00e9conomie du couple : <strong>Jade et Margaux Soentjens<\/strong><\/li>\n<li>Le voyage de Fanny : <strong>L\u00e9onie Souchaud,\u00a0<strong>Fantine Harduin,\u00a0<strong>Lou Lambrecht<\/strong><\/strong><\/strong><\/li>\n<li>Nous quatre : <strong>Justine Louis<\/strong><\/li>\n<li>Problemski hotel :<strong> Evguenia Brendes,\u00a0<strong>Lydia Indjova<\/strong><\/strong><\/li>\n<li>Welcome home : <strong>Emmanuelle Gilles &#8211; Rousseau<\/strong><\/li>\n<\/ul>\n<p>&nbsp;<\/p>\n<p><strong>MAGRITTE DU MEILLEUR ESPOIR MASCULIN<\/strong><\/p>\n<ul>\n<li>Baden Baden :<strong> Lazare Gousseau<\/strong><\/li>\n<li>Black : <strong>Aboubakr Bensaihi,\u00a0<\/strong><strong>Soufiane Chilah,\u00a0<\/strong><strong>Th\u00e9o Kabeya,\u00a0<\/strong><strong>Emmanuel Tahon<\/strong><\/li>\n<li>\u00c9ternit\u00e9 : <strong>Arieh Worthalter<\/strong><\/li>\n<li>Evolution :<strong> Max Brebant<\/strong><\/li>\n<li>I am not from Barcelona :<strong> Baptiste Moulart<\/strong><\/li>\n<li>La fille inconnue :<strong> Louka Minnella<\/strong><\/li>\n<li>Le correspondant : <strong>Jimmy Labeeu<\/strong><\/li>\n<li>Le voyage de Fanny : <strong>Ryan Brodie,\u00a0<\/strong><strong>Igor Van Dessel<\/strong><\/li>\n<li>Les hommes d\u2019argile : <strong>Miloud Nasiri,\u00a0<\/strong><strong>Mourad Wagli<\/strong><\/li>\n<li>Nous quatre : <strong>Fran\u00e7ois Huberty,\u00a0<strong>Pierre Olivier,\u00a0<strong>Florian P\u00e2que<\/strong><\/strong><\/strong><\/li>\n<li>Peur de rien* : <strong>Damien Chapelle<\/strong><\/li>\n<li>Problemski hotel :<strong> Tarek Halaby,\u00a0<\/strong><strong>G\u00f6khan Girginol<\/strong><\/li>\n<li>Welcome home : <strong>Arthur Buyssens,\u00a0<\/strong><strong>Martin Nissen<\/strong><\/li>\n<\/ul>\n<p>&nbsp;<\/p>\n<p>Le reste des pr\u00e9-nominations <a href=\"http:\/\/www.lesmagritteducinema.com\/categories.php?lang=fr\">ici<\/a>!<\/p>\n<p>&nbsp;<\/p>\n<p>&nbsp;<\/p>\n<p>&nbsp;<\/p>\n<p>&nbsp;<\/p>\n","protected":false},"excerpt":{"rendered":"<p>La 7\u00e8me \u00e9dition des Magritte du Cin\u00e9ma aura lieu le 4 f\u00e9vrier prochain, et sera une fois encore l&rsquo;occasion de c\u00e9l\u00e9brer la richesse et la vitalit\u00e9 du cin\u00e9ma belge. L&rsquo;Acad\u00e9mie Andr\u00e9 Delvaux vient de r\u00e9v\u00e9ler l&rsquo;identit\u00e9 des talents qui concourront pour le premier tour de vote, vote effectu\u00e9 par les professionnels du cin\u00e9ma.<\/p>\n","protected":false},"author":343,"featured_media":193451,"comment_status":"closed","ping_status":"closed","sticky":false,"template":"","format":"standard","meta":{"ngg_post_thumbnail":0,"footnotes":""},"categories":[1923,12,7],"tags":[],"class_list":["post-193449","post","type-post","status-publish","format-standard","has-post-thumbnail","","category-en-bref","category-awards","category-actualites"],"yoast_head":"<!-- This site is optimized with the Yoast SEO plugin v20.4 - https:\/\/yoast.com\/wordpress\/plugins\/seo\/ -->\n<title>Magritte 2017: les pr\u00e9-nominations - w-l-c<\/title>\n<meta name=\"robots\" content=\"noindex, follow, max-snippet:-1, max-image-preview:large, max-video-preview:-1\" \/>\n<meta property=\"og:locale\" content=\"fr_FR\" \/>\n<meta property=\"og:type\" content=\"article\" \/>\n<meta property=\"og:title\" content=\"Magritte 2017: les pr\u00e9-nominations - w-l-c\" \/>\n<meta property=\"og:description\" content=\"La 7\u00e8me \u00e9dition des Magritte du Cin\u00e9ma aura lieu le 4 f\u00e9vrier prochain, et sera une fois encore l&rsquo;occasion de c\u00e9l\u00e9brer la richesse et la vitalit\u00e9 du cin\u00e9ma belge. L&rsquo;Acad\u00e9mie Andr\u00e9 Delvaux vient de r\u00e9v\u00e9ler l&rsquo;identit\u00e9 des talents qui concourront pour le premier tour de vote, vote effectu\u00e9 par les professionnels du cin\u00e9ma.\" \/>\n<meta property=\"og:url\" content=\"https:\/\/w-l-c.be\/fr\/magritte-2017-les-pre-nominations\/\" \/>\n<meta property=\"og:site_name\" content=\"w-l-c\" \/>\n<meta property=\"article:published_time\" content=\"2016-12-09T09:37:10+00:00\" \/>\n<meta property=\"article:modified_time\" content=\"2016-12-09T09:49:24+00:00\" \/>\n<meta property=\"og:image\" content=\"https:\/\/w-l-c.be\/wp-content\/uploads\/2016\/12\/Magritte-prenominations.jpg\" \/>\n\t<meta property=\"og:image:width\" content=\"1000\" \/>\n\t<meta property=\"og:image:height\" content=\"667\" \/>\n\t<meta property=\"og:image:type\" content=\"image\/jpeg\" \/>\n<meta name=\"author\" content=\"Aurore Engelen\" \/>\n<meta name=\"twitter:card\" content=\"summary_large_image\" \/>\n<meta name=\"twitter:label1\" content=\"\u00c9crit par\" \/>\n\t<meta name=\"twitter:data1\" content=\"Aurore Engelen\" \/>\n\t<meta name=\"twitter:label2\" content=\"Dur\u00e9e de lecture estim\u00e9e\" \/>\n\t<meta name=\"twitter:data2\" content=\"7 minutes\" \/>\n<script type=\"application\/ld+json\" class=\"yoast-schema-graph\">{\"@context\":\"https:\/\/schema.org\",\"@graph\":[{\"@type\":\"WebPage\",\"@id\":\"https:\/\/w-l-c.be\/fr\/magritte-2017-les-pre-nominations\/\",\"url\":\"https:\/\/w-l-c.be\/fr\/magritte-2017-les-pre-nominations\/\",\"name\":\"Magritte 2017: les pr\u00e9-nominations - w-l-c\",\"isPartOf\":{\"@id\":\"https:\/\/w-l-c.be\/fr\/#website\"},\"datePublished\":\"2016-12-09T09:37:10+00:00\",\"dateModified\":\"2016-12-09T09:49:24+00:00\",\"author\":{\"@id\":\"https:\/\/w-l-c.be\/fr\/#\/schema\/person\/8084b68c6b176142d073695c654dc7cf\"},\"breadcrumb\":{\"@id\":\"https:\/\/w-l-c.be\/fr\/magritte-2017-les-pre-nominations\/#breadcrumb\"},\"inLanguage\":\"fr-FR\",\"potentialAction\":[{\"@type\":\"ReadAction\",\"target\":[\"https:\/\/w-l-c.be\/fr\/magritte-2017-les-pre-nominations\/\"]}]},{\"@type\":\"BreadcrumbList\",\"@id\":\"https:\/\/w-l-c.be\/fr\/magritte-2017-les-pre-nominations\/#breadcrumb\",\"itemListElement\":[{\"@type\":\"ListItem\",\"position\":1,\"name\":\"Accueil\",\"item\":\"https:\/\/w-l-c.be\/fr\/\"},{\"@type\":\"ListItem\",\"position\":2,\"name\":\"Magritte 2017: les pr\u00e9-nominations\"}]},{\"@type\":\"WebSite\",\"@id\":\"https:\/\/w-l-c.be\/fr\/#website\",\"url\":\"https:\/\/w-l-c.be\/fr\/\",\"name\":\"w-l-c\",\"description\":\"Le cin\u00e9ma vu par les belges\",\"potentialAction\":[{\"@type\":\"SearchAction\",\"target\":{\"@type\":\"EntryPoint\",\"urlTemplate\":\"https:\/\/w-l-c.be\/fr\/?s={search_term_string}\"},\"query-input\":\"required name=search_term_string\"}],\"inLanguage\":\"fr-FR\"},{\"@type\":\"Person\",\"@id\":\"https:\/\/w-l-c.be\/fr\/#\/schema\/person\/8084b68c6b176142d073695c654dc7cf\",\"name\":\"Aurore Engelen\",\"url\":\"https:\/\/w-l-c.be\/fr\/author\/aurore-engelen\/\"}]}<\/script>\n<!-- \/ Yoast SEO plugin. -->","yoast_head_json":{"title":"Magritte 2017: les pr\u00e9-nominations - w-l-c","robots":{"index":"noindex","follow":"follow","max-snippet":"max-snippet:-1","max-image-preview":"max-image-preview:large","max-video-preview":"max-video-preview:-1"},"og_locale":"fr_FR","og_type":"article","og_title":"Magritte 2017: les pr\u00e9-nominations - w-l-c","og_description":"La 7\u00e8me \u00e9dition des Magritte du Cin\u00e9ma aura lieu le 4 f\u00e9vrier prochain, et sera une fois encore l&rsquo;occasion de c\u00e9l\u00e9brer la richesse et la vitalit\u00e9 du cin\u00e9ma belge. L&rsquo;Acad\u00e9mie Andr\u00e9 Delvaux vient de r\u00e9v\u00e9ler l&rsquo;identit\u00e9 des talents qui concourront pour le premier tour de vote, vote effectu\u00e9 par les professionnels du cin\u00e9ma.","og_url":"https:\/\/w-l-c.be\/fr\/magritte-2017-les-pre-nominations\/","og_site_name":"w-l-c","article_published_time":"2016-12-09T09:37:10+00:00","article_modified_time":"2016-12-09T09:49:24+00:00","og_image":[{"width":1000,"height":667,"url":"https:\/\/w-l-c.be\/wp-content\/uploads\/2016\/12\/Magritte-prenominations.jpg","type":"image\/jpeg"}],"author":"Aurore Engelen","twitter_card":"summary_large_image","twitter_misc":{"\u00c9crit par":"Aurore Engelen","Dur\u00e9e de lecture estim\u00e9e":"7 minutes"},"schema":{"@context":"https:\/\/schema.org","@graph":[{"@type":"WebPage","@id":"https:\/\/w-l-c.be\/fr\/magritte-2017-les-pre-nominations\/","url":"https:\/\/w-l-c.be\/fr\/magritte-2017-les-pre-nominations\/","name":"Magritte 2017: les pr\u00e9-nominations - w-l-c","isPartOf":{"@id":"https:\/\/w-l-c.be\/fr\/#website"},"datePublished":"2016-12-09T09:37:10+00:00","dateModified":"2016-12-09T09:49:24+00:00","author":{"@id":"https:\/\/w-l-c.be\/fr\/#\/schema\/person\/8084b68c6b176142d073695c654dc7cf"},"breadcrumb":{"@id":"https:\/\/w-l-c.be\/fr\/magritte-2017-les-pre-nominations\/#breadcrumb"},"inLanguage":"fr-FR","potentialAction":[{"@type":"ReadAction","target":["https:\/\/w-l-c.be\/fr\/magritte-2017-les-pre-nominations\/"]}]},{"@type":"BreadcrumbList","@id":"https:\/\/w-l-c.be\/fr\/magritte-2017-les-pre-nominations\/#breadcrumb","itemListElement":[{"@type":"ListItem","position":1,"name":"Accueil","item":"https:\/\/w-l-c.be\/fr\/"},{"@type":"ListItem","position":2,"name":"Magritte 2017: les pr\u00e9-nominations"}]},{"@type":"WebSite","@id":"https:\/\/w-l-c.be\/fr\/#website","url":"https:\/\/w-l-c.be\/fr\/","name":"w-l-c","description":"Le cin\u00e9ma vu par les belges","potentialAction":[{"@type":"SearchAction","target":{"@type":"EntryPoint","urlTemplate":"https:\/\/w-l-c.be\/fr\/?s={search_term_string}"},"query-input":"required name=search_term_string"}],"inLanguage":"fr-FR"},{"@type":"Person","@id":"https:\/\/w-l-c.be\/fr\/#\/schema\/person\/8084b68c6b176142d073695c654dc7cf","name":"Aurore Engelen","url":"https:\/\/w-l-c.be\/fr\/author\/aurore-engelen\/"}]}},"_links":{"self":[{"href":"https:\/\/w-l-c.be\/fr\/wp-json\/wp\/v2\/posts\/193449","targetHints":{"allow":["GET"]}}],"collection":[{"href":"https:\/\/w-l-c.be\/fr\/wp-json\/wp\/v2\/posts"}],"about":[{"href":"https:\/\/w-l-c.be\/fr\/wp-json\/wp\/v2\/types\/post"}],"author":[{"embeddable":true,"href":"https:\/\/w-l-c.be\/fr\/wp-json\/wp\/v2\/users\/343"}],"replies":[{"embeddable":true,"href":"https:\/\/w-l-c.be\/fr\/wp-json\/wp\/v2\/comments?post=193449"}],"version-history":[{"count":0,"href":"https:\/\/w-l-c.be\/fr\/wp-json\/wp\/v2\/posts\/193449\/revisions"}],"wp:featuredmedia":[{"embeddable":true,"href":"https:\/\/w-l-c.be\/fr\/wp-json\/wp\/v2\/media\/193451"}],"wp:attachment":[{"href":"https:\/\/w-l-c.be\/fr\/wp-json\/wp\/v2\/media?parent=193449"}],"wp:term":[{"taxonomy":"category","embeddable":true,"href":"https:\/\/w-l-c.be\/fr\/wp-json\/wp\/v2\/categories?post=193449"},{"taxonomy":"post_tag","embeddable":true,"href":"https:\/\/w-l-c.be\/fr\/wp-json\/wp\/v2\/tags?post=193449"}],"curies":[{"name":"wp","href":"https:\/\/api.w.org\/{rel}","templated":true}]}}