
{"id":193564,"date":"2016-12-12T09:59:43","date_gmt":"2016-12-12T08:59:43","guid":{"rendered":"http:\/\/www.cinevox.be\/?p=93564"},"modified":"2016-12-12T10:12:30","modified_gmt":"2016-12-12T09:12:30","slug":"5-minutes-avec-yoann-blanc","status":"publish","type":"post","link":"https:\/\/w-l-c.be\/fr\/5-minutes-avec-yoann-blanc\/","title":{"rendered":"5 minutes avec&#8230; Yoann Blanc"},"content":{"rendered":"<p><strong>Yoann Blanc<\/strong>, acteur franco-suisse, dipl\u00f4m\u00e9 de l&rsquo;INSAS et install\u00e9 \u00e0 Bruxelles depuis pr\u00e8s de 20 ans, s&rsquo;est r\u00e9v\u00e9l\u00e9 cette ann\u00e9e aux yeux du grand public en incarnant le premier r\u00f4le du deuxi\u00e8me long m\u00e9trage de G\u00e9raldine Doignon, <a href=\"http:\/\/www.cinevox.be\/homme-a-mer-bande-annonce\"><em>Un homme \u00e0 la mer<\/em><\/a>, et surtout, l&rsquo;inspecteur Yoann Peters dans la s\u00e9rie ph\u00e9nom\u00e8ne <a href=\"http:\/\/www.cinevox.be\/la-treve-une-serie-belge-niveau-international\/\"><em>La Tr\u00eave<\/em><\/a>. Nous l&rsquo;avons rencontr\u00e9 5 minutes, \u00e0 l&rsquo;occasion du dernier Festival du Cin\u00e9ma M\u00e9diterran\u00e9en de Bruxelles, o\u00f9 il officiait en tant jury.<\/p>\n<p><em>(Photo: Floran Hachez)<\/em><\/p>\n<p><!--more--><\/p>\n<p>&nbsp;<\/p>\n<p>&nbsp;<\/p>\n<p><strong><em>La Tr\u00eave<\/em> repr\u00e9sente une \u00e9norme exposition, qu&rsquo;est-ce que \u00e7a a chang\u00e9 pour vous?<\/strong><\/p>\n<p>Cela a repr\u00e9sent\u00e9 une visibilit\u00e9 soudaine et assez cons\u00e9quente. Heureusement, le premier r\u00f4le dans <em>Un homme \u00e0 la mer<\/em> que j&rsquo;avais tourn\u00e9 avant <em>La Tr\u00eave<\/em>, mon premier premier r\u00f4le dans un long m\u00e9trage, a contribu\u00e9 me donner plus d&rsquo;assurance quand j&rsquo;ai d\u00fb affronter le fait d&rsquo;incarner un premier r\u00f4le dans une s\u00e9rie grand public.<\/p>\n<p>&nbsp;<\/p>\n<p><a href=\"http:\/\/www.cinevox.be\/wp-content\/uploads\/2016\/12\/AfficheUnHommeALaMer.jpg\"><img loading=\"lazy\" decoding=\"async\" class=\"alignnone wp-image-93565 size-medium\" src=\"http:\/\/www.cinevox.be\/wp-content\/uploads\/2016\/12\/AfficheUnHommeALaMer-189x270.jpg\" alt=\"AfficheUnHommeALaMer\" width=\"189\" height=\"270\" \/><\/a><\/p>\n<p>&nbsp;<\/p>\n<p><strong>Quels ont \u00e9t\u00e9 les retours du public?<\/strong><\/p>\n<p>Pour <em>La Tr\u00eave<\/em>, j&rsquo;ai re\u00e7u beaucoup de t\u00e9moignages les gens. Soudain, on est reconnu dans la rue, c&rsquo;est forc\u00e9ment bizarre. C&rsquo;est aussi un bel acc\u00e9l\u00e9rateur professionnellement, qui permet d&rsquo;\u00eatre plus rapidement identifi\u00e9 par les r\u00e9alisateurs.<\/p>\n<p>&nbsp;<\/p>\n<p><strong>Vous faites beaucoup de th\u00e9\u00e2tre en parall\u00e8le du cin\u00e9ma et de la t\u00e9l\u00e9vision?<\/strong><\/p>\n<p>J&rsquo;ai jou\u00e9 au Th\u00e9\u00e2tre National de La Colline \u00e0 Paris cette ann\u00e9e, <em>Les Gens d&rsquo;Oz<\/em>, une pi\u00e8ce d&rsquo;une auteure bulgare, Yana Borissova, mise en sc\u00e8ne par Galin Stoev. J&rsquo;esp\u00e8re pouvoir continuer \u00e0 faire du th\u00e9\u00e2tre tout en tournant pour la t\u00e9l\u00e9 et le cin\u00e9ma. Non seulement j&rsquo;adore faire du th\u00e9\u00e2tre, mais surtout, \u00e7a me stabilise.<\/p>\n<p>&nbsp;<\/p>\n<p><strong>Quels sont vos projets?<\/strong><\/p>\n<p>J&rsquo;ai tourn\u00e9 dans deux nouveaux longs cette ann\u00e9e, <em>Fortuna<\/em> de Germinal Roaux, un jeune r\u00e9alisateur suisse, et <em>Une part d&rsquo;ombre<\/em>, le premier long m\u00e9trage du r\u00e9alisateur belge Samuel Tilman (<em>Le Dernier Gaulois<\/em>). Et puis ce qui va occuper une grande partir de mon ann\u00e9e 2017, c&rsquo;est le tournage de la deuxi\u00e8me saison de <em>La Tr\u00eave<\/em> pendant 4 mois au milieu du printemps.<\/p>\n<p>&nbsp;<\/p>\n<p><a href=\"http:\/\/www.cinevox.be\/wp-content\/uploads\/2016\/12\/LaTreve.jpg\"><img loading=\"lazy\" decoding=\"async\" class=\"alignnone size-medium wp-image-93566\" src=\"http:\/\/www.cinevox.be\/wp-content\/uploads\/2016\/12\/LaTreve-480x270.jpg\" alt=\"LaTreve\" width=\"480\" height=\"270\" \/><\/a><\/p>\n<p>&nbsp;<\/p>\n<p><strong>Un scoop sur cette deuxi\u00e8me saison?<\/strong><\/p>\n<p>Ah non, c&rsquo;est secret d\u00e9fense! On s&rsquo;est tous mis d&rsquo;accord: le seule chose que l&rsquo;on puisse dire, c&rsquo;est que \u00e7a se passe 4 ans plus tard, \u00e0 30km d&rsquo;Heiderfeld, et que Peeters est de retour&#8230;<\/p>\n","protected":false},"excerpt":{"rendered":"<p>Yoann Blanc, acteur franco-suisse, dipl\u00f4m\u00e9 de l&rsquo;INSAS et install\u00e9 \u00e0 Bruxelles depuis pr\u00e8s de 20 ans, s&rsquo;est r\u00e9v\u00e9l\u00e9 cette ann\u00e9e aux yeux du grand public en incarnant le premier r\u00f4le du deuxi\u00e8me long m\u00e9trage de G\u00e9raldine Doignon, Un homme \u00e0 la mer, et surtout, l&rsquo;inspecteur Yoann Peters dans la s\u00e9rie ph\u00e9nom\u00e8ne La Tr\u00eave. Nous l&rsquo;avons &hellip;<\/p>\n","protected":false},"author":343,"featured_media":193568,"comment_status":"closed","ping_status":"closed","sticky":false,"template":"","format":"standard","meta":{"ngg_post_thumbnail":0,"footnotes":""},"categories":[7,1978],"tags":[1878,1879,1877],"class_list":["post-193564","post","type-post","status-publish","format-standard","has-post-thumbnail","","category-actualites","category-interviews","tag-la-treve","tag-un-homme-a-la-mer","tag-yoann-blanc"],"yoast_head":"<!-- This site is optimized with the Yoast SEO plugin v20.4 - https:\/\/yoast.com\/wordpress\/plugins\/seo\/ -->\n<title>5 minutes avec... Yoann Blanc - w-l-c<\/title>\n<meta name=\"description\" content=\"Rencontre avec Yoann Blanc, h\u00e9ros de La Tr\u00eave, jury au Festival du Cin\u00e9ma M\u00e9diterran\u00e9en de Bruxelles\" \/>\n<meta name=\"robots\" content=\"noindex, follow, max-snippet:-1, max-image-preview:large, max-video-preview:-1\" \/>\n<meta property=\"og:locale\" content=\"fr_FR\" \/>\n<meta property=\"og:type\" content=\"article\" \/>\n<meta property=\"og:title\" content=\"5 minutes avec... Yoann Blanc - w-l-c\" \/>\n<meta property=\"og:description\" content=\"Rencontre avec Yoann Blanc, h\u00e9ros de La Tr\u00eave, jury au Festival du Cin\u00e9ma M\u00e9diterran\u00e9en de Bruxelles\" \/>\n<meta property=\"og:url\" content=\"https:\/\/w-l-c.be\/fr\/5-minutes-avec-yoann-blanc\/\" \/>\n<meta property=\"og:site_name\" content=\"w-l-c\" \/>\n<meta property=\"article:published_time\" content=\"2016-12-12T08:59:43+00:00\" \/>\n<meta property=\"article:modified_time\" content=\"2016-12-12T09:12:30+00:00\" \/>\n<meta property=\"og:image\" content=\"https:\/\/w-l-c.be\/wp-content\/uploads\/2016\/12\/Yoann-Blanc_FloranHachez.jpg\" \/>\n\t<meta property=\"og:image:width\" content=\"1500\" \/>\n\t<meta property=\"og:image:height\" content=\"1000\" \/>\n\t<meta property=\"og:image:type\" content=\"image\/jpeg\" \/>\n<meta name=\"author\" content=\"Aurore Engelen\" \/>\n<meta name=\"twitter:card\" content=\"summary_large_image\" \/>\n<meta name=\"twitter:label1\" content=\"\u00c9crit par\" \/>\n\t<meta name=\"twitter:data1\" content=\"Aurore Engelen\" \/>\n\t<meta name=\"twitter:label2\" content=\"Dur\u00e9e de lecture estim\u00e9e\" \/>\n\t<meta name=\"twitter:data2\" content=\"2 minutes\" \/>\n<script type=\"application\/ld+json\" class=\"yoast-schema-graph\">{\"@context\":\"https:\/\/schema.org\",\"@graph\":[{\"@type\":\"WebPage\",\"@id\":\"https:\/\/w-l-c.be\/fr\/5-minutes-avec-yoann-blanc\/\",\"url\":\"https:\/\/w-l-c.be\/fr\/5-minutes-avec-yoann-blanc\/\",\"name\":\"5 minutes avec... Yoann Blanc - w-l-c\",\"isPartOf\":{\"@id\":\"https:\/\/w-l-c.be\/fr\/#website\"},\"datePublished\":\"2016-12-12T08:59:43+00:00\",\"dateModified\":\"2016-12-12T09:12:30+00:00\",\"author\":{\"@id\":\"https:\/\/w-l-c.be\/fr\/#\/schema\/person\/8084b68c6b176142d073695c654dc7cf\"},\"description\":\"Rencontre avec Yoann Blanc, h\u00e9ros de La Tr\u00eave, jury au Festival du Cin\u00e9ma M\u00e9diterran\u00e9en de Bruxelles\",\"breadcrumb\":{\"@id\":\"https:\/\/w-l-c.be\/fr\/5-minutes-avec-yoann-blanc\/#breadcrumb\"},\"inLanguage\":\"fr-FR\",\"potentialAction\":[{\"@type\":\"ReadAction\",\"target\":[\"https:\/\/w-l-c.be\/fr\/5-minutes-avec-yoann-blanc\/\"]}]},{\"@type\":\"BreadcrumbList\",\"@id\":\"https:\/\/w-l-c.be\/fr\/5-minutes-avec-yoann-blanc\/#breadcrumb\",\"itemListElement\":[{\"@type\":\"ListItem\",\"position\":1,\"name\":\"Accueil\",\"item\":\"https:\/\/w-l-c.be\/fr\/\"},{\"@type\":\"ListItem\",\"position\":2,\"name\":\"5 minutes avec&#8230; Yoann Blanc\"}]},{\"@type\":\"WebSite\",\"@id\":\"https:\/\/w-l-c.be\/fr\/#website\",\"url\":\"https:\/\/w-l-c.be\/fr\/\",\"name\":\"w-l-c\",\"description\":\"Le cin\u00e9ma vu par les belges\",\"potentialAction\":[{\"@type\":\"SearchAction\",\"target\":{\"@type\":\"EntryPoint\",\"urlTemplate\":\"https:\/\/w-l-c.be\/fr\/?s={search_term_string}\"},\"query-input\":\"required name=search_term_string\"}],\"inLanguage\":\"fr-FR\"},{\"@type\":\"Person\",\"@id\":\"https:\/\/w-l-c.be\/fr\/#\/schema\/person\/8084b68c6b176142d073695c654dc7cf\",\"name\":\"Aurore Engelen\",\"url\":\"https:\/\/w-l-c.be\/fr\/author\/aurore-engelen\/\"}]}<\/script>\n<!-- \/ Yoast SEO plugin. -->","yoast_head_json":{"title":"5 minutes avec... Yoann Blanc - w-l-c","description":"Rencontre avec Yoann Blanc, h\u00e9ros de La Tr\u00eave, jury au Festival du Cin\u00e9ma M\u00e9diterran\u00e9en de Bruxelles","robots":{"index":"noindex","follow":"follow","max-snippet":"max-snippet:-1","max-image-preview":"max-image-preview:large","max-video-preview":"max-video-preview:-1"},"og_locale":"fr_FR","og_type":"article","og_title":"5 minutes avec... Yoann Blanc - w-l-c","og_description":"Rencontre avec Yoann Blanc, h\u00e9ros de La Tr\u00eave, jury au Festival du Cin\u00e9ma M\u00e9diterran\u00e9en de Bruxelles","og_url":"https:\/\/w-l-c.be\/fr\/5-minutes-avec-yoann-blanc\/","og_site_name":"w-l-c","article_published_time":"2016-12-12T08:59:43+00:00","article_modified_time":"2016-12-12T09:12:30+00:00","og_image":[{"width":1500,"height":1000,"url":"https:\/\/w-l-c.be\/wp-content\/uploads\/2016\/12\/Yoann-Blanc_FloranHachez.jpg","type":"image\/jpeg"}],"author":"Aurore Engelen","twitter_card":"summary_large_image","twitter_misc":{"\u00c9crit par":"Aurore Engelen","Dur\u00e9e de lecture estim\u00e9e":"2 minutes"},"schema":{"@context":"https:\/\/schema.org","@graph":[{"@type":"WebPage","@id":"https:\/\/w-l-c.be\/fr\/5-minutes-avec-yoann-blanc\/","url":"https:\/\/w-l-c.be\/fr\/5-minutes-avec-yoann-blanc\/","name":"5 minutes avec... Yoann Blanc - w-l-c","isPartOf":{"@id":"https:\/\/w-l-c.be\/fr\/#website"},"datePublished":"2016-12-12T08:59:43+00:00","dateModified":"2016-12-12T09:12:30+00:00","author":{"@id":"https:\/\/w-l-c.be\/fr\/#\/schema\/person\/8084b68c6b176142d073695c654dc7cf"},"description":"Rencontre avec Yoann Blanc, h\u00e9ros de La Tr\u00eave, jury au Festival du Cin\u00e9ma M\u00e9diterran\u00e9en de Bruxelles","breadcrumb":{"@id":"https:\/\/w-l-c.be\/fr\/5-minutes-avec-yoann-blanc\/#breadcrumb"},"inLanguage":"fr-FR","potentialAction":[{"@type":"ReadAction","target":["https:\/\/w-l-c.be\/fr\/5-minutes-avec-yoann-blanc\/"]}]},{"@type":"BreadcrumbList","@id":"https:\/\/w-l-c.be\/fr\/5-minutes-avec-yoann-blanc\/#breadcrumb","itemListElement":[{"@type":"ListItem","position":1,"name":"Accueil","item":"https:\/\/w-l-c.be\/fr\/"},{"@type":"ListItem","position":2,"name":"5 minutes avec&#8230; Yoann Blanc"}]},{"@type":"WebSite","@id":"https:\/\/w-l-c.be\/fr\/#website","url":"https:\/\/w-l-c.be\/fr\/","name":"w-l-c","description":"Le cin\u00e9ma vu par les belges","potentialAction":[{"@type":"SearchAction","target":{"@type":"EntryPoint","urlTemplate":"https:\/\/w-l-c.be\/fr\/?s={search_term_string}"},"query-input":"required name=search_term_string"}],"inLanguage":"fr-FR"},{"@type":"Person","@id":"https:\/\/w-l-c.be\/fr\/#\/schema\/person\/8084b68c6b176142d073695c654dc7cf","name":"Aurore Engelen","url":"https:\/\/w-l-c.be\/fr\/author\/aurore-engelen\/"}]}},"_links":{"self":[{"href":"https:\/\/w-l-c.be\/fr\/wp-json\/wp\/v2\/posts\/193564","targetHints":{"allow":["GET"]}}],"collection":[{"href":"https:\/\/w-l-c.be\/fr\/wp-json\/wp\/v2\/posts"}],"about":[{"href":"https:\/\/w-l-c.be\/fr\/wp-json\/wp\/v2\/types\/post"}],"author":[{"embeddable":true,"href":"https:\/\/w-l-c.be\/fr\/wp-json\/wp\/v2\/users\/343"}],"replies":[{"embeddable":true,"href":"https:\/\/w-l-c.be\/fr\/wp-json\/wp\/v2\/comments?post=193564"}],"version-history":[{"count":0,"href":"https:\/\/w-l-c.be\/fr\/wp-json\/wp\/v2\/posts\/193564\/revisions"}],"wp:featuredmedia":[{"embeddable":true,"href":"https:\/\/w-l-c.be\/fr\/wp-json\/wp\/v2\/media\/193568"}],"wp:attachment":[{"href":"https:\/\/w-l-c.be\/fr\/wp-json\/wp\/v2\/media?parent=193564"}],"wp:term":[{"taxonomy":"category","embeddable":true,"href":"https:\/\/w-l-c.be\/fr\/wp-json\/wp\/v2\/categories?post=193564"},{"taxonomy":"post_tag","embeddable":true,"href":"https:\/\/w-l-c.be\/fr\/wp-json\/wp\/v2\/tags?post=193564"}],"curies":[{"name":"wp","href":"https:\/\/api.w.org\/{rel}","templated":true}]}}