
{"id":193637,"date":"2016-12-15T08:35:57","date_gmt":"2016-12-15T07:35:57","guid":{"rendered":"http:\/\/www.cinevox.be\/?p=93637"},"modified":"2016-12-15T08:36:24","modified_gmt":"2016-12-15T07:36:24","slug":"5-minutes-avec-olivier-masset-depasse","status":"publish","type":"post","link":"https:\/\/w-l-c.be\/fr\/5-minutes-avec-olivier-masset-depasse\/","title":{"rendered":"5 minutes avec&#8230; Olivier Masset-Depasse"},"content":{"rendered":"<p class=\"p1\"><span class=\"s1\">Olivier Masset-Depasse s&rsquo;est fait conna\u00eetre en 2007 avec <i>Cages<\/i>, une histoire d&rsquo;amour visc\u00e9rale et contrari\u00e9e, avec Anne Coesens et Sagamore St\u00e9venin. En 2010, il r\u00e9alise <i>Ill\u00e9gal<\/i>, un film bouleversant sur la trajectoire de Tania, jeune femme russe install\u00e9e clandestinement en Belgique, s\u00e9par\u00e9e de son fils de 14 ans et plac\u00e9e dans un centre de r\u00e9tention. On le retrouve en 2015 aux manettes du t\u00e9l\u00e9film <i>Sanctuaire<\/i>, avec notamment J\u00e9r\u00e9mie Renier, diffus\u00e9 sur<i>\u00a0<\/i>Canal +, o\u00f9 il revient sur le r\u00f4le trouble de la France dans la tentative de n\u00e9gociations, au milieu des ann\u00e9es 1980, entre l\u2019ETA et la jeune d\u00e9mocratie espagnole. Il \u00e9tait au d\u00e9but du mois Pr\u00e9sident du Jury du Festival du Film M\u00e9diterran\u00e9en de Bruxelles, o\u00f9 nous l&rsquo;avons rencontr\u00e9.<\/span><\/p>\n<p class=\"p1\"><!--more--><\/p>\n<p class=\"p1\">\n<p class=\"p1\"><strong>On ne vous a plus vu depuis <i>Sanctuaire<\/i>, votre dernier projet en date?<\/strong><\/p>\n<p class=\"p2\">Non, mais je d\u00e9veloppe activement deux projets. Le premier est un projet assez\u00a0personnel, <em>Duelles<\/em>, que je tourne en mai 2017. Et puis je suis en train de terminer le sc\u00e9nario de <em>Largo Winch 3<\/em>, \u00e0 tourner en 2018. Sur trois ans, je vais donc faire deux films. Ca s&rsquo;annonce charg\u00e9!<\/p>\n<p class=\"p2\"><span class=\"s1\">\u00a0<\/span><\/p>\n<p class=\"p2\"><strong><span class=\"s1\">Vous pouvez me parler un peu plus de <em>Duelles<\/em>?<\/span><\/strong><\/p>\n<p class=\"p2\"><span class=\"s1\">C&rsquo;est une adaptation assez libre d&rsquo;un roman de Barbara Abel qui s&rsquo;appelle <i>Derri\u00e8re la haine<\/i>, un thriller qu&rsquo;on a re-situ\u00e9 dans les ann\u00e9es 60. Cela parle de deux familles voisines et amies, qui se d\u00e9chirent quand l&rsquo;un de leurs enfants disparait. Il faut dire que l&rsquo;une des m\u00e8res a assist\u00e9 au drame, et l&rsquo;incompr\u00e9hension de toutes parts m\u00e8ne au d\u00e9litement de l&rsquo;amiti\u00e9, et au d\u00e9but de la parano\u00efa. Je l&rsquo;ai co-\u00e9crit avec Giordano Gederlini, comme pour <em>Largo Winch<\/em>, et on retrouvera au casting Veerle Baetens et Anne Coesens.<\/span><\/p>\n<p class=\"p2\"><a href=\"http:\/\/www.cinevox.be\/wp-content\/uploads\/2016\/12\/Derrie\u0300reLaHaine.gif\"><img loading=\"lazy\" decoding=\"async\" class=\"alignnone size-medium wp-image-93659\" src=\"http:\/\/www.cinevox.be\/wp-content\/uploads\/2016\/12\/Derrie\u0300reLaHaine-164x270.gif\" alt=\"Derrie\u0300reLaHaine\" width=\"164\" height=\"270\" \/><\/a><\/p>\n<p class=\"p2\"><strong><span class=\"s1\">C&rsquo;est la premi\u00e8re fois que vous travaillez sur des adaptations?<\/span><\/strong><\/p>\n<p class=\"p2\"><span class=\"s1\">Effectivement, mes deux prochains films sont des adaptations, \u00e7a s&rsquo;est pr\u00e9sent\u00e9 comme \u00e7a! Quand je suis tomb\u00e9 sur le roman de Barbara Abel, je me suis dit que cela correspondait exactement ce que je voulais faire, c&rsquo;est-\u00e0-dire un thriller dans les r\u00e8gles de l&rsquo;art, et en m\u00eame temps, une vraie plong\u00e9e aux coeur des sentiments et des \u00e9motions exacerb\u00e9s par le drame des personnages. Et pour Largo Winch \u00e9videmment, c&rsquo;\u00e9tait un \u00e9vidence.\u00a0<\/span><\/p>\n<p class=\"p2\"><span class=\"s1\">\u00a0<\/span><\/p>\n<p class=\"p2\"><strong><span class=\"s1\">Vous n&rsquo;avez pas peur des films de genre, vous d\u00e9crivez d&rsquo;ailleurs vos films comme des films d&rsquo;action psychologique?<\/span><\/strong><\/p>\n<p class=\"p2\">Oui, \u00e7a faisait plusieurs ann\u00e9es que je voulais m&rsquo;attaquer de front au format du thriller et du film d&rsquo;action, je suis servi! Depuis le t\u00e9l\u00e9film pour Canal, <em>Sanctuaire<\/em>, je me suis rendu compte que l&rsquo;on pouvait se sentir assez libre dans des projets de commande, pour peu que l&rsquo;on travaille avec des gens intelligents bien s\u00fbr!<\/p>\n<p class=\"p2\"><span class=\"s1\"><a href=\"http:\/\/www.cinevox.be\/wp-content\/uploads\/2016\/12\/LargoWinch.jpg\"><img loading=\"lazy\" decoding=\"async\" class=\"alignnone size-medium wp-image-93663\" src=\"http:\/\/www.cinevox.be\/wp-content\/uploads\/2016\/12\/LargoWinch-480x250.jpg\" alt=\"LargoWinch\" width=\"480\" height=\"250\" \/><\/a>\u00a0<\/span><\/p>\n<p class=\"p2\"><strong><span class=\"s1\">Un scoop sur <em>Largo Winch 3<\/em>?<\/span><\/strong><\/p>\n<p class=\"p2\"><span class=\"s1\">On ne peut pas dire grand chose \u00e0 ce stade, si ce n&rsquo;est que ce ne sera pas le m\u00eame acteur. On a aussi d\u00e9cid\u00e9 de changer un peu de ton, et on va s&rsquo;attaquer au milieu de la finance. On a adapt\u00e9 l&rsquo;histoire\u00a0au monde de la finance d&rsquo;aujourd&rsquo;hui, en travaillant avec des sp\u00e9cialistes.\u00a0Ca va \u00eatre bien engag\u00e9, m\u00eame si \u00e7a reste un film d&rsquo;action \u00e9videmment!\u00a0<\/span><\/p>\n<p class=\"p2\"><em>Coyright photo de couverture: Floran Hachez<\/em><\/p>\n","protected":false},"excerpt":{"rendered":"<p>Olivier Masset-Depasse s&rsquo;est fait conna\u00eetre en 2007 avec Cages, une histoire d&rsquo;amour visc\u00e9rale et contrari\u00e9e, avec Anne Coesens et Sagamore St\u00e9venin. En 2010, il r\u00e9alise Ill\u00e9gal, un film bouleversant sur la trajectoire de Tania, jeune femme russe install\u00e9e clandestinement en Belgique, s\u00e9par\u00e9e de son fils de 14 ans et plac\u00e9e dans un centre de r\u00e9tention. &hellip;<\/p>\n","protected":false},"author":343,"featured_media":193661,"comment_status":"closed","ping_status":"closed","sticky":false,"template":"","format":"standard","meta":{"ngg_post_thumbnail":0,"footnotes":""},"categories":[53,7,1978],"tags":[],"class_list":["post-193637","post","type-post","status-publish","format-standard","has-post-thumbnail","","category-coming-soon","category-actualites","category-interviews"],"yoast_head":"<!-- This site is optimized with the Yoast SEO plugin v20.4 - https:\/\/yoast.com\/wordpress\/plugins\/seo\/ -->\n<title>5 minutes avec... Olivier Masset-Depasse - w-l-c<\/title>\n<meta name=\"robots\" content=\"noindex, follow, max-snippet:-1, max-image-preview:large, max-video-preview:-1\" \/>\n<meta property=\"og:locale\" content=\"fr_FR\" \/>\n<meta property=\"og:type\" content=\"article\" \/>\n<meta property=\"og:title\" content=\"5 minutes avec... Olivier Masset-Depasse - w-l-c\" \/>\n<meta property=\"og:description\" content=\"Olivier Masset-Depasse s&rsquo;est fait conna\u00eetre en 2007 avec Cages, une histoire d&rsquo;amour visc\u00e9rale et contrari\u00e9e, avec Anne Coesens et Sagamore St\u00e9venin. En 2010, il r\u00e9alise Ill\u00e9gal, un film bouleversant sur la trajectoire de Tania, jeune femme russe install\u00e9e clandestinement en Belgique, s\u00e9par\u00e9e de son fils de 14 ans et plac\u00e9e dans un centre de r\u00e9tention. &hellip;\" \/>\n<meta property=\"og:url\" content=\"https:\/\/w-l-c.be\/fr\/5-minutes-avec-olivier-masset-depasse\/\" \/>\n<meta property=\"og:site_name\" content=\"w-l-c\" \/>\n<meta property=\"article:published_time\" content=\"2016-12-15T07:35:57+00:00\" \/>\n<meta property=\"article:modified_time\" content=\"2016-12-15T07:36:24+00:00\" \/>\n<meta property=\"og:image\" content=\"https:\/\/w-l-c.be\/wp-content\/uploads\/2016\/12\/Olivier-Masset-Depasse_Floran-Hachez1.jpg\" \/>\n\t<meta property=\"og:image:width\" content=\"1500\" \/>\n\t<meta property=\"og:image:height\" content=\"1000\" \/>\n\t<meta property=\"og:image:type\" content=\"image\/jpeg\" \/>\n<meta name=\"author\" content=\"Aurore Engelen\" \/>\n<meta name=\"twitter:card\" content=\"summary_large_image\" \/>\n<meta name=\"twitter:label1\" content=\"\u00c9crit par\" \/>\n\t<meta name=\"twitter:data1\" content=\"Aurore Engelen\" \/>\n\t<meta name=\"twitter:label2\" content=\"Dur\u00e9e de lecture estim\u00e9e\" \/>\n\t<meta name=\"twitter:data2\" content=\"3 minutes\" \/>\n<script type=\"application\/ld+json\" class=\"yoast-schema-graph\">{\"@context\":\"https:\/\/schema.org\",\"@graph\":[{\"@type\":\"WebPage\",\"@id\":\"https:\/\/w-l-c.be\/fr\/5-minutes-avec-olivier-masset-depasse\/\",\"url\":\"https:\/\/w-l-c.be\/fr\/5-minutes-avec-olivier-masset-depasse\/\",\"name\":\"5 minutes avec... Olivier Masset-Depasse - w-l-c\",\"isPartOf\":{\"@id\":\"https:\/\/w-l-c.be\/fr\/#website\"},\"datePublished\":\"2016-12-15T07:35:57+00:00\",\"dateModified\":\"2016-12-15T07:36:24+00:00\",\"author\":{\"@id\":\"https:\/\/w-l-c.be\/fr\/#\/schema\/person\/8084b68c6b176142d073695c654dc7cf\"},\"breadcrumb\":{\"@id\":\"https:\/\/w-l-c.be\/fr\/5-minutes-avec-olivier-masset-depasse\/#breadcrumb\"},\"inLanguage\":\"fr-FR\",\"potentialAction\":[{\"@type\":\"ReadAction\",\"target\":[\"https:\/\/w-l-c.be\/fr\/5-minutes-avec-olivier-masset-depasse\/\"]}]},{\"@type\":\"BreadcrumbList\",\"@id\":\"https:\/\/w-l-c.be\/fr\/5-minutes-avec-olivier-masset-depasse\/#breadcrumb\",\"itemListElement\":[{\"@type\":\"ListItem\",\"position\":1,\"name\":\"Accueil\",\"item\":\"https:\/\/w-l-c.be\/fr\/\"},{\"@type\":\"ListItem\",\"position\":2,\"name\":\"5 minutes avec&#8230; Olivier Masset-Depasse\"}]},{\"@type\":\"WebSite\",\"@id\":\"https:\/\/w-l-c.be\/fr\/#website\",\"url\":\"https:\/\/w-l-c.be\/fr\/\",\"name\":\"w-l-c\",\"description\":\"Le cin\u00e9ma vu par les belges\",\"potentialAction\":[{\"@type\":\"SearchAction\",\"target\":{\"@type\":\"EntryPoint\",\"urlTemplate\":\"https:\/\/w-l-c.be\/fr\/?s={search_term_string}\"},\"query-input\":\"required name=search_term_string\"}],\"inLanguage\":\"fr-FR\"},{\"@type\":\"Person\",\"@id\":\"https:\/\/w-l-c.be\/fr\/#\/schema\/person\/8084b68c6b176142d073695c654dc7cf\",\"name\":\"Aurore Engelen\",\"url\":\"https:\/\/w-l-c.be\/fr\/author\/aurore-engelen\/\"}]}<\/script>\n<!-- \/ Yoast SEO plugin. -->","yoast_head_json":{"title":"5 minutes avec... Olivier Masset-Depasse - w-l-c","robots":{"index":"noindex","follow":"follow","max-snippet":"max-snippet:-1","max-image-preview":"max-image-preview:large","max-video-preview":"max-video-preview:-1"},"og_locale":"fr_FR","og_type":"article","og_title":"5 minutes avec... Olivier Masset-Depasse - w-l-c","og_description":"Olivier Masset-Depasse s&rsquo;est fait conna\u00eetre en 2007 avec Cages, une histoire d&rsquo;amour visc\u00e9rale et contrari\u00e9e, avec Anne Coesens et Sagamore St\u00e9venin. En 2010, il r\u00e9alise Ill\u00e9gal, un film bouleversant sur la trajectoire de Tania, jeune femme russe install\u00e9e clandestinement en Belgique, s\u00e9par\u00e9e de son fils de 14 ans et plac\u00e9e dans un centre de r\u00e9tention. &hellip;","og_url":"https:\/\/w-l-c.be\/fr\/5-minutes-avec-olivier-masset-depasse\/","og_site_name":"w-l-c","article_published_time":"2016-12-15T07:35:57+00:00","article_modified_time":"2016-12-15T07:36:24+00:00","og_image":[{"width":1500,"height":1000,"url":"https:\/\/w-l-c.be\/wp-content\/uploads\/2016\/12\/Olivier-Masset-Depasse_Floran-Hachez1.jpg","type":"image\/jpeg"}],"author":"Aurore Engelen","twitter_card":"summary_large_image","twitter_misc":{"\u00c9crit par":"Aurore Engelen","Dur\u00e9e de lecture estim\u00e9e":"3 minutes"},"schema":{"@context":"https:\/\/schema.org","@graph":[{"@type":"WebPage","@id":"https:\/\/w-l-c.be\/fr\/5-minutes-avec-olivier-masset-depasse\/","url":"https:\/\/w-l-c.be\/fr\/5-minutes-avec-olivier-masset-depasse\/","name":"5 minutes avec... Olivier Masset-Depasse - w-l-c","isPartOf":{"@id":"https:\/\/w-l-c.be\/fr\/#website"},"datePublished":"2016-12-15T07:35:57+00:00","dateModified":"2016-12-15T07:36:24+00:00","author":{"@id":"https:\/\/w-l-c.be\/fr\/#\/schema\/person\/8084b68c6b176142d073695c654dc7cf"},"breadcrumb":{"@id":"https:\/\/w-l-c.be\/fr\/5-minutes-avec-olivier-masset-depasse\/#breadcrumb"},"inLanguage":"fr-FR","potentialAction":[{"@type":"ReadAction","target":["https:\/\/w-l-c.be\/fr\/5-minutes-avec-olivier-masset-depasse\/"]}]},{"@type":"BreadcrumbList","@id":"https:\/\/w-l-c.be\/fr\/5-minutes-avec-olivier-masset-depasse\/#breadcrumb","itemListElement":[{"@type":"ListItem","position":1,"name":"Accueil","item":"https:\/\/w-l-c.be\/fr\/"},{"@type":"ListItem","position":2,"name":"5 minutes avec&#8230; Olivier Masset-Depasse"}]},{"@type":"WebSite","@id":"https:\/\/w-l-c.be\/fr\/#website","url":"https:\/\/w-l-c.be\/fr\/","name":"w-l-c","description":"Le cin\u00e9ma vu par les belges","potentialAction":[{"@type":"SearchAction","target":{"@type":"EntryPoint","urlTemplate":"https:\/\/w-l-c.be\/fr\/?s={search_term_string}"},"query-input":"required name=search_term_string"}],"inLanguage":"fr-FR"},{"@type":"Person","@id":"https:\/\/w-l-c.be\/fr\/#\/schema\/person\/8084b68c6b176142d073695c654dc7cf","name":"Aurore Engelen","url":"https:\/\/w-l-c.be\/fr\/author\/aurore-engelen\/"}]}},"_links":{"self":[{"href":"https:\/\/w-l-c.be\/fr\/wp-json\/wp\/v2\/posts\/193637","targetHints":{"allow":["GET"]}}],"collection":[{"href":"https:\/\/w-l-c.be\/fr\/wp-json\/wp\/v2\/posts"}],"about":[{"href":"https:\/\/w-l-c.be\/fr\/wp-json\/wp\/v2\/types\/post"}],"author":[{"embeddable":true,"href":"https:\/\/w-l-c.be\/fr\/wp-json\/wp\/v2\/users\/343"}],"replies":[{"embeddable":true,"href":"https:\/\/w-l-c.be\/fr\/wp-json\/wp\/v2\/comments?post=193637"}],"version-history":[{"count":0,"href":"https:\/\/w-l-c.be\/fr\/wp-json\/wp\/v2\/posts\/193637\/revisions"}],"wp:featuredmedia":[{"embeddable":true,"href":"https:\/\/w-l-c.be\/fr\/wp-json\/wp\/v2\/media\/193661"}],"wp:attachment":[{"href":"https:\/\/w-l-c.be\/fr\/wp-json\/wp\/v2\/media?parent=193637"}],"wp:term":[{"taxonomy":"category","embeddable":true,"href":"https:\/\/w-l-c.be\/fr\/wp-json\/wp\/v2\/categories?post=193637"},{"taxonomy":"post_tag","embeddable":true,"href":"https:\/\/w-l-c.be\/fr\/wp-json\/wp\/v2\/tags?post=193637"}],"curies":[{"name":"wp","href":"https:\/\/api.w.org\/{rel}","templated":true}]}}