
{"id":193730,"date":"2016-12-19T09:33:37","date_gmt":"2016-12-19T08:33:37","guid":{"rendered":"http:\/\/www.cinevox.be\/?p=93730"},"modified":"2016-12-21T10:54:15","modified_gmt":"2016-12-21T09:54:15","slug":"sonar-au-coeur-du-son","status":"publish","type":"post","link":"https:\/\/w-l-c.be\/fr\/sonar-au-coeur-du-son\/","title":{"rendered":"Sonar, au coeur du son"},"content":{"rendered":"<p>A d\u00e9couvrir en avant-premi\u00e8re lundi prochain au Be Film Festival (Cinevox vous offre d&rsquo;ailleurs des places <a href=\"http:\/\/www.cinevox.be\/concours\/\">ici<\/a>), <em>Sonar<\/em>, de Jean-Philippe Martin, est un premier long m\u00e9trage tout en sensations, o\u00f9 l&rsquo;ou\u00efe et l&rsquo;\u00e9coute, de l&rsquo;autre comme du monde, permettent de se reconnecter avec soi-m\u00eame, et de r\u00e9tablir le contact.<\/p>\n<p><!--more--><\/p>\n<p>Thomas est preneur de son. Il semble d\u00e9sabus\u00e9, comme prisonnier d&rsquo;un quotidien terne, dans lequel il n&rsquo;y a plus d&rsquo;\u00e9tonnement, encore moins d&rsquo;enchantement. Au hasard d&rsquo;un caf\u00e9 ti\u00e8de sur une aire d&rsquo;autoroute blafarde, il croise le chemin d\u2019Amina. Ou plut\u00f4t, Amina rentre par effraction dans sa voiture et dans sa vie. Amina, exasp\u00e9r\u00e9e par la fa\u00e7on dont la traite son patron, fuit dans le fracas. Elle supplie Thomas de l&rsquo;accueillir, m\u00eame une nuit. Elle n&rsquo;a pas de papiers, nulle part o\u00f9 aller, elle a besoin d&rsquo;un ou deux jours pour se retourner. Amina s&rsquo;installe dans le studio d&rsquo;enregistrement o\u00f9 Thomas s&rsquo;est retranch\u00e9. Peu \u00e0 peu, elle investit son univers, s&rsquo;int\u00e9resse \u00e0 son travail. Malgr\u00e9 lui, et gr\u00e2ce \u00e0 elle, Thomas va retrouver ce qui lui plait dans son m\u00e9tier. En dehors des prises de sons qu&rsquo;il effectue pour payer le loyer, il r\u00e9alise aussi des portraits sonores. Quand Amina se propose comme sujet, il se laisse amadouer, et d\u00e9couvre avec \u00e9motion la duret\u00e9 de son pass\u00e9 d&rsquo;immigr\u00e9e. Malgr\u00e9 les sentiments qui naissent entre eux, Amina le quitte brutalement quand Thomas manque de la soutenir lors d&rsquo;une dispute. C&rsquo;est un \u00e9lectrochoc pour Thomas, qui part \u00e0 sa recherche au Maroc. En r\u00e9\u00e9coutant ses enregistrements pour retrouver sa trace, il s&rsquo;aper\u00e7oit qu&rsquo;elle lui a menti, et sa qu\u00eate change d&rsquo;objet: ce n&rsquo;est plus la Amina qui lui a menti qu&rsquo;il recherche, mais la vraie Amina, celle qu&rsquo;elle lui a cach\u00e9e. Cette qu\u00eate biographique se transforme en v\u00e9ritable voyage initiatique pour Thomas, qui d\u00e9couvre qu&rsquo;en se mettant \u00e0 l&rsquo;\u00e9coute du monde et des autres, c&rsquo;est d&rsquo;abord lui qu&rsquo;il entend.<\/p>\n<p><iframe loading=\"lazy\" src=\"https:\/\/player.vimeo.com\/video\/184993778\" width=\"640\" height=\"360\" frameborder=\"0\" allowfullscreen=\"allowfullscreen\"><\/iframe><br \/>\nAvec <em>Sonar<\/em> Jean-Philippe Martin se lance un d\u00e9fi passionnant, celui de mettre le son en images. Le film d\u00e9bute par une voix off, un r\u00e9cit dont on s&rsquo;aper\u00e7oit plus tard qu&rsquo;il s&rsquo;agit d&rsquo;un enregistrement. Les voix ont une importance toute particuli\u00e8re, Jean-Philippe Martin ose le noir pour faire toute la place aux voix, et paradoxalement, cr\u00e9er des images. \u00ab\u00a0J&rsquo;ai des images plein la t\u00eate\u00a0\u00bb s&rsquo;\u00e9tonne Amina en \u00e9coutant les portraits sonores de Thomas. Le r\u00e9alisateur use du d\u00e9calage entre le son et l&rsquo;image, multiplie les dialogues hors champ. Ses deux protagonistes ont semble-t-il perdu le sens du dialogue et de la communication, et ce n&rsquo;est qu&rsquo;avec le filtre du micro qu&rsquo;ils parviennent \u00e0 se livrer, m\u00eame s&rsquo;il faut parfois chercher la v\u00e9rit\u00e9 sous le lustre du mensonge.\u00a0 Pour se retrouver, Thomas a eu besoin de s&rsquo;extraire, de se d\u00e9raciner, et de brandir, entre lui et le monde, son micro, passeur de sens.<\/p>\n<p><a href=\"http:\/\/www.cinevox.be\/wp-content\/uploads\/2016\/12\/Sonar_Amina_Micro.jpg\"><img loading=\"lazy\" decoding=\"async\" class=\"alignnone size-large wp-image-93732\" src=\"http:\/\/www.cinevox.be\/wp-content\/uploads\/2016\/12\/Sonar_Amina_Micro-800x450.jpg\" alt=\"Sonar_Amina_Micro\" width=\"640\" height=\"360\" \/><\/a><\/p>\n<p>Dans le r\u00f4le de Thomas, on d\u00e9couvre Baptiste Sornin, dont l&rsquo;opini\u00e2tret\u00e9 du d\u00e9but laisse peu \u00e0 peu place \u00e0 une plus grande ouverture et app\u00e9tence pour le monde. Emin\u00e9 Meyrem pr\u00eate toute sa fougue \u00e0 Amina, tout en laissant deviner des failles que Thomas va s&#8217;empresser de vouloir d\u00e9couvrir.<\/p>\n<p><a href=\"http:\/\/www.cinevox.be\/wp-content\/uploads\/2016\/12\/Sonar_Thomas_Micro.jpg\"><img loading=\"lazy\" decoding=\"async\" class=\"alignnone size-large wp-image-93735\" src=\"http:\/\/www.cinevox.be\/wp-content\/uploads\/2016\/12\/Sonar_Thomas_Micro-800x450.jpg\" alt=\"Sonar_Thomas_Micro\" width=\"640\" height=\"360\" \/><\/a><\/p>\n<p><em>Sonar<\/em> s&rsquo;attache \u00e0 d\u00e9montrer que rien ne sert d&rsquo;entendre si l&rsquo;on n&rsquo;\u00e9coute pas. En attendant de pouvoir d\u00e9couvrir le film sur les \u00e9crans belges, ne ratez pas la premi\u00e8re de ce premier film sensible et ent\u00eatant au Be Film Festival.<\/p>\n","protected":false},"excerpt":{"rendered":"<p>A d\u00e9couvrir en avant-premi\u00e8re lundi prochain au Be Film Festival (Cinevox vous offre d&rsquo;ailleurs des places ici), Sonar, de Jean-Philippe Martin, est un premier long m\u00e9trage tout en sensations, o\u00f9 l&rsquo;ou\u00efe et l&rsquo;\u00e9coute, de l&rsquo;autre comme du monde, permettent de se reconnecter avec soi-m\u00eame, et de r\u00e9tablir le contact.<\/p>\n","protected":false},"author":343,"featured_media":193740,"comment_status":"closed","ping_status":"closed","sticky":false,"template":"","format":"standard","meta":{"ngg_post_thumbnail":0,"footnotes":""},"categories":[10,7],"tags":[1882],"class_list":["post-193730","post","type-post","status-publish","format-standard","has-post-thumbnail","","category-a-l-affiche","category-actualites","tag-sonar"],"yoast_head":"<!-- This site is optimized with the Yoast SEO plugin v20.4 - https:\/\/yoast.com\/wordpress\/plugins\/seo\/ -->\n<title>Sonar au coeur du son - Cinevox<\/title>\n<meta name=\"robots\" content=\"noindex, follow, max-snippet:-1, max-image-preview:large, max-video-preview:-1\" \/>\n<meta property=\"og:locale\" content=\"fr_FR\" \/>\n<meta property=\"og:type\" content=\"article\" \/>\n<meta property=\"og:title\" content=\"Sonar au coeur du son - Cinevox\" \/>\n<meta property=\"og:description\" content=\"A d\u00e9couvrir en avant-premi\u00e8re lundi prochain au Be Film Festival (Cinevox vous offre d&rsquo;ailleurs des places ici), Sonar, de Jean-Philippe Martin, est un premier long m\u00e9trage tout en sensations, o\u00f9 l&rsquo;ou\u00efe et l&rsquo;\u00e9coute, de l&rsquo;autre comme du monde, permettent de se reconnecter avec soi-m\u00eame, et de r\u00e9tablir le contact.\" \/>\n<meta property=\"og:url\" content=\"https:\/\/w-l-c.be\/fr\/sonar-au-coeur-du-son\/\" \/>\n<meta property=\"og:site_name\" content=\"w-l-c\" \/>\n<meta property=\"article:published_time\" content=\"2016-12-19T08:33:37+00:00\" \/>\n<meta property=\"article:modified_time\" content=\"2016-12-21T09:54:15+00:00\" \/>\n<meta property=\"og:image\" content=\"https:\/\/w-l-c.be\/wp-content\/uploads\/2016\/12\/AfficheSonar1.jpeg\" \/>\n\t<meta property=\"og:image:width\" content=\"724\" \/>\n\t<meta property=\"og:image:height\" content=\"1024\" \/>\n\t<meta property=\"og:image:type\" content=\"image\/jpeg\" \/>\n<meta name=\"author\" content=\"Aurore Engelen\" \/>\n<meta name=\"twitter:card\" content=\"summary_large_image\" \/>\n<meta name=\"twitter:label1\" content=\"\u00c9crit par\" \/>\n\t<meta name=\"twitter:data1\" content=\"Aurore Engelen\" \/>\n\t<meta name=\"twitter:label2\" content=\"Dur\u00e9e de lecture estim\u00e9e\" \/>\n\t<meta name=\"twitter:data2\" content=\"3 minutes\" \/>\n<script type=\"application\/ld+json\" class=\"yoast-schema-graph\">{\"@context\":\"https:\/\/schema.org\",\"@graph\":[{\"@type\":\"WebPage\",\"@id\":\"https:\/\/w-l-c.be\/fr\/sonar-au-coeur-du-son\/\",\"url\":\"https:\/\/w-l-c.be\/fr\/sonar-au-coeur-du-son\/\",\"name\":\"Sonar au coeur du son - Cinevox\",\"isPartOf\":{\"@id\":\"https:\/\/w-l-c.be\/fr\/#website\"},\"datePublished\":\"2016-12-19T08:33:37+00:00\",\"dateModified\":\"2016-12-21T09:54:15+00:00\",\"author\":{\"@id\":\"https:\/\/w-l-c.be\/fr\/#\/schema\/person\/8084b68c6b176142d073695c654dc7cf\"},\"breadcrumb\":{\"@id\":\"https:\/\/w-l-c.be\/fr\/sonar-au-coeur-du-son\/#breadcrumb\"},\"inLanguage\":\"fr-FR\",\"potentialAction\":[{\"@type\":\"ReadAction\",\"target\":[\"https:\/\/w-l-c.be\/fr\/sonar-au-coeur-du-son\/\"]}]},{\"@type\":\"BreadcrumbList\",\"@id\":\"https:\/\/w-l-c.be\/fr\/sonar-au-coeur-du-son\/#breadcrumb\",\"itemListElement\":[{\"@type\":\"ListItem\",\"position\":1,\"name\":\"Accueil\",\"item\":\"https:\/\/w-l-c.be\/fr\/\"},{\"@type\":\"ListItem\",\"position\":2,\"name\":\"Sonar, au coeur du son\"}]},{\"@type\":\"WebSite\",\"@id\":\"https:\/\/w-l-c.be\/fr\/#website\",\"url\":\"https:\/\/w-l-c.be\/fr\/\",\"name\":\"w-l-c\",\"description\":\"Le cin\u00e9ma vu par les belges\",\"potentialAction\":[{\"@type\":\"SearchAction\",\"target\":{\"@type\":\"EntryPoint\",\"urlTemplate\":\"https:\/\/w-l-c.be\/fr\/?s={search_term_string}\"},\"query-input\":\"required name=search_term_string\"}],\"inLanguage\":\"fr-FR\"},{\"@type\":\"Person\",\"@id\":\"https:\/\/w-l-c.be\/fr\/#\/schema\/person\/8084b68c6b176142d073695c654dc7cf\",\"name\":\"Aurore Engelen\",\"url\":\"https:\/\/w-l-c.be\/fr\/author\/aurore-engelen\/\"}]}<\/script>\n<!-- \/ Yoast SEO plugin. -->","yoast_head_json":{"title":"Sonar au coeur du son - Cinevox","robots":{"index":"noindex","follow":"follow","max-snippet":"max-snippet:-1","max-image-preview":"max-image-preview:large","max-video-preview":"max-video-preview:-1"},"og_locale":"fr_FR","og_type":"article","og_title":"Sonar au coeur du son - Cinevox","og_description":"A d\u00e9couvrir en avant-premi\u00e8re lundi prochain au Be Film Festival (Cinevox vous offre d&rsquo;ailleurs des places ici), Sonar, de Jean-Philippe Martin, est un premier long m\u00e9trage tout en sensations, o\u00f9 l&rsquo;ou\u00efe et l&rsquo;\u00e9coute, de l&rsquo;autre comme du monde, permettent de se reconnecter avec soi-m\u00eame, et de r\u00e9tablir le contact.","og_url":"https:\/\/w-l-c.be\/fr\/sonar-au-coeur-du-son\/","og_site_name":"w-l-c","article_published_time":"2016-12-19T08:33:37+00:00","article_modified_time":"2016-12-21T09:54:15+00:00","og_image":[{"width":724,"height":1024,"url":"https:\/\/w-l-c.be\/wp-content\/uploads\/2016\/12\/AfficheSonar1.jpeg","type":"image\/jpeg"}],"author":"Aurore Engelen","twitter_card":"summary_large_image","twitter_misc":{"\u00c9crit par":"Aurore Engelen","Dur\u00e9e de lecture estim\u00e9e":"3 minutes"},"schema":{"@context":"https:\/\/schema.org","@graph":[{"@type":"WebPage","@id":"https:\/\/w-l-c.be\/fr\/sonar-au-coeur-du-son\/","url":"https:\/\/w-l-c.be\/fr\/sonar-au-coeur-du-son\/","name":"Sonar au coeur du son - Cinevox","isPartOf":{"@id":"https:\/\/w-l-c.be\/fr\/#website"},"datePublished":"2016-12-19T08:33:37+00:00","dateModified":"2016-12-21T09:54:15+00:00","author":{"@id":"https:\/\/w-l-c.be\/fr\/#\/schema\/person\/8084b68c6b176142d073695c654dc7cf"},"breadcrumb":{"@id":"https:\/\/w-l-c.be\/fr\/sonar-au-coeur-du-son\/#breadcrumb"},"inLanguage":"fr-FR","potentialAction":[{"@type":"ReadAction","target":["https:\/\/w-l-c.be\/fr\/sonar-au-coeur-du-son\/"]}]},{"@type":"BreadcrumbList","@id":"https:\/\/w-l-c.be\/fr\/sonar-au-coeur-du-son\/#breadcrumb","itemListElement":[{"@type":"ListItem","position":1,"name":"Accueil","item":"https:\/\/w-l-c.be\/fr\/"},{"@type":"ListItem","position":2,"name":"Sonar, au coeur du son"}]},{"@type":"WebSite","@id":"https:\/\/w-l-c.be\/fr\/#website","url":"https:\/\/w-l-c.be\/fr\/","name":"w-l-c","description":"Le cin\u00e9ma vu par les belges","potentialAction":[{"@type":"SearchAction","target":{"@type":"EntryPoint","urlTemplate":"https:\/\/w-l-c.be\/fr\/?s={search_term_string}"},"query-input":"required name=search_term_string"}],"inLanguage":"fr-FR"},{"@type":"Person","@id":"https:\/\/w-l-c.be\/fr\/#\/schema\/person\/8084b68c6b176142d073695c654dc7cf","name":"Aurore Engelen","url":"https:\/\/w-l-c.be\/fr\/author\/aurore-engelen\/"}]}},"_links":{"self":[{"href":"https:\/\/w-l-c.be\/fr\/wp-json\/wp\/v2\/posts\/193730","targetHints":{"allow":["GET"]}}],"collection":[{"href":"https:\/\/w-l-c.be\/fr\/wp-json\/wp\/v2\/posts"}],"about":[{"href":"https:\/\/w-l-c.be\/fr\/wp-json\/wp\/v2\/types\/post"}],"author":[{"embeddable":true,"href":"https:\/\/w-l-c.be\/fr\/wp-json\/wp\/v2\/users\/343"}],"replies":[{"embeddable":true,"href":"https:\/\/w-l-c.be\/fr\/wp-json\/wp\/v2\/comments?post=193730"}],"version-history":[{"count":0,"href":"https:\/\/w-l-c.be\/fr\/wp-json\/wp\/v2\/posts\/193730\/revisions"}],"wp:featuredmedia":[{"embeddable":true,"href":"https:\/\/w-l-c.be\/fr\/wp-json\/wp\/v2\/media\/193740"}],"wp:attachment":[{"href":"https:\/\/w-l-c.be\/fr\/wp-json\/wp\/v2\/media?parent=193730"}],"wp:term":[{"taxonomy":"category","embeddable":true,"href":"https:\/\/w-l-c.be\/fr\/wp-json\/wp\/v2\/categories?post=193730"},{"taxonomy":"post_tag","embeddable":true,"href":"https:\/\/w-l-c.be\/fr\/wp-json\/wp\/v2\/tags?post=193730"}],"curies":[{"name":"wp","href":"https:\/\/api.w.org\/{rel}","templated":true}]}}