
{"id":193910,"date":"2016-12-19T16:18:32","date_gmt":"2016-12-19T15:18:32","guid":{"rendered":"http:\/\/www.cinevox.be\/?p=93910"},"modified":"2016-12-19T16:24:41","modified_gmt":"2016-12-19T15:24:41","slug":"les-dardenne-et-bouli-lanners-en-lice-pour-les-22eme-prix-lumieres","status":"publish","type":"post","link":"https:\/\/w-l-c.be\/fr\/les-dardenne-et-bouli-lanners-en-lice-pour-les-22eme-prix-lumieres\/","title":{"rendered":"Les Dardenne et Bouli Lanners en lice pour les Prix Lumi\u00e8res"},"content":{"rendered":"<p class=\"p1\"><em>La Fille Inconnue<\/em> de Luc et Jean-Pierre Dardenne et <em>Les Premiers les Derniers<\/em> de Bouli Lanners concourront pour le Prix Lumi\u00e8re du meilleur Film Francophone.<\/p>\n<p class=\"p1\"><!--more--><\/p>\n<p class=\"p1\"><strong>Prix Lumi\u00e8re du Meilleur Film Francophone<\/strong><\/p>\n<p class=\"p1\">On notera d\u2019ailleurs que la moiti\u00e9 des 6 films concern\u00e9s sont belges, puisque <em>Belgica<\/em>, le dernier film du r\u00e9alisateur flamand Felix Van Groeningen concourra \u00e9galement. Face \u00e0 eux, on retrouvera les films <span class=\"s1\"><em>Hedi<\/em> de Mohammed Ben Attia (un film tunisien coproduit par Les Films du Fleuve, la soci\u00e9t\u00e9 des fr\u00e8res Dardenne justement), <em>Juste la fin du monde<\/em> du Canadien Xavier Dolan et le film marocain <em>Mimosas<\/em> d\u2019Oliver Laxe. Les fr\u00e8res Dardenne ont d\u00e9j\u00e0 remport\u00e9 4 fois ce prix avec <em>Le Fils<\/em> (2002), <em>L\u2019Enfant<\/em> (2005), <em>Le Silence de Lorna<\/em> (2008), et en 2015 avec <em>Deux jours, une nuit.\u00a0<\/em><\/span>Bouli Lanners quant \u00e0 lui \u00e9tait nomm\u00e9 en 2012 avec <em>Les G\u00e9ants<\/em>.<\/p>\n<p class=\"p4\"><strong>Des coproductions belges pour le\u00a0Meilleur Film et le\u00a0Meilleur Premier Film<\/strong><\/p>\n<p class=\"p4\">Parmi les autres nominations, on retrouve quelques coproductions belges, notamment <em>Elle<\/em> de Paul Verhoven coproduit par Entre Chien et Loup, et <em>Une vie<\/em> de St\u00e9phane Briz\u00e9, coproduction par Versus Production (\u00e9galement producteur du film de Bouli Lanners), en lice pour le Prix du meilleur film, et <em>Diamant Noir<\/em> de Arthur Harari, coproduit par Frakas, pour le Meilleur Premier Film.<\/p>\n<p class=\"p4\"><strong>Acteurs et techniciens belges \u00e0 l&rsquo;honneur<\/strong><\/p>\n<p class=\"p4\">On retiendra \u00e9galement les nominations de Virginie Efira dans la cat\u00e9gorie Meilleure Actrice pour son r\u00f4le dans <em>Victoria<\/em> de Justine Triet, mais aussi des chefs op\u00e9rateurs belges Christophe Beaucarne et Beno\u00eet Debie, respectivement pour <em>Mal de Pierres<\/em> de Nicole Garcia et <em>La Danseuse<\/em> de St\u00e9phanie Di Giusto.<\/p>\n<p class=\"p4\"><strong>Les Prix Lumi\u00e8res ouvrent la course aux Prix<\/strong><\/p>\n<p class=\"p4\">Les Prix Lumi\u00e8res sont remis par les correspondants de la presse \u00e9trang\u00e8re \u00e9tablis en France, une sorte de Golden Globes \u00e0 la fran\u00e7aise en somme.<span class=\"Apple-converted-space\">\u00a0 <\/span>On<span class=\"Apple-converted-space\">\u00a0 <\/span>peut donc se demander si comme leurs homologues am\u00e9ricains qui pr\u00e9figurent souvent les Oscars, les Prix Lumi\u00e8res sont une antichambre des C\u00e9sar.<\/p>\n<p class=\"p4\">Les 22\u00e8me Prix Lumi\u00e8res seront d\u00e9cern\u00e9s le 30 janvier prochain \u00e0 Paris, \u00e0 la veille des Magritte du cin\u00e9ma belge, o\u00f9 ces films devraient \u00e9galement briller.<b> <\/b><\/p>\n","protected":false},"excerpt":{"rendered":"<p>La Fille Inconnue de Luc et Jean-Pierre Dardenne et Les Premiers les Derniers de Bouli Lanners concourront pour le Prix Lumi\u00e8re du meilleur Film Francophone.<\/p>\n","protected":false},"author":343,"featured_media":193912,"comment_status":"closed","ping_status":"closed","sticky":false,"template":"","format":"standard","meta":{"ngg_post_thumbnail":0,"footnotes":""},"categories":[12,7],"tags":[],"class_list":["post-193910","post","type-post","status-publish","format-standard","has-post-thumbnail","","category-awards","category-actualites"],"yoast_head":"<!-- This site is optimized with the Yoast SEO plugin v20.4 - https:\/\/yoast.com\/wordpress\/plugins\/seo\/ -->\n<title>Les Dardenne et Bouli Lanners en lice pour les Prix Lumi\u00e8res - w-l-c<\/title>\n<meta name=\"robots\" content=\"noindex, follow, max-snippet:-1, max-image-preview:large, max-video-preview:-1\" \/>\n<meta property=\"og:locale\" content=\"fr_FR\" \/>\n<meta property=\"og:type\" content=\"article\" \/>\n<meta property=\"og:title\" content=\"Les Dardenne et Bouli Lanners en lice pour les Prix Lumi\u00e8res - w-l-c\" \/>\n<meta property=\"og:description\" content=\"La Fille Inconnue de Luc et Jean-Pierre Dardenne et Les Premiers les Derniers de Bouli Lanners concourront pour le Prix Lumi\u00e8re du meilleur Film Francophone.\" \/>\n<meta property=\"og:url\" content=\"https:\/\/w-l-c.be\/fr\/les-dardenne-et-bouli-lanners-en-lice-pour-les-22eme-prix-lumieres\/\" \/>\n<meta property=\"og:site_name\" content=\"w-l-c\" \/>\n<meta property=\"article:published_time\" content=\"2016-12-19T15:18:32+00:00\" \/>\n<meta property=\"article:modified_time\" content=\"2016-12-19T15:24:41+00:00\" \/>\n<meta property=\"og:image\" content=\"https:\/\/w-l-c.be\/wp-content\/uploads\/2016\/12\/FilleInconnueLesPremiersPrixLumieres.jpg\" \/>\n\t<meta property=\"og:image:width\" content=\"431\" \/>\n\t<meta property=\"og:image:height\" content=\"288\" \/>\n\t<meta property=\"og:image:type\" content=\"image\/jpeg\" \/>\n<meta name=\"author\" content=\"Aurore Engelen\" \/>\n<meta name=\"twitter:card\" content=\"summary_large_image\" \/>\n<meta name=\"twitter:label1\" content=\"\u00c9crit par\" \/>\n\t<meta name=\"twitter:data1\" content=\"Aurore Engelen\" \/>\n\t<meta name=\"twitter:label2\" content=\"Dur\u00e9e de lecture estim\u00e9e\" \/>\n\t<meta name=\"twitter:data2\" content=\"2 minutes\" \/>\n<script type=\"application\/ld+json\" class=\"yoast-schema-graph\">{\"@context\":\"https:\/\/schema.org\",\"@graph\":[{\"@type\":\"WebPage\",\"@id\":\"https:\/\/w-l-c.be\/fr\/les-dardenne-et-bouli-lanners-en-lice-pour-les-22eme-prix-lumieres\/\",\"url\":\"https:\/\/w-l-c.be\/fr\/les-dardenne-et-bouli-lanners-en-lice-pour-les-22eme-prix-lumieres\/\",\"name\":\"Les Dardenne et Bouli Lanners en lice pour les Prix Lumi\u00e8res - w-l-c\",\"isPartOf\":{\"@id\":\"https:\/\/w-l-c.be\/fr\/#website\"},\"datePublished\":\"2016-12-19T15:18:32+00:00\",\"dateModified\":\"2016-12-19T15:24:41+00:00\",\"author\":{\"@id\":\"https:\/\/w-l-c.be\/fr\/#\/schema\/person\/8084b68c6b176142d073695c654dc7cf\"},\"breadcrumb\":{\"@id\":\"https:\/\/w-l-c.be\/fr\/les-dardenne-et-bouli-lanners-en-lice-pour-les-22eme-prix-lumieres\/#breadcrumb\"},\"inLanguage\":\"fr-FR\",\"potentialAction\":[{\"@type\":\"ReadAction\",\"target\":[\"https:\/\/w-l-c.be\/fr\/les-dardenne-et-bouli-lanners-en-lice-pour-les-22eme-prix-lumieres\/\"]}]},{\"@type\":\"BreadcrumbList\",\"@id\":\"https:\/\/w-l-c.be\/fr\/les-dardenne-et-bouli-lanners-en-lice-pour-les-22eme-prix-lumieres\/#breadcrumb\",\"itemListElement\":[{\"@type\":\"ListItem\",\"position\":1,\"name\":\"Accueil\",\"item\":\"https:\/\/w-l-c.be\/fr\/\"},{\"@type\":\"ListItem\",\"position\":2,\"name\":\"Les Dardenne et Bouli Lanners en lice pour les Prix Lumi\u00e8res\"}]},{\"@type\":\"WebSite\",\"@id\":\"https:\/\/w-l-c.be\/fr\/#website\",\"url\":\"https:\/\/w-l-c.be\/fr\/\",\"name\":\"w-l-c\",\"description\":\"Le cin\u00e9ma vu par les belges\",\"potentialAction\":[{\"@type\":\"SearchAction\",\"target\":{\"@type\":\"EntryPoint\",\"urlTemplate\":\"https:\/\/w-l-c.be\/fr\/?s={search_term_string}\"},\"query-input\":\"required name=search_term_string\"}],\"inLanguage\":\"fr-FR\"},{\"@type\":\"Person\",\"@id\":\"https:\/\/w-l-c.be\/fr\/#\/schema\/person\/8084b68c6b176142d073695c654dc7cf\",\"name\":\"Aurore Engelen\",\"url\":\"https:\/\/w-l-c.be\/fr\/author\/aurore-engelen\/\"}]}<\/script>\n<!-- \/ Yoast SEO plugin. -->","yoast_head_json":{"title":"Les Dardenne et Bouli Lanners en lice pour les Prix Lumi\u00e8res - w-l-c","robots":{"index":"noindex","follow":"follow","max-snippet":"max-snippet:-1","max-image-preview":"max-image-preview:large","max-video-preview":"max-video-preview:-1"},"og_locale":"fr_FR","og_type":"article","og_title":"Les Dardenne et Bouli Lanners en lice pour les Prix Lumi\u00e8res - w-l-c","og_description":"La Fille Inconnue de Luc et Jean-Pierre Dardenne et Les Premiers les Derniers de Bouli Lanners concourront pour le Prix Lumi\u00e8re du meilleur Film Francophone.","og_url":"https:\/\/w-l-c.be\/fr\/les-dardenne-et-bouli-lanners-en-lice-pour-les-22eme-prix-lumieres\/","og_site_name":"w-l-c","article_published_time":"2016-12-19T15:18:32+00:00","article_modified_time":"2016-12-19T15:24:41+00:00","og_image":[{"width":431,"height":288,"url":"https:\/\/w-l-c.be\/wp-content\/uploads\/2016\/12\/FilleInconnueLesPremiersPrixLumieres.jpg","type":"image\/jpeg"}],"author":"Aurore Engelen","twitter_card":"summary_large_image","twitter_misc":{"\u00c9crit par":"Aurore Engelen","Dur\u00e9e de lecture estim\u00e9e":"2 minutes"},"schema":{"@context":"https:\/\/schema.org","@graph":[{"@type":"WebPage","@id":"https:\/\/w-l-c.be\/fr\/les-dardenne-et-bouli-lanners-en-lice-pour-les-22eme-prix-lumieres\/","url":"https:\/\/w-l-c.be\/fr\/les-dardenne-et-bouli-lanners-en-lice-pour-les-22eme-prix-lumieres\/","name":"Les Dardenne et Bouli Lanners en lice pour les Prix Lumi\u00e8res - w-l-c","isPartOf":{"@id":"https:\/\/w-l-c.be\/fr\/#website"},"datePublished":"2016-12-19T15:18:32+00:00","dateModified":"2016-12-19T15:24:41+00:00","author":{"@id":"https:\/\/w-l-c.be\/fr\/#\/schema\/person\/8084b68c6b176142d073695c654dc7cf"},"breadcrumb":{"@id":"https:\/\/w-l-c.be\/fr\/les-dardenne-et-bouli-lanners-en-lice-pour-les-22eme-prix-lumieres\/#breadcrumb"},"inLanguage":"fr-FR","potentialAction":[{"@type":"ReadAction","target":["https:\/\/w-l-c.be\/fr\/les-dardenne-et-bouli-lanners-en-lice-pour-les-22eme-prix-lumieres\/"]}]},{"@type":"BreadcrumbList","@id":"https:\/\/w-l-c.be\/fr\/les-dardenne-et-bouli-lanners-en-lice-pour-les-22eme-prix-lumieres\/#breadcrumb","itemListElement":[{"@type":"ListItem","position":1,"name":"Accueil","item":"https:\/\/w-l-c.be\/fr\/"},{"@type":"ListItem","position":2,"name":"Les Dardenne et Bouli Lanners en lice pour les Prix Lumi\u00e8res"}]},{"@type":"WebSite","@id":"https:\/\/w-l-c.be\/fr\/#website","url":"https:\/\/w-l-c.be\/fr\/","name":"w-l-c","description":"Le cin\u00e9ma vu par les belges","potentialAction":[{"@type":"SearchAction","target":{"@type":"EntryPoint","urlTemplate":"https:\/\/w-l-c.be\/fr\/?s={search_term_string}"},"query-input":"required name=search_term_string"}],"inLanguage":"fr-FR"},{"@type":"Person","@id":"https:\/\/w-l-c.be\/fr\/#\/schema\/person\/8084b68c6b176142d073695c654dc7cf","name":"Aurore Engelen","url":"https:\/\/w-l-c.be\/fr\/author\/aurore-engelen\/"}]}},"_links":{"self":[{"href":"https:\/\/w-l-c.be\/fr\/wp-json\/wp\/v2\/posts\/193910","targetHints":{"allow":["GET"]}}],"collection":[{"href":"https:\/\/w-l-c.be\/fr\/wp-json\/wp\/v2\/posts"}],"about":[{"href":"https:\/\/w-l-c.be\/fr\/wp-json\/wp\/v2\/types\/post"}],"author":[{"embeddable":true,"href":"https:\/\/w-l-c.be\/fr\/wp-json\/wp\/v2\/users\/343"}],"replies":[{"embeddable":true,"href":"https:\/\/w-l-c.be\/fr\/wp-json\/wp\/v2\/comments?post=193910"}],"version-history":[{"count":0,"href":"https:\/\/w-l-c.be\/fr\/wp-json\/wp\/v2\/posts\/193910\/revisions"}],"wp:featuredmedia":[{"embeddable":true,"href":"https:\/\/w-l-c.be\/fr\/wp-json\/wp\/v2\/media\/193912"}],"wp:attachment":[{"href":"https:\/\/w-l-c.be\/fr\/wp-json\/wp\/v2\/media?parent=193910"}],"wp:term":[{"taxonomy":"category","embeddable":true,"href":"https:\/\/w-l-c.be\/fr\/wp-json\/wp\/v2\/categories?post=193910"},{"taxonomy":"post_tag","embeddable":true,"href":"https:\/\/w-l-c.be\/fr\/wp-json\/wp\/v2\/tags?post=193910"}],"curies":[{"name":"wp","href":"https:\/\/api.w.org\/{rel}","templated":true}]}}