
{"id":193922,"date":"2016-12-23T09:19:20","date_gmt":"2016-12-23T08:19:20","guid":{"rendered":"http:\/\/www.cinevox.be\/?p=93922"},"modified":"2016-12-23T09:20:14","modified_gmt":"2016-12-23T08:20:14","slug":"faut-pas-lui-dire-ce-sont-ses-filles-qui-en-parlent-le-mieux","status":"publish","type":"post","link":"https:\/\/w-l-c.be\/fr\/faut-pas-lui-dire-ce-sont-ses-filles-qui-en-parlent-le-mieux\/","title":{"rendered":"\u00ab\u00a0Faut pas lui dire!\u00a0\u00bb, ce sont ses filles qui en parlent le mieux!"},"content":{"rendered":"<p><em>Faut pas lui dire!<\/em>, ce sont encore ses filles qui en parlent le mieux! Solange Cicurel, la r\u00e9alisatrice, nous pr\u00e9sente ses quatre formidables actrices, qui \u00e0 leur tour\u00a0nous parlent du film et de leurs personnages.<\/p>\n<p><!--more--><\/p>\n<p>&nbsp;<\/p>\n<p>&nbsp;<\/p>\n<p>&nbsp;<\/p>\n<p>&nbsp;<\/p>\n<p><strong>Solange Cicurel<\/strong>, \u00e0 propos de ses quatre actrices<\/p>\n<p><iframe loading=\"lazy\" title=\"Faut pas lui dire \u2013 Solange Cicurel 04\" width=\"618\" height=\"348\" src=\"https:\/\/www.youtube.com\/embed\/JO86sg4XdJM?feature=oembed\" frameborder=\"0\" allow=\"accelerometer; autoplay; clipboard-write; encrypted-media; gyroscope; picture-in-picture; web-share\" referrerpolicy=\"strict-origin-when-cross-origin\" allowfullscreen><\/iframe><\/p>\n<p>&nbsp;<\/p>\n<p><strong>Tania Garbarski<\/strong> pr\u00e9sente son personnage, <strong>Anouch<\/strong>, l&rsquo;attachiante qui a peur de l&rsquo;engagement, et se comporte (un peu) comme un mec. Elle g\u00e2che les choses elle-m\u00eame de peur qu&rsquo;elles ne soient g\u00e2ch\u00e9es par les autres<\/p>\n<p><iframe loading=\"lazy\" title=\"Faut pas lui dire \u2013 Tania Garbarski 02\" width=\"618\" height=\"348\" src=\"https:\/\/www.youtube.com\/embed\/KKBXwqKcEMA?feature=oembed\" frameborder=\"0\" allow=\"accelerometer; autoplay; clipboard-write; encrypted-media; gyroscope; picture-in-picture; web-share\" referrerpolicy=\"strict-origin-when-cross-origin\" allowfullscreen><\/iframe><\/p>\n<p>&nbsp;<\/p>\n<p><strong>St\u00e9phanie Crayencour<\/strong>, \u00e0 propos de\u00a0son personnage, <strong>Ya\u00ebl<\/strong>, la petite derni\u00e8re<\/p>\n<p><iframe loading=\"lazy\" title=\"Faut pas lui dire \u2013 Ste\u0301phanie Crayencour 01\" width=\"618\" height=\"348\" src=\"https:\/\/www.youtube.com\/embed\/HLtwDlyeGg0?feature=oembed\" frameborder=\"0\" allow=\"accelerometer; autoplay; clipboard-write; encrypted-media; gyroscope; picture-in-picture; web-share\" referrerpolicy=\"strict-origin-when-cross-origin\" allowfullscreen><\/iframe><\/p>\n<p>&nbsp;<\/p>\n<p><strong>Jenifer<\/strong> pr\u00e9sente son personnage, <strong>Laura Brunel<\/strong>, la femme parfaite<\/p>\n<p><iframe loading=\"lazy\" title=\"Faut pas lui dire \u2013 Jenifer Bartoli 02\" width=\"618\" height=\"348\" src=\"https:\/\/www.youtube.com\/embed\/qaowfvPP1KU?feature=oembed\" frameborder=\"0\" allow=\"accelerometer; autoplay; clipboard-write; encrypted-media; gyroscope; picture-in-picture; web-share\" referrerpolicy=\"strict-origin-when-cross-origin\" allowfullscreen><\/iframe><\/p>\n<p>&nbsp;<\/p>\n<p><strong>Camille Chamoux<\/strong> pr\u00e9sente le film, une com\u00e9die sur le mensonge pleine de v\u00e9rit\u00e9!<\/p>\n<p><iframe loading=\"lazy\" title=\"Faut pas lui dire \u2013 Camille Chamoux 01\" width=\"618\" height=\"348\" src=\"https:\/\/www.youtube.com\/embed\/BdXe146yRws?feature=oembed\" frameborder=\"0\" allow=\"accelerometer; autoplay; clipboard-write; encrypted-media; gyroscope; picture-in-picture; web-share\" referrerpolicy=\"strict-origin-when-cross-origin\" allowfullscreen><\/iframe><\/p>\n<p>&nbsp;<\/p>\n<p><em><strong>NB: photo d&rsquo;illustration de l&rsquo;article issue du compte Facebook de Jenifer<\/strong><\/em><\/p>\n","protected":false},"excerpt":{"rendered":"<p>Faut pas lui dire!, ce sont encore ses filles qui en parlent le mieux! Solange Cicurel, la r\u00e9alisatrice, nous pr\u00e9sente ses quatre formidables actrices, qui \u00e0 leur tour\u00a0nous parlent du film et de leurs personnages.<\/p>\n","protected":false},"author":343,"featured_media":193924,"comment_status":"closed","ping_status":"closed","sticky":false,"template":"","format":"standard","meta":{"ngg_post_thumbnail":0,"footnotes":""},"categories":[10,7,1978],"tags":[],"class_list":["post-193922","post","type-post","status-publish","format-standard","has-post-thumbnail","","category-a-l-affiche","category-actualites","category-interviews"],"yoast_head":"<!-- This site is optimized with the Yoast SEO plugin v20.4 - https:\/\/yoast.com\/wordpress\/plugins\/seo\/ -->\n<title>&quot;Faut pas lui dire!&quot;, ce sont ses filles qui en parlent le mieux! - w-l-c<\/title>\n<meta name=\"robots\" content=\"noindex, follow, max-snippet:-1, max-image-preview:large, max-video-preview:-1\" \/>\n<meta property=\"og:locale\" content=\"fr_FR\" \/>\n<meta property=\"og:type\" content=\"article\" \/>\n<meta property=\"og:title\" content=\"&quot;Faut pas lui dire!&quot;, ce sont ses filles qui en parlent le mieux! - w-l-c\" \/>\n<meta property=\"og:description\" content=\"Faut pas lui dire!, ce sont encore ses filles qui en parlent le mieux! Solange Cicurel, la r\u00e9alisatrice, nous pr\u00e9sente ses quatre formidables actrices, qui \u00e0 leur tour\u00a0nous parlent du film et de leurs personnages.\" \/>\n<meta property=\"og:url\" content=\"https:\/\/w-l-c.be\/fr\/faut-pas-lui-dire-ce-sont-ses-filles-qui-en-parlent-le-mieux\/\" \/>\n<meta property=\"og:site_name\" content=\"w-l-c\" \/>\n<meta property=\"article:published_time\" content=\"2016-12-23T08:19:20+00:00\" \/>\n<meta property=\"article:modified_time\" content=\"2016-12-23T08:20:14+00:00\" \/>\n<meta property=\"og:image\" content=\"https:\/\/w-l-c.be\/wp-content\/uploads\/2016\/12\/Selfie-faut-pas-lui-dire.jpg\" \/>\n\t<meta property=\"og:image:width\" content=\"482\" \/>\n\t<meta property=\"og:image:height\" content=\"314\" \/>\n\t<meta property=\"og:image:type\" content=\"image\/jpeg\" \/>\n<meta name=\"author\" content=\"Aurore Engelen\" \/>\n<meta name=\"twitter:card\" content=\"summary_large_image\" \/>\n<meta name=\"twitter:label1\" content=\"\u00c9crit par\" \/>\n\t<meta name=\"twitter:data1\" content=\"Aurore Engelen\" \/>\n\t<meta name=\"twitter:label2\" content=\"Dur\u00e9e de lecture estim\u00e9e\" \/>\n\t<meta name=\"twitter:data2\" content=\"1 minute\" \/>\n<script type=\"application\/ld+json\" class=\"yoast-schema-graph\">{\"@context\":\"https:\/\/schema.org\",\"@graph\":[{\"@type\":\"WebPage\",\"@id\":\"https:\/\/w-l-c.be\/fr\/faut-pas-lui-dire-ce-sont-ses-filles-qui-en-parlent-le-mieux\/\",\"url\":\"https:\/\/w-l-c.be\/fr\/faut-pas-lui-dire-ce-sont-ses-filles-qui-en-parlent-le-mieux\/\",\"name\":\"\\\"Faut pas lui dire!\\\", ce sont ses filles qui en parlent le mieux! - w-l-c\",\"isPartOf\":{\"@id\":\"https:\/\/w-l-c.be\/fr\/#website\"},\"datePublished\":\"2016-12-23T08:19:20+00:00\",\"dateModified\":\"2016-12-23T08:20:14+00:00\",\"author\":{\"@id\":\"https:\/\/w-l-c.be\/fr\/#\/schema\/person\/8084b68c6b176142d073695c654dc7cf\"},\"breadcrumb\":{\"@id\":\"https:\/\/w-l-c.be\/fr\/faut-pas-lui-dire-ce-sont-ses-filles-qui-en-parlent-le-mieux\/#breadcrumb\"},\"inLanguage\":\"fr-FR\",\"potentialAction\":[{\"@type\":\"ReadAction\",\"target\":[\"https:\/\/w-l-c.be\/fr\/faut-pas-lui-dire-ce-sont-ses-filles-qui-en-parlent-le-mieux\/\"]}]},{\"@type\":\"BreadcrumbList\",\"@id\":\"https:\/\/w-l-c.be\/fr\/faut-pas-lui-dire-ce-sont-ses-filles-qui-en-parlent-le-mieux\/#breadcrumb\",\"itemListElement\":[{\"@type\":\"ListItem\",\"position\":1,\"name\":\"Accueil\",\"item\":\"https:\/\/w-l-c.be\/fr\/\"},{\"@type\":\"ListItem\",\"position\":2,\"name\":\"\u00ab\u00a0Faut pas lui dire!\u00a0\u00bb, ce sont ses filles qui en parlent le mieux!\"}]},{\"@type\":\"WebSite\",\"@id\":\"https:\/\/w-l-c.be\/fr\/#website\",\"url\":\"https:\/\/w-l-c.be\/fr\/\",\"name\":\"w-l-c\",\"description\":\"Le cin\u00e9ma vu par les belges\",\"potentialAction\":[{\"@type\":\"SearchAction\",\"target\":{\"@type\":\"EntryPoint\",\"urlTemplate\":\"https:\/\/w-l-c.be\/fr\/?s={search_term_string}\"},\"query-input\":\"required name=search_term_string\"}],\"inLanguage\":\"fr-FR\"},{\"@type\":\"Person\",\"@id\":\"https:\/\/w-l-c.be\/fr\/#\/schema\/person\/8084b68c6b176142d073695c654dc7cf\",\"name\":\"Aurore Engelen\",\"url\":\"https:\/\/w-l-c.be\/fr\/author\/aurore-engelen\/\"}]}<\/script>\n<!-- \/ Yoast SEO plugin. -->","yoast_head_json":{"title":"\"Faut pas lui dire!\", ce sont ses filles qui en parlent le mieux! - w-l-c","robots":{"index":"noindex","follow":"follow","max-snippet":"max-snippet:-1","max-image-preview":"max-image-preview:large","max-video-preview":"max-video-preview:-1"},"og_locale":"fr_FR","og_type":"article","og_title":"\"Faut pas lui dire!\", ce sont ses filles qui en parlent le mieux! - w-l-c","og_description":"Faut pas lui dire!, ce sont encore ses filles qui en parlent le mieux! Solange Cicurel, la r\u00e9alisatrice, nous pr\u00e9sente ses quatre formidables actrices, qui \u00e0 leur tour\u00a0nous parlent du film et de leurs personnages.","og_url":"https:\/\/w-l-c.be\/fr\/faut-pas-lui-dire-ce-sont-ses-filles-qui-en-parlent-le-mieux\/","og_site_name":"w-l-c","article_published_time":"2016-12-23T08:19:20+00:00","article_modified_time":"2016-12-23T08:20:14+00:00","og_image":[{"width":482,"height":314,"url":"https:\/\/w-l-c.be\/wp-content\/uploads\/2016\/12\/Selfie-faut-pas-lui-dire.jpg","type":"image\/jpeg"}],"author":"Aurore Engelen","twitter_card":"summary_large_image","twitter_misc":{"\u00c9crit par":"Aurore Engelen","Dur\u00e9e de lecture estim\u00e9e":"1 minute"},"schema":{"@context":"https:\/\/schema.org","@graph":[{"@type":"WebPage","@id":"https:\/\/w-l-c.be\/fr\/faut-pas-lui-dire-ce-sont-ses-filles-qui-en-parlent-le-mieux\/","url":"https:\/\/w-l-c.be\/fr\/faut-pas-lui-dire-ce-sont-ses-filles-qui-en-parlent-le-mieux\/","name":"\"Faut pas lui dire!\", ce sont ses filles qui en parlent le mieux! - w-l-c","isPartOf":{"@id":"https:\/\/w-l-c.be\/fr\/#website"},"datePublished":"2016-12-23T08:19:20+00:00","dateModified":"2016-12-23T08:20:14+00:00","author":{"@id":"https:\/\/w-l-c.be\/fr\/#\/schema\/person\/8084b68c6b176142d073695c654dc7cf"},"breadcrumb":{"@id":"https:\/\/w-l-c.be\/fr\/faut-pas-lui-dire-ce-sont-ses-filles-qui-en-parlent-le-mieux\/#breadcrumb"},"inLanguage":"fr-FR","potentialAction":[{"@type":"ReadAction","target":["https:\/\/w-l-c.be\/fr\/faut-pas-lui-dire-ce-sont-ses-filles-qui-en-parlent-le-mieux\/"]}]},{"@type":"BreadcrumbList","@id":"https:\/\/w-l-c.be\/fr\/faut-pas-lui-dire-ce-sont-ses-filles-qui-en-parlent-le-mieux\/#breadcrumb","itemListElement":[{"@type":"ListItem","position":1,"name":"Accueil","item":"https:\/\/w-l-c.be\/fr\/"},{"@type":"ListItem","position":2,"name":"\u00ab\u00a0Faut pas lui dire!\u00a0\u00bb, ce sont ses filles qui en parlent le mieux!"}]},{"@type":"WebSite","@id":"https:\/\/w-l-c.be\/fr\/#website","url":"https:\/\/w-l-c.be\/fr\/","name":"w-l-c","description":"Le cin\u00e9ma vu par les belges","potentialAction":[{"@type":"SearchAction","target":{"@type":"EntryPoint","urlTemplate":"https:\/\/w-l-c.be\/fr\/?s={search_term_string}"},"query-input":"required name=search_term_string"}],"inLanguage":"fr-FR"},{"@type":"Person","@id":"https:\/\/w-l-c.be\/fr\/#\/schema\/person\/8084b68c6b176142d073695c654dc7cf","name":"Aurore Engelen","url":"https:\/\/w-l-c.be\/fr\/author\/aurore-engelen\/"}]}},"_links":{"self":[{"href":"https:\/\/w-l-c.be\/fr\/wp-json\/wp\/v2\/posts\/193922","targetHints":{"allow":["GET"]}}],"collection":[{"href":"https:\/\/w-l-c.be\/fr\/wp-json\/wp\/v2\/posts"}],"about":[{"href":"https:\/\/w-l-c.be\/fr\/wp-json\/wp\/v2\/types\/post"}],"author":[{"embeddable":true,"href":"https:\/\/w-l-c.be\/fr\/wp-json\/wp\/v2\/users\/343"}],"replies":[{"embeddable":true,"href":"https:\/\/w-l-c.be\/fr\/wp-json\/wp\/v2\/comments?post=193922"}],"version-history":[{"count":0,"href":"https:\/\/w-l-c.be\/fr\/wp-json\/wp\/v2\/posts\/193922\/revisions"}],"wp:featuredmedia":[{"embeddable":true,"href":"https:\/\/w-l-c.be\/fr\/wp-json\/wp\/v2\/media\/193924"}],"wp:attachment":[{"href":"https:\/\/w-l-c.be\/fr\/wp-json\/wp\/v2\/media?parent=193922"}],"wp:term":[{"taxonomy":"category","embeddable":true,"href":"https:\/\/w-l-c.be\/fr\/wp-json\/wp\/v2\/categories?post=193922"},{"taxonomy":"post_tag","embeddable":true,"href":"https:\/\/w-l-c.be\/fr\/wp-json\/wp\/v2\/tags?post=193922"}],"curies":[{"name":"wp","href":"https:\/\/api.w.org\/{rel}","templated":true}]}}