
{"id":194029,"date":"2016-12-22T12:06:00","date_gmt":"2016-12-22T11:06:00","guid":{"rendered":"http:\/\/www.cinevox.be\/?p=94029"},"modified":"2016-12-22T12:06:00","modified_gmt":"2016-12-22T11:06:00","slug":"je-suis-reste-dans-les-bois-le-fantastique-trio","status":"publish","type":"post","link":"https:\/\/w-l-c.be\/fr\/je-suis-reste-dans-les-bois-le-fantastique-trio\/","title":{"rendered":"\u00ab\u00a0Je suis rest\u00e9 dans les bois\u00a0\u00bb, le fantas(ti)que trio"},"content":{"rendered":"<p>Vincent, artiste plasticien, pr\u00e9pare sa nouvelle exposition. Il a d\u00e9cid\u00e9 de reconstituer des moments peu glorieux de son pass\u00e9 pour en faire des tableaux vid\u00e9o. Enfin, peut-\u00eatre&#8230; Il est entour\u00e9 par une petite \u00e9quipe dont font partie Erika, sa compagne et Micha\u00ebl, un copain r\u00e9alisateur. Tous trois ma\u00eetres d&rsquo;oeuvres du projet, ils s&rsquo;entourent d&rsquo;amis, d&rsquo;inconnus, de parents ou de voisins qui vont endosser les r\u00f4les marquants de l&rsquo;histoire de la vie de Vincent.<\/p>\n<p><!--more--><\/p>\n<p>&nbsp;<\/p>\n<p>&nbsp;<\/p>\n<p>&nbsp;<\/p>\n<p>A travers une dizaine de sc\u00e8nettes, Vincent se souvient d&rsquo;\u00e9pisodes souvent peu glorieux de sa vie pass\u00e9e, de sa plus jeune enfance \u00e0 son pass\u00e9 proche, auscultant \u00e0 la faveur de cette introspection artistique celui qu&rsquo;il a \u00e9t\u00e9, qu&rsquo;il est, et qu&rsquo;il voudrait \u00eatre. C\u2019est ce dispositif artistique, et les humains qui le fa\u00e7onnent, qui sont au c\u0153ur de\u00a0<em>Je suis rest\u00e9 dans les bois<\/em>, oeuvre collective co-r\u00e9alis\u00e9e par\u00a0Vincent Solheid,\u00a0Erika Sainte\u00a0et\u00a0Micha\u00ebl Bier &#8211; le g\u00e9n\u00e9rique annonce d&rsquo;ailleurs un film de BierSainteSolheid.<\/p>\n<p>&nbsp;<\/p>\n<p><a href=\"http:\/\/www.cinevox.be\/wp-content\/uploads\/2016\/12\/Je-suis-reste-bis.jpg\"><img loading=\"lazy\" decoding=\"async\" class=\"alignnone size-medium wp-image-94030\" src=\"http:\/\/www.cinevox.be\/wp-content\/uploads\/2016\/12\/Je-suis-reste-bis-480x270.jpg\" alt=\"Je suis reste bis\" width=\"480\" height=\"270\" \/><\/a><\/p>\n<p>&nbsp;<\/p>\n<p>D\u00e8s la premi\u00e8re sc\u00e8ne, le personnage de Vincent est pos\u00e9, un homme, ou plut\u00f4t un gar\u00e7on vindicatif, pu\u00e9ril, \u00e9go\u00efste. S&rsquo;il en \u00e9tait besoin sa compagne se charge d&rsquo;en dresser un portrait peu flatteur. \u00ab\u00a0Il est formidable,\u00a0\u00bb constate son ami d&rsquo;enfance. \u00ab\u00a0Oui. Parfois.\u00a0\u00bb On ne sait plus trop si cela lui arrive par inadvertance, ou s&rsquo;il s&rsquo;\u00e9gare de temps \u00e0 autre. Le personnage de Vincent est au coeur du film, qui tourne \u00e9galement autour d&rsquo;un autre motif: l&rsquo;analyse du geste cr\u00e9atif. D\u00e8s le d\u00e9but sont mises en sc\u00e8ne les tensions sur le tournage, les interrogations quant \u00e0 la destination, la forme et les motivations de l&rsquo;oeuvre. <em>Je suis rest\u00e9 dans les bois<\/em>, c&rsquo;est le portrait de Vincent l&rsquo;artiste plasticien, mais aussi une r\u00e9flexion sur le jeu, les souvenirs, le faux et le vrai, l&rsquo;art et la r\u00e9alit\u00e9. Par le biais d&rsquo;une sorte de\u00a0<em>mockumentary <\/em>constell\u00e9 de touches de fiction, les r\u00e9alisateurs tendent \u00e0 saisir sur le vif et par l\u2019improvisation la r\u00e9alit\u00e9 des personnages. Aux fronti\u00e8res du cin\u00e9ma et de l\u2019art contemporain, ils livrent une sorte de journal \u00ab\u00a0extime\u00a0\u00bb film\u00e9 et r\u00e9-act\u00e9.<\/p>\n<p>&nbsp;<\/p>\n<p>Chaque tableau donne lieu \u00e0 une discussion sur ses enjeux, qui met \u00e0 jour les tensions entre les personnages, puis une mise en sc\u00e8ne du tableau, et enfin, pour certains d&rsquo;entre eux, \u00e0 une irruption anim\u00e9e, de petites fulgurances visuelles qui transcendent le projet, et le renvoient\u00a0\u00e0 son argument de base: le travail d&rsquo;artiste plasticien de Vincent Solheid. Ces apart\u00e9s viennent consolider la nature hybride du projet, et illustrent \u00e0 merveille la libert\u00e9 formelle, visuelle et narrative du film. Une libert\u00e9 que l&rsquo;on retrouve \u00e9galement dans la structure atypique de production et de r\u00e9alisation du projet, port\u00e9 par l&rsquo;\u00e9nergie de sa petite \u00e9quipe h\u00e9t\u00e9roclite. Une libert\u00e9 qui donne le ton du film, dont d&rsquo;ailleurs tous les personnages vont chercher \u00e0 s&rsquo;\u00e9chapper au fil du r\u00e9cit, quand r\u00e9alit\u00e9 et fiction finissent par s&rsquo;interp\u00e9n\u00e9trer, \u00e0 la faveur de fronti\u00e8res de plus en plus poreuses.<\/p>\n<p>&nbsp;<\/p>\n<p><a href=\"http:\/\/www.cinevox.be\/wp-content\/uploads\/2016\/12\/Je-suis-reste-dans-les-bois-ter.jpg\"><img loading=\"lazy\" decoding=\"async\" class=\"alignnone size-medium wp-image-94031\" src=\"http:\/\/www.cinevox.be\/wp-content\/uploads\/2016\/12\/Je-suis-reste-dans-les-bois-ter-404x270.jpg\" alt=\"Je suis reste dans les bois ter\" width=\"404\" height=\"270\" \/><\/a><\/p>\n<p>&nbsp;<\/p>\n<p>Devant et derri\u00e8re la cam\u00e9ra, on retrouve donc Vincent Solheid, \u00ab\u00a0vrai\u00a0\u00bb artiste plasticien, ou plut\u00f4t artiste prot\u00e9iforme belge comme il se d\u00e9finit lui-m\u00eame, et qui au cin\u00e9ma avait d\u00e9j\u00e0 commis l&rsquo;insolent <em>Grand Tour<\/em> avec J\u00e9r\u00f4me le Maire. Il est entour\u00e9 de la com\u00e9dienne Erika Sainte, Magritte du meilleur espoir en 2012 pour <em>Elle ne pleure pas, elle chante<\/em>, h\u00e9ro\u00efne r\u00e9cemment du premier film de Luc Jabon, <em>Les Survivants<\/em>, mais aussi de la webserie <em>Euh<\/em>. Enfin, on d\u00e9couvre\u00a0\u00e9galement Micha\u00ebl Bier, bien connu dans le cin\u00e9ma belge pour sa fonction de directeur de casting (notamment pour <em>Le Tout Nouveau Testament, Le Fid\u00e8le<\/em> ou <em>La Tr\u00eave<\/em> par exemple), mais \u00e9galement sc\u00e9nariste, metteur en sc\u00e8ne, r\u00e9alisateur, et com\u00e9dien donc.<\/p>\n<p>Projet\u00e9 en avant-premi\u00e8re au Be Film Festival demain, le film sortira en avril prochain.<\/p>\n","protected":false},"excerpt":{"rendered":"<p>Vincent, artiste plasticien, pr\u00e9pare sa nouvelle exposition. Il a d\u00e9cid\u00e9 de reconstituer des moments peu glorieux de son pass\u00e9 pour en faire des tableaux vid\u00e9o. Enfin, peut-\u00eatre&#8230; Il est entour\u00e9 par une petite \u00e9quipe dont font partie Erika, sa compagne et Micha\u00ebl, un copain r\u00e9alisateur. Tous trois ma\u00eetres d&rsquo;oeuvres du projet, ils s&rsquo;entourent d&rsquo;amis, d&rsquo;inconnus, &hellip;<\/p>\n","protected":false},"author":343,"featured_media":194033,"comment_status":"closed","ping_status":"closed","sticky":false,"template":"","format":"standard","meta":{"ngg_post_thumbnail":0,"footnotes":""},"categories":[10,1923,7],"tags":[],"class_list":["post-194029","post","type-post","status-publish","format-standard","has-post-thumbnail","","category-a-l-affiche","category-en-bref","category-actualites"],"yoast_head":"<!-- This site is optimized with the Yoast SEO plugin v20.4 - https:\/\/yoast.com\/wordpress\/plugins\/seo\/ -->\n<title>&quot;Je suis rest\u00e9 dans les bois&quot;, le fantas(ti)que trio - w-l-c<\/title>\n<meta name=\"robots\" content=\"noindex, follow, max-snippet:-1, max-image-preview:large, max-video-preview:-1\" \/>\n<meta property=\"og:locale\" content=\"fr_FR\" \/>\n<meta property=\"og:type\" content=\"article\" \/>\n<meta property=\"og:title\" content=\"&quot;Je suis rest\u00e9 dans les bois&quot;, le fantas(ti)que trio - w-l-c\" \/>\n<meta property=\"og:description\" content=\"Vincent, artiste plasticien, pr\u00e9pare sa nouvelle exposition. Il a d\u00e9cid\u00e9 de reconstituer des moments peu glorieux de son pass\u00e9 pour en faire des tableaux vid\u00e9o. Enfin, peut-\u00eatre&#8230; Il est entour\u00e9 par une petite \u00e9quipe dont font partie Erika, sa compagne et Micha\u00ebl, un copain r\u00e9alisateur. Tous trois ma\u00eetres d&rsquo;oeuvres du projet, ils s&rsquo;entourent d&rsquo;amis, d&rsquo;inconnus, &hellip;\" \/>\n<meta property=\"og:url\" content=\"https:\/\/w-l-c.be\/fr\/je-suis-reste-dans-les-bois-le-fantastique-trio\/\" \/>\n<meta property=\"og:site_name\" content=\"w-l-c\" \/>\n<meta property=\"article:published_time\" content=\"2016-12-22T11:06:00+00:00\" \/>\n<meta property=\"og:image\" content=\"https:\/\/w-l-c.be\/wp-content\/uploads\/2016\/12\/JeSuisResteDansLesBois.jpg\" \/>\n\t<meta property=\"og:image:width\" content=\"1120\" \/>\n\t<meta property=\"og:image:height\" content=\"700\" \/>\n\t<meta property=\"og:image:type\" content=\"image\/jpeg\" \/>\n<meta name=\"author\" content=\"Aurore Engelen\" \/>\n<meta name=\"twitter:card\" content=\"summary_large_image\" \/>\n<meta name=\"twitter:label1\" content=\"\u00c9crit par\" \/>\n\t<meta name=\"twitter:data1\" content=\"Aurore Engelen\" \/>\n\t<meta name=\"twitter:label2\" content=\"Dur\u00e9e de lecture estim\u00e9e\" \/>\n\t<meta name=\"twitter:data2\" content=\"3 minutes\" \/>\n<script type=\"application\/ld+json\" class=\"yoast-schema-graph\">{\"@context\":\"https:\/\/schema.org\",\"@graph\":[{\"@type\":\"WebPage\",\"@id\":\"https:\/\/w-l-c.be\/fr\/je-suis-reste-dans-les-bois-le-fantastique-trio\/\",\"url\":\"https:\/\/w-l-c.be\/fr\/je-suis-reste-dans-les-bois-le-fantastique-trio\/\",\"name\":\"\\\"Je suis rest\u00e9 dans les bois\\\", le fantas(ti)que trio - w-l-c\",\"isPartOf\":{\"@id\":\"https:\/\/w-l-c.be\/fr\/#website\"},\"datePublished\":\"2016-12-22T11:06:00+00:00\",\"dateModified\":\"2016-12-22T11:06:00+00:00\",\"author\":{\"@id\":\"https:\/\/w-l-c.be\/fr\/#\/schema\/person\/8084b68c6b176142d073695c654dc7cf\"},\"breadcrumb\":{\"@id\":\"https:\/\/w-l-c.be\/fr\/je-suis-reste-dans-les-bois-le-fantastique-trio\/#breadcrumb\"},\"inLanguage\":\"fr-FR\",\"potentialAction\":[{\"@type\":\"ReadAction\",\"target\":[\"https:\/\/w-l-c.be\/fr\/je-suis-reste-dans-les-bois-le-fantastique-trio\/\"]}]},{\"@type\":\"BreadcrumbList\",\"@id\":\"https:\/\/w-l-c.be\/fr\/je-suis-reste-dans-les-bois-le-fantastique-trio\/#breadcrumb\",\"itemListElement\":[{\"@type\":\"ListItem\",\"position\":1,\"name\":\"Accueil\",\"item\":\"https:\/\/w-l-c.be\/fr\/\"},{\"@type\":\"ListItem\",\"position\":2,\"name\":\"\u00ab\u00a0Je suis rest\u00e9 dans les bois\u00a0\u00bb, le fantas(ti)que trio\"}]},{\"@type\":\"WebSite\",\"@id\":\"https:\/\/w-l-c.be\/fr\/#website\",\"url\":\"https:\/\/w-l-c.be\/fr\/\",\"name\":\"w-l-c\",\"description\":\"Le cin\u00e9ma vu par les belges\",\"potentialAction\":[{\"@type\":\"SearchAction\",\"target\":{\"@type\":\"EntryPoint\",\"urlTemplate\":\"https:\/\/w-l-c.be\/fr\/?s={search_term_string}\"},\"query-input\":\"required name=search_term_string\"}],\"inLanguage\":\"fr-FR\"},{\"@type\":\"Person\",\"@id\":\"https:\/\/w-l-c.be\/fr\/#\/schema\/person\/8084b68c6b176142d073695c654dc7cf\",\"name\":\"Aurore Engelen\",\"url\":\"https:\/\/w-l-c.be\/fr\/author\/aurore-engelen\/\"}]}<\/script>\n<!-- \/ Yoast SEO plugin. -->","yoast_head_json":{"title":"\"Je suis rest\u00e9 dans les bois\", le fantas(ti)que trio - w-l-c","robots":{"index":"noindex","follow":"follow","max-snippet":"max-snippet:-1","max-image-preview":"max-image-preview:large","max-video-preview":"max-video-preview:-1"},"og_locale":"fr_FR","og_type":"article","og_title":"\"Je suis rest\u00e9 dans les bois\", le fantas(ti)que trio - w-l-c","og_description":"Vincent, artiste plasticien, pr\u00e9pare sa nouvelle exposition. Il a d\u00e9cid\u00e9 de reconstituer des moments peu glorieux de son pass\u00e9 pour en faire des tableaux vid\u00e9o. Enfin, peut-\u00eatre&#8230; Il est entour\u00e9 par une petite \u00e9quipe dont font partie Erika, sa compagne et Micha\u00ebl, un copain r\u00e9alisateur. Tous trois ma\u00eetres d&rsquo;oeuvres du projet, ils s&rsquo;entourent d&rsquo;amis, d&rsquo;inconnus, &hellip;","og_url":"https:\/\/w-l-c.be\/fr\/je-suis-reste-dans-les-bois-le-fantastique-trio\/","og_site_name":"w-l-c","article_published_time":"2016-12-22T11:06:00+00:00","og_image":[{"width":1120,"height":700,"url":"https:\/\/w-l-c.be\/wp-content\/uploads\/2016\/12\/JeSuisResteDansLesBois.jpg","type":"image\/jpeg"}],"author":"Aurore Engelen","twitter_card":"summary_large_image","twitter_misc":{"\u00c9crit par":"Aurore Engelen","Dur\u00e9e de lecture estim\u00e9e":"3 minutes"},"schema":{"@context":"https:\/\/schema.org","@graph":[{"@type":"WebPage","@id":"https:\/\/w-l-c.be\/fr\/je-suis-reste-dans-les-bois-le-fantastique-trio\/","url":"https:\/\/w-l-c.be\/fr\/je-suis-reste-dans-les-bois-le-fantastique-trio\/","name":"\"Je suis rest\u00e9 dans les bois\", le fantas(ti)que trio - w-l-c","isPartOf":{"@id":"https:\/\/w-l-c.be\/fr\/#website"},"datePublished":"2016-12-22T11:06:00+00:00","dateModified":"2016-12-22T11:06:00+00:00","author":{"@id":"https:\/\/w-l-c.be\/fr\/#\/schema\/person\/8084b68c6b176142d073695c654dc7cf"},"breadcrumb":{"@id":"https:\/\/w-l-c.be\/fr\/je-suis-reste-dans-les-bois-le-fantastique-trio\/#breadcrumb"},"inLanguage":"fr-FR","potentialAction":[{"@type":"ReadAction","target":["https:\/\/w-l-c.be\/fr\/je-suis-reste-dans-les-bois-le-fantastique-trio\/"]}]},{"@type":"BreadcrumbList","@id":"https:\/\/w-l-c.be\/fr\/je-suis-reste-dans-les-bois-le-fantastique-trio\/#breadcrumb","itemListElement":[{"@type":"ListItem","position":1,"name":"Accueil","item":"https:\/\/w-l-c.be\/fr\/"},{"@type":"ListItem","position":2,"name":"\u00ab\u00a0Je suis rest\u00e9 dans les bois\u00a0\u00bb, le fantas(ti)que trio"}]},{"@type":"WebSite","@id":"https:\/\/w-l-c.be\/fr\/#website","url":"https:\/\/w-l-c.be\/fr\/","name":"w-l-c","description":"Le cin\u00e9ma vu par les belges","potentialAction":[{"@type":"SearchAction","target":{"@type":"EntryPoint","urlTemplate":"https:\/\/w-l-c.be\/fr\/?s={search_term_string}"},"query-input":"required name=search_term_string"}],"inLanguage":"fr-FR"},{"@type":"Person","@id":"https:\/\/w-l-c.be\/fr\/#\/schema\/person\/8084b68c6b176142d073695c654dc7cf","name":"Aurore Engelen","url":"https:\/\/w-l-c.be\/fr\/author\/aurore-engelen\/"}]}},"_links":{"self":[{"href":"https:\/\/w-l-c.be\/fr\/wp-json\/wp\/v2\/posts\/194029","targetHints":{"allow":["GET"]}}],"collection":[{"href":"https:\/\/w-l-c.be\/fr\/wp-json\/wp\/v2\/posts"}],"about":[{"href":"https:\/\/w-l-c.be\/fr\/wp-json\/wp\/v2\/types\/post"}],"author":[{"embeddable":true,"href":"https:\/\/w-l-c.be\/fr\/wp-json\/wp\/v2\/users\/343"}],"replies":[{"embeddable":true,"href":"https:\/\/w-l-c.be\/fr\/wp-json\/wp\/v2\/comments?post=194029"}],"version-history":[{"count":0,"href":"https:\/\/w-l-c.be\/fr\/wp-json\/wp\/v2\/posts\/194029\/revisions"}],"wp:featuredmedia":[{"embeddable":true,"href":"https:\/\/w-l-c.be\/fr\/wp-json\/wp\/v2\/media\/194033"}],"wp:attachment":[{"href":"https:\/\/w-l-c.be\/fr\/wp-json\/wp\/v2\/media?parent=194029"}],"wp:term":[{"taxonomy":"category","embeddable":true,"href":"https:\/\/w-l-c.be\/fr\/wp-json\/wp\/v2\/categories?post=194029"},{"taxonomy":"post_tag","embeddable":true,"href":"https:\/\/w-l-c.be\/fr\/wp-json\/wp\/v2\/tags?post=194029"}],"curies":[{"name":"wp","href":"https:\/\/api.w.org\/{rel}","templated":true}]}}