
{"id":194147,"date":"2016-12-22T09:21:38","date_gmt":"2016-12-22T08:21:38","guid":{"rendered":"http:\/\/www.cinevox.be\/?p=94147"},"modified":"2016-12-22T09:21:38","modified_gmt":"2016-12-22T08:21:38","slug":"leconomie-du-couple-recoit-le-prix-cavens","status":"publish","type":"post","link":"https:\/\/w-l-c.be\/fr\/leconomie-du-couple-recoit-le-prix-cavens\/","title":{"rendered":"\u00ab\u00a0L&rsquo;Economie du Couple\u00a0\u00bb re\u00e7oit le Prix Cavens"},"content":{"rendered":"<p>L&rsquo;Union de la Critique de Cin\u00e9ma (UCC) a attribu\u00e9 le Prix Cavens 2016 au long m\u00e9trage <em>L&rsquo;Economie du Couple<\/em>\u00a0de Joachim Lafosse. Cette distinction est remise par l&rsquo;association de journalistes \u00e0 la meilleure production belge francophone ou n\u00e9erlandophone de l&rsquo;ann\u00e9e.<\/p>\n<p>C&rsquo;est la troisi\u00e8me fois que le Prix Cavens revient \u00e0 Joachim Lafosse, apr\u00e8s <em>Nue Propri\u00e9t\u00e9<\/em>\u00a0en 2007 et <em>A perdre la raison<\/em>\u00a0en 2012. Avec <em>L&rsquo;Economie du couple<\/em>, le r\u00e9alisateur propose selon l&rsquo;UCC \u00ab\u00a0<em>une plong\u00e9e fascinante dans l&rsquo;univers d&rsquo;un couple us\u00e9 par les rapports de force et d&rsquo;argent<\/em>\u00ab\u00a0.<\/p>\n<p><em>L&rsquo;Economie du couple<\/em>, 7\u00e8me\u00a0long m\u00e9trage du cin\u00e9aste, raconte l&rsquo;histoire de Marie et Boris, qui se s\u00e9parent apr\u00e8s 15 ans de vie commune. Dans l&rsquo;impossibilit\u00e9 de d\u00e9m\u00e9nager faute de moyens financiers, Boris se retrouve dans l&rsquo;obligation de cohabiter avec son ex-compagne et leurs jumelles. Quand l&rsquo;amour se d\u00e9lite, il reste les pr\u00e9occupations mat\u00e9rielles, l&rsquo;intendance.<\/p>\n<p>Le film met notamment en sc\u00e8ne B\u00e9r\u00e9nice Bejo, C\u00e9dric Kahn, Marthe Keller ou encore les jeunes actrices Jade et Margaux Soentjens.\u00a0<em>L&rsquo;Economie du couple<\/em>\u00a0est produit par Versus production,\u00a0et devrait figurer en bonne place lors des prochains Magritte du cin\u00e9ma belge.<\/p>\n<p><a href=\"http:\/\/www.cinevox.be\/wp-content\/uploads\/2016\/12\/photo5_big.jpg\"><img loading=\"lazy\" decoding=\"async\" class=\"alignnone size-medium wp-image-94154\" src=\"http:\/\/www.cinevox.be\/wp-content\/uploads\/2016\/12\/photo5_big-480x270.jpg\" alt=\"photo5_big\" width=\"480\" height=\"270\" \/><\/a><\/p>\n<p>Depuis 1976, le Prix Andr\u00e9-Cavens c\u00e9l\u00e8bre le cin\u00e9ma belge, francophone ou n\u00e9erlandophone, et dresse en creux un panorama\u00a0du cin\u00e9ma belge d&rsquo;auteur contemporain. A son palmar\u00e8s on retrouve des noms qui font l&rsquo;actualit\u00e9 du cin\u00e9ma belge depuis des ann\u00e9es, comme Lafosse donc, mais aussi les Dardenne, Jaco Van Dormael, Fien Troch (dont on attend avec impatience le nouveau film, <em>Home<\/em>, qui sort le 11 janvier), Micha\u00ebl Roskam, Bouli Lanners ou encore Fr\u00e9d\u00e9ric Fonteyne, pour ne citer qu&rsquo;eux.<\/p>\n<p>&nbsp;<\/p>\n","protected":false},"excerpt":{"rendered":"<p>L&rsquo;Union de la Critique de Cin\u00e9ma (UCC) a attribu\u00e9 le Prix Cavens 2016 au long m\u00e9trage L&rsquo;Economie du Couple\u00a0de Joachim Lafosse. Cette distinction est remise par l&rsquo;association de journalistes \u00e0 la meilleure production belge francophone ou n\u00e9erlandophone de l&rsquo;ann\u00e9e. C&rsquo;est la troisi\u00e8me fois que le Prix Cavens revient \u00e0 Joachim Lafosse, apr\u00e8s Nue Propri\u00e9t\u00e9\u00a0en 2007 &hellip;<\/p>\n","protected":false},"author":343,"featured_media":194153,"comment_status":"closed","ping_status":"closed","sticky":false,"template":"","format":"standard","meta":{"ngg_post_thumbnail":0,"footnotes":""},"categories":[12,7],"tags":[],"class_list":["post-194147","post","type-post","status-publish","format-standard","has-post-thumbnail","","category-awards","category-actualites"],"yoast_head":"<!-- This site is optimized with the Yoast SEO plugin v20.4 - https:\/\/yoast.com\/wordpress\/plugins\/seo\/ -->\n<title>&quot;L&#039;Economie du Couple&quot; re\u00e7oit le Prix Cavens - w-l-c<\/title>\n<meta name=\"robots\" content=\"noindex, follow, max-snippet:-1, max-image-preview:large, max-video-preview:-1\" \/>\n<meta property=\"og:locale\" content=\"fr_FR\" \/>\n<meta property=\"og:type\" content=\"article\" \/>\n<meta property=\"og:title\" content=\"&quot;L&#039;Economie du Couple&quot; re\u00e7oit le Prix Cavens - w-l-c\" \/>\n<meta property=\"og:description\" content=\"L&rsquo;Union de la Critique de Cin\u00e9ma (UCC) a attribu\u00e9 le Prix Cavens 2016 au long m\u00e9trage L&rsquo;Economie du Couple\u00a0de Joachim Lafosse. Cette distinction est remise par l&rsquo;association de journalistes \u00e0 la meilleure production belge francophone ou n\u00e9erlandophone de l&rsquo;ann\u00e9e. C&rsquo;est la troisi\u00e8me fois que le Prix Cavens revient \u00e0 Joachim Lafosse, apr\u00e8s Nue Propri\u00e9t\u00e9\u00a0en 2007 &hellip;\" \/>\n<meta property=\"og:url\" content=\"https:\/\/w-l-c.be\/fr\/leconomie-du-couple-recoit-le-prix-cavens\/\" \/>\n<meta property=\"og:site_name\" content=\"w-l-c\" \/>\n<meta property=\"article:published_time\" content=\"2016-12-22T08:21:38+00:00\" \/>\n<meta property=\"og:image\" content=\"https:\/\/w-l-c.be\/wp-content\/uploads\/2016\/12\/photo4_big.jpg\" \/>\n\t<meta property=\"og:image:width\" content=\"1000\" \/>\n\t<meta property=\"og:image:height\" content=\"562\" \/>\n\t<meta property=\"og:image:type\" content=\"image\/jpeg\" \/>\n<meta name=\"author\" content=\"Aurore Engelen\" \/>\n<meta name=\"twitter:card\" content=\"summary_large_image\" \/>\n<meta name=\"twitter:label1\" content=\"\u00c9crit par\" \/>\n\t<meta name=\"twitter:data1\" content=\"Aurore Engelen\" \/>\n\t<meta name=\"twitter:label2\" content=\"Dur\u00e9e de lecture estim\u00e9e\" \/>\n\t<meta name=\"twitter:data2\" content=\"1 minute\" \/>\n<script type=\"application\/ld+json\" class=\"yoast-schema-graph\">{\"@context\":\"https:\/\/schema.org\",\"@graph\":[{\"@type\":\"WebPage\",\"@id\":\"https:\/\/w-l-c.be\/fr\/leconomie-du-couple-recoit-le-prix-cavens\/\",\"url\":\"https:\/\/w-l-c.be\/fr\/leconomie-du-couple-recoit-le-prix-cavens\/\",\"name\":\"\\\"L'Economie du Couple\\\" re\u00e7oit le Prix Cavens - w-l-c\",\"isPartOf\":{\"@id\":\"https:\/\/w-l-c.be\/fr\/#website\"},\"datePublished\":\"2016-12-22T08:21:38+00:00\",\"dateModified\":\"2016-12-22T08:21:38+00:00\",\"author\":{\"@id\":\"https:\/\/w-l-c.be\/fr\/#\/schema\/person\/8084b68c6b176142d073695c654dc7cf\"},\"breadcrumb\":{\"@id\":\"https:\/\/w-l-c.be\/fr\/leconomie-du-couple-recoit-le-prix-cavens\/#breadcrumb\"},\"inLanguage\":\"fr-FR\",\"potentialAction\":[{\"@type\":\"ReadAction\",\"target\":[\"https:\/\/w-l-c.be\/fr\/leconomie-du-couple-recoit-le-prix-cavens\/\"]}]},{\"@type\":\"BreadcrumbList\",\"@id\":\"https:\/\/w-l-c.be\/fr\/leconomie-du-couple-recoit-le-prix-cavens\/#breadcrumb\",\"itemListElement\":[{\"@type\":\"ListItem\",\"position\":1,\"name\":\"Accueil\",\"item\":\"https:\/\/w-l-c.be\/fr\/\"},{\"@type\":\"ListItem\",\"position\":2,\"name\":\"\u00ab\u00a0L&rsquo;Economie du Couple\u00a0\u00bb re\u00e7oit le Prix Cavens\"}]},{\"@type\":\"WebSite\",\"@id\":\"https:\/\/w-l-c.be\/fr\/#website\",\"url\":\"https:\/\/w-l-c.be\/fr\/\",\"name\":\"w-l-c\",\"description\":\"Le cin\u00e9ma vu par les belges\",\"potentialAction\":[{\"@type\":\"SearchAction\",\"target\":{\"@type\":\"EntryPoint\",\"urlTemplate\":\"https:\/\/w-l-c.be\/fr\/?s={search_term_string}\"},\"query-input\":\"required name=search_term_string\"}],\"inLanguage\":\"fr-FR\"},{\"@type\":\"Person\",\"@id\":\"https:\/\/w-l-c.be\/fr\/#\/schema\/person\/8084b68c6b176142d073695c654dc7cf\",\"name\":\"Aurore Engelen\",\"url\":\"https:\/\/w-l-c.be\/fr\/author\/aurore-engelen\/\"}]}<\/script>\n<!-- \/ Yoast SEO plugin. -->","yoast_head_json":{"title":"\"L'Economie du Couple\" re\u00e7oit le Prix Cavens - w-l-c","robots":{"index":"noindex","follow":"follow","max-snippet":"max-snippet:-1","max-image-preview":"max-image-preview:large","max-video-preview":"max-video-preview:-1"},"og_locale":"fr_FR","og_type":"article","og_title":"\"L'Economie du Couple\" re\u00e7oit le Prix Cavens - w-l-c","og_description":"L&rsquo;Union de la Critique de Cin\u00e9ma (UCC) a attribu\u00e9 le Prix Cavens 2016 au long m\u00e9trage L&rsquo;Economie du Couple\u00a0de Joachim Lafosse. Cette distinction est remise par l&rsquo;association de journalistes \u00e0 la meilleure production belge francophone ou n\u00e9erlandophone de l&rsquo;ann\u00e9e. C&rsquo;est la troisi\u00e8me fois que le Prix Cavens revient \u00e0 Joachim Lafosse, apr\u00e8s Nue Propri\u00e9t\u00e9\u00a0en 2007 &hellip;","og_url":"https:\/\/w-l-c.be\/fr\/leconomie-du-couple-recoit-le-prix-cavens\/","og_site_name":"w-l-c","article_published_time":"2016-12-22T08:21:38+00:00","og_image":[{"width":1000,"height":562,"url":"https:\/\/w-l-c.be\/wp-content\/uploads\/2016\/12\/photo4_big.jpg","type":"image\/jpeg"}],"author":"Aurore Engelen","twitter_card":"summary_large_image","twitter_misc":{"\u00c9crit par":"Aurore Engelen","Dur\u00e9e de lecture estim\u00e9e":"1 minute"},"schema":{"@context":"https:\/\/schema.org","@graph":[{"@type":"WebPage","@id":"https:\/\/w-l-c.be\/fr\/leconomie-du-couple-recoit-le-prix-cavens\/","url":"https:\/\/w-l-c.be\/fr\/leconomie-du-couple-recoit-le-prix-cavens\/","name":"\"L'Economie du Couple\" re\u00e7oit le Prix Cavens - w-l-c","isPartOf":{"@id":"https:\/\/w-l-c.be\/fr\/#website"},"datePublished":"2016-12-22T08:21:38+00:00","dateModified":"2016-12-22T08:21:38+00:00","author":{"@id":"https:\/\/w-l-c.be\/fr\/#\/schema\/person\/8084b68c6b176142d073695c654dc7cf"},"breadcrumb":{"@id":"https:\/\/w-l-c.be\/fr\/leconomie-du-couple-recoit-le-prix-cavens\/#breadcrumb"},"inLanguage":"fr-FR","potentialAction":[{"@type":"ReadAction","target":["https:\/\/w-l-c.be\/fr\/leconomie-du-couple-recoit-le-prix-cavens\/"]}]},{"@type":"BreadcrumbList","@id":"https:\/\/w-l-c.be\/fr\/leconomie-du-couple-recoit-le-prix-cavens\/#breadcrumb","itemListElement":[{"@type":"ListItem","position":1,"name":"Accueil","item":"https:\/\/w-l-c.be\/fr\/"},{"@type":"ListItem","position":2,"name":"\u00ab\u00a0L&rsquo;Economie du Couple\u00a0\u00bb re\u00e7oit le Prix Cavens"}]},{"@type":"WebSite","@id":"https:\/\/w-l-c.be\/fr\/#website","url":"https:\/\/w-l-c.be\/fr\/","name":"w-l-c","description":"Le cin\u00e9ma vu par les belges","potentialAction":[{"@type":"SearchAction","target":{"@type":"EntryPoint","urlTemplate":"https:\/\/w-l-c.be\/fr\/?s={search_term_string}"},"query-input":"required name=search_term_string"}],"inLanguage":"fr-FR"},{"@type":"Person","@id":"https:\/\/w-l-c.be\/fr\/#\/schema\/person\/8084b68c6b176142d073695c654dc7cf","name":"Aurore Engelen","url":"https:\/\/w-l-c.be\/fr\/author\/aurore-engelen\/"}]}},"_links":{"self":[{"href":"https:\/\/w-l-c.be\/fr\/wp-json\/wp\/v2\/posts\/194147","targetHints":{"allow":["GET"]}}],"collection":[{"href":"https:\/\/w-l-c.be\/fr\/wp-json\/wp\/v2\/posts"}],"about":[{"href":"https:\/\/w-l-c.be\/fr\/wp-json\/wp\/v2\/types\/post"}],"author":[{"embeddable":true,"href":"https:\/\/w-l-c.be\/fr\/wp-json\/wp\/v2\/users\/343"}],"replies":[{"embeddable":true,"href":"https:\/\/w-l-c.be\/fr\/wp-json\/wp\/v2\/comments?post=194147"}],"version-history":[{"count":0,"href":"https:\/\/w-l-c.be\/fr\/wp-json\/wp\/v2\/posts\/194147\/revisions"}],"wp:featuredmedia":[{"embeddable":true,"href":"https:\/\/w-l-c.be\/fr\/wp-json\/wp\/v2\/media\/194153"}],"wp:attachment":[{"href":"https:\/\/w-l-c.be\/fr\/wp-json\/wp\/v2\/media?parent=194147"}],"wp:term":[{"taxonomy":"category","embeddable":true,"href":"https:\/\/w-l-c.be\/fr\/wp-json\/wp\/v2\/categories?post=194147"},{"taxonomy":"post_tag","embeddable":true,"href":"https:\/\/w-l-c.be\/fr\/wp-json\/wp\/v2\/tags?post=194147"}],"curies":[{"name":"wp","href":"https:\/\/api.w.org\/{rel}","templated":true}]}}