
{"id":194335,"date":"2016-12-26T07:38:27","date_gmt":"2016-12-26T06:38:27","guid":{"rendered":"http:\/\/www.cinevox.be\/?p=94335"},"modified":"2017-01-06T15:31:27","modified_gmt":"2017-01-06T14:31:27","slug":"le-tout-nouveau-testament-la-reconnaissance-des-pairs","status":"publish","type":"post","link":"https:\/\/w-l-c.be\/fr\/le-tout-nouveau-testament-la-reconnaissance-des-pairs\/","title":{"rendered":"2016: \u00ab\u00a0Le Tout Nouveau Testament\u00a0\u00bb, la reconnaissance des pairs"},"content":{"rendered":"<p>2016, c&rsquo;est presque fini! En cette derni\u00e8re semaine, on revient sur l&rsquo;ann\u00e9e du cin\u00e9ma belge en 6 moments marquants&#8230;<\/p>\n<p><!--more--><\/p>\n<p>&nbsp;<\/p>\n<p>&nbsp;<\/p>\n<p>&nbsp;<\/p>\n<p>&nbsp;<\/p>\n<p>&nbsp;<\/p>\n<p>&nbsp;<\/p>\n<p>Le 2 septembre 2015 sortait <em>Le Tout Nouveau Testament<\/em>, le quatri\u00e8me long m\u00e9trage de Jaco Van Dormael. Pr\u00e9c\u00e9d\u00e9 d&rsquo;un buzz cons\u00e9quent n\u00e9 sur la Croisette lors de la pr\u00e9sentation du film en ouverture de la Quinzaine des R\u00e9alisateurs, fort d&rsquo;un pitch simplissime mais irr\u00e9sistible (\u00ab\u00a0Dieu est vivant. Il habite \u00e0 Bruxelles), et d&rsquo;un casting 5 \u00e9toiles (Beno\u00eet Poelvoorde, Yolande Moreau, Fran\u00e7ois Damiens et Catherine Deneuve, excusez du peu), le film s\u00e9duit la critique, et plus encore les spectateurs, qui se ruent en masse dans les salles obscures. D\u00e9but 2016, le film a fait pas moins de 300.000 entr\u00e9es en Belgique, le plus beau score pour un film belge francophone depuis 20 ans.<\/p>\n<p>&nbsp;<\/p>\n<p><a href=\"http:\/\/www.cinevox.be\/wp-content\/uploads\/2016\/12\/ToutNouveauTestament.jpg\"><img loading=\"lazy\" decoding=\"async\" class=\"alignnone size-medium wp-image-94337\" src=\"http:\/\/www.cinevox.be\/wp-content\/uploads\/2016\/12\/ToutNouveauTestament-403x270.jpg\" alt=\"ToutNouveauTestament\" width=\"403\" height=\"270\" \/><\/a><\/p>\n<p>&nbsp;<\/p>\n<p>Mais <em>Le Tout Nouveau Testament<\/em>, c&rsquo;est aussi une pluie de prix venue couvrir Jaco Van Dormael et son \u00e9quipe. D\u00e9but 2016, le film est nomm\u00e9 dans la cat\u00e9gorie meilleur film en langue \u00e9trang\u00e8re \u00e0 la fois aux Golden Globes, et aux Satellite Awards, autre c\u00e9r\u00e9monie de remise de Prix pilot\u00e9e par la presse internationale install\u00e9e aux Etats-Unis. Le film est \u00e9galement en lice pour les prestigieux Prix Lumi\u00e8res (l&rsquo;\u00e9quivalent des Golden Globes en France), ainsi que dans la cat\u00e9gorie Meilleur Film Etranger aux C\u00e9sar, et Meilleure Com\u00e9die aux European Film Awards. Le film rafle quatre prix en f\u00e9vrier aux Magritte du cin\u00e9ma, s&rsquo;adjugeant le Magritte du Meilleur Film, du Meilleur R\u00e9alisateur, du Meilleur sc\u00e9nario (co-\u00e9crit par Jaco Van Dormael et Thomas Gunzig), et enfin de la meilleure musique originale, compos\u00e9e par la chanteuse flamande Ann Pierl\u00e9. Cette avalanche de prix vient cl\u00f4turer une carri\u00e8re prestigieuse, et laisse esp\u00e9rer que Jaco Van Dormael, qui fait \u00e9galement des miracles sur les planches notamment avec ses spectacles <em>Cold Blood<\/em> et <em>Kiss and Cry<\/em> cr\u00e9\u00e9s avec sa compagne la chor\u00e9graphe Mich\u00e8le Anne de Mey, reviendra bient\u00f4t aux affaires avec son cinqui\u00e8me long m\u00e9trage.<\/p>\n","protected":false},"excerpt":{"rendered":"<p>2016, c&rsquo;est presque fini! En cette derni\u00e8re semaine, on revient sur l&rsquo;ann\u00e9e du cin\u00e9ma belge en 6 moments marquants&#8230;<\/p>\n","protected":false},"author":343,"featured_media":194339,"comment_status":"closed","ping_status":"closed","sticky":false,"template":"","format":"standard","meta":{"ngg_post_thumbnail":0,"footnotes":""},"categories":[1923,7],"tags":[],"class_list":["post-194335","post","type-post","status-publish","format-standard","has-post-thumbnail","","category-en-bref","category-actualites"],"yoast_head":"<!-- This site is optimized with the Yoast SEO plugin v20.4 - https:\/\/yoast.com\/wordpress\/plugins\/seo\/ -->\n<title>2016: &quot;Le Tout Nouveau Testament&quot;, la reconnaissance des pairs - w-l-c<\/title>\n<meta name=\"robots\" content=\"noindex, follow, max-snippet:-1, max-image-preview:large, max-video-preview:-1\" \/>\n<meta property=\"og:locale\" content=\"fr_FR\" \/>\n<meta property=\"og:type\" content=\"article\" \/>\n<meta property=\"og:title\" content=\"2016: &quot;Le Tout Nouveau Testament&quot;, la reconnaissance des pairs - w-l-c\" \/>\n<meta property=\"og:description\" content=\"2016, c&rsquo;est presque fini! En cette derni\u00e8re semaine, on revient sur l&rsquo;ann\u00e9e du cin\u00e9ma belge en 6 moments marquants&#8230;\" \/>\n<meta property=\"og:url\" content=\"https:\/\/w-l-c.be\/fr\/le-tout-nouveau-testament-la-reconnaissance-des-pairs\/\" \/>\n<meta property=\"og:site_name\" content=\"w-l-c\" \/>\n<meta property=\"article:published_time\" content=\"2016-12-26T06:38:27+00:00\" \/>\n<meta property=\"article:modified_time\" content=\"2017-01-06T14:31:27+00:00\" \/>\n<meta property=\"og:image\" content=\"https:\/\/w-l-c.be\/wp-content\/uploads\/2016\/12\/20160206-Magritte2016-Photocall-Laure-ats-6.jpg\" \/>\n\t<meta property=\"og:image:width\" content=\"1000\" \/>\n\t<meta property=\"og:image:height\" content=\"667\" \/>\n\t<meta property=\"og:image:type\" content=\"image\/jpeg\" \/>\n<meta name=\"author\" content=\"Aurore Engelen\" \/>\n<meta name=\"twitter:card\" content=\"summary_large_image\" \/>\n<meta name=\"twitter:label1\" content=\"\u00c9crit par\" \/>\n\t<meta name=\"twitter:data1\" content=\"Aurore Engelen\" \/>\n\t<meta name=\"twitter:label2\" content=\"Dur\u00e9e de lecture estim\u00e9e\" \/>\n\t<meta name=\"twitter:data2\" content=\"2 minutes\" \/>\n<script type=\"application\/ld+json\" class=\"yoast-schema-graph\">{\"@context\":\"https:\/\/schema.org\",\"@graph\":[{\"@type\":\"WebPage\",\"@id\":\"https:\/\/w-l-c.be\/fr\/le-tout-nouveau-testament-la-reconnaissance-des-pairs\/\",\"url\":\"https:\/\/w-l-c.be\/fr\/le-tout-nouveau-testament-la-reconnaissance-des-pairs\/\",\"name\":\"2016: \\\"Le Tout Nouveau Testament\\\", la reconnaissance des pairs - w-l-c\",\"isPartOf\":{\"@id\":\"https:\/\/w-l-c.be\/fr\/#website\"},\"datePublished\":\"2016-12-26T06:38:27+00:00\",\"dateModified\":\"2017-01-06T14:31:27+00:00\",\"author\":{\"@id\":\"https:\/\/w-l-c.be\/fr\/#\/schema\/person\/8084b68c6b176142d073695c654dc7cf\"},\"breadcrumb\":{\"@id\":\"https:\/\/w-l-c.be\/fr\/le-tout-nouveau-testament-la-reconnaissance-des-pairs\/#breadcrumb\"},\"inLanguage\":\"fr-FR\",\"potentialAction\":[{\"@type\":\"ReadAction\",\"target\":[\"https:\/\/w-l-c.be\/fr\/le-tout-nouveau-testament-la-reconnaissance-des-pairs\/\"]}]},{\"@type\":\"BreadcrumbList\",\"@id\":\"https:\/\/w-l-c.be\/fr\/le-tout-nouveau-testament-la-reconnaissance-des-pairs\/#breadcrumb\",\"itemListElement\":[{\"@type\":\"ListItem\",\"position\":1,\"name\":\"Accueil\",\"item\":\"https:\/\/w-l-c.be\/fr\/\"},{\"@type\":\"ListItem\",\"position\":2,\"name\":\"2016: \u00ab\u00a0Le Tout Nouveau Testament\u00a0\u00bb, la reconnaissance des pairs\"}]},{\"@type\":\"WebSite\",\"@id\":\"https:\/\/w-l-c.be\/fr\/#website\",\"url\":\"https:\/\/w-l-c.be\/fr\/\",\"name\":\"w-l-c\",\"description\":\"Le cin\u00e9ma vu par les belges\",\"potentialAction\":[{\"@type\":\"SearchAction\",\"target\":{\"@type\":\"EntryPoint\",\"urlTemplate\":\"https:\/\/w-l-c.be\/fr\/?s={search_term_string}\"},\"query-input\":\"required name=search_term_string\"}],\"inLanguage\":\"fr-FR\"},{\"@type\":\"Person\",\"@id\":\"https:\/\/w-l-c.be\/fr\/#\/schema\/person\/8084b68c6b176142d073695c654dc7cf\",\"name\":\"Aurore Engelen\",\"url\":\"https:\/\/w-l-c.be\/fr\/author\/aurore-engelen\/\"}]}<\/script>\n<!-- \/ Yoast SEO plugin. -->","yoast_head_json":{"title":"2016: \"Le Tout Nouveau Testament\", la reconnaissance des pairs - w-l-c","robots":{"index":"noindex","follow":"follow","max-snippet":"max-snippet:-1","max-image-preview":"max-image-preview:large","max-video-preview":"max-video-preview:-1"},"og_locale":"fr_FR","og_type":"article","og_title":"2016: \"Le Tout Nouveau Testament\", la reconnaissance des pairs - w-l-c","og_description":"2016, c&rsquo;est presque fini! En cette derni\u00e8re semaine, on revient sur l&rsquo;ann\u00e9e du cin\u00e9ma belge en 6 moments marquants&#8230;","og_url":"https:\/\/w-l-c.be\/fr\/le-tout-nouveau-testament-la-reconnaissance-des-pairs\/","og_site_name":"w-l-c","article_published_time":"2016-12-26T06:38:27+00:00","article_modified_time":"2017-01-06T14:31:27+00:00","og_image":[{"width":1000,"height":667,"url":"https:\/\/w-l-c.be\/wp-content\/uploads\/2016\/12\/20160206-Magritte2016-Photocall-Laure-ats-6.jpg","type":"image\/jpeg"}],"author":"Aurore Engelen","twitter_card":"summary_large_image","twitter_misc":{"\u00c9crit par":"Aurore Engelen","Dur\u00e9e de lecture estim\u00e9e":"2 minutes"},"schema":{"@context":"https:\/\/schema.org","@graph":[{"@type":"WebPage","@id":"https:\/\/w-l-c.be\/fr\/le-tout-nouveau-testament-la-reconnaissance-des-pairs\/","url":"https:\/\/w-l-c.be\/fr\/le-tout-nouveau-testament-la-reconnaissance-des-pairs\/","name":"2016: \"Le Tout Nouveau Testament\", la reconnaissance des pairs - w-l-c","isPartOf":{"@id":"https:\/\/w-l-c.be\/fr\/#website"},"datePublished":"2016-12-26T06:38:27+00:00","dateModified":"2017-01-06T14:31:27+00:00","author":{"@id":"https:\/\/w-l-c.be\/fr\/#\/schema\/person\/8084b68c6b176142d073695c654dc7cf"},"breadcrumb":{"@id":"https:\/\/w-l-c.be\/fr\/le-tout-nouveau-testament-la-reconnaissance-des-pairs\/#breadcrumb"},"inLanguage":"fr-FR","potentialAction":[{"@type":"ReadAction","target":["https:\/\/w-l-c.be\/fr\/le-tout-nouveau-testament-la-reconnaissance-des-pairs\/"]}]},{"@type":"BreadcrumbList","@id":"https:\/\/w-l-c.be\/fr\/le-tout-nouveau-testament-la-reconnaissance-des-pairs\/#breadcrumb","itemListElement":[{"@type":"ListItem","position":1,"name":"Accueil","item":"https:\/\/w-l-c.be\/fr\/"},{"@type":"ListItem","position":2,"name":"2016: \u00ab\u00a0Le Tout Nouveau Testament\u00a0\u00bb, la reconnaissance des pairs"}]},{"@type":"WebSite","@id":"https:\/\/w-l-c.be\/fr\/#website","url":"https:\/\/w-l-c.be\/fr\/","name":"w-l-c","description":"Le cin\u00e9ma vu par les belges","potentialAction":[{"@type":"SearchAction","target":{"@type":"EntryPoint","urlTemplate":"https:\/\/w-l-c.be\/fr\/?s={search_term_string}"},"query-input":"required name=search_term_string"}],"inLanguage":"fr-FR"},{"@type":"Person","@id":"https:\/\/w-l-c.be\/fr\/#\/schema\/person\/8084b68c6b176142d073695c654dc7cf","name":"Aurore Engelen","url":"https:\/\/w-l-c.be\/fr\/author\/aurore-engelen\/"}]}},"_links":{"self":[{"href":"https:\/\/w-l-c.be\/fr\/wp-json\/wp\/v2\/posts\/194335","targetHints":{"allow":["GET"]}}],"collection":[{"href":"https:\/\/w-l-c.be\/fr\/wp-json\/wp\/v2\/posts"}],"about":[{"href":"https:\/\/w-l-c.be\/fr\/wp-json\/wp\/v2\/types\/post"}],"author":[{"embeddable":true,"href":"https:\/\/w-l-c.be\/fr\/wp-json\/wp\/v2\/users\/343"}],"replies":[{"embeddable":true,"href":"https:\/\/w-l-c.be\/fr\/wp-json\/wp\/v2\/comments?post=194335"}],"version-history":[{"count":0,"href":"https:\/\/w-l-c.be\/fr\/wp-json\/wp\/v2\/posts\/194335\/revisions"}],"wp:featuredmedia":[{"embeddable":true,"href":"https:\/\/w-l-c.be\/fr\/wp-json\/wp\/v2\/media\/194339"}],"wp:attachment":[{"href":"https:\/\/w-l-c.be\/fr\/wp-json\/wp\/v2\/media?parent=194335"}],"wp:term":[{"taxonomy":"category","embeddable":true,"href":"https:\/\/w-l-c.be\/fr\/wp-json\/wp\/v2\/categories?post=194335"},{"taxonomy":"post_tag","embeddable":true,"href":"https:\/\/w-l-c.be\/fr\/wp-json\/wp\/v2\/tags?post=194335"}],"curies":[{"name":"wp","href":"https:\/\/api.w.org\/{rel}","templated":true}]}}