
{"id":194342,"date":"2016-12-27T10:10:23","date_gmt":"2016-12-27T09:10:23","guid":{"rendered":"http:\/\/www.cinevox.be\/?p=94342"},"modified":"2017-01-06T15:30:28","modified_gmt":"2017-01-06T14:30:28","slug":"du-court-au-long_a-releve-est-dans-la-place","status":"publish","type":"post","link":"https:\/\/w-l-c.be\/fr\/du-court-au-long_a-releve-est-dans-la-place\/","title":{"rendered":"2016: du court au long, la rel\u00e8ve est dans la place"},"content":{"rendered":"<p>2016, c&rsquo;est presque fini! En cette derni\u00e8re semaine, on revient sur l&rsquo;ann\u00e9e du cin\u00e9ma belge en 6 moments marquants&#8230;<\/p>\n<p>Episode 2.<\/p>\n<p><!--more--><\/p>\n<p>&nbsp;<\/p>\n<p>&nbsp;<\/p>\n<p>&nbsp;<\/p>\n<p>&nbsp;<\/p>\n<p>&nbsp;<\/p>\n<p>Le 17 f\u00e9vrier 2016 sort dans les salles belges <em>Parasol<\/em>, le premier long m\u00e9trage de Valery Rosier. Val\u00e9ry Rosier s&rsquo;est fait remarquer quelques ann\u00e9es auparavant avec <em>Dimanches<\/em>, un court m\u00e9trage prim\u00e9 aux Magritte, o\u00f9 le r\u00e9alisateur trace d\u00e9j\u00e0 le sillon d&rsquo;un cin\u00e9ma qui oscille entre r\u00e9alit\u00e9\u00a0et fiction, au plus pr\u00e8s de \u00ab\u00a0vrais\u00a0\u00bb gens film\u00e9s avec acuit\u00e9 et bienveillance, transformant en h\u00e9ros du quotidien des personnages un peu perdus qui comme par magie redeviennent ma\u00eetres de leur destin.<\/p>\n<p><em>Parasol<\/em> est un premier long qui vient donc confirmer les espoirs plac\u00e9s en un jeune r\u00e9alisateur qui a fait ses marques depuis quelques ann\u00e9es dans le court m\u00e9trage, comme ce sera le cas quelques semaines plus tard pour Guillaume Senez, Xavier Seron ou Rachel Lang. Avec <em>Keeper<\/em>, Guillaume Senez livre un premier film pudique et d\u00e9licat sur une grossesse adolescente,\u00a0qui a notamment la vertu de se pencher en profondeur sur le jeune p\u00e8re en devenir, tiraill\u00e9 entre ses pulsions adolescentes, sa possiblement prometteuse carri\u00e8re de gardien de foot, et cette responsabilit\u00e9 soudaine qui s\u2019abat sur lui sans qu\u2019il ait rien demand\u00e9. Le film est sublim\u00e9 par de jeunes interpr\u00e8tes sid\u00e9rants de justesse, Kacey Mottet-Klein et Galatea Bellugi.<\/p>\n<p><a href=\"http:\/\/www.cinevox.be\/wp-content\/uploads\/2016\/12\/keeper.jpg\"><img loading=\"lazy\" decoding=\"async\" class=\"alignnone size-medium wp-image-94347\" src=\"http:\/\/www.cinevox.be\/wp-content\/uploads\/2016\/12\/keeper-480x270.jpg\" alt=\"keeper\" width=\"480\" height=\"270\" \/><\/a><\/p>\n<p>Xavier Seron livre en mai avec <em>Je me tue \u00e0 le dire<\/em> un film aussi excessif que son noir et blanc est contrast\u00e9. Mais c\u2019est justement ces exc\u00e8s qui le rendent enthousiasmant, cette fa\u00e7on d\u00e9complex\u00e9e d\u2019essayer, quitte parfois \u00e0 \u00e9chouer. Il ose toutes les folies\u00a0: les jeux de mots, l\u2019humour potache, les malaises g\u00eanants, les caricatures cinglantes, et surtout, un rapport \u00e0 l\u2019intime qui flirte souvent avec le trivial. Cette dissection de l\u2019intimit\u00e9 de ses personnages passe par une approche esth\u00e9tique particuli\u00e8rement appuy\u00e9e, et un casting des plus affut\u00e9s. Dans le r\u00f4le principal, on retrouve Jean-Jacques Rausin, qui trouve ici un v\u00e9ritable \u00e9crin \u00e0 sa\u00a0la folie douce, et compose un grand h\u00e9ros path\u00e9tico-comique, sorte de Michel Blanc trash.<\/p>\n<p><a href=\"http:\/\/www.cinevox.be\/wp-content\/uploads\/2016\/12\/DEATH-BY-DEATH-Waiting-Room-300-DPI-1920x1037.jpg\"><img loading=\"lazy\" decoding=\"async\" class=\"alignnone size-medium wp-image-94348\" src=\"http:\/\/www.cinevox.be\/wp-content\/uploads\/2016\/12\/DEATH-BY-DEATH-Waiting-Room-300-DPI-1920x1037-480x259.jpg\" alt=\"DEATH-BY-DEATH-Waiting-Room-300-DPI-1920x1037\" width=\"480\" height=\"259\" \/><\/a><\/p>\n<p>Deux semaines plus tard, on d\u00e9couvre <em>Baden Baden<\/em> de Rachel Lang, qui avait marqu\u00e9 les esprits avec <em>Pour toi je ferai bataille<\/em> et <em>Les Navets Blancs emp\u00eachent de dormir<\/em>. Pour son premier long, elle retrouve son h\u00e9ro\u00efne pr\u00e9f\u00e9r\u00e9e, la com\u00e9dienne Salom\u00e9 Richard, qui incarne ici Ana, jeune fille un peu paum\u00e9e, qui fuit le plateau de tournage sur lequel elle bosse pour aller accompagner sa grand-m\u00e8re grabataire, et se fixe un d\u00e9fi de taille: remplacer sa baignoire par une douche. De cette trame t\u00e9nue Rachel Lang d\u00e9ploie le temps d&rsquo;un \u00e9t\u00e9\u00a0un r\u00e9cit \u00e0 la fois dr\u00f4le et touchant, peupl\u00e9 d&rsquo;\u00e2mes solitaires qui se croisent et se d\u00e9croisent, un film l\u00e9ger\u00a0et attachant comme une longue soir\u00e9e d&rsquo;\u00e9t\u00e9.<\/p>\n<p><a href=\"http:\/\/www.cinevox.be\/wp-content\/uploads\/2016\/12\/BadenBaden.jpg\"><img loading=\"lazy\" decoding=\"async\" class=\"alignnone size-medium wp-image-94349\" src=\"http:\/\/www.cinevox.be\/wp-content\/uploads\/2016\/12\/BadenBaden-480x259.jpg\" alt=\"BadenBaden\" width=\"480\" height=\"259\" \/><\/a><\/p>\n<p>Quatre premier films, quatre r\u00e9alisateurs attendus au tournant de ce rite de passage, et qui ont largement confirm\u00e9 les espoirs plac\u00e9s en eux. La rel\u00e8ve est assur\u00e9e.<\/p>\n","protected":false},"excerpt":{"rendered":"<p>2016, c&rsquo;est presque fini! En cette derni\u00e8re semaine, on revient sur l&rsquo;ann\u00e9e du cin\u00e9ma belge en 6 moments marquants&#8230; Episode 2.<\/p>\n","protected":false},"author":343,"featured_media":194346,"comment_status":"closed","ping_status":"closed","sticky":false,"template":"","format":"standard","meta":{"ngg_post_thumbnail":0,"footnotes":""},"categories":[1923,7],"tags":[],"class_list":["post-194342","post","type-post","status-publish","format-standard","has-post-thumbnail","","category-en-bref","category-actualites"],"yoast_head":"<!-- This site is optimized with the Yoast SEO plugin v20.4 - https:\/\/yoast.com\/wordpress\/plugins\/seo\/ -->\n<title>2016: du court au long, la rel\u00e8ve est dans la place - w-l-c<\/title>\n<meta name=\"robots\" content=\"noindex, follow, max-snippet:-1, max-image-preview:large, max-video-preview:-1\" \/>\n<meta property=\"og:locale\" content=\"fr_FR\" \/>\n<meta property=\"og:type\" content=\"article\" \/>\n<meta property=\"og:title\" content=\"2016: du court au long, la rel\u00e8ve est dans la place - w-l-c\" \/>\n<meta property=\"og:description\" content=\"2016, c&rsquo;est presque fini! En cette derni\u00e8re semaine, on revient sur l&rsquo;ann\u00e9e du cin\u00e9ma belge en 6 moments marquants&#8230; Episode 2.\" \/>\n<meta property=\"og:url\" content=\"https:\/\/w-l-c.be\/fr\/du-court-au-long_a-releve-est-dans-la-place\/\" \/>\n<meta property=\"og:site_name\" content=\"w-l-c\" \/>\n<meta property=\"article:published_time\" content=\"2016-12-27T09:10:23+00:00\" \/>\n<meta property=\"article:modified_time\" content=\"2017-01-06T14:30:28+00:00\" \/>\n<meta property=\"og:image\" content=\"https:\/\/w-l-c.be\/wp-content\/uploads\/2016\/12\/parasol.jpg\" \/>\n\t<meta property=\"og:image:width\" content=\"778\" \/>\n\t<meta property=\"og:image:height\" content=\"494\" \/>\n\t<meta property=\"og:image:type\" content=\"image\/jpeg\" \/>\n<meta name=\"author\" content=\"Aurore Engelen\" \/>\n<meta name=\"twitter:card\" content=\"summary_large_image\" \/>\n<meta name=\"twitter:label1\" content=\"\u00c9crit par\" \/>\n\t<meta name=\"twitter:data1\" content=\"Aurore Engelen\" \/>\n\t<meta name=\"twitter:label2\" content=\"Dur\u00e9e de lecture estim\u00e9e\" \/>\n\t<meta name=\"twitter:data2\" content=\"3 minutes\" \/>\n<script type=\"application\/ld+json\" class=\"yoast-schema-graph\">{\"@context\":\"https:\/\/schema.org\",\"@graph\":[{\"@type\":\"WebPage\",\"@id\":\"https:\/\/w-l-c.be\/fr\/du-court-au-long_a-releve-est-dans-la-place\/\",\"url\":\"https:\/\/w-l-c.be\/fr\/du-court-au-long_a-releve-est-dans-la-place\/\",\"name\":\"2016: du court au long, la rel\u00e8ve est dans la place - w-l-c\",\"isPartOf\":{\"@id\":\"https:\/\/w-l-c.be\/fr\/#website\"},\"datePublished\":\"2016-12-27T09:10:23+00:00\",\"dateModified\":\"2017-01-06T14:30:28+00:00\",\"author\":{\"@id\":\"https:\/\/w-l-c.be\/fr\/#\/schema\/person\/8084b68c6b176142d073695c654dc7cf\"},\"breadcrumb\":{\"@id\":\"https:\/\/w-l-c.be\/fr\/du-court-au-long_a-releve-est-dans-la-place\/#breadcrumb\"},\"inLanguage\":\"fr-FR\",\"potentialAction\":[{\"@type\":\"ReadAction\",\"target\":[\"https:\/\/w-l-c.be\/fr\/du-court-au-long_a-releve-est-dans-la-place\/\"]}]},{\"@type\":\"BreadcrumbList\",\"@id\":\"https:\/\/w-l-c.be\/fr\/du-court-au-long_a-releve-est-dans-la-place\/#breadcrumb\",\"itemListElement\":[{\"@type\":\"ListItem\",\"position\":1,\"name\":\"Accueil\",\"item\":\"https:\/\/w-l-c.be\/fr\/\"},{\"@type\":\"ListItem\",\"position\":2,\"name\":\"2016: du court au long, la rel\u00e8ve est dans la place\"}]},{\"@type\":\"WebSite\",\"@id\":\"https:\/\/w-l-c.be\/fr\/#website\",\"url\":\"https:\/\/w-l-c.be\/fr\/\",\"name\":\"w-l-c\",\"description\":\"Le cin\u00e9ma vu par les belges\",\"potentialAction\":[{\"@type\":\"SearchAction\",\"target\":{\"@type\":\"EntryPoint\",\"urlTemplate\":\"https:\/\/w-l-c.be\/fr\/?s={search_term_string}\"},\"query-input\":\"required name=search_term_string\"}],\"inLanguage\":\"fr-FR\"},{\"@type\":\"Person\",\"@id\":\"https:\/\/w-l-c.be\/fr\/#\/schema\/person\/8084b68c6b176142d073695c654dc7cf\",\"name\":\"Aurore Engelen\",\"url\":\"https:\/\/w-l-c.be\/fr\/author\/aurore-engelen\/\"}]}<\/script>\n<!-- \/ Yoast SEO plugin. -->","yoast_head_json":{"title":"2016: du court au long, la rel\u00e8ve est dans la place - w-l-c","robots":{"index":"noindex","follow":"follow","max-snippet":"max-snippet:-1","max-image-preview":"max-image-preview:large","max-video-preview":"max-video-preview:-1"},"og_locale":"fr_FR","og_type":"article","og_title":"2016: du court au long, la rel\u00e8ve est dans la place - w-l-c","og_description":"2016, c&rsquo;est presque fini! En cette derni\u00e8re semaine, on revient sur l&rsquo;ann\u00e9e du cin\u00e9ma belge en 6 moments marquants&#8230; Episode 2.","og_url":"https:\/\/w-l-c.be\/fr\/du-court-au-long_a-releve-est-dans-la-place\/","og_site_name":"w-l-c","article_published_time":"2016-12-27T09:10:23+00:00","article_modified_time":"2017-01-06T14:30:28+00:00","og_image":[{"width":778,"height":494,"url":"https:\/\/w-l-c.be\/wp-content\/uploads\/2016\/12\/parasol.jpg","type":"image\/jpeg"}],"author":"Aurore Engelen","twitter_card":"summary_large_image","twitter_misc":{"\u00c9crit par":"Aurore Engelen","Dur\u00e9e de lecture estim\u00e9e":"3 minutes"},"schema":{"@context":"https:\/\/schema.org","@graph":[{"@type":"WebPage","@id":"https:\/\/w-l-c.be\/fr\/du-court-au-long_a-releve-est-dans-la-place\/","url":"https:\/\/w-l-c.be\/fr\/du-court-au-long_a-releve-est-dans-la-place\/","name":"2016: du court au long, la rel\u00e8ve est dans la place - w-l-c","isPartOf":{"@id":"https:\/\/w-l-c.be\/fr\/#website"},"datePublished":"2016-12-27T09:10:23+00:00","dateModified":"2017-01-06T14:30:28+00:00","author":{"@id":"https:\/\/w-l-c.be\/fr\/#\/schema\/person\/8084b68c6b176142d073695c654dc7cf"},"breadcrumb":{"@id":"https:\/\/w-l-c.be\/fr\/du-court-au-long_a-releve-est-dans-la-place\/#breadcrumb"},"inLanguage":"fr-FR","potentialAction":[{"@type":"ReadAction","target":["https:\/\/w-l-c.be\/fr\/du-court-au-long_a-releve-est-dans-la-place\/"]}]},{"@type":"BreadcrumbList","@id":"https:\/\/w-l-c.be\/fr\/du-court-au-long_a-releve-est-dans-la-place\/#breadcrumb","itemListElement":[{"@type":"ListItem","position":1,"name":"Accueil","item":"https:\/\/w-l-c.be\/fr\/"},{"@type":"ListItem","position":2,"name":"2016: du court au long, la rel\u00e8ve est dans la place"}]},{"@type":"WebSite","@id":"https:\/\/w-l-c.be\/fr\/#website","url":"https:\/\/w-l-c.be\/fr\/","name":"w-l-c","description":"Le cin\u00e9ma vu par les belges","potentialAction":[{"@type":"SearchAction","target":{"@type":"EntryPoint","urlTemplate":"https:\/\/w-l-c.be\/fr\/?s={search_term_string}"},"query-input":"required name=search_term_string"}],"inLanguage":"fr-FR"},{"@type":"Person","@id":"https:\/\/w-l-c.be\/fr\/#\/schema\/person\/8084b68c6b176142d073695c654dc7cf","name":"Aurore Engelen","url":"https:\/\/w-l-c.be\/fr\/author\/aurore-engelen\/"}]}},"_links":{"self":[{"href":"https:\/\/w-l-c.be\/fr\/wp-json\/wp\/v2\/posts\/194342","targetHints":{"allow":["GET"]}}],"collection":[{"href":"https:\/\/w-l-c.be\/fr\/wp-json\/wp\/v2\/posts"}],"about":[{"href":"https:\/\/w-l-c.be\/fr\/wp-json\/wp\/v2\/types\/post"}],"author":[{"embeddable":true,"href":"https:\/\/w-l-c.be\/fr\/wp-json\/wp\/v2\/users\/343"}],"replies":[{"embeddable":true,"href":"https:\/\/w-l-c.be\/fr\/wp-json\/wp\/v2\/comments?post=194342"}],"version-history":[{"count":0,"href":"https:\/\/w-l-c.be\/fr\/wp-json\/wp\/v2\/posts\/194342\/revisions"}],"wp:featuredmedia":[{"embeddable":true,"href":"https:\/\/w-l-c.be\/fr\/wp-json\/wp\/v2\/media\/194346"}],"wp:attachment":[{"href":"https:\/\/w-l-c.be\/fr\/wp-json\/wp\/v2\/media?parent=194342"}],"wp:term":[{"taxonomy":"category","embeddable":true,"href":"https:\/\/w-l-c.be\/fr\/wp-json\/wp\/v2\/categories?post=194342"},{"taxonomy":"post_tag","embeddable":true,"href":"https:\/\/w-l-c.be\/fr\/wp-json\/wp\/v2\/tags?post=194342"}],"curies":[{"name":"wp","href":"https:\/\/api.w.org\/{rel}","templated":true}]}}