
{"id":194452,"date":"2016-12-28T09:18:47","date_gmt":"2016-12-28T08:18:47","guid":{"rendered":"http:\/\/www.cinevox.be\/?p=94452"},"modified":"2017-01-04T13:35:59","modified_gmt":"2017-01-04T12:35:59","slug":"94452","status":"publish","type":"post","link":"https:\/\/w-l-c.be\/fr\/94452\/","title":{"rendered":"2016: Du grand au petit \u00e9cran"},"content":{"rendered":"<p>2016, c&rsquo;est presque fini! En cette derni\u00e8re semaine, on revient sur l&rsquo;ann\u00e9e du cin\u00e9ma belge en 6 moments marquants&#8230;<\/p>\n<p>Episode 3.<\/p>\n<p><!--more--><\/p>\n<p>&nbsp;<\/p>\n<p>&nbsp;<\/p>\n<p>&nbsp;<\/p>\n<p>&nbsp;<\/p>\n<p>&nbsp;<\/p>\n<p>Le 21 f\u00e9vrier, un \u00e9trange ph\u00e9nom\u00e8ne voit le jour: l&rsquo;avenir du cin\u00e9ma belge francophone pourrait bien passer par&#8230; le petit \u00e9cran. En ce dimanche soir hivernal, la RTBF diffuse le premier \u00e9pisode de <em>La Tr\u00eave<\/em>, premi\u00e8re s\u00e9rie produite suite au nouveau fonds mis en place par la RTBF et le Centre du Cin\u00e9ma et de l&rsquo;Audiovisuel pour initier la production de s\u00e9ries belges, et permettre aux t\u00e9l\u00e9spectateurs belges de d\u00e9couvrir leurs talents, leurs histoires et leur pays dans la petite lucarne. L&rsquo;agitation monte, car les \u00e9chos sur la s\u00e9rie que peu ont vue sont excellents, et le pedigree des \u00e9quipes intrigue. Si la trame est assez classique (un meurtre surgit au sein d&rsquo;une petite communaut\u00e9, dont tous les membres sont des coupables potentiels du meurtre quand ils ne sont pas coupables av\u00e9r\u00e9s d&rsquo;autres m\u00e9faits), la forme surprend. Aux manettes, on retrouve des noms venus du cin\u00e9ma, court, long m\u00e9trage ou documentaire. La s\u00e9rie est \u00e9crite et cr\u00e9\u00e9e par un trio: Stephane Bergmans (<em>Millionnaires, Mijn Ouders\u00a0et moi<\/em>), Benjamin D&rsquo;Aoust (notamment Magritte du meilleur documentaire en 2014 pour <em>La Nuit qu&rsquo;on suppose<\/em>), et Matthieu Donck (r\u00e9alisateur du long m\u00e9trage <em>Torpedo<\/em> avec Fran\u00e7ois Damiens et Audrey Dana). A la production, H\u00e9licotronc\u00a0, que l&rsquo;on conna\u00eet surtout pour sa politique d&rsquo;accompagnement de jeunes auteurs du court au long m\u00e9trage. <em>La Tr\u00eave<\/em> rencontre un succ\u00e8s imm\u00e9diat, et \u00e0 l&rsquo;issue de la diffusion du 10\u00e8me \u00e9pisode, r\u00e9alise l&rsquo;exploit d&rsquo;afficher\u00a0une part d&rsquo;audience moyenne de 22,3%, augmentant les performances de la case de pr\u00e8s de 4 points! Les spectateurs belges (re)d\u00e9couvrent pendant 5 semaines une flop\u00e9e de com\u00e9diens belges qui jouent avec enthousiasme\u00a0le jeu de la s\u00e9rie: Yoann Blanc, h\u00e9ros renfrogn\u00e9 mais opini\u00e2tre, mais aussi Catherine Sal\u00e9e, Anne Coesens, Guillaume\u00a0Kerbusch, Sophie Breyer, Sophie Mar\u00e9chal, Thomas Mustin, Sam Louwyck, Toma Audenaert, pour n&rsquo;en citer que quelques-uns&#8230;<\/p>\n<p>&nbsp;<\/p>\n<p><a href=\"http:\/\/www.cinevox.be\/wp-content\/uploads\/2016\/12\/la_treve_catsing.jpg\"><img loading=\"lazy\" decoding=\"async\" class=\"alignnone size-medium wp-image-94453\" src=\"http:\/\/www.cinevox.be\/wp-content\/uploads\/2016\/12\/la_treve_catsing-480x270.jpg\" alt=\"la_treve_catsing\" width=\"480\" height=\"270\" \/><\/a><\/p>\n<p>&nbsp;<\/p>\n<p>Quelques semaines plus tard, c&rsquo;est au tour d&rsquo;<em>Ennemi Public<\/em> de faire les beaux dimanches soir de La Une, l\u00e0 aussi avec un casting quatre \u00e9toiles qui r\u00e9v\u00e8le aux yeux du grand public d&rsquo;incroyables com\u00e9diens (St\u00e9phanie Blanchoud, Angelo Bison, Jean-Jacques Rausin, Cl\u00e9ment Manuel, Philippe Jeusette, Vincent Londez, Laura S\u00e9pul&#8230;). L&rsquo;audience est \u00e0 nouveau au rendez-vous (22,8% de PDA), et comme <em>La Tr\u00eave, Ennemi Public<\/em> semble r\u00e9pondre \u00e0 une soif inextinguible du public belge: qu&rsquo;on lui parle de lui, avec respect et qualit\u00e9. <em>Ennemi Public<\/em>, s\u00e9rie cr\u00e9\u00e9e par\u00a0Antoine Bours, Gilles de Voghel, Matthieu Frances et Christopher Yates, est produite par Entre Chien et Loup, l\u00e0 aussi une soci\u00e9t\u00e9 historique vers\u00e9e jusqu&rsquo;ici sur les productions cin\u00e9matographiques.<\/p>\n<p>&nbsp;<\/p>\n<p><a href=\"http:\/\/www.cinevox.be\/wp-content\/uploads\/2016\/12\/EnnemiPubliccasting.jpg\"><img loading=\"lazy\" decoding=\"async\" class=\"alignnone size-medium wp-image-94454\" src=\"http:\/\/www.cinevox.be\/wp-content\/uploads\/2016\/12\/EnnemiPubliccasting-480x270.jpg\" alt=\"EnnemiPubliccasting\" width=\"480\" height=\"270\" \/><\/a><\/p>\n<p>&nbsp;<\/p>\n<p>Cerise sur le g\u00e2teau, ces s\u00e9ries cr\u00e9\u00e9es en Belgique pour le public belge s&rsquo;exportent avec succ\u00e8s. Elles triomphent dans les festivals d\u00e9di\u00e9s (notamment \u00e0 S\u00e9ries Mania), et sont largement diffus\u00e9es \u00e0 l&rsquo;international. <em>La Tr\u00eave<\/em>\u00a0a d\u00e9j\u00e0 \u00e9t\u00e9 montr\u00e9 avec succ\u00e8s sur France 2 \u00e0 la rentr\u00e9e, et l&rsquo;on attend la diffusion d&rsquo;<em>Ennemi Public<\/em> sur TF1. La s\u00e9rie a \u00e9galement \u00e9t\u00e9 vendue en Allemagne, en Angleterre, en Pologne, en Scandinavie, en Espagne, et l&rsquo;on d\u00e9couvrait il y a quelques jours avec une certaine fiert\u00e9 nationale l&rsquo;affiche anglaise de <em>The Break<\/em>, diffus\u00e9 sur Netflix notamment aux Etats-Unis, au Canada ou en Angleterre!<\/p>\n<p><em>La Tr\u00eave<\/em> et <em>Ennemi Public<\/em> marquent le d\u00e9but d&rsquo;un nouveau mouvement dans le paysage audiovisuel belge francophone, actant une porosit\u00e9 assum\u00e9e entre petit et grand \u00e9cran, mais aussi avec la sc\u00e8ne th\u00e9\u00e2trale. Le tournage des deuxi\u00e8me saisons de <em>La Tr\u00eave<\/em> et <em>Ennemi Public<\/em> sont pr\u00e9vues pour le printemps, et les prochaines s\u00e9ries annonc\u00e9es sont <em>Unit\u00e9 42<\/em>\u00a0(tournage cet hiver) et <em>e-Legal<\/em>, dont le tournage vient de s&rsquo;achever, et la diffusion est annonc\u00e9e au printemps.<\/p>\n<p>&nbsp;<\/p>\n","protected":false},"excerpt":{"rendered":"<p>2016, c&rsquo;est presque fini! En cette derni\u00e8re semaine, on revient sur l&rsquo;ann\u00e9e du cin\u00e9ma belge en 6 moments marquants&#8230; Episode 3.<\/p>\n","protected":false},"author":343,"featured_media":194456,"comment_status":"closed","ping_status":"closed","sticky":false,"template":"","format":"standard","meta":{"ngg_post_thumbnail":0,"footnotes":""},"categories":[1923,7],"tags":[1890,1891,1878],"class_list":["post-194452","post","type-post","status-publish","format-standard","has-post-thumbnail","","category-en-bref","category-actualites","tag-joachim-lafosse-fr","tag-leconomie-du-couple","tag-la-treve"],"yoast_head":"<!-- This site is optimized with the Yoast SEO plugin v20.4 - https:\/\/yoast.com\/wordpress\/plugins\/seo\/ -->\n<title>2016: Du grand au petit \u00e9cran - w-l-c<\/title>\n<meta name=\"robots\" content=\"noindex, follow, max-snippet:-1, max-image-preview:large, max-video-preview:-1\" \/>\n<meta property=\"og:locale\" content=\"fr_FR\" \/>\n<meta property=\"og:type\" content=\"article\" \/>\n<meta property=\"og:title\" content=\"2016: Du grand au petit \u00e9cran - w-l-c\" \/>\n<meta property=\"og:description\" content=\"2016, c&rsquo;est presque fini! En cette derni\u00e8re semaine, on revient sur l&rsquo;ann\u00e9e du cin\u00e9ma belge en 6 moments marquants&#8230; Episode 3.\" \/>\n<meta property=\"og:url\" content=\"https:\/\/w-l-c.be\/fr\/94452\/\" \/>\n<meta property=\"og:site_name\" content=\"w-l-c\" \/>\n<meta property=\"article:published_time\" content=\"2016-12-28T08:18:47+00:00\" \/>\n<meta property=\"article:modified_time\" content=\"2017-01-04T12:35:59+00:00\" \/>\n<meta property=\"og:image\" content=\"https:\/\/w-l-c.be\/wp-content\/uploads\/2016\/12\/LaTreveEnnemiPublic.jpg\" \/>\n\t<meta property=\"og:image:width\" content=\"547\" \/>\n\t<meta property=\"og:image:height\" content=\"368\" \/>\n\t<meta property=\"og:image:type\" content=\"image\/jpeg\" \/>\n<meta name=\"author\" content=\"Aurore Engelen\" \/>\n<meta name=\"twitter:card\" content=\"summary_large_image\" \/>\n<meta name=\"twitter:label1\" content=\"\u00c9crit par\" \/>\n\t<meta name=\"twitter:data1\" content=\"Aurore Engelen\" \/>\n\t<meta name=\"twitter:label2\" content=\"Dur\u00e9e de lecture estim\u00e9e\" \/>\n\t<meta name=\"twitter:data2\" content=\"3 minutes\" \/>\n<script type=\"application\/ld+json\" class=\"yoast-schema-graph\">{\"@context\":\"https:\/\/schema.org\",\"@graph\":[{\"@type\":\"WebPage\",\"@id\":\"https:\/\/w-l-c.be\/fr\/94452\/\",\"url\":\"https:\/\/w-l-c.be\/fr\/94452\/\",\"name\":\"2016: Du grand au petit \u00e9cran - w-l-c\",\"isPartOf\":{\"@id\":\"https:\/\/w-l-c.be\/fr\/#website\"},\"datePublished\":\"2016-12-28T08:18:47+00:00\",\"dateModified\":\"2017-01-04T12:35:59+00:00\",\"author\":{\"@id\":\"https:\/\/w-l-c.be\/fr\/#\/schema\/person\/8084b68c6b176142d073695c654dc7cf\"},\"breadcrumb\":{\"@id\":\"https:\/\/w-l-c.be\/fr\/94452\/#breadcrumb\"},\"inLanguage\":\"fr-FR\",\"potentialAction\":[{\"@type\":\"ReadAction\",\"target\":[\"https:\/\/w-l-c.be\/fr\/94452\/\"]}]},{\"@type\":\"BreadcrumbList\",\"@id\":\"https:\/\/w-l-c.be\/fr\/94452\/#breadcrumb\",\"itemListElement\":[{\"@type\":\"ListItem\",\"position\":1,\"name\":\"Accueil\",\"item\":\"https:\/\/w-l-c.be\/fr\/\"},{\"@type\":\"ListItem\",\"position\":2,\"name\":\"2016: Du grand au petit \u00e9cran\"}]},{\"@type\":\"WebSite\",\"@id\":\"https:\/\/w-l-c.be\/fr\/#website\",\"url\":\"https:\/\/w-l-c.be\/fr\/\",\"name\":\"w-l-c\",\"description\":\"Le cin\u00e9ma vu par les belges\",\"potentialAction\":[{\"@type\":\"SearchAction\",\"target\":{\"@type\":\"EntryPoint\",\"urlTemplate\":\"https:\/\/w-l-c.be\/fr\/?s={search_term_string}\"},\"query-input\":\"required name=search_term_string\"}],\"inLanguage\":\"fr-FR\"},{\"@type\":\"Person\",\"@id\":\"https:\/\/w-l-c.be\/fr\/#\/schema\/person\/8084b68c6b176142d073695c654dc7cf\",\"name\":\"Aurore Engelen\",\"url\":\"https:\/\/w-l-c.be\/fr\/author\/aurore-engelen\/\"}]}<\/script>\n<!-- \/ Yoast SEO plugin. -->","yoast_head_json":{"title":"2016: Du grand au petit \u00e9cran - w-l-c","robots":{"index":"noindex","follow":"follow","max-snippet":"max-snippet:-1","max-image-preview":"max-image-preview:large","max-video-preview":"max-video-preview:-1"},"og_locale":"fr_FR","og_type":"article","og_title":"2016: Du grand au petit \u00e9cran - w-l-c","og_description":"2016, c&rsquo;est presque fini! En cette derni\u00e8re semaine, on revient sur l&rsquo;ann\u00e9e du cin\u00e9ma belge en 6 moments marquants&#8230; Episode 3.","og_url":"https:\/\/w-l-c.be\/fr\/94452\/","og_site_name":"w-l-c","article_published_time":"2016-12-28T08:18:47+00:00","article_modified_time":"2017-01-04T12:35:59+00:00","og_image":[{"width":547,"height":368,"url":"https:\/\/w-l-c.be\/wp-content\/uploads\/2016\/12\/LaTreveEnnemiPublic.jpg","type":"image\/jpeg"}],"author":"Aurore Engelen","twitter_card":"summary_large_image","twitter_misc":{"\u00c9crit par":"Aurore Engelen","Dur\u00e9e de lecture estim\u00e9e":"3 minutes"},"schema":{"@context":"https:\/\/schema.org","@graph":[{"@type":"WebPage","@id":"https:\/\/w-l-c.be\/fr\/94452\/","url":"https:\/\/w-l-c.be\/fr\/94452\/","name":"2016: Du grand au petit \u00e9cran - w-l-c","isPartOf":{"@id":"https:\/\/w-l-c.be\/fr\/#website"},"datePublished":"2016-12-28T08:18:47+00:00","dateModified":"2017-01-04T12:35:59+00:00","author":{"@id":"https:\/\/w-l-c.be\/fr\/#\/schema\/person\/8084b68c6b176142d073695c654dc7cf"},"breadcrumb":{"@id":"https:\/\/w-l-c.be\/fr\/94452\/#breadcrumb"},"inLanguage":"fr-FR","potentialAction":[{"@type":"ReadAction","target":["https:\/\/w-l-c.be\/fr\/94452\/"]}]},{"@type":"BreadcrumbList","@id":"https:\/\/w-l-c.be\/fr\/94452\/#breadcrumb","itemListElement":[{"@type":"ListItem","position":1,"name":"Accueil","item":"https:\/\/w-l-c.be\/fr\/"},{"@type":"ListItem","position":2,"name":"2016: Du grand au petit \u00e9cran"}]},{"@type":"WebSite","@id":"https:\/\/w-l-c.be\/fr\/#website","url":"https:\/\/w-l-c.be\/fr\/","name":"w-l-c","description":"Le cin\u00e9ma vu par les belges","potentialAction":[{"@type":"SearchAction","target":{"@type":"EntryPoint","urlTemplate":"https:\/\/w-l-c.be\/fr\/?s={search_term_string}"},"query-input":"required name=search_term_string"}],"inLanguage":"fr-FR"},{"@type":"Person","@id":"https:\/\/w-l-c.be\/fr\/#\/schema\/person\/8084b68c6b176142d073695c654dc7cf","name":"Aurore Engelen","url":"https:\/\/w-l-c.be\/fr\/author\/aurore-engelen\/"}]}},"_links":{"self":[{"href":"https:\/\/w-l-c.be\/fr\/wp-json\/wp\/v2\/posts\/194452","targetHints":{"allow":["GET"]}}],"collection":[{"href":"https:\/\/w-l-c.be\/fr\/wp-json\/wp\/v2\/posts"}],"about":[{"href":"https:\/\/w-l-c.be\/fr\/wp-json\/wp\/v2\/types\/post"}],"author":[{"embeddable":true,"href":"https:\/\/w-l-c.be\/fr\/wp-json\/wp\/v2\/users\/343"}],"replies":[{"embeddable":true,"href":"https:\/\/w-l-c.be\/fr\/wp-json\/wp\/v2\/comments?post=194452"}],"version-history":[{"count":0,"href":"https:\/\/w-l-c.be\/fr\/wp-json\/wp\/v2\/posts\/194452\/revisions"}],"wp:featuredmedia":[{"embeddable":true,"href":"https:\/\/w-l-c.be\/fr\/wp-json\/wp\/v2\/media\/194456"}],"wp:attachment":[{"href":"https:\/\/w-l-c.be\/fr\/wp-json\/wp\/v2\/media?parent=194452"}],"wp:term":[{"taxonomy":"category","embeddable":true,"href":"https:\/\/w-l-c.be\/fr\/wp-json\/wp\/v2\/categories?post=194452"},{"taxonomy":"post_tag","embeddable":true,"href":"https:\/\/w-l-c.be\/fr\/wp-json\/wp\/v2\/tags?post=194452"}],"curies":[{"name":"wp","href":"https:\/\/api.w.org\/{rel}","templated":true}]}}