
{"id":194723,"date":"2017-01-06T09:10:45","date_gmt":"2017-01-06T08:10:45","guid":{"rendered":"http:\/\/www.cinevox.be\/?p=94723"},"modified":"2017-01-06T09:25:11","modified_gmt":"2017-01-06T08:25:11","slug":"5mn-avec-diana-elbaum","status":"publish","type":"post","link":"https:\/\/w-l-c.be\/fr\/5mn-avec-diana-elbaum\/","title":{"rendered":"5mn avec Diana Elbaum"},"content":{"rendered":"<p><strong>Diana Elbaum<\/strong> produit des films en Belgique et dans le monde entier depuis plus\u00a0de 27 ans avec la soci\u00e9t\u00e9 qu&rsquo;elle a cr\u00e9\u00e9e, <a href=\"http:\/\/www.entre-chien-et-loup.be\/home-production-en.html\">Entre Chien et Loup<\/a>. Elle vient\u00a0de sortir <a title=\"\u201cFaut pas lui dire\u201d, ou le pari insolent du film de copines\" href=\"http:\/\/www.cinevox.be\/faut-pas-lui-dire-ou-le-pari-insolent-du-film-de-copines\/\"><em>Faut pas lui dire<\/em><\/a>, le premier film de Solange Cicurel, avec Jenifer, St\u00e9phanie Crayencour, Tania Garbarski et Camille Chamoux, dont on esp\u00e8re beaucoup, et de cr\u00e9er une structure de soutien innovante pour les r\u00e9alisatrices belges.<\/p>\n<p><!--more--><\/p>\n<p>&nbsp;<\/p>\n<p>&nbsp;<\/p>\n<p>&nbsp;<\/p>\n<p><strong>Soutenir les femmes<\/strong><\/p>\n<p><a href=\"https:\/\/www.facebook.com\/leboostcamp\/\">Le Boost Camp<\/a> est une id\u00e9e n\u00e9e il y a quelques mois. J&rsquo;ai 27 ans d&rsquo;exp\u00e9rience dans la production, et quelques films de r\u00e9alisatrices qui se profilent dans le futur proche, celui de Solange Cicurel bien s\u00fbr, <em>Faut pas lui dire<\/em>, mais aussi le prochain long de Delphine Lehericey par exemple. Pourquoi 50% des \u00e9tudiants en \u00e9cole de cin\u00e9ma sont des femmes, alors que 80% des premiers films sont r\u00e9alis\u00e9s par des hommes? Pourquoi le contenu des films est si excessivement masculin? Quelle r\u00e9ponse concr\u00e8te peut-on offrir? Depuis cette fameuse ann\u00e9e o\u00f9 le Festival de Cannes n&rsquo;a s\u00e9lectionn\u00e9 aucun film de femmes, je lis beaucoup de rapports et de statistiques sur le sujet, mais je ne vois aucune action en la mati\u00e8re. Les femmes mettent plus de temps \u00e0 d\u00e9velopper leurs films. On a \u00e9pingl\u00e9 deux ph\u00e9nom\u00e8nes d\u00e9terminants.<\/p>\n<p>Pour commencer, les femmes ont tendance \u00e0 \u00eatre tr\u00e8s (trop?) perfectionnistes, et ne veulent rien partager tant que ce n&rsquo;est pas parfait. Or, le sc\u00e9nario n&rsquo;est qu&rsquo;une \u00e9tape dans le d\u00e9veloppement d&rsquo;un film, c&rsquo;est encore le chantier. C&rsquo;est le film lui-m\u00eame qui doit \u00eatre parfait, il faut donc leur donner confiance pour ouvrir aux autres leurs projets en friche. Par ailleurs, le sch\u00e9ma traditionnel de la famille fait que les femmes s&rsquo;absentent souvent du march\u00e9 pendant une dizaine d&rsquo;ann\u00e9es, et doivent red\u00e9marrer \u00e0 z\u00e9ro, ayant perdu tout leur r\u00e9seau, et devant\u00a0se battre \u00e0 nouveau comme si c&rsquo;\u00e9tait un premier film. Quand on regarde le cin\u00e9ma belge des ann\u00e9es 2000, en fiction, on trouve peu de r\u00e9alisatrices derri\u00e8re les chefs de file que sont Marion H\u00e4nsel et Chantal Akerman&#8230;<\/p>\n<p>Le Boost Camp a pour objectif d&rsquo;essayer d&rsquo;acc\u00e9l\u00e9rer le d\u00e9veloppement des films de femmes, de les accompagner pour retrouver ou renforcer leur r\u00e9seau, et de les sortir de leur isolement pour travailler ensemble pendant une p\u00e9riode d&rsquo;un an. On a re\u00e7u une vingtaine de dossiers, et on va en s\u00e9lectionner quatre. C&rsquo;est la seule initiative du genre au monde, et \u00e0 l&rsquo;issue de cette ann\u00e9e de travail, pr\u00e8s de 2 millions de prix vont \u00eatre d\u00e9cern\u00e9s.<\/p>\n<p>&nbsp;<\/p>\n<p><a href=\"http:\/\/www.cinevox.be\/wp-content\/uploads\/2017\/01\/Diana-ElbaumScriptTeast.jpg\"><img loading=\"lazy\" decoding=\"async\" class=\"alignnone wp-image-94724 size-medium\" src=\"http:\/\/www.cinevox.be\/wp-content\/uploads\/2017\/01\/Diana-ElbaumScriptTeast-360x270.jpg\" alt=\"Olivia Droeshaut \u00a9 DYOD\" width=\"360\" height=\"270\" \/><\/a><\/p>\n<p><em>Copyright: Script East<\/em><\/p>\n<p><em>\u00a0<\/em><\/p>\n<p><strong>Le choix de la com\u00e9die en Belgique<\/strong><\/p>\n<p>Solange Cicurel avait un autre sujet, plus grave, li\u00e9 \u00e0 sa carri\u00e8re d&rsquo;avocate. C&rsquo;\u00e9tait une histoire assez lourde pour un premier film. Alors\u00a0je lui ai sugg\u00e9r\u00e9 de garder ce projet pour plus tard, et je lui ai dit: \u00ab\u00a0Je vais te demander de faire l&rsquo;un des choses les plus compliqu\u00e9es qui soit: une com\u00e9die chorale!\u00a0\u00bb Le c\u00f4t\u00e9 romantique est arriv\u00e9 apr\u00e8s. Et elle l&rsquo;a fait. En plus c&rsquo;est un genre qu&rsquo;elle adore, et elle en suit les codes avec bonheur. Mine de rien, \u00e7a demande beaucoup d&rsquo;intelligence d&rsquo;arriver \u00e0 suivre les codes du genre. Y\u00a0arriver, et les accepter!<\/p>\n<p>Le film parle de la g\u00e9n\u00e9ration des femmes de 40 ans, ind\u00e9pendantes, de ce que l&rsquo;amiti\u00e9 f\u00e9minine peut avoir de fun aussi. C&rsquo;est le coeur des femmes en fait! Solange a un talent pour faire parler les femmes. Mais on n&rsquo;a pas fait une com\u00e9die pour faire une com\u00e9die, mais bien parce que la qualit\u00e9 de la proposition \u00e9tait l\u00e0. En tant que producteur, \u00e9videmment, on croit au potentiel public ce genre de com\u00e9dies, mais il faut que toute la cha\u00eene en prenne conscience et nous suive, des salles aux m\u00e9dias. Ce n&rsquo;est pas parce qu&rsquo;on fait un film belge qu&rsquo;il doit forc\u00e9ment aller dans une salle d&rsquo;art et essai, on voit bien avec <em>Faut pas lui dire<\/em> que c&rsquo;est un film pour les grands complexes.<\/p>\n<p>&nbsp;<\/p>\n<p><a href=\"http:\/\/www.cinevox.be\/wp-content\/uploads\/2017\/01\/287884.jpg-c_215_290_x-f_jpg-q_x-xxyxx.jpg\"><img loading=\"lazy\" decoding=\"async\" class=\"alignnone size-medium wp-image-94725\" src=\"http:\/\/www.cinevox.be\/wp-content\/uploads\/2017\/01\/287884.jpg-c_215_290_x-f_jpg-q_x-xxyxx-200x270.jpg\" alt=\"287884.jpg-c_215_290_x-f_jpg-q_x-xxyxx\" width=\"200\" height=\"270\" \/><\/a><\/p>\n<p>&nbsp;<\/p>\n<p>&nbsp;<\/p>\n<p><strong>2016\/ 2017<\/strong><\/p>\n<p>En 2016, Entre Chien et Loup a sorti sa premi\u00e8re s\u00e9rie t\u00e9l\u00e9, <em>Ennemi Public<\/em>, un grand succ\u00e8s. On a d\u00e9cid\u00e9 de s&rsquo;investir dans la s\u00e9rie, on en a en d\u00e9veloppement au sein de notre structure. On veut cr\u00e9er une sorte d&rsquo;\u00e9cosyst\u00e8me o\u00f9 nos talents puissent s&rsquo;\u00e9panouir\u00a0dans tous les supports, long, doc, t\u00e9l\u00e9, web, r\u00e9alit\u00e9 virtuelle. On a coproduit un film isra\u00e9lien s\u00e9lectionn\u00e9 \u00e0 Un certain regard \u00e0 Cannes en mai, <em>Beyond the Mountain and Hills<\/em> d&rsquo;Eran Kolirin, l&rsquo;un des films les plus radicaux qu&rsquo;on ait produits, et \u00e9videmment, <em>Elle<\/em>, l&rsquo;incroyable film d&rsquo;un jeune r\u00e9alisateur de 74 ans, Paul Verhoeven, qui fait une carri\u00e8re magnifique, on attend avec impatience les Golden Globes. On a aussi coproduit <em>King of the Belgians<\/em>, le troisi\u00e8me film qu&rsquo;on fait avec Peter Brosens et Jessica Woodworth, s\u00e9lectionn\u00e9 \u00e0 Venise.<\/p>\n<p>On a aussi fait des changements structurels, en nous associant \u00e0\u00a0une jeune soci\u00e9t\u00e9 de production, Kwassa Films, afin de diversifier nos activit\u00e9s, et d&rsquo;int\u00e9grer des jeunes talents \u00e0 l&rsquo;\u00e9quipe.<\/p>\n<p>On vient de terminer le tournage de <em>The Happy Prince<\/em> de Rupert Everett avec Colin Firth et Emily Watson. On produit le premier film en allemand de Sam Garbarski qui devrait \u00eatre montr\u00e9 bient\u00f4t, et puis on va entrer en production avec le film d&rsquo;animation consacr\u00e9 \u00e0 Anne Frank de Ari Folman, qui d\u00e9veloppe d&rsquo;ailleurs \u00e9galement son premier film de fiction en prises de vue r\u00e9elle, une adaptation du best-seller am\u00e9ricain <em>Horse Boy<\/em> de Rupert Isaacson, qui va \u00eatre tourn\u00e9 en Mongolie. De quoi nous occuper pour les quelques mois qui viennent!<\/p>\n","protected":false},"excerpt":{"rendered":"<p>Diana Elbaum produit des films en Belgique et dans le monde entier depuis plus\u00a0de 27 ans avec la soci\u00e9t\u00e9 qu&rsquo;elle a cr\u00e9\u00e9e, Entre Chien et Loup. Elle vient\u00a0de sortir Faut pas lui dire, le premier film de Solange Cicurel, avec Jenifer, St\u00e9phanie Crayencour, Tania Garbarski et Camille Chamoux, dont on esp\u00e8re beaucoup, et de cr\u00e9er &hellip;<\/p>\n","protected":false},"author":343,"featured_media":194727,"comment_status":"closed","ping_status":"closed","sticky":false,"template":"","format":"standard","meta":{"ngg_post_thumbnail":0,"footnotes":""},"categories":[7,1978],"tags":[],"class_list":["post-194723","post","type-post","status-publish","format-standard","has-post-thumbnail","","category-actualites","category-interviews"],"yoast_head":"<!-- This site is optimized with the Yoast SEO plugin v20.4 - https:\/\/yoast.com\/wordpress\/plugins\/seo\/ -->\n<title>5mn avec Diana Elbaum - w-l-c<\/title>\n<meta name=\"robots\" content=\"noindex, follow, max-snippet:-1, max-image-preview:large, max-video-preview:-1\" \/>\n<meta property=\"og:locale\" content=\"fr_FR\" \/>\n<meta property=\"og:type\" content=\"article\" \/>\n<meta property=\"og:title\" content=\"5mn avec Diana Elbaum - w-l-c\" \/>\n<meta property=\"og:description\" content=\"Diana Elbaum produit des films en Belgique et dans le monde entier depuis plus\u00a0de 27 ans avec la soci\u00e9t\u00e9 qu&rsquo;elle a cr\u00e9\u00e9e, Entre Chien et Loup. Elle vient\u00a0de sortir Faut pas lui dire, le premier film de Solange Cicurel, avec Jenifer, St\u00e9phanie Crayencour, Tania Garbarski et Camille Chamoux, dont on esp\u00e8re beaucoup, et de cr\u00e9er &hellip;\" \/>\n<meta property=\"og:url\" content=\"https:\/\/w-l-c.be\/fr\/5mn-avec-diana-elbaum\/\" \/>\n<meta property=\"og:site_name\" content=\"w-l-c\" \/>\n<meta property=\"article:published_time\" content=\"2017-01-06T08:10:45+00:00\" \/>\n<meta property=\"article:modified_time\" content=\"2017-01-06T08:25:11+00:00\" \/>\n<meta property=\"og:image\" content=\"https:\/\/w-l-c.be\/wp-content\/uploads\/2017\/01\/1926286_10152243609247860_1213737220_o-800x600.jpg\" \/>\n\t<meta property=\"og:image:width\" content=\"331\" \/>\n\t<meta property=\"og:image:height\" content=\"218\" \/>\n\t<meta property=\"og:image:type\" content=\"image\/jpeg\" \/>\n<meta name=\"author\" content=\"Aurore Engelen\" \/>\n<meta name=\"twitter:card\" content=\"summary_large_image\" \/>\n<meta name=\"twitter:label1\" content=\"\u00c9crit par\" \/>\n\t<meta name=\"twitter:data1\" content=\"Aurore Engelen\" \/>\n\t<meta name=\"twitter:label2\" content=\"Dur\u00e9e de lecture estim\u00e9e\" \/>\n\t<meta name=\"twitter:data2\" content=\"5 minutes\" \/>\n<script type=\"application\/ld+json\" class=\"yoast-schema-graph\">{\"@context\":\"https:\/\/schema.org\",\"@graph\":[{\"@type\":\"WebPage\",\"@id\":\"https:\/\/w-l-c.be\/fr\/5mn-avec-diana-elbaum\/\",\"url\":\"https:\/\/w-l-c.be\/fr\/5mn-avec-diana-elbaum\/\",\"name\":\"5mn avec Diana Elbaum - w-l-c\",\"isPartOf\":{\"@id\":\"https:\/\/w-l-c.be\/fr\/#website\"},\"datePublished\":\"2017-01-06T08:10:45+00:00\",\"dateModified\":\"2017-01-06T08:25:11+00:00\",\"author\":{\"@id\":\"https:\/\/w-l-c.be\/fr\/#\/schema\/person\/8084b68c6b176142d073695c654dc7cf\"},\"breadcrumb\":{\"@id\":\"https:\/\/w-l-c.be\/fr\/5mn-avec-diana-elbaum\/#breadcrumb\"},\"inLanguage\":\"fr-FR\",\"potentialAction\":[{\"@type\":\"ReadAction\",\"target\":[\"https:\/\/w-l-c.be\/fr\/5mn-avec-diana-elbaum\/\"]}]},{\"@type\":\"BreadcrumbList\",\"@id\":\"https:\/\/w-l-c.be\/fr\/5mn-avec-diana-elbaum\/#breadcrumb\",\"itemListElement\":[{\"@type\":\"ListItem\",\"position\":1,\"name\":\"Accueil\",\"item\":\"https:\/\/w-l-c.be\/fr\/\"},{\"@type\":\"ListItem\",\"position\":2,\"name\":\"5mn avec Diana Elbaum\"}]},{\"@type\":\"WebSite\",\"@id\":\"https:\/\/w-l-c.be\/fr\/#website\",\"url\":\"https:\/\/w-l-c.be\/fr\/\",\"name\":\"w-l-c\",\"description\":\"Le cin\u00e9ma vu par les belges\",\"potentialAction\":[{\"@type\":\"SearchAction\",\"target\":{\"@type\":\"EntryPoint\",\"urlTemplate\":\"https:\/\/w-l-c.be\/fr\/?s={search_term_string}\"},\"query-input\":\"required name=search_term_string\"}],\"inLanguage\":\"fr-FR\"},{\"@type\":\"Person\",\"@id\":\"https:\/\/w-l-c.be\/fr\/#\/schema\/person\/8084b68c6b176142d073695c654dc7cf\",\"name\":\"Aurore Engelen\",\"url\":\"https:\/\/w-l-c.be\/fr\/author\/aurore-engelen\/\"}]}<\/script>\n<!-- \/ Yoast SEO plugin. -->","yoast_head_json":{"title":"5mn avec Diana Elbaum - w-l-c","robots":{"index":"noindex","follow":"follow","max-snippet":"max-snippet:-1","max-image-preview":"max-image-preview:large","max-video-preview":"max-video-preview:-1"},"og_locale":"fr_FR","og_type":"article","og_title":"5mn avec Diana Elbaum - w-l-c","og_description":"Diana Elbaum produit des films en Belgique et dans le monde entier depuis plus\u00a0de 27 ans avec la soci\u00e9t\u00e9 qu&rsquo;elle a cr\u00e9\u00e9e, Entre Chien et Loup. Elle vient\u00a0de sortir Faut pas lui dire, le premier film de Solange Cicurel, avec Jenifer, St\u00e9phanie Crayencour, Tania Garbarski et Camille Chamoux, dont on esp\u00e8re beaucoup, et de cr\u00e9er &hellip;","og_url":"https:\/\/w-l-c.be\/fr\/5mn-avec-diana-elbaum\/","og_site_name":"w-l-c","article_published_time":"2017-01-06T08:10:45+00:00","article_modified_time":"2017-01-06T08:25:11+00:00","og_image":[{"width":331,"height":218,"url":"https:\/\/w-l-c.be\/wp-content\/uploads\/2017\/01\/1926286_10152243609247860_1213737220_o-800x600.jpg","type":"image\/jpeg"}],"author":"Aurore Engelen","twitter_card":"summary_large_image","twitter_misc":{"\u00c9crit par":"Aurore Engelen","Dur\u00e9e de lecture estim\u00e9e":"5 minutes"},"schema":{"@context":"https:\/\/schema.org","@graph":[{"@type":"WebPage","@id":"https:\/\/w-l-c.be\/fr\/5mn-avec-diana-elbaum\/","url":"https:\/\/w-l-c.be\/fr\/5mn-avec-diana-elbaum\/","name":"5mn avec Diana Elbaum - w-l-c","isPartOf":{"@id":"https:\/\/w-l-c.be\/fr\/#website"},"datePublished":"2017-01-06T08:10:45+00:00","dateModified":"2017-01-06T08:25:11+00:00","author":{"@id":"https:\/\/w-l-c.be\/fr\/#\/schema\/person\/8084b68c6b176142d073695c654dc7cf"},"breadcrumb":{"@id":"https:\/\/w-l-c.be\/fr\/5mn-avec-diana-elbaum\/#breadcrumb"},"inLanguage":"fr-FR","potentialAction":[{"@type":"ReadAction","target":["https:\/\/w-l-c.be\/fr\/5mn-avec-diana-elbaum\/"]}]},{"@type":"BreadcrumbList","@id":"https:\/\/w-l-c.be\/fr\/5mn-avec-diana-elbaum\/#breadcrumb","itemListElement":[{"@type":"ListItem","position":1,"name":"Accueil","item":"https:\/\/w-l-c.be\/fr\/"},{"@type":"ListItem","position":2,"name":"5mn avec Diana Elbaum"}]},{"@type":"WebSite","@id":"https:\/\/w-l-c.be\/fr\/#website","url":"https:\/\/w-l-c.be\/fr\/","name":"w-l-c","description":"Le cin\u00e9ma vu par les belges","potentialAction":[{"@type":"SearchAction","target":{"@type":"EntryPoint","urlTemplate":"https:\/\/w-l-c.be\/fr\/?s={search_term_string}"},"query-input":"required name=search_term_string"}],"inLanguage":"fr-FR"},{"@type":"Person","@id":"https:\/\/w-l-c.be\/fr\/#\/schema\/person\/8084b68c6b176142d073695c654dc7cf","name":"Aurore Engelen","url":"https:\/\/w-l-c.be\/fr\/author\/aurore-engelen\/"}]}},"_links":{"self":[{"href":"https:\/\/w-l-c.be\/fr\/wp-json\/wp\/v2\/posts\/194723","targetHints":{"allow":["GET"]}}],"collection":[{"href":"https:\/\/w-l-c.be\/fr\/wp-json\/wp\/v2\/posts"}],"about":[{"href":"https:\/\/w-l-c.be\/fr\/wp-json\/wp\/v2\/types\/post"}],"author":[{"embeddable":true,"href":"https:\/\/w-l-c.be\/fr\/wp-json\/wp\/v2\/users\/343"}],"replies":[{"embeddable":true,"href":"https:\/\/w-l-c.be\/fr\/wp-json\/wp\/v2\/comments?post=194723"}],"version-history":[{"count":0,"href":"https:\/\/w-l-c.be\/fr\/wp-json\/wp\/v2\/posts\/194723\/revisions"}],"wp:featuredmedia":[{"embeddable":true,"href":"https:\/\/w-l-c.be\/fr\/wp-json\/wp\/v2\/media\/194727"}],"wp:attachment":[{"href":"https:\/\/w-l-c.be\/fr\/wp-json\/wp\/v2\/media?parent=194723"}],"wp:term":[{"taxonomy":"category","embeddable":true,"href":"https:\/\/w-l-c.be\/fr\/wp-json\/wp\/v2\/categories?post=194723"},{"taxonomy":"post_tag","embeddable":true,"href":"https:\/\/w-l-c.be\/fr\/wp-json\/wp\/v2\/tags?post=194723"}],"curies":[{"name":"wp","href":"https:\/\/api.w.org\/{rel}","templated":true}]}}