
{"id":194828,"date":"2017-01-09T09:35:08","date_gmt":"2017-01-09T08:35:08","guid":{"rendered":"http:\/\/www.cinevox.be\/?p=94828"},"modified":"2017-01-09T09:44:58","modified_gmt":"2017-01-09T08:44:58","slug":"94828","status":"publish","type":"post","link":"https:\/\/w-l-c.be\/fr\/94828\/","title":{"rendered":"\u00ab\u00a0Home\u00a0\u00bb, adolescence en crise"},"content":{"rendered":"<p><strong><em>Home<\/em>, le quatri\u00e8me film de Fien Troch, sort mercredi prochain dans les salles belges. Pr\u00e9sent\u00e9 dans de nombreux festivals, il\u00a0a valu \u00e0 la r\u00e9alisatrice un Prix de la meilleure r\u00e9alisateur \u00e0 Venise, et a remport\u00e9 pas moins de deux Prix du public lors du dernier Festival de Gand. \u00a0\u00a0<\/strong><\/p>\n<p><!--more--><\/p>\n<p>&nbsp;<\/p>\n<p>&nbsp;<\/p>\n<p>&nbsp;<\/p>\n<p>&nbsp;<\/p>\n<p>Lina, jeune fille aux traits encore enfantins mais au visage but\u00e9, fait face avec nervosit\u00e9 et opini\u00e2tret\u00e9 au directeur de son \u00e9cole qui lui reproche de faire courir des rumeurs sur l\u2019un de ses enseignants. Elle\u00a0se d\u00e9fend bec et ongles, chargeant aussi bien l\u2019enseignant que ses camarades qui colportent les m\u00eames bruits. John ignore les remontrances du surveillant du lyc\u00e9e qui lui enjoint de ne pas trainer dans les couloirs pendants les heures de cours. Il\u00a0n\u2019en a que faire, il est trop occup\u00e9 \u00e0 tapoter sur son smartphone. Sammy fume sous l\u2019extracteur d\u2019air de la cuisine familiale, ignorant les remontrances de sa m\u00e8re qui l\u2019invite \u00e0 aller fumer dans le jardin, o\u00f9 il fait selon lui trop froid. Kevin, lui, semble au premier abord moins retors \u00e0 l\u2019autorit\u00e9 des adultes. Mais il\u00a0sort d\u2019un centre de redressement, et ses parents ne veulent plus de lui sous leur toit, estimant ne plus pouvoir faire face. Kevin s\u2019installe donc chez sa tante et son oncle, la m\u00e8re et le p\u00e8re de Sammy, qui l\u2019accueillent \u00e9galement comme apprenti dans leur entreprise de sanitaires. La maturit\u00e9 de Kevin impressionne la petite troupe, autant que son aura de d\u00e9linquant. Alors que l\u2019amiti\u00e9 s\u2019installe, les adolescents se retrouvent ind\u00e9fectiblement li\u00e9s par un destin tragique.<\/p>\n<p>&nbsp;<\/p>\n<p><a href=\"http:\/\/www.cinevox.be\/wp-content\/uploads\/2017\/01\/Home5.jpg\"><img loading=\"lazy\" decoding=\"async\" class=\"alignnone wp-image-94836 size-large\" src=\"http:\/\/www.cinevox.be\/wp-content\/uploads\/2017\/01\/Home5-800x600.jpg\" alt=\"Home5\" width=\"640\" height=\"480\" \/><\/a><\/p>\n<p>&nbsp;<\/p>\n<p>D\u00e8s le g\u00e9n\u00e9rique, l\u2019intention est pos\u00e9e. Le film est inspir\u00e9 de faits r\u00e9els, et c\u2019est bien la r\u00e9alit\u00e9 du quotidien de ces adolescents modernes que Fien Troch tente de capturer, n\u2019h\u00e9sitant pas \u00e0 zoomer sur les \u00e9motions qui transpercent ses jeunes h\u00e9ros, filmant au plus pr\u00e8s leurs visages, renfor\u00e7ant le poids des portraits gr\u00e2ce au format 4:3. Sa cam\u00e9ra mobile \u00e9pouse au plus pr\u00e8s les \u00e9changes entre les adolescents, laissant m\u00eame les s\u00e9quences film\u00e9es avec les smartphones des adolescents coloniser le grand \u00e9cran. Fien Troch filme une jeunesse en plein d\u00e9lire narcissique, hyper-sexualis\u00e9e, alcoolis\u00e9e, drogu\u00e9e, et surtout, d\u00e9vast\u00e9e par l\u2019ennui. Elle\u00a0scrute de pr\u00e8s ses personnages, souvent en mouvement, s&rsquo;\u00e9loignant de fait du formalisme de ses opus pr\u00e9c\u00e9dents, et d&rsquo;un certain souci\u00a0de la composition. Ce ne sont plus les \u00e9motions ou les atmosph\u00e8res qui sont au coeur de la narration, mais l&rsquo;histoire, ou plut\u00f4t les histoires de ces jeunes en train de se construire.<\/p>\n<p>&nbsp;<\/p>\n<p>Elle creuse le sillon d\u2019une \u0153uvre exigeante, aride, qui n\u2019h\u00e9site pas \u00e0 plonger la t\u00eate la premi\u00e8re dans des th\u00e9matiques sombres et complexes. Face \u00e0 cette jeunesse, les parents, et surtout les m\u00e8res (il y a particuli\u00e8rement peu de p\u00e8res \u00e0 l\u2019\u00e9cran) se heurtent \u00e0 un mur d\u2019incompr\u00e9hension. Avec <em>Home<\/em>, elle illustre cruellement le d\u00e9samour des m\u00e8res, des m\u00e8res m\u00e9nag\u00e8res, d\u00e9pass\u00e9es, dysfonctionnelles, incapables de trouver la juste distance de leur amour maternel.<\/p>\n<p>&nbsp;<\/p>\n<p><a href=\"http:\/\/www.cinevox.be\/wp-content\/uploads\/2017\/01\/Home4.jpg\"><img loading=\"lazy\" decoding=\"async\" class=\"alignnone size-large wp-image-94837\" src=\"http:\/\/www.cinevox.be\/wp-content\/uploads\/2017\/01\/Home4-800x600.jpg\" alt=\"Home4\" width=\"640\" height=\"480\" \/><\/a><\/p>\n<p>&nbsp;<\/p>\n<p>Dans les r\u00f4les des adolescents, on retrouve des com\u00e9diens d\u00e9butants, Sebastian Van Dun, Lo\u00efc Bellemans, Mistral Guidotti, Lena Suijkerbuijk, tous \u00e9poustouflants de justesse et de naturel, \u00e9paul\u00e9s notamment par\u00a0Karlijn Sileghem, Tom Audenaert, Natali Broods, Jeroen Perceval ou Jan Hammenecker dans des seconds r\u00f4les.<\/p>\n<p>&nbsp;<\/p>\n<p>Comme en son temps Gus Van Sant avec <em>Elephant<\/em>, Fien Troch parvient \u00e0 saisir dans <em>Home<\/em> cette p\u00e9riode fugace et insaisissable qu&rsquo;est l&rsquo;adolescence, cet \u00e9tat qui ne se vit que dans le pr\u00e9sent, nous en restituant des \u00e9clats furtifs et des humeurs vagabondes, affutant son regard pour graver sur grand \u00e9cran\u00a0avec justesse et empathie la r\u00e9alit\u00e9 de ses adolescents, Lina, Kevin, John\u00a0et Sammy.<\/p>\n","protected":false},"excerpt":{"rendered":"<p>Home, le quatri\u00e8me film de Fien Troch, sort mercredi prochain dans les salles belges. Pr\u00e9sent\u00e9 dans de nombreux festivals, il\u00a0a valu \u00e0 la r\u00e9alisatrice un Prix de la meilleure r\u00e9alisateur \u00e0 Venise, et a remport\u00e9 pas moins de deux Prix du public lors du dernier Festival de Gand. \u00a0\u00a0<\/p>\n","protected":false},"author":343,"featured_media":194839,"comment_status":"closed","ping_status":"closed","sticky":false,"template":"","format":"standard","meta":{"ngg_post_thumbnail":0,"footnotes":""},"categories":[10,7],"tags":[],"class_list":["post-194828","post","type-post","status-publish","format-standard","has-post-thumbnail","","category-a-l-affiche","category-actualites"],"yoast_head":"<!-- This site is optimized with the Yoast SEO plugin v20.4 - https:\/\/yoast.com\/wordpress\/plugins\/seo\/ -->\n<title>&quot;Home&quot;, adolescence en crise - w-l-c<\/title>\n<meta name=\"robots\" content=\"noindex, follow, max-snippet:-1, max-image-preview:large, max-video-preview:-1\" \/>\n<meta property=\"og:locale\" content=\"fr_FR\" \/>\n<meta property=\"og:type\" content=\"article\" \/>\n<meta property=\"og:title\" content=\"&quot;Home&quot;, adolescence en crise - w-l-c\" \/>\n<meta property=\"og:description\" content=\"Home, le quatri\u00e8me film de Fien Troch, sort mercredi prochain dans les salles belges. Pr\u00e9sent\u00e9 dans de nombreux festivals, il\u00a0a valu \u00e0 la r\u00e9alisatrice un Prix de la meilleure r\u00e9alisateur \u00e0 Venise, et a remport\u00e9 pas moins de deux Prix du public lors du dernier Festival de Gand. \u00a0\u00a0\" \/>\n<meta property=\"og:url\" content=\"https:\/\/w-l-c.be\/fr\/94828\/\" \/>\n<meta property=\"og:site_name\" content=\"w-l-c\" \/>\n<meta property=\"article:published_time\" content=\"2017-01-09T08:35:08+00:00\" \/>\n<meta property=\"article:modified_time\" content=\"2017-01-09T08:44:58+00:00\" \/>\n<meta property=\"og:image\" content=\"https:\/\/w-l-c.be\/wp-content\/uploads\/2017\/01\/Home3.jpg\" \/>\n\t<meta property=\"og:image:width\" content=\"1600\" \/>\n\t<meta property=\"og:image:height\" content=\"1200\" \/>\n\t<meta property=\"og:image:type\" content=\"image\/jpeg\" \/>\n<meta name=\"author\" content=\"Aurore Engelen\" \/>\n<meta name=\"twitter:card\" content=\"summary_large_image\" \/>\n<meta name=\"twitter:label1\" content=\"\u00c9crit par\" \/>\n\t<meta name=\"twitter:data1\" content=\"Aurore Engelen\" \/>\n\t<meta name=\"twitter:label2\" content=\"Dur\u00e9e de lecture estim\u00e9e\" \/>\n\t<meta name=\"twitter:data2\" content=\"3 minutes\" \/>\n<script type=\"application\/ld+json\" class=\"yoast-schema-graph\">{\"@context\":\"https:\/\/schema.org\",\"@graph\":[{\"@type\":\"WebPage\",\"@id\":\"https:\/\/w-l-c.be\/fr\/94828\/\",\"url\":\"https:\/\/w-l-c.be\/fr\/94828\/\",\"name\":\"\\\"Home\\\", adolescence en crise - w-l-c\",\"isPartOf\":{\"@id\":\"https:\/\/w-l-c.be\/fr\/#website\"},\"datePublished\":\"2017-01-09T08:35:08+00:00\",\"dateModified\":\"2017-01-09T08:44:58+00:00\",\"author\":{\"@id\":\"https:\/\/w-l-c.be\/fr\/#\/schema\/person\/8084b68c6b176142d073695c654dc7cf\"},\"breadcrumb\":{\"@id\":\"https:\/\/w-l-c.be\/fr\/94828\/#breadcrumb\"},\"inLanguage\":\"fr-FR\",\"potentialAction\":[{\"@type\":\"ReadAction\",\"target\":[\"https:\/\/w-l-c.be\/fr\/94828\/\"]}]},{\"@type\":\"BreadcrumbList\",\"@id\":\"https:\/\/w-l-c.be\/fr\/94828\/#breadcrumb\",\"itemListElement\":[{\"@type\":\"ListItem\",\"position\":1,\"name\":\"Accueil\",\"item\":\"https:\/\/w-l-c.be\/fr\/\"},{\"@type\":\"ListItem\",\"position\":2,\"name\":\"\u00ab\u00a0Home\u00a0\u00bb, adolescence en crise\"}]},{\"@type\":\"WebSite\",\"@id\":\"https:\/\/w-l-c.be\/fr\/#website\",\"url\":\"https:\/\/w-l-c.be\/fr\/\",\"name\":\"w-l-c\",\"description\":\"Le cin\u00e9ma vu par les belges\",\"potentialAction\":[{\"@type\":\"SearchAction\",\"target\":{\"@type\":\"EntryPoint\",\"urlTemplate\":\"https:\/\/w-l-c.be\/fr\/?s={search_term_string}\"},\"query-input\":\"required name=search_term_string\"}],\"inLanguage\":\"fr-FR\"},{\"@type\":\"Person\",\"@id\":\"https:\/\/w-l-c.be\/fr\/#\/schema\/person\/8084b68c6b176142d073695c654dc7cf\",\"name\":\"Aurore Engelen\",\"url\":\"https:\/\/w-l-c.be\/fr\/author\/aurore-engelen\/\"}]}<\/script>\n<!-- \/ Yoast SEO plugin. -->","yoast_head_json":{"title":"\"Home\", adolescence en crise - w-l-c","robots":{"index":"noindex","follow":"follow","max-snippet":"max-snippet:-1","max-image-preview":"max-image-preview:large","max-video-preview":"max-video-preview:-1"},"og_locale":"fr_FR","og_type":"article","og_title":"\"Home\", adolescence en crise - w-l-c","og_description":"Home, le quatri\u00e8me film de Fien Troch, sort mercredi prochain dans les salles belges. Pr\u00e9sent\u00e9 dans de nombreux festivals, il\u00a0a valu \u00e0 la r\u00e9alisatrice un Prix de la meilleure r\u00e9alisateur \u00e0 Venise, et a remport\u00e9 pas moins de deux Prix du public lors du dernier Festival de Gand. \u00a0\u00a0","og_url":"https:\/\/w-l-c.be\/fr\/94828\/","og_site_name":"w-l-c","article_published_time":"2017-01-09T08:35:08+00:00","article_modified_time":"2017-01-09T08:44:58+00:00","og_image":[{"width":1600,"height":1200,"url":"https:\/\/w-l-c.be\/wp-content\/uploads\/2017\/01\/Home3.jpg","type":"image\/jpeg"}],"author":"Aurore Engelen","twitter_card":"summary_large_image","twitter_misc":{"\u00c9crit par":"Aurore Engelen","Dur\u00e9e de lecture estim\u00e9e":"3 minutes"},"schema":{"@context":"https:\/\/schema.org","@graph":[{"@type":"WebPage","@id":"https:\/\/w-l-c.be\/fr\/94828\/","url":"https:\/\/w-l-c.be\/fr\/94828\/","name":"\"Home\", adolescence en crise - w-l-c","isPartOf":{"@id":"https:\/\/w-l-c.be\/fr\/#website"},"datePublished":"2017-01-09T08:35:08+00:00","dateModified":"2017-01-09T08:44:58+00:00","author":{"@id":"https:\/\/w-l-c.be\/fr\/#\/schema\/person\/8084b68c6b176142d073695c654dc7cf"},"breadcrumb":{"@id":"https:\/\/w-l-c.be\/fr\/94828\/#breadcrumb"},"inLanguage":"fr-FR","potentialAction":[{"@type":"ReadAction","target":["https:\/\/w-l-c.be\/fr\/94828\/"]}]},{"@type":"BreadcrumbList","@id":"https:\/\/w-l-c.be\/fr\/94828\/#breadcrumb","itemListElement":[{"@type":"ListItem","position":1,"name":"Accueil","item":"https:\/\/w-l-c.be\/fr\/"},{"@type":"ListItem","position":2,"name":"\u00ab\u00a0Home\u00a0\u00bb, adolescence en crise"}]},{"@type":"WebSite","@id":"https:\/\/w-l-c.be\/fr\/#website","url":"https:\/\/w-l-c.be\/fr\/","name":"w-l-c","description":"Le cin\u00e9ma vu par les belges","potentialAction":[{"@type":"SearchAction","target":{"@type":"EntryPoint","urlTemplate":"https:\/\/w-l-c.be\/fr\/?s={search_term_string}"},"query-input":"required name=search_term_string"}],"inLanguage":"fr-FR"},{"@type":"Person","@id":"https:\/\/w-l-c.be\/fr\/#\/schema\/person\/8084b68c6b176142d073695c654dc7cf","name":"Aurore Engelen","url":"https:\/\/w-l-c.be\/fr\/author\/aurore-engelen\/"}]}},"_links":{"self":[{"href":"https:\/\/w-l-c.be\/fr\/wp-json\/wp\/v2\/posts\/194828","targetHints":{"allow":["GET"]}}],"collection":[{"href":"https:\/\/w-l-c.be\/fr\/wp-json\/wp\/v2\/posts"}],"about":[{"href":"https:\/\/w-l-c.be\/fr\/wp-json\/wp\/v2\/types\/post"}],"author":[{"embeddable":true,"href":"https:\/\/w-l-c.be\/fr\/wp-json\/wp\/v2\/users\/343"}],"replies":[{"embeddable":true,"href":"https:\/\/w-l-c.be\/fr\/wp-json\/wp\/v2\/comments?post=194828"}],"version-history":[{"count":0,"href":"https:\/\/w-l-c.be\/fr\/wp-json\/wp\/v2\/posts\/194828\/revisions"}],"wp:featuredmedia":[{"embeddable":true,"href":"https:\/\/w-l-c.be\/fr\/wp-json\/wp\/v2\/media\/194839"}],"wp:attachment":[{"href":"https:\/\/w-l-c.be\/fr\/wp-json\/wp\/v2\/media?parent=194828"}],"wp:term":[{"taxonomy":"category","embeddable":true,"href":"https:\/\/w-l-c.be\/fr\/wp-json\/wp\/v2\/categories?post=194828"},{"taxonomy":"post_tag","embeddable":true,"href":"https:\/\/w-l-c.be\/fr\/wp-json\/wp\/v2\/tags?post=194828"}],"curies":[{"name":"wp","href":"https:\/\/api.w.org\/{rel}","templated":true}]}}