
{"id":194864,"date":"2017-01-05T09:50:34","date_gmt":"2017-01-05T08:50:34","guid":{"rendered":"http:\/\/www.cinevox.be\/?p=94864"},"modified":"2017-05-16T19:48:06","modified_gmt":"2017-05-16T17:48:06","slug":"94864","status":"publish","type":"post","link":"https:\/\/w-l-c.be\/fr\/94864\/","title":{"rendered":"7\u00e8me Tournai Ramdam Festival: le programme"},"content":{"rendered":"<p>Le 14 janvier d\u00e9butera la 7\u00e8me \u00e9dition du Ramdam, le Festival qui d\u00e9range, un festival atypique qui a pour objectif d&rsquo;amener le spectateur \u00e0 voir le monde autrement, en projetant des films qui bousculent les <em>a priori<\/em> voire \u00e9branlent les certitudes, et favorisent les rencontres et le partage. Plus de 40 longs m\u00e9trages, seront d\u00e9voil\u00e9s lors de cette d\u00e9cade de festivit\u00e9s et de partages, qui s&rsquo;ouvrira avec l&rsquo;avant-premi\u00e8re de <em>Dode Hoek\/ Angle Mort<\/em> de Nabil Ben Yadir, en avant-premi\u00e8re mondiale, excusez du peu.<\/p>\n<p><!--more--><\/p>\n<p>&nbsp;<\/p>\n<p>Cette 7\u00e8me \u00e9dition du\u00a0Tournai Ramdam Festival sera l&rsquo;occasion de d\u00e9couvrir des films tr\u00e8s attendus, notamment <em>Manchester by the Sea<\/em> de Kenneth Lonergan, grand pr\u00e9tendant aux prochains Oscar avec un Casey Affleck qu&rsquo;on annonce bouleversant, ou encore le drame familial roumain <em>Ill\u00e9gitime<\/em> d&rsquo;Adrian Sitaru, ou <em>Orpheline<\/em>, le film du r\u00e9alisateur fran\u00e7ais Arnaud des Palli\u00e8res, laur\u00e9at du Bayard d&rsquo;or lors du dernier Festival de Namur. Le Festival pr\u00e9sentera \u00e9galement, deux mois avant sa sortie, <em>Noces<\/em> de Stephan Streker, que vous pouvez d\u00e9couvrir dans notre nouvelle capsule Cinevox, un drame familial d\u00e9licat et sensible inspir\u00e9 de faits r\u00e9els, l&rsquo;histoire de Zahira, une jeune fille belgo-pakistanaise de 18 ans aux prises avec son envie de vivre et les traditions qui les contraignent.<\/p>\n<p>&nbsp;<\/p>\n<p><a href=\"http:\/\/www.cinevox.be\/wp-content\/uploads\/2017\/01\/Noces-1.jpg\"><img loading=\"lazy\" decoding=\"async\" class=\"alignnone size-large wp-image-94867\" src=\"http:\/\/www.cinevox.be\/wp-content\/uploads\/2017\/01\/Noces-1-800x400.jpg\" alt=\"Noces-1\" width=\"640\" height=\"320\" \/><\/a><\/p>\n<p>&nbsp;<\/p>\n<p>Le Ramdam, c&rsquo;est aussi un large place faite \u00e0 la programmation documentaires, 15 films, parmi lesquels on retrouvera deux productions belges. <em>Belle de nuit: Gris\u00e9lidis R\u00e9al<\/em> de Marie-Eve de Grave est un portrait romanesque d&rsquo;un m\u00e9t\u00e9ore, une femme hors norme, passionn\u00e9e et libre, dont l&rsquo;\u00e9pitaphe livre la pleine\u00a0mesure: \u00ab\u00a0Gris\u00e9lidis R\u00e9al: Ecrivain &#8211; Peintre &#8211; Prostitu\u00e9e\u00a0\u00bb. L&rsquo;autre film belge, <em>Burning Out<\/em> de J\u00e9r\u00f4me Le Maire, propose une immersion haletante au sein de l&rsquo;unit\u00e9 chirurgicale de l&rsquo;un des plus grands h\u00f4pitaux de Paris, o\u00f9 l&rsquo;organisation du travail, bien qu&rsquo;extr\u00eamement sophistiqu\u00e9e, est devenue pathog\u00e8ne, au point de plonger le personnel hospitalier dans une course effr\u00e9n\u00e9e qui les conduit, pour certains, droit dans le mur.<\/p>\n<p>&nbsp;<\/p>\n<p><a href=\"http:\/\/www.cinevox.be\/wp-content\/uploads\/2017\/01\/Burning-out.jpg\"><img loading=\"lazy\" decoding=\"async\" class=\"alignnone size-large wp-image-94868\" src=\"http:\/\/www.cinevox.be\/wp-content\/uploads\/2017\/01\/Burning-out-800x370.jpg\" alt=\"Burning out\" width=\"640\" height=\"296\" \/><\/a><\/p>\n<p>&nbsp;<\/p>\n<p>Dans la section Ramdam de l&rsquo;ann\u00e9e, le festival proposera de red\u00e9couvrir l&rsquo;intense\u00a0<em>L&rsquo;Economie du Couple<\/em> de Joachim Lafosse, sorti en juin dernier, \u00a0le percutant nouveau film de la r\u00e9alisatrice flamande, Fien Troch, <em>Home<\/em>, un portrait saisissant de l&rsquo;adolescence, qui sort la semaine prochaine, et le d\u00e9brid\u00e9 <em>Belgica<\/em> de Felix Van Groeningen, mis en musique par Soulwax.<\/p>\n<p>&nbsp;<\/p>\n<p>A noter enfin que le festival organise une petite comp\u00e9tition court m\u00e9trage belge reprenant 4 titres: <em>Complices<\/em> de Mathieu Mortelmans, <em>Schroot<\/em> d&rsquo;Anthony van Roosendael, <em>Poubelle<\/em> d&rsquo;Alexandre Gilmet (pr\u00e9sent\u00e9 \u00e0 la Cin\u00e9fondation \u00e0 Cannes) et <em>Le Zombie au V\u00e9lo<\/em> de Christophe Bourdon.<\/p>\n<p>&nbsp;<\/p>\n<p>Toute la programmation est disponible <a href=\"http:\/\/www.ramdamfestival.be\/\">ici<\/a> en ligne sur le site du festival.<\/p>\n","protected":false},"excerpt":{"rendered":"<p>Le 14 janvier d\u00e9butera la 7\u00e8me \u00e9dition du Ramdam, le Festival qui d\u00e9range, un festival atypique qui a pour objectif d&rsquo;amener le spectateur \u00e0 voir le monde autrement, en projetant des films qui bousculent les a priori voire \u00e9branlent les certitudes, et favorisent les rencontres et le partage. Plus de 40 longs m\u00e9trages, seront d\u00e9voil\u00e9s &hellip;<\/p>\n","protected":false},"author":343,"featured_media":194870,"comment_status":"closed","ping_status":"closed","sticky":false,"template":"","format":"standard","meta":{"ngg_post_thumbnail":0,"footnotes":""},"categories":[12,7],"tags":[],"class_list":["post-194864","post","type-post","status-publish","format-standard","has-post-thumbnail","","category-awards","category-actualites"],"yoast_head":"<!-- This site is optimized with the Yoast SEO plugin v20.4 - https:\/\/yoast.com\/wordpress\/plugins\/seo\/ -->\n<title>7\u00e8me Tournai Ramdam Festival: le programme - w-l-c<\/title>\n<meta name=\"robots\" content=\"noindex, follow, max-snippet:-1, max-image-preview:large, max-video-preview:-1\" \/>\n<meta property=\"og:locale\" content=\"fr_FR\" \/>\n<meta property=\"og:type\" content=\"article\" \/>\n<meta property=\"og:title\" content=\"7\u00e8me Tournai Ramdam Festival: le programme - w-l-c\" \/>\n<meta property=\"og:description\" content=\"Le 14 janvier d\u00e9butera la 7\u00e8me \u00e9dition du Ramdam, le Festival qui d\u00e9range, un festival atypique qui a pour objectif d&rsquo;amener le spectateur \u00e0 voir le monde autrement, en projetant des films qui bousculent les a priori voire \u00e9branlent les certitudes, et favorisent les rencontres et le partage. Plus de 40 longs m\u00e9trages, seront d\u00e9voil\u00e9s &hellip;\" \/>\n<meta property=\"og:url\" content=\"https:\/\/w-l-c.be\/fr\/94864\/\" \/>\n<meta property=\"og:site_name\" content=\"w-l-c\" \/>\n<meta property=\"article:published_time\" content=\"2017-01-05T08:50:34+00:00\" \/>\n<meta property=\"article:modified_time\" content=\"2017-05-16T17:48:06+00:00\" \/>\n<meta property=\"og:image\" content=\"https:\/\/w-l-c.be\/wp-content\/uploads\/2017\/01\/DodeHoek1.jpg\" \/>\n\t<meta property=\"og:image:width\" content=\"400\" \/>\n\t<meta property=\"og:image:height\" content=\"267\" \/>\n\t<meta property=\"og:image:type\" content=\"image\/jpeg\" \/>\n<meta name=\"author\" content=\"Aurore Engelen\" \/>\n<meta name=\"twitter:card\" content=\"summary_large_image\" \/>\n<meta name=\"twitter:label1\" content=\"\u00c9crit par\" \/>\n\t<meta name=\"twitter:data1\" content=\"Aurore Engelen\" \/>\n\t<meta name=\"twitter:label2\" content=\"Dur\u00e9e de lecture estim\u00e9e\" \/>\n\t<meta name=\"twitter:data2\" content=\"2 minutes\" \/>\n<script type=\"application\/ld+json\" class=\"yoast-schema-graph\">{\"@context\":\"https:\/\/schema.org\",\"@graph\":[{\"@type\":\"WebPage\",\"@id\":\"https:\/\/w-l-c.be\/fr\/94864\/\",\"url\":\"https:\/\/w-l-c.be\/fr\/94864\/\",\"name\":\"7\u00e8me Tournai Ramdam Festival: le programme - w-l-c\",\"isPartOf\":{\"@id\":\"https:\/\/w-l-c.be\/fr\/#website\"},\"datePublished\":\"2017-01-05T08:50:34+00:00\",\"dateModified\":\"2017-05-16T17:48:06+00:00\",\"author\":{\"@id\":\"https:\/\/w-l-c.be\/fr\/#\/schema\/person\/8084b68c6b176142d073695c654dc7cf\"},\"breadcrumb\":{\"@id\":\"https:\/\/w-l-c.be\/fr\/94864\/#breadcrumb\"},\"inLanguage\":\"fr-FR\",\"potentialAction\":[{\"@type\":\"ReadAction\",\"target\":[\"https:\/\/w-l-c.be\/fr\/94864\/\"]}]},{\"@type\":\"BreadcrumbList\",\"@id\":\"https:\/\/w-l-c.be\/fr\/94864\/#breadcrumb\",\"itemListElement\":[{\"@type\":\"ListItem\",\"position\":1,\"name\":\"Accueil\",\"item\":\"https:\/\/w-l-c.be\/fr\/\"},{\"@type\":\"ListItem\",\"position\":2,\"name\":\"7\u00e8me Tournai Ramdam Festival: le programme\"}]},{\"@type\":\"WebSite\",\"@id\":\"https:\/\/w-l-c.be\/fr\/#website\",\"url\":\"https:\/\/w-l-c.be\/fr\/\",\"name\":\"w-l-c\",\"description\":\"Le cin\u00e9ma vu par les belges\",\"potentialAction\":[{\"@type\":\"SearchAction\",\"target\":{\"@type\":\"EntryPoint\",\"urlTemplate\":\"https:\/\/w-l-c.be\/fr\/?s={search_term_string}\"},\"query-input\":\"required name=search_term_string\"}],\"inLanguage\":\"fr-FR\"},{\"@type\":\"Person\",\"@id\":\"https:\/\/w-l-c.be\/fr\/#\/schema\/person\/8084b68c6b176142d073695c654dc7cf\",\"name\":\"Aurore Engelen\",\"url\":\"https:\/\/w-l-c.be\/fr\/author\/aurore-engelen\/\"}]}<\/script>\n<!-- \/ Yoast SEO plugin. -->","yoast_head_json":{"title":"7\u00e8me Tournai Ramdam Festival: le programme - w-l-c","robots":{"index":"noindex","follow":"follow","max-snippet":"max-snippet:-1","max-image-preview":"max-image-preview:large","max-video-preview":"max-video-preview:-1"},"og_locale":"fr_FR","og_type":"article","og_title":"7\u00e8me Tournai Ramdam Festival: le programme - w-l-c","og_description":"Le 14 janvier d\u00e9butera la 7\u00e8me \u00e9dition du Ramdam, le Festival qui d\u00e9range, un festival atypique qui a pour objectif d&rsquo;amener le spectateur \u00e0 voir le monde autrement, en projetant des films qui bousculent les a priori voire \u00e9branlent les certitudes, et favorisent les rencontres et le partage. Plus de 40 longs m\u00e9trages, seront d\u00e9voil\u00e9s &hellip;","og_url":"https:\/\/w-l-c.be\/fr\/94864\/","og_site_name":"w-l-c","article_published_time":"2017-01-05T08:50:34+00:00","article_modified_time":"2017-05-16T17:48:06+00:00","og_image":[{"width":400,"height":267,"url":"https:\/\/w-l-c.be\/wp-content\/uploads\/2017\/01\/DodeHoek1.jpg","type":"image\/jpeg"}],"author":"Aurore Engelen","twitter_card":"summary_large_image","twitter_misc":{"\u00c9crit par":"Aurore Engelen","Dur\u00e9e de lecture estim\u00e9e":"2 minutes"},"schema":{"@context":"https:\/\/schema.org","@graph":[{"@type":"WebPage","@id":"https:\/\/w-l-c.be\/fr\/94864\/","url":"https:\/\/w-l-c.be\/fr\/94864\/","name":"7\u00e8me Tournai Ramdam Festival: le programme - w-l-c","isPartOf":{"@id":"https:\/\/w-l-c.be\/fr\/#website"},"datePublished":"2017-01-05T08:50:34+00:00","dateModified":"2017-05-16T17:48:06+00:00","author":{"@id":"https:\/\/w-l-c.be\/fr\/#\/schema\/person\/8084b68c6b176142d073695c654dc7cf"},"breadcrumb":{"@id":"https:\/\/w-l-c.be\/fr\/94864\/#breadcrumb"},"inLanguage":"fr-FR","potentialAction":[{"@type":"ReadAction","target":["https:\/\/w-l-c.be\/fr\/94864\/"]}]},{"@type":"BreadcrumbList","@id":"https:\/\/w-l-c.be\/fr\/94864\/#breadcrumb","itemListElement":[{"@type":"ListItem","position":1,"name":"Accueil","item":"https:\/\/w-l-c.be\/fr\/"},{"@type":"ListItem","position":2,"name":"7\u00e8me Tournai Ramdam Festival: le programme"}]},{"@type":"WebSite","@id":"https:\/\/w-l-c.be\/fr\/#website","url":"https:\/\/w-l-c.be\/fr\/","name":"w-l-c","description":"Le cin\u00e9ma vu par les belges","potentialAction":[{"@type":"SearchAction","target":{"@type":"EntryPoint","urlTemplate":"https:\/\/w-l-c.be\/fr\/?s={search_term_string}"},"query-input":"required name=search_term_string"}],"inLanguage":"fr-FR"},{"@type":"Person","@id":"https:\/\/w-l-c.be\/fr\/#\/schema\/person\/8084b68c6b176142d073695c654dc7cf","name":"Aurore Engelen","url":"https:\/\/w-l-c.be\/fr\/author\/aurore-engelen\/"}]}},"_links":{"self":[{"href":"https:\/\/w-l-c.be\/fr\/wp-json\/wp\/v2\/posts\/194864","targetHints":{"allow":["GET"]}}],"collection":[{"href":"https:\/\/w-l-c.be\/fr\/wp-json\/wp\/v2\/posts"}],"about":[{"href":"https:\/\/w-l-c.be\/fr\/wp-json\/wp\/v2\/types\/post"}],"author":[{"embeddable":true,"href":"https:\/\/w-l-c.be\/fr\/wp-json\/wp\/v2\/users\/343"}],"replies":[{"embeddable":true,"href":"https:\/\/w-l-c.be\/fr\/wp-json\/wp\/v2\/comments?post=194864"}],"version-history":[{"count":0,"href":"https:\/\/w-l-c.be\/fr\/wp-json\/wp\/v2\/posts\/194864\/revisions"}],"wp:featuredmedia":[{"embeddable":true,"href":"https:\/\/w-l-c.be\/fr\/wp-json\/wp\/v2\/media\/194870"}],"wp:attachment":[{"href":"https:\/\/w-l-c.be\/fr\/wp-json\/wp\/v2\/media?parent=194864"}],"wp:term":[{"taxonomy":"category","embeddable":true,"href":"https:\/\/w-l-c.be\/fr\/wp-json\/wp\/v2\/categories?post=194864"},{"taxonomy":"post_tag","embeddable":true,"href":"https:\/\/w-l-c.be\/fr\/wp-json\/wp\/v2\/tags?post=194864"}],"curies":[{"name":"wp","href":"https:\/\/api.w.org\/{rel}","templated":true}]}}