
{"id":194910,"date":"2017-01-06T09:42:39","date_gmt":"2017-01-06T08:42:39","guid":{"rendered":"http:\/\/www.cinevox.be\/?p=94910"},"modified":"2017-05-16T17:10:40","modified_gmt":"2017-05-16T15:10:40","slug":"noces-de-stephan-streker-bande-annonce-francaise","status":"publish","type":"post","link":"https:\/\/w-l-c.be\/fr\/noces-de-stephan-streker-bande-annonce-francaise\/","title":{"rendered":"\u00ab\u00a0Noces\u00a0\u00bb de Stephan Streker: la bande-annonce"},"content":{"rendered":"<p>&nbsp;<\/p>\n<p>Zahira, 18 ans, est tr\u00e8s proche de chacun des membres de sa famille jusqu\u2019au jour o\u00f9 on lui impose un mariage selon la tradition pakistanaise. \u00c9cartel\u00e9e entre les exigences de ses parents, son mode de vie occidental et ses aspirations de libert\u00e9, la jeune fille compte sur l\u2019aide de son fr\u00e8re a\u00een\u00e9 et confident, Amir.<\/p>\n<p>&nbsp;<\/p>\n<p><em>Noces<\/em>, troisi\u00e8me long m\u00e9trage de Stephan Streker, est port\u00e9 par les prestations \u00e9poustouflantes des deux acteurs principaux, Lina El Arabi et S\u00e9bastien Houdani, magnifiquement \u00e9paul\u00e9s par le reste du cast. <em>Noces<\/em> a re\u00e7u le Prix Cin\u00e9vox lors du dernier Festival International du Film Francophone de Namur.<\/p>\n<p>&nbsp;<\/p>\n<p>Si le film sort le 22 f\u00e9vrier en France, il sortira le 8 mars prochain en Belgique.<\/p>\n","protected":false},"excerpt":{"rendered":"<p>&nbsp; Zahira, 18 ans, est tr\u00e8s proche de chacun des membres de sa famille jusqu\u2019au jour o\u00f9 on lui impose un mariage selon la tradition pakistanaise. \u00c9cartel\u00e9e entre les exigences de ses parents, son mode de vie occidental et ses aspirations de libert\u00e9, la jeune fille compte sur l\u2019aide de son fr\u00e8re a\u00een\u00e9 et confident, &hellip;<\/p>\n","protected":false},"author":343,"featured_media":194912,"comment_status":"closed","ping_status":"closed","sticky":false,"template":"","format":"standard","meta":{"ngg_post_thumbnail":0,"footnotes":""},"categories":[53,7],"tags":[],"class_list":["post-194910","post","type-post","status-publish","format-standard","has-post-thumbnail","","category-coming-soon","category-actualites"],"yoast_head":"<!-- This site is optimized with the Yoast SEO plugin v20.4 - https:\/\/yoast.com\/wordpress\/plugins\/seo\/ -->\n<title>&quot;Noces&quot; de Stephan Streker: la bande-annonce - w-l-c<\/title>\n<meta name=\"robots\" content=\"noindex, follow, max-snippet:-1, max-image-preview:large, max-video-preview:-1\" \/>\n<meta property=\"og:locale\" content=\"fr_FR\" \/>\n<meta property=\"og:type\" content=\"article\" \/>\n<meta property=\"og:title\" content=\"&quot;Noces&quot; de Stephan Streker: la bande-annonce - w-l-c\" \/>\n<meta property=\"og:description\" content=\"&nbsp; Zahira, 18 ans, est tr\u00e8s proche de chacun des membres de sa famille jusqu\u2019au jour o\u00f9 on lui impose un mariage selon la tradition pakistanaise. \u00c9cartel\u00e9e entre les exigences de ses parents, son mode de vie occidental et ses aspirations de libert\u00e9, la jeune fille compte sur l\u2019aide de son fr\u00e8re a\u00een\u00e9 et confident, &hellip;\" \/>\n<meta property=\"og:url\" content=\"https:\/\/w-l-c.be\/fr\/noces-de-stephan-streker-bande-annonce-francaise\/\" \/>\n<meta property=\"og:site_name\" content=\"w-l-c\" \/>\n<meta property=\"article:published_time\" content=\"2017-01-06T08:42:39+00:00\" \/>\n<meta property=\"article:modified_time\" content=\"2017-05-16T15:10:40+00:00\" \/>\n<meta property=\"og:image\" content=\"https:\/\/w-l-c.be\/wp-content\/uploads\/2017\/01\/Noces1.jpg\" \/>\n\t<meta property=\"og:image:width\" content=\"1920\" \/>\n\t<meta property=\"og:image:height\" content=\"1080\" \/>\n\t<meta property=\"og:image:type\" content=\"image\/jpeg\" \/>\n<meta name=\"author\" content=\"Aurore Engelen\" \/>\n<meta name=\"twitter:card\" content=\"summary_large_image\" \/>\n<meta name=\"twitter:label1\" content=\"\u00c9crit par\" \/>\n\t<meta name=\"twitter:data1\" content=\"Aurore Engelen\" \/>\n\t<meta name=\"twitter:label2\" content=\"Dur\u00e9e de lecture estim\u00e9e\" \/>\n\t<meta name=\"twitter:data2\" content=\"1 minute\" \/>\n<script type=\"application\/ld+json\" class=\"yoast-schema-graph\">{\"@context\":\"https:\/\/schema.org\",\"@graph\":[{\"@type\":\"WebPage\",\"@id\":\"https:\/\/w-l-c.be\/fr\/noces-de-stephan-streker-bande-annonce-francaise\/\",\"url\":\"https:\/\/w-l-c.be\/fr\/noces-de-stephan-streker-bande-annonce-francaise\/\",\"name\":\"\\\"Noces\\\" de Stephan Streker: la bande-annonce - w-l-c\",\"isPartOf\":{\"@id\":\"https:\/\/w-l-c.be\/fr\/#website\"},\"datePublished\":\"2017-01-06T08:42:39+00:00\",\"dateModified\":\"2017-05-16T15:10:40+00:00\",\"author\":{\"@id\":\"https:\/\/w-l-c.be\/fr\/#\/schema\/person\/8084b68c6b176142d073695c654dc7cf\"},\"breadcrumb\":{\"@id\":\"https:\/\/w-l-c.be\/fr\/noces-de-stephan-streker-bande-annonce-francaise\/#breadcrumb\"},\"inLanguage\":\"fr-FR\",\"potentialAction\":[{\"@type\":\"ReadAction\",\"target\":[\"https:\/\/w-l-c.be\/fr\/noces-de-stephan-streker-bande-annonce-francaise\/\"]}]},{\"@type\":\"BreadcrumbList\",\"@id\":\"https:\/\/w-l-c.be\/fr\/noces-de-stephan-streker-bande-annonce-francaise\/#breadcrumb\",\"itemListElement\":[{\"@type\":\"ListItem\",\"position\":1,\"name\":\"Accueil\",\"item\":\"https:\/\/w-l-c.be\/fr\/\"},{\"@type\":\"ListItem\",\"position\":2,\"name\":\"\u00ab\u00a0Noces\u00a0\u00bb de Stephan Streker: la bande-annonce\"}]},{\"@type\":\"WebSite\",\"@id\":\"https:\/\/w-l-c.be\/fr\/#website\",\"url\":\"https:\/\/w-l-c.be\/fr\/\",\"name\":\"w-l-c\",\"description\":\"Le cin\u00e9ma vu par les belges\",\"potentialAction\":[{\"@type\":\"SearchAction\",\"target\":{\"@type\":\"EntryPoint\",\"urlTemplate\":\"https:\/\/w-l-c.be\/fr\/?s={search_term_string}\"},\"query-input\":\"required name=search_term_string\"}],\"inLanguage\":\"fr-FR\"},{\"@type\":\"Person\",\"@id\":\"https:\/\/w-l-c.be\/fr\/#\/schema\/person\/8084b68c6b176142d073695c654dc7cf\",\"name\":\"Aurore Engelen\",\"url\":\"https:\/\/w-l-c.be\/fr\/author\/aurore-engelen\/\"}]}<\/script>\n<!-- \/ Yoast SEO plugin. -->","yoast_head_json":{"title":"\"Noces\" de Stephan Streker: la bande-annonce - w-l-c","robots":{"index":"noindex","follow":"follow","max-snippet":"max-snippet:-1","max-image-preview":"max-image-preview:large","max-video-preview":"max-video-preview:-1"},"og_locale":"fr_FR","og_type":"article","og_title":"\"Noces\" de Stephan Streker: la bande-annonce - w-l-c","og_description":"&nbsp; Zahira, 18 ans, est tr\u00e8s proche de chacun des membres de sa famille jusqu\u2019au jour o\u00f9 on lui impose un mariage selon la tradition pakistanaise. \u00c9cartel\u00e9e entre les exigences de ses parents, son mode de vie occidental et ses aspirations de libert\u00e9, la jeune fille compte sur l\u2019aide de son fr\u00e8re a\u00een\u00e9 et confident, &hellip;","og_url":"https:\/\/w-l-c.be\/fr\/noces-de-stephan-streker-bande-annonce-francaise\/","og_site_name":"w-l-c","article_published_time":"2017-01-06T08:42:39+00:00","article_modified_time":"2017-05-16T15:10:40+00:00","og_image":[{"width":1920,"height":1080,"url":"https:\/\/w-l-c.be\/wp-content\/uploads\/2017\/01\/Noces1.jpg","type":"image\/jpeg"}],"author":"Aurore Engelen","twitter_card":"summary_large_image","twitter_misc":{"\u00c9crit par":"Aurore Engelen","Dur\u00e9e de lecture estim\u00e9e":"1 minute"},"schema":{"@context":"https:\/\/schema.org","@graph":[{"@type":"WebPage","@id":"https:\/\/w-l-c.be\/fr\/noces-de-stephan-streker-bande-annonce-francaise\/","url":"https:\/\/w-l-c.be\/fr\/noces-de-stephan-streker-bande-annonce-francaise\/","name":"\"Noces\" de Stephan Streker: la bande-annonce - w-l-c","isPartOf":{"@id":"https:\/\/w-l-c.be\/fr\/#website"},"datePublished":"2017-01-06T08:42:39+00:00","dateModified":"2017-05-16T15:10:40+00:00","author":{"@id":"https:\/\/w-l-c.be\/fr\/#\/schema\/person\/8084b68c6b176142d073695c654dc7cf"},"breadcrumb":{"@id":"https:\/\/w-l-c.be\/fr\/noces-de-stephan-streker-bande-annonce-francaise\/#breadcrumb"},"inLanguage":"fr-FR","potentialAction":[{"@type":"ReadAction","target":["https:\/\/w-l-c.be\/fr\/noces-de-stephan-streker-bande-annonce-francaise\/"]}]},{"@type":"BreadcrumbList","@id":"https:\/\/w-l-c.be\/fr\/noces-de-stephan-streker-bande-annonce-francaise\/#breadcrumb","itemListElement":[{"@type":"ListItem","position":1,"name":"Accueil","item":"https:\/\/w-l-c.be\/fr\/"},{"@type":"ListItem","position":2,"name":"\u00ab\u00a0Noces\u00a0\u00bb de Stephan Streker: la bande-annonce"}]},{"@type":"WebSite","@id":"https:\/\/w-l-c.be\/fr\/#website","url":"https:\/\/w-l-c.be\/fr\/","name":"w-l-c","description":"Le cin\u00e9ma vu par les belges","potentialAction":[{"@type":"SearchAction","target":{"@type":"EntryPoint","urlTemplate":"https:\/\/w-l-c.be\/fr\/?s={search_term_string}"},"query-input":"required name=search_term_string"}],"inLanguage":"fr-FR"},{"@type":"Person","@id":"https:\/\/w-l-c.be\/fr\/#\/schema\/person\/8084b68c6b176142d073695c654dc7cf","name":"Aurore Engelen","url":"https:\/\/w-l-c.be\/fr\/author\/aurore-engelen\/"}]}},"_links":{"self":[{"href":"https:\/\/w-l-c.be\/fr\/wp-json\/wp\/v2\/posts\/194910","targetHints":{"allow":["GET"]}}],"collection":[{"href":"https:\/\/w-l-c.be\/fr\/wp-json\/wp\/v2\/posts"}],"about":[{"href":"https:\/\/w-l-c.be\/fr\/wp-json\/wp\/v2\/types\/post"}],"author":[{"embeddable":true,"href":"https:\/\/w-l-c.be\/fr\/wp-json\/wp\/v2\/users\/343"}],"replies":[{"embeddable":true,"href":"https:\/\/w-l-c.be\/fr\/wp-json\/wp\/v2\/comments?post=194910"}],"version-history":[{"count":0,"href":"https:\/\/w-l-c.be\/fr\/wp-json\/wp\/v2\/posts\/194910\/revisions"}],"wp:featuredmedia":[{"embeddable":true,"href":"https:\/\/w-l-c.be\/fr\/wp-json\/wp\/v2\/media\/194912"}],"wp:attachment":[{"href":"https:\/\/w-l-c.be\/fr\/wp-json\/wp\/v2\/media?parent=194910"}],"wp:term":[{"taxonomy":"category","embeddable":true,"href":"https:\/\/w-l-c.be\/fr\/wp-json\/wp\/v2\/categories?post=194910"},{"taxonomy":"post_tag","embeddable":true,"href":"https:\/\/w-l-c.be\/fr\/wp-json\/wp\/v2\/tags?post=194910"}],"curies":[{"name":"wp","href":"https:\/\/api.w.org\/{rel}","templated":true}]}}