
{"id":194914,"date":"2017-01-06T15:23:54","date_gmt":"2017-01-06T14:23:54","guid":{"rendered":"http:\/\/www.cinevox.be\/?p=94914"},"modified":"2017-01-06T17:41:23","modified_gmt":"2017-01-06T16:41:23","slug":"94914","status":"publish","type":"post","link":"https:\/\/w-l-c.be\/fr\/94914\/","title":{"rendered":"Casting enfants pour le prochain long m\u00e9trage de John Shank et Anna Falgueres, \u00ab\u00a0Pompe\u00ef\u00a0\u00bb"},"content":{"rendered":"<p>Dans le cadre du prochain film d\u2019Anna Falgueres et John Shank <em><strong>Pompe\u00ef<\/strong><\/em>\u00a0(titre provisoire) produit par Tarantula Production, on recherche <strong>des enfants (8-18 ans<\/strong>) pour former un groupe d\u2019ami(e)s (certains r\u00f4les importants, d\u2019autres plus petits).<\/p>\n<p><!--more--><\/p>\n<p>&nbsp;<\/p>\n<p>&nbsp;<\/p>\n<p>&nbsp;<\/p>\n<p>&nbsp;<\/p>\n<p>&nbsp;<\/p>\n<p>Le\u00a0film de fin d&rsquo;\u00e9tudes de John Shank, <em>Un veau pleurait, la nuit<\/em>, \u00e0 \u00e9t\u00e9 s\u00e9lectionn\u00e9 au Festival de Cannes. Son premier long m\u00e9trage, <em>L&rsquo;Hiver Dernier<\/em>, avec Vincent Rottiers et Ana\u00efs Demoustier, a \u00e9t\u00e9 s\u00e9lectionn\u00e9 \u00e0 aux festivals\u00a0de Venise (Venice Days) et Toronto. Anna Falgueres quant \u00e0 elle est connue pour son travail de d\u00e9coratrice sur les pr\u00e9c\u00e9dents films de John Shank, mais aussi sur <em>L&rsquo;Avenir<\/em> de Mia Hansen-Love, <em>La Belle Saison<\/em> de Catherine Corsini, ou encore <em>Suzanne<\/em> de Katell Quiliv\u00e9r\u00e9.<\/p>\n<p>Le tournage aura lieu durant les grandes vacances 2017 ou 2018.<\/p>\n<p>Si votre enfant est int\u00e9ress\u00e9(e), veuillez pouvez\u00a0envoyer un mail \u00e0 l\u2019adresse\u00a0:<\/p>\n<p><a href=\"mailto:Pompeicasting@gmail.com\">Pompeicasting@gmail.com<\/a><\/p>\n<p>&nbsp;<\/p>\n<p>Le mail doit comprendre\u00a0:<\/p>\n<ol>\n<li><strong>vos coordonn\u00e9es compl\u00e8tes<\/strong> (ne pas oublier le num\u00e9ro de t\u00e9l\u00e9phone)<\/li>\n<li><strong>Deux photos<\/strong> (visage et plein pied)<\/li>\n<li><strong>Une br\u00e8ve auto description<\/strong> faite par votre enfant (br\u00e8ve description + int\u00e9r\u00eats)<\/li>\n<\/ol>\n<p>&nbsp;<\/p>\n<p>Si votre enfant correspond, vous serez recontact\u00e9\u00a0ult\u00e9rieurement pour une \u00e9tape de casting film\u00e9e et pour vous obtenir\u00a0plus d\u2019informations.<\/p>\n","protected":false},"excerpt":{"rendered":"<p>Dans le cadre du prochain film d\u2019Anna Falgueres et John Shank Pompe\u00ef\u00a0(titre provisoire) produit par Tarantula Production, on recherche des enfants (8-18 ans) pour former un groupe d\u2019ami(e)s (certains r\u00f4les importants, d\u2019autres plus petits).<\/p>\n","protected":false},"author":343,"featured_media":194919,"comment_status":"closed","ping_status":"closed","sticky":false,"template":"","format":"standard","meta":{"ngg_post_thumbnail":0,"footnotes":""},"categories":[20],"tags":[],"class_list":["post-194914","post","type-post","status-publish","format-standard","has-post-thumbnail","","category-cinejobs"],"yoast_head":"<!-- This site is optimized with the Yoast SEO plugin v20.4 - https:\/\/yoast.com\/wordpress\/plugins\/seo\/ -->\n<title>Casting enfants pour le prochain long m\u00e9trage de John Shank et Anna Falgueres, &quot;Pompe\u00ef&quot; - w-l-c<\/title>\n<meta name=\"robots\" content=\"noindex, follow, max-snippet:-1, max-image-preview:large, max-video-preview:-1\" \/>\n<meta property=\"og:locale\" content=\"fr_FR\" \/>\n<meta property=\"og:type\" content=\"article\" \/>\n<meta property=\"og:title\" content=\"Casting enfants pour le prochain long m\u00e9trage de John Shank et Anna Falgueres, &quot;Pompe\u00ef&quot; - w-l-c\" \/>\n<meta property=\"og:description\" content=\"Dans le cadre du prochain film d\u2019Anna Falgueres et John Shank Pompe\u00ef\u00a0(titre provisoire) produit par Tarantula Production, on recherche des enfants (8-18 ans) pour former un groupe d\u2019ami(e)s (certains r\u00f4les importants, d\u2019autres plus petits).\" \/>\n<meta property=\"og:url\" content=\"https:\/\/w-l-c.be\/fr\/94914\/\" \/>\n<meta property=\"og:site_name\" content=\"w-l-c\" \/>\n<meta property=\"article:published_time\" content=\"2017-01-06T14:23:54+00:00\" \/>\n<meta property=\"article:modified_time\" content=\"2017-01-06T16:41:23+00:00\" \/>\n<meta property=\"og:image\" content=\"https:\/\/w-l-c.be\/wp-content\/uploads\/2017\/01\/201401010588-full.jpg\" \/>\n\t<meta property=\"og:image:width\" content=\"700\" \/>\n\t<meta property=\"og:image:height\" content=\"600\" \/>\n\t<meta property=\"og:image:type\" content=\"image\/jpeg\" \/>\n<meta name=\"author\" content=\"Aurore Engelen\" \/>\n<meta name=\"twitter:card\" content=\"summary_large_image\" \/>\n<meta name=\"twitter:label1\" content=\"\u00c9crit par\" \/>\n\t<meta name=\"twitter:data1\" content=\"Aurore Engelen\" \/>\n\t<meta name=\"twitter:label2\" content=\"Dur\u00e9e de lecture estim\u00e9e\" \/>\n\t<meta name=\"twitter:data2\" content=\"1 minute\" \/>\n<script type=\"application\/ld+json\" class=\"yoast-schema-graph\">{\"@context\":\"https:\/\/schema.org\",\"@graph\":[{\"@type\":\"WebPage\",\"@id\":\"https:\/\/w-l-c.be\/fr\/94914\/\",\"url\":\"https:\/\/w-l-c.be\/fr\/94914\/\",\"name\":\"Casting enfants pour le prochain long m\u00e9trage de John Shank et Anna Falgueres, \\\"Pompe\u00ef\\\" - w-l-c\",\"isPartOf\":{\"@id\":\"https:\/\/w-l-c.be\/fr\/#website\"},\"datePublished\":\"2017-01-06T14:23:54+00:00\",\"dateModified\":\"2017-01-06T16:41:23+00:00\",\"author\":{\"@id\":\"https:\/\/w-l-c.be\/fr\/#\/schema\/person\/8084b68c6b176142d073695c654dc7cf\"},\"breadcrumb\":{\"@id\":\"https:\/\/w-l-c.be\/fr\/94914\/#breadcrumb\"},\"inLanguage\":\"fr-FR\",\"potentialAction\":[{\"@type\":\"ReadAction\",\"target\":[\"https:\/\/w-l-c.be\/fr\/94914\/\"]}]},{\"@type\":\"BreadcrumbList\",\"@id\":\"https:\/\/w-l-c.be\/fr\/94914\/#breadcrumb\",\"itemListElement\":[{\"@type\":\"ListItem\",\"position\":1,\"name\":\"Accueil\",\"item\":\"https:\/\/w-l-c.be\/fr\/\"},{\"@type\":\"ListItem\",\"position\":2,\"name\":\"Casting enfants pour le prochain long m\u00e9trage de John Shank et Anna Falgueres, \u00ab\u00a0Pompe\u00ef\u00a0\u00bb\"}]},{\"@type\":\"WebSite\",\"@id\":\"https:\/\/w-l-c.be\/fr\/#website\",\"url\":\"https:\/\/w-l-c.be\/fr\/\",\"name\":\"w-l-c\",\"description\":\"Le cin\u00e9ma vu par les belges\",\"potentialAction\":[{\"@type\":\"SearchAction\",\"target\":{\"@type\":\"EntryPoint\",\"urlTemplate\":\"https:\/\/w-l-c.be\/fr\/?s={search_term_string}\"},\"query-input\":\"required name=search_term_string\"}],\"inLanguage\":\"fr-FR\"},{\"@type\":\"Person\",\"@id\":\"https:\/\/w-l-c.be\/fr\/#\/schema\/person\/8084b68c6b176142d073695c654dc7cf\",\"name\":\"Aurore Engelen\",\"url\":\"https:\/\/w-l-c.be\/fr\/author\/aurore-engelen\/\"}]}<\/script>\n<!-- \/ Yoast SEO plugin. -->","yoast_head_json":{"title":"Casting enfants pour le prochain long m\u00e9trage de John Shank et Anna Falgueres, \"Pompe\u00ef\" - w-l-c","robots":{"index":"noindex","follow":"follow","max-snippet":"max-snippet:-1","max-image-preview":"max-image-preview:large","max-video-preview":"max-video-preview:-1"},"og_locale":"fr_FR","og_type":"article","og_title":"Casting enfants pour le prochain long m\u00e9trage de John Shank et Anna Falgueres, \"Pompe\u00ef\" - w-l-c","og_description":"Dans le cadre du prochain film d\u2019Anna Falgueres et John Shank Pompe\u00ef\u00a0(titre provisoire) produit par Tarantula Production, on recherche des enfants (8-18 ans) pour former un groupe d\u2019ami(e)s (certains r\u00f4les importants, d\u2019autres plus petits).","og_url":"https:\/\/w-l-c.be\/fr\/94914\/","og_site_name":"w-l-c","article_published_time":"2017-01-06T14:23:54+00:00","article_modified_time":"2017-01-06T16:41:23+00:00","og_image":[{"width":700,"height":600,"url":"https:\/\/w-l-c.be\/wp-content\/uploads\/2017\/01\/201401010588-full.jpg","type":"image\/jpeg"}],"author":"Aurore Engelen","twitter_card":"summary_large_image","twitter_misc":{"\u00c9crit par":"Aurore Engelen","Dur\u00e9e de lecture estim\u00e9e":"1 minute"},"schema":{"@context":"https:\/\/schema.org","@graph":[{"@type":"WebPage","@id":"https:\/\/w-l-c.be\/fr\/94914\/","url":"https:\/\/w-l-c.be\/fr\/94914\/","name":"Casting enfants pour le prochain long m\u00e9trage de John Shank et Anna Falgueres, \"Pompe\u00ef\" - w-l-c","isPartOf":{"@id":"https:\/\/w-l-c.be\/fr\/#website"},"datePublished":"2017-01-06T14:23:54+00:00","dateModified":"2017-01-06T16:41:23+00:00","author":{"@id":"https:\/\/w-l-c.be\/fr\/#\/schema\/person\/8084b68c6b176142d073695c654dc7cf"},"breadcrumb":{"@id":"https:\/\/w-l-c.be\/fr\/94914\/#breadcrumb"},"inLanguage":"fr-FR","potentialAction":[{"@type":"ReadAction","target":["https:\/\/w-l-c.be\/fr\/94914\/"]}]},{"@type":"BreadcrumbList","@id":"https:\/\/w-l-c.be\/fr\/94914\/#breadcrumb","itemListElement":[{"@type":"ListItem","position":1,"name":"Accueil","item":"https:\/\/w-l-c.be\/fr\/"},{"@type":"ListItem","position":2,"name":"Casting enfants pour le prochain long m\u00e9trage de John Shank et Anna Falgueres, \u00ab\u00a0Pompe\u00ef\u00a0\u00bb"}]},{"@type":"WebSite","@id":"https:\/\/w-l-c.be\/fr\/#website","url":"https:\/\/w-l-c.be\/fr\/","name":"w-l-c","description":"Le cin\u00e9ma vu par les belges","potentialAction":[{"@type":"SearchAction","target":{"@type":"EntryPoint","urlTemplate":"https:\/\/w-l-c.be\/fr\/?s={search_term_string}"},"query-input":"required name=search_term_string"}],"inLanguage":"fr-FR"},{"@type":"Person","@id":"https:\/\/w-l-c.be\/fr\/#\/schema\/person\/8084b68c6b176142d073695c654dc7cf","name":"Aurore Engelen","url":"https:\/\/w-l-c.be\/fr\/author\/aurore-engelen\/"}]}},"_links":{"self":[{"href":"https:\/\/w-l-c.be\/fr\/wp-json\/wp\/v2\/posts\/194914","targetHints":{"allow":["GET"]}}],"collection":[{"href":"https:\/\/w-l-c.be\/fr\/wp-json\/wp\/v2\/posts"}],"about":[{"href":"https:\/\/w-l-c.be\/fr\/wp-json\/wp\/v2\/types\/post"}],"author":[{"embeddable":true,"href":"https:\/\/w-l-c.be\/fr\/wp-json\/wp\/v2\/users\/343"}],"replies":[{"embeddable":true,"href":"https:\/\/w-l-c.be\/fr\/wp-json\/wp\/v2\/comments?post=194914"}],"version-history":[{"count":0,"href":"https:\/\/w-l-c.be\/fr\/wp-json\/wp\/v2\/posts\/194914\/revisions"}],"wp:featuredmedia":[{"embeddable":true,"href":"https:\/\/w-l-c.be\/fr\/wp-json\/wp\/v2\/media\/194919"}],"wp:attachment":[{"href":"https:\/\/w-l-c.be\/fr\/wp-json\/wp\/v2\/media?parent=194914"}],"wp:term":[{"taxonomy":"category","embeddable":true,"href":"https:\/\/w-l-c.be\/fr\/wp-json\/wp\/v2\/categories?post=194914"},{"taxonomy":"post_tag","embeddable":true,"href":"https:\/\/w-l-c.be\/fr\/wp-json\/wp\/v2\/tags?post=194914"}],"curies":[{"name":"wp","href":"https:\/\/api.w.org\/{rel}","templated":true}]}}