
{"id":194997,"date":"2017-01-08T10:25:10","date_gmt":"2017-01-08T09:25:10","guid":{"rendered":"http:\/\/www.cinevox.be\/?p=94997"},"modified":"2017-05-16T19:48:03","modified_gmt":"2017-05-16T17:48:03","slug":"chez-nous-en-premiere-mondiale-a-rotterdam","status":"publish","type":"post","link":"https:\/\/w-l-c.be\/fr\/chez-nous-en-premiere-mondiale-a-rotterdam\/","title":{"rendered":"\u00ab\u00a0Chez Nous\u00a0\u00bb en premi\u00e8re mondiale \u00e0 Rotterdam"},"content":{"rendered":"<p><em>Chez nous<\/em>, le nouveau film tr\u00e8s attendu de Lucas Belvaux qui cr\u00e9e la pol\u00e9mique avant m\u00eame d&rsquo;avoir \u00e9t\u00e9 montr\u00e9 &#8211; il faut dire que son portrait d&rsquo;une jeune candidate du Bloc (un alias fictif du Front National) a un \u00e9cho tout particulier \u00e0 l&rsquo;or\u00e9e de l&rsquo;ann\u00e9e \u00e9lectorale fran\u00e7aise -, prendra part \u00e0 la\u00a0Big Screen Competition au Festival International du Film de Rotterdam, qui aura lieu du 25 janvier au 5 f\u00e9vrier prochains.<\/p>\n<p><!--more--><\/p>\n<p>&nbsp;<\/p>\n<p>On retrouvera \u00e9galement \u00e0 l&rsquo;affiche du prestigieux festival hollandais deux films belges en exclusivit\u00e9.\u00a0<em>HAMSTERs<\/em> de Martine Doyen d\u00e9peint\u00a0un ph\u00e9nom\u00e8ne d\u2019hyst\u00e9rie collective, une manie dansante pareille \u00e0 celle observ\u00e9e en 1564 \u00e0 Molenbeek, qui s\u2019est d\u00e9clench\u00e9e dans les Marolles. Des personnes \u00ab contamin\u00e9es \u00bb se regroupent dans les rues pour danser fr\u00e9n\u00e9tiquement. Ils n\u2019ont rien en commun si ce n\u2019est d\u2019avoir assist\u00e9, de pr\u00e8s ou de loin, \u00e0 un attentat terroriste. On a d\u00e9couvert Martin Doyen il y a quelques ann\u00e9es avec <em>Komma<\/em>, long m\u00e9trage s\u00e9lectionn\u00e9 \u00e0 la Semaine de la Critique de Cannes, et o\u00f9 le chanteur Arno trouvait son premier grand r\u00f4le. Avec <em>HAMSTERs<\/em>, pr\u00e9sent\u00e9 en premi\u00e8re mondiale dans le programme th\u00e9matique A Band Apart,\u00a0Martine Doyen livre une proposition cin\u00e9matographique atypique et exp\u00e9rimentale.<\/p>\n<p>&nbsp;<\/p>\n<p>Autre exclusivit\u00e9, le documentaire <em>Boli Bana<\/em> du nouveau-venu Simon Gillard, dont le court m\u00e9trage <em>Yaar<\/em>, diffus\u00e9 dans de nombreux festivals, avait remport\u00e9 deux prix au prestigieux Festival dei Popoli.<\/p>\n<p>&nbsp;<\/p>\n<p>Le Festival offrira\u00a0\u00e9galement l&rsquo;opportunit\u00e9 \u00e0\u00a0son large public de d\u00e9couvrir le long m\u00e9trage de t\u00e9l\u00e9vision\u00a0<em>Sanctuaire<\/em> d\u2019Olivier Masset-Depasse,\u00a0<em>Noces<\/em> de Stephan Streker, ainsi que la coproduction belge, <em>Grave<\/em> de Julia Ducournau, qui avait fait sensation \u00e0 la Semaine de la Critique \u00e0 Cannes.<\/p>\n<p>&nbsp;<\/p>\n<p>Pour plus d&rsquo;informations, le programme est en ligne <a href=\"https:\/\/iffr.com\/nl\/programma-2017\">ici<\/a>.<\/p>\n","protected":false},"excerpt":{"rendered":"<p>Chez nous, le nouveau film tr\u00e8s attendu de Lucas Belvaux qui cr\u00e9e la pol\u00e9mique avant m\u00eame d&rsquo;avoir \u00e9t\u00e9 montr\u00e9 &#8211; il faut dire que son portrait d&rsquo;une jeune candidate du Bloc (un alias fictif du Front National) a un \u00e9cho tout particulier \u00e0 l&rsquo;or\u00e9e de l&rsquo;ann\u00e9e \u00e9lectorale fran\u00e7aise -, prendra part \u00e0 la\u00a0Big Screen Competition &hellip;<\/p>\n","protected":false},"author":343,"featured_media":194999,"comment_status":"closed","ping_status":"closed","sticky":false,"template":"","format":"standard","meta":{"ngg_post_thumbnail":0,"footnotes":""},"categories":[12,7],"tags":[],"class_list":["post-194997","post","type-post","status-publish","format-standard","has-post-thumbnail","","category-awards","category-actualites"],"yoast_head":"<!-- This site is optimized with the Yoast SEO plugin v20.4 - https:\/\/yoast.com\/wordpress\/plugins\/seo\/ -->\n<title>&quot;Chez Nous&quot; en premi\u00e8re mondiale \u00e0 Rotterdam - w-l-c<\/title>\n<meta name=\"robots\" content=\"noindex, follow, max-snippet:-1, max-image-preview:large, max-video-preview:-1\" \/>\n<meta property=\"og:locale\" content=\"fr_FR\" \/>\n<meta property=\"og:type\" content=\"article\" \/>\n<meta property=\"og:title\" content=\"&quot;Chez Nous&quot; en premi\u00e8re mondiale \u00e0 Rotterdam - w-l-c\" \/>\n<meta property=\"og:description\" content=\"Chez nous, le nouveau film tr\u00e8s attendu de Lucas Belvaux qui cr\u00e9e la pol\u00e9mique avant m\u00eame d&rsquo;avoir \u00e9t\u00e9 montr\u00e9 &#8211; il faut dire que son portrait d&rsquo;une jeune candidate du Bloc (un alias fictif du Front National) a un \u00e9cho tout particulier \u00e0 l&rsquo;or\u00e9e de l&rsquo;ann\u00e9e \u00e9lectorale fran\u00e7aise -, prendra part \u00e0 la\u00a0Big Screen Competition &hellip;\" \/>\n<meta property=\"og:url\" content=\"https:\/\/w-l-c.be\/fr\/chez-nous-en-premiere-mondiale-a-rotterdam\/\" \/>\n<meta property=\"og:site_name\" content=\"w-l-c\" \/>\n<meta property=\"article:published_time\" content=\"2017-01-08T09:25:10+00:00\" \/>\n<meta property=\"article:modified_time\" content=\"2017-05-16T17:48:03+00:00\" \/>\n<meta property=\"og:image\" content=\"https:\/\/w-l-c.be\/wp-content\/uploads\/2017\/01\/Chez-nous-0267.jpg\" \/>\n\t<meta property=\"og:image:width\" content=\"1600\" \/>\n\t<meta property=\"og:image:height\" content=\"1066\" \/>\n\t<meta property=\"og:image:type\" content=\"image\/jpeg\" \/>\n<meta name=\"author\" content=\"Aurore Engelen\" \/>\n<meta name=\"twitter:card\" content=\"summary_large_image\" \/>\n<meta name=\"twitter:label1\" content=\"\u00c9crit par\" \/>\n\t<meta name=\"twitter:data1\" content=\"Aurore Engelen\" \/>\n\t<meta name=\"twitter:label2\" content=\"Dur\u00e9e de lecture estim\u00e9e\" \/>\n\t<meta name=\"twitter:data2\" content=\"2 minutes\" \/>\n<script type=\"application\/ld+json\" class=\"yoast-schema-graph\">{\"@context\":\"https:\/\/schema.org\",\"@graph\":[{\"@type\":\"WebPage\",\"@id\":\"https:\/\/w-l-c.be\/fr\/chez-nous-en-premiere-mondiale-a-rotterdam\/\",\"url\":\"https:\/\/w-l-c.be\/fr\/chez-nous-en-premiere-mondiale-a-rotterdam\/\",\"name\":\"\\\"Chez Nous\\\" en premi\u00e8re mondiale \u00e0 Rotterdam - w-l-c\",\"isPartOf\":{\"@id\":\"https:\/\/w-l-c.be\/fr\/#website\"},\"datePublished\":\"2017-01-08T09:25:10+00:00\",\"dateModified\":\"2017-05-16T17:48:03+00:00\",\"author\":{\"@id\":\"https:\/\/w-l-c.be\/fr\/#\/schema\/person\/8084b68c6b176142d073695c654dc7cf\"},\"breadcrumb\":{\"@id\":\"https:\/\/w-l-c.be\/fr\/chez-nous-en-premiere-mondiale-a-rotterdam\/#breadcrumb\"},\"inLanguage\":\"fr-FR\",\"potentialAction\":[{\"@type\":\"ReadAction\",\"target\":[\"https:\/\/w-l-c.be\/fr\/chez-nous-en-premiere-mondiale-a-rotterdam\/\"]}]},{\"@type\":\"BreadcrumbList\",\"@id\":\"https:\/\/w-l-c.be\/fr\/chez-nous-en-premiere-mondiale-a-rotterdam\/#breadcrumb\",\"itemListElement\":[{\"@type\":\"ListItem\",\"position\":1,\"name\":\"Accueil\",\"item\":\"https:\/\/w-l-c.be\/fr\/\"},{\"@type\":\"ListItem\",\"position\":2,\"name\":\"\u00ab\u00a0Chez Nous\u00a0\u00bb en premi\u00e8re mondiale \u00e0 Rotterdam\"}]},{\"@type\":\"WebSite\",\"@id\":\"https:\/\/w-l-c.be\/fr\/#website\",\"url\":\"https:\/\/w-l-c.be\/fr\/\",\"name\":\"w-l-c\",\"description\":\"Le cin\u00e9ma vu par les belges\",\"potentialAction\":[{\"@type\":\"SearchAction\",\"target\":{\"@type\":\"EntryPoint\",\"urlTemplate\":\"https:\/\/w-l-c.be\/fr\/?s={search_term_string}\"},\"query-input\":\"required name=search_term_string\"}],\"inLanguage\":\"fr-FR\"},{\"@type\":\"Person\",\"@id\":\"https:\/\/w-l-c.be\/fr\/#\/schema\/person\/8084b68c6b176142d073695c654dc7cf\",\"name\":\"Aurore Engelen\",\"url\":\"https:\/\/w-l-c.be\/fr\/author\/aurore-engelen\/\"}]}<\/script>\n<!-- \/ Yoast SEO plugin. -->","yoast_head_json":{"title":"\"Chez Nous\" en premi\u00e8re mondiale \u00e0 Rotterdam - w-l-c","robots":{"index":"noindex","follow":"follow","max-snippet":"max-snippet:-1","max-image-preview":"max-image-preview:large","max-video-preview":"max-video-preview:-1"},"og_locale":"fr_FR","og_type":"article","og_title":"\"Chez Nous\" en premi\u00e8re mondiale \u00e0 Rotterdam - w-l-c","og_description":"Chez nous, le nouveau film tr\u00e8s attendu de Lucas Belvaux qui cr\u00e9e la pol\u00e9mique avant m\u00eame d&rsquo;avoir \u00e9t\u00e9 montr\u00e9 &#8211; il faut dire que son portrait d&rsquo;une jeune candidate du Bloc (un alias fictif du Front National) a un \u00e9cho tout particulier \u00e0 l&rsquo;or\u00e9e de l&rsquo;ann\u00e9e \u00e9lectorale fran\u00e7aise -, prendra part \u00e0 la\u00a0Big Screen Competition &hellip;","og_url":"https:\/\/w-l-c.be\/fr\/chez-nous-en-premiere-mondiale-a-rotterdam\/","og_site_name":"w-l-c","article_published_time":"2017-01-08T09:25:10+00:00","article_modified_time":"2017-05-16T17:48:03+00:00","og_image":[{"width":1600,"height":1066,"url":"https:\/\/w-l-c.be\/wp-content\/uploads\/2017\/01\/Chez-nous-0267.jpg","type":"image\/jpeg"}],"author":"Aurore Engelen","twitter_card":"summary_large_image","twitter_misc":{"\u00c9crit par":"Aurore Engelen","Dur\u00e9e de lecture estim\u00e9e":"2 minutes"},"schema":{"@context":"https:\/\/schema.org","@graph":[{"@type":"WebPage","@id":"https:\/\/w-l-c.be\/fr\/chez-nous-en-premiere-mondiale-a-rotterdam\/","url":"https:\/\/w-l-c.be\/fr\/chez-nous-en-premiere-mondiale-a-rotterdam\/","name":"\"Chez Nous\" en premi\u00e8re mondiale \u00e0 Rotterdam - w-l-c","isPartOf":{"@id":"https:\/\/w-l-c.be\/fr\/#website"},"datePublished":"2017-01-08T09:25:10+00:00","dateModified":"2017-05-16T17:48:03+00:00","author":{"@id":"https:\/\/w-l-c.be\/fr\/#\/schema\/person\/8084b68c6b176142d073695c654dc7cf"},"breadcrumb":{"@id":"https:\/\/w-l-c.be\/fr\/chez-nous-en-premiere-mondiale-a-rotterdam\/#breadcrumb"},"inLanguage":"fr-FR","potentialAction":[{"@type":"ReadAction","target":["https:\/\/w-l-c.be\/fr\/chez-nous-en-premiere-mondiale-a-rotterdam\/"]}]},{"@type":"BreadcrumbList","@id":"https:\/\/w-l-c.be\/fr\/chez-nous-en-premiere-mondiale-a-rotterdam\/#breadcrumb","itemListElement":[{"@type":"ListItem","position":1,"name":"Accueil","item":"https:\/\/w-l-c.be\/fr\/"},{"@type":"ListItem","position":2,"name":"\u00ab\u00a0Chez Nous\u00a0\u00bb en premi\u00e8re mondiale \u00e0 Rotterdam"}]},{"@type":"WebSite","@id":"https:\/\/w-l-c.be\/fr\/#website","url":"https:\/\/w-l-c.be\/fr\/","name":"w-l-c","description":"Le cin\u00e9ma vu par les belges","potentialAction":[{"@type":"SearchAction","target":{"@type":"EntryPoint","urlTemplate":"https:\/\/w-l-c.be\/fr\/?s={search_term_string}"},"query-input":"required name=search_term_string"}],"inLanguage":"fr-FR"},{"@type":"Person","@id":"https:\/\/w-l-c.be\/fr\/#\/schema\/person\/8084b68c6b176142d073695c654dc7cf","name":"Aurore Engelen","url":"https:\/\/w-l-c.be\/fr\/author\/aurore-engelen\/"}]}},"_links":{"self":[{"href":"https:\/\/w-l-c.be\/fr\/wp-json\/wp\/v2\/posts\/194997","targetHints":{"allow":["GET"]}}],"collection":[{"href":"https:\/\/w-l-c.be\/fr\/wp-json\/wp\/v2\/posts"}],"about":[{"href":"https:\/\/w-l-c.be\/fr\/wp-json\/wp\/v2\/types\/post"}],"author":[{"embeddable":true,"href":"https:\/\/w-l-c.be\/fr\/wp-json\/wp\/v2\/users\/343"}],"replies":[{"embeddable":true,"href":"https:\/\/w-l-c.be\/fr\/wp-json\/wp\/v2\/comments?post=194997"}],"version-history":[{"count":0,"href":"https:\/\/w-l-c.be\/fr\/wp-json\/wp\/v2\/posts\/194997\/revisions"}],"wp:featuredmedia":[{"embeddable":true,"href":"https:\/\/w-l-c.be\/fr\/wp-json\/wp\/v2\/media\/194999"}],"wp:attachment":[{"href":"https:\/\/w-l-c.be\/fr\/wp-json\/wp\/v2\/media?parent=194997"}],"wp:term":[{"taxonomy":"category","embeddable":true,"href":"https:\/\/w-l-c.be\/fr\/wp-json\/wp\/v2\/categories?post=194997"},{"taxonomy":"post_tag","embeddable":true,"href":"https:\/\/w-l-c.be\/fr\/wp-json\/wp\/v2\/tags?post=194997"}],"curies":[{"name":"wp","href":"https:\/\/api.w.org\/{rel}","templated":true}]}}