
{"id":195670,"date":"2017-01-25T13:23:50","date_gmt":"2017-01-25T12:23:50","guid":{"rendered":"http:\/\/www.cinevox.be\/?p=95670"},"modified":"2017-01-25T17:59:25","modified_gmt":"2017-01-25T16:59:25","slug":"les-dardenne-et-virginie-efira-aux-cesar","status":"publish","type":"post","link":"https:\/\/w-l-c.be\/fr\/les-dardenne-et-virginie-efira-aux-cesar\/","title":{"rendered":"Les Dardenne et Virginie Efira aux C\u00e9sar!"},"content":{"rendered":"<p>L&rsquo;Acad\u00e9mie des C\u00e9sar vient d&rsquo;annoncer les nominations pour\u00a0sa 42\u00e8me \u00e9dition, qui se tiendra le 24 f\u00e9vrier prochain \u00e0 Paris. Comme on le pressentait, Virginie Efira concourra logiquement pour le C\u00e9sar de la Meilleure actrice pour sa superbe prestation dans <em>Victoria<\/em> de Justine Triet, tandis que Luc et Jean-Pierre Dardenne seront en lice pour le C\u00e9sar du Meilleur film \u00e9tranger avec <em>La Fille Inconnue<\/em>.<\/p>\n<p><!--more--><\/p>\n<p>&nbsp;<\/p>\n<p>&nbsp;<\/p>\n<p><em>La Fille Inconnue<\/em>, dixi\u00e8me long m\u00e9trage des fr\u00e8res r\u00e9alisateurs, pr\u00e9sent\u00e9 \u00e0 Cannes au printemps dernier, fait donc partie des films nomm\u00e9s pour la course au C\u00e9sar du Meilleur Film Etranger, face \u00e0 <em>Aquarius<\/em> de Kleber Mendonca Filho, <em>Juste la fin du monde<\/em> de Xavier Dolan, <em>Manchester by the Sea<\/em> de Kenneth Lonergan, <em>Toni Erdmann<\/em> de Maren Ade, et deux films qu&rsquo;ils ont co-produits avec leur soci\u00e9t\u00e9 Les Films du Fleuve, <em>I, Daniel Blake<\/em> de Ken Loach et <em>Baccalaur\u00e9at<\/em> de Cristian Mungiu.<\/p>\n<div class=\"page\" title=\"Page 3\">\n<div class=\"layoutArea\">\n<div class=\"column\">\n<p><a href=\"http:\/\/www.cinevox.be\/wp-content\/uploads\/2017\/01\/LA-FILLE-INCONNUE.jpg\"><img loading=\"lazy\" decoding=\"async\" class=\"alignnone size-large wp-image-95672\" src=\"http:\/\/www.cinevox.be\/wp-content\/uploads\/2017\/01\/LA-FILLE-INCONNUE-800x532.jpg\" alt=\"LA-FILLE-INCONNUE\" width=\"640\" height=\"425\" \/><\/a><\/p>\n<p>&nbsp;<\/p>\n<p>Cette nomination des Dardenne, si elle s&rsquo;inscrit dans une continuit\u00e9 (ils\u00a0ont d\u00e9j\u00e0 \u00e9t\u00e9 nomm\u00e9s pour <em>La Promesse, L&rsquo;Enfant, Le Silence de Lorna, Le Gamin au v\u00e9lo et Deux jours, une nuit<\/em>, mais n&rsquo;ont encore jamais gagn\u00e9),\u00a0a une r\u00e9sonance toute particuli\u00e8re ici en Belgique, o\u00f9 le film, bien qu&rsquo;\u00e9ligible, n&rsquo;a pas \u00e9t\u00e9 retenu pour le round final des Magritte du cin\u00e9ma par les membres de l&rsquo;Acad\u00e9mie Andr\u00e9 Delvaux. Il est utile ici de pr\u00e9ciser que les membres de l&rsquo;Acad\u00e9mie qui \u00e9lisent les films ne sont pas les Magritte eux-m\u00eames, mais bien\u00a0les professionnels inscrits et votants. En 2015, beaucoup se r\u00e9jouissaient que les Dardenne soient enfin proph\u00e8tes en leur pays, alors qu&rsquo;ils raflaient nombre de prix aux Magritte pour <em>Deux jours, une nuit<\/em>, d&rsquo;autant qu&rsquo;en 2012, lors de la 2\u00e8me \u00e9dition des Magritte, la statuette leur avait \u00e9chapp\u00e9 pour <em>Le Gamin au v\u00e9lo<\/em> au profit des <em>G\u00e9ants<\/em> de Bouli Lanners. Il est \u00e9vident que cette belle nomination aux C\u00e9sar souligne cruellement l&rsquo;interpellante\u00a0absence cette ann\u00e9e des fr\u00e8res Dardenne aux Magritte. Il n&rsquo;est nullement question bien s\u00fbr de remettre en cause la pr\u00e9sence des autres films, tous m\u00e9ritants, et surtout qui ont suscit\u00e9 l&rsquo;enthousiasme et l&rsquo;adh\u00e9sion des votants, mais bien de saluer une fois encore l&rsquo;oeuvre des fr\u00e8res Dardenne, incroyable \u00e0 bien des \u00e9gards, et notamment par sa constance et sa densit\u00e9, et de gager que cette\u00a0absence lors de cette f\u00eate du cin\u00e9ma belge, ne repr\u00e9sente qu&rsquo;une pause momentan\u00e9e de Magritte dans leur longue et belle carri\u00e8re.<\/p>\n<p>&nbsp;<\/p>\n<p>Pas d&rsquo;h\u00e9sitation ni de surprise du c\u00f4t\u00e9 des com\u00e9diennes, o\u00f9 l&rsquo;on retrouve comme on le pensait et l&rsquo;esp\u00e9rait Virginie Efira, pour sa superbe prestation\u00a0dans <em>Victoria<\/em> de Justine Triet, qui a mis tout le monde d&rsquo;accord. Elle aura certes fort \u00e0 faire face \u00e0 la grande favorite, Isabelle Huppert, encore toute aur\u00e9ol\u00e9e de son Golden Globes, \u00e9galement en lice pour les Oscar pour <em>Elle<\/em> de Paul Verhoeven, mais aussi face \u00e0 Marion Cotillard par exemple pour <em>Mal de Pierres<\/em>, \u00e0 la r\u00e9v\u00e9lation Soko dans <em>La Danseuse<\/em>, ou la discr\u00e8te Judith Chemla dans <em>Une vie<\/em>. Mais cette nomination vient cl\u00f4turer une ann\u00e9e exceptionnelle qui a vu Virginie Efira passer du statut d&rsquo;actrice coup de coeur \u00e0 Actrice avec un grand A, un nouveau statut m\u00e9rit\u00e9 bien qu&rsquo;impressionnant, dont elle saura assur\u00e9ment tirer parti avec l&rsquo;intelligence et le recul n\u00e9cessaire.<\/p>\n<p><a href=\"http:\/\/www.cinevox.be\/wp-content\/uploads\/2017\/01\/Victoria-Virginie-Efira-superheroine-des-temps-modernes.jpg\"><img loading=\"lazy\" decoding=\"async\" class=\"alignnone size-large wp-image-95673\" src=\"http:\/\/www.cinevox.be\/wp-content\/uploads\/2017\/01\/Victoria-Virginie-Efira-superheroine-des-temps-modernes-800x559.jpg\" alt=\"Victoria-Virginie-Efira-superheroine-des-temps-modernes\" width=\"640\" height=\"447\" \/><\/a><\/p>\n<p>&nbsp;<\/p>\n<p>Il faisait partie des R\u00e9v\u00e9lations 2017 des C\u00e9sar, l&rsquo;avenir du cin\u00e9ma fran\u00e7ais en quelque sorte, il a transform\u00e9 l&rsquo;essai en obtenant une nomination pour son r\u00f4le dans <em>Elle<\/em> de Paul Verhoeven. \u00a0D\u00e9couvert il y 10 ans dans\u00a0El\u00e8ve Libre par Joachim Lafosse, Jonas Bloquet confirme avec brio tous les espoirs plac\u00e9s en lui.<\/p>\n<p><a href=\"http:\/\/www.cinevox.be\/wp-content\/uploads\/2017\/01\/Jonas-Bloquet.jpeg\"><img loading=\"lazy\" decoding=\"async\" class=\"alignnone size-full wp-image-95686\" src=\"http:\/\/www.cinevox.be\/wp-content\/uploads\/2017\/01\/Jonas-Bloquet.jpeg\" alt=\"Jonas Bloquet\" width=\"568\" height=\"400\" \/><\/a><\/p>\n<p>&nbsp;<\/p>\n<p>Notons enfin la nomination du chef op\u00e9rateur belge Christophe Beaucarne\u00a0pour le C\u00e9sar de la Meilleure Photo pour son travail sur <em>Mal de Pierres<\/em> de Nicole Garcia. Christophe Beaucarne est en quelque sorte un habitu\u00e9 des C\u00e9sar, puisqu&rsquo;il a d\u00e9j\u00e0 \u00e9t\u00e9 nomm\u00e9 pour <em>Coco avant Chanel<\/em> en 2010, <em>Tourn\u00e9e<\/em> en 2011et <em>La Belle\u00a0et la B\u00eate<\/em> en 2016. Notons \u00e9galement qu&rsquo;il a remport\u00e9 en 2011 le Magritte de la Meilleure Image pour <em>Mr Nobody<\/em> de Jaco Van Dormael. Ainsi que celle\u00a0de Pascaline Chavanne, nomm\u00e9e dans la cat\u00e9gorie Meilleurs Costumes, qu&rsquo;elle connait bien puisque c&rsquo;est sa 7\u00e8me nomination, pour <em>Frantz<\/em> de Fran\u00e7ois Ozon. Rappelons qu&rsquo;elle a d\u00e9j\u00e0 remport\u00e9 un C\u00e9sar en 2014 pour Renoir, et un Magritte l&rsquo;ann\u00e9e derni\u00e8re pour <em>La Dame dans l&rsquo;auto avec des lunettes et un fusil<\/em>.<\/p>\n<p>&nbsp;<\/p>\n<p>Le cin\u00e9ma belge est \u00e9galement fort de ses nombreuses collaborations et contributions artistiques. Chaque ann\u00e9e, de nombreux films sont coproduits par nos producteurs, et c&rsquo;est notamment le cas cette ann\u00e9e de <em>La Tortue Rouge<\/em> de Michael Dudok de Wit, port\u00e9 en Belgique par Belvision, en lice aux C\u00e9sar (et aux Magritte) pour le Prix du Meilleur Film d&rsquo;animation, ou encore de <em>Elle<\/em> de Paul Verhoeven, coproduit en Belgique par Entre chien et Loup, qui concourt pour moult cat\u00e9gories aux C\u00e9sar, dont celle du meilleur film. on a not\u00e9 la nomination de Judith Chemla pour <em>Une vie<\/em> de St\u00e9phane Briz\u00e9, co-produit en Belgique par Versus. Enfin, on retiendra \u00e9galement parmi les nominations pour le C\u00e9sar du Meilleur Premier Film deux longs m\u00e9trages, <em>La Danseuse<\/em> de St\u00e9phanie Di Giusto, l\u00e0 aussi co-produit par Les Films du Fleuve (qui vaut \u00e9galement des nominations \u00e0 son riche cast f\u00e9minin, Soko en t\u00eate, mais aussi M\u00e9lanie Thierry et Lily-Rose Depp) et <em>Diamant Noir<\/em> d&rsquo;Arthur Harari, co-produit par la soci\u00e9t\u00e9 li\u00e9geoise Frakas, et\u00a0qui vaut \u00e9galement une nomination dans la cat\u00e9gorie Meilleur espoir masculin \u00e0 Niels Schneider. Frakas produit \u00e9galement <em>R\u00e9parer les vivants<\/em> de Katell Quill\u00e9v\u00e9r\u00e9, nomm\u00e9e avec Gilles Taurand pour la Meilleure adaptation.<\/p>\n<\/div>\n<\/div>\n<\/div>\n","protected":false},"excerpt":{"rendered":"<p>L&rsquo;Acad\u00e9mie des C\u00e9sar vient d&rsquo;annoncer les nominations pour\u00a0sa 42\u00e8me \u00e9dition, qui se tiendra le 24 f\u00e9vrier prochain \u00e0 Paris. Comme on le pressentait, Virginie Efira concourra logiquement pour le C\u00e9sar de la Meilleure actrice pour sa superbe prestation dans Victoria de Justine Triet, tandis que Luc et Jean-Pierre Dardenne seront en lice pour le C\u00e9sar &hellip;<\/p>\n","protected":false},"author":343,"featured_media":195675,"comment_status":"closed","ping_status":"closed","sticky":false,"template":"","format":"standard","meta":{"ngg_post_thumbnail":0,"footnotes":""},"categories":[12,7],"tags":[],"class_list":["post-195670","post","type-post","status-publish","format-standard","has-post-thumbnail","","category-awards","category-actualites"],"yoast_head":"<!-- This site is optimized with the Yoast SEO plugin v20.4 - https:\/\/yoast.com\/wordpress\/plugins\/seo\/ -->\n<title>Les Dardenne et Virginie Efira aux C\u00e9sar! - w-l-c<\/title>\n<meta name=\"robots\" content=\"noindex, follow, max-snippet:-1, max-image-preview:large, max-video-preview:-1\" \/>\n<meta property=\"og:locale\" content=\"fr_FR\" \/>\n<meta property=\"og:type\" content=\"article\" \/>\n<meta property=\"og:title\" content=\"Les Dardenne et Virginie Efira aux C\u00e9sar! - w-l-c\" \/>\n<meta property=\"og:description\" content=\"L&rsquo;Acad\u00e9mie des C\u00e9sar vient d&rsquo;annoncer les nominations pour\u00a0sa 42\u00e8me \u00e9dition, qui se tiendra le 24 f\u00e9vrier prochain \u00e0 Paris. Comme on le pressentait, Virginie Efira concourra logiquement pour le C\u00e9sar de la Meilleure actrice pour sa superbe prestation dans Victoria de Justine Triet, tandis que Luc et Jean-Pierre Dardenne seront en lice pour le C\u00e9sar &hellip;\" \/>\n<meta property=\"og:url\" content=\"https:\/\/w-l-c.be\/fr\/les-dardenne-et-virginie-efira-aux-cesar\/\" \/>\n<meta property=\"og:site_name\" content=\"w-l-c\" \/>\n<meta property=\"article:published_time\" content=\"2017-01-25T12:23:50+00:00\" \/>\n<meta property=\"article:modified_time\" content=\"2017-01-25T16:59:25+00:00\" \/>\n<meta property=\"og:image\" content=\"https:\/\/w-l-c.be\/wp-content\/uploads\/2017\/01\/Cesar.jpg\" \/>\n\t<meta property=\"og:image:width\" content=\"597\" \/>\n\t<meta property=\"og:image:height\" content=\"368\" \/>\n\t<meta property=\"og:image:type\" content=\"image\/jpeg\" \/>\n<meta name=\"author\" content=\"Aurore Engelen\" \/>\n<meta name=\"twitter:card\" content=\"summary_large_image\" \/>\n<meta name=\"twitter:label1\" content=\"\u00c9crit par\" \/>\n\t<meta name=\"twitter:data1\" content=\"Aurore Engelen\" \/>\n\t<meta name=\"twitter:label2\" content=\"Dur\u00e9e de lecture estim\u00e9e\" \/>\n\t<meta name=\"twitter:data2\" content=\"5 minutes\" \/>\n<script type=\"application\/ld+json\" class=\"yoast-schema-graph\">{\"@context\":\"https:\/\/schema.org\",\"@graph\":[{\"@type\":\"WebPage\",\"@id\":\"https:\/\/w-l-c.be\/fr\/les-dardenne-et-virginie-efira-aux-cesar\/\",\"url\":\"https:\/\/w-l-c.be\/fr\/les-dardenne-et-virginie-efira-aux-cesar\/\",\"name\":\"Les Dardenne et Virginie Efira aux C\u00e9sar! - w-l-c\",\"isPartOf\":{\"@id\":\"https:\/\/w-l-c.be\/fr\/#website\"},\"datePublished\":\"2017-01-25T12:23:50+00:00\",\"dateModified\":\"2017-01-25T16:59:25+00:00\",\"author\":{\"@id\":\"https:\/\/w-l-c.be\/fr\/#\/schema\/person\/8084b68c6b176142d073695c654dc7cf\"},\"breadcrumb\":{\"@id\":\"https:\/\/w-l-c.be\/fr\/les-dardenne-et-virginie-efira-aux-cesar\/#breadcrumb\"},\"inLanguage\":\"fr-FR\",\"potentialAction\":[{\"@type\":\"ReadAction\",\"target\":[\"https:\/\/w-l-c.be\/fr\/les-dardenne-et-virginie-efira-aux-cesar\/\"]}]},{\"@type\":\"BreadcrumbList\",\"@id\":\"https:\/\/w-l-c.be\/fr\/les-dardenne-et-virginie-efira-aux-cesar\/#breadcrumb\",\"itemListElement\":[{\"@type\":\"ListItem\",\"position\":1,\"name\":\"Accueil\",\"item\":\"https:\/\/w-l-c.be\/fr\/\"},{\"@type\":\"ListItem\",\"position\":2,\"name\":\"Les Dardenne et Virginie Efira aux C\u00e9sar!\"}]},{\"@type\":\"WebSite\",\"@id\":\"https:\/\/w-l-c.be\/fr\/#website\",\"url\":\"https:\/\/w-l-c.be\/fr\/\",\"name\":\"w-l-c\",\"description\":\"Le cin\u00e9ma vu par les belges\",\"potentialAction\":[{\"@type\":\"SearchAction\",\"target\":{\"@type\":\"EntryPoint\",\"urlTemplate\":\"https:\/\/w-l-c.be\/fr\/?s={search_term_string}\"},\"query-input\":\"required name=search_term_string\"}],\"inLanguage\":\"fr-FR\"},{\"@type\":\"Person\",\"@id\":\"https:\/\/w-l-c.be\/fr\/#\/schema\/person\/8084b68c6b176142d073695c654dc7cf\",\"name\":\"Aurore Engelen\",\"url\":\"https:\/\/w-l-c.be\/fr\/author\/aurore-engelen\/\"}]}<\/script>\n<!-- \/ Yoast SEO plugin. -->","yoast_head_json":{"title":"Les Dardenne et Virginie Efira aux C\u00e9sar! - w-l-c","robots":{"index":"noindex","follow":"follow","max-snippet":"max-snippet:-1","max-image-preview":"max-image-preview:large","max-video-preview":"max-video-preview:-1"},"og_locale":"fr_FR","og_type":"article","og_title":"Les Dardenne et Virginie Efira aux C\u00e9sar! - w-l-c","og_description":"L&rsquo;Acad\u00e9mie des C\u00e9sar vient d&rsquo;annoncer les nominations pour\u00a0sa 42\u00e8me \u00e9dition, qui se tiendra le 24 f\u00e9vrier prochain \u00e0 Paris. Comme on le pressentait, Virginie Efira concourra logiquement pour le C\u00e9sar de la Meilleure actrice pour sa superbe prestation dans Victoria de Justine Triet, tandis que Luc et Jean-Pierre Dardenne seront en lice pour le C\u00e9sar &hellip;","og_url":"https:\/\/w-l-c.be\/fr\/les-dardenne-et-virginie-efira-aux-cesar\/","og_site_name":"w-l-c","article_published_time":"2017-01-25T12:23:50+00:00","article_modified_time":"2017-01-25T16:59:25+00:00","og_image":[{"width":597,"height":368,"url":"https:\/\/w-l-c.be\/wp-content\/uploads\/2017\/01\/Cesar.jpg","type":"image\/jpeg"}],"author":"Aurore Engelen","twitter_card":"summary_large_image","twitter_misc":{"\u00c9crit par":"Aurore Engelen","Dur\u00e9e de lecture estim\u00e9e":"5 minutes"},"schema":{"@context":"https:\/\/schema.org","@graph":[{"@type":"WebPage","@id":"https:\/\/w-l-c.be\/fr\/les-dardenne-et-virginie-efira-aux-cesar\/","url":"https:\/\/w-l-c.be\/fr\/les-dardenne-et-virginie-efira-aux-cesar\/","name":"Les Dardenne et Virginie Efira aux C\u00e9sar! - w-l-c","isPartOf":{"@id":"https:\/\/w-l-c.be\/fr\/#website"},"datePublished":"2017-01-25T12:23:50+00:00","dateModified":"2017-01-25T16:59:25+00:00","author":{"@id":"https:\/\/w-l-c.be\/fr\/#\/schema\/person\/8084b68c6b176142d073695c654dc7cf"},"breadcrumb":{"@id":"https:\/\/w-l-c.be\/fr\/les-dardenne-et-virginie-efira-aux-cesar\/#breadcrumb"},"inLanguage":"fr-FR","potentialAction":[{"@type":"ReadAction","target":["https:\/\/w-l-c.be\/fr\/les-dardenne-et-virginie-efira-aux-cesar\/"]}]},{"@type":"BreadcrumbList","@id":"https:\/\/w-l-c.be\/fr\/les-dardenne-et-virginie-efira-aux-cesar\/#breadcrumb","itemListElement":[{"@type":"ListItem","position":1,"name":"Accueil","item":"https:\/\/w-l-c.be\/fr\/"},{"@type":"ListItem","position":2,"name":"Les Dardenne et Virginie Efira aux C\u00e9sar!"}]},{"@type":"WebSite","@id":"https:\/\/w-l-c.be\/fr\/#website","url":"https:\/\/w-l-c.be\/fr\/","name":"w-l-c","description":"Le cin\u00e9ma vu par les belges","potentialAction":[{"@type":"SearchAction","target":{"@type":"EntryPoint","urlTemplate":"https:\/\/w-l-c.be\/fr\/?s={search_term_string}"},"query-input":"required name=search_term_string"}],"inLanguage":"fr-FR"},{"@type":"Person","@id":"https:\/\/w-l-c.be\/fr\/#\/schema\/person\/8084b68c6b176142d073695c654dc7cf","name":"Aurore Engelen","url":"https:\/\/w-l-c.be\/fr\/author\/aurore-engelen\/"}]}},"_links":{"self":[{"href":"https:\/\/w-l-c.be\/fr\/wp-json\/wp\/v2\/posts\/195670","targetHints":{"allow":["GET"]}}],"collection":[{"href":"https:\/\/w-l-c.be\/fr\/wp-json\/wp\/v2\/posts"}],"about":[{"href":"https:\/\/w-l-c.be\/fr\/wp-json\/wp\/v2\/types\/post"}],"author":[{"embeddable":true,"href":"https:\/\/w-l-c.be\/fr\/wp-json\/wp\/v2\/users\/343"}],"replies":[{"embeddable":true,"href":"https:\/\/w-l-c.be\/fr\/wp-json\/wp\/v2\/comments?post=195670"}],"version-history":[{"count":0,"href":"https:\/\/w-l-c.be\/fr\/wp-json\/wp\/v2\/posts\/195670\/revisions"}],"wp:featuredmedia":[{"embeddable":true,"href":"https:\/\/w-l-c.be\/fr\/wp-json\/wp\/v2\/media\/195675"}],"wp:attachment":[{"href":"https:\/\/w-l-c.be\/fr\/wp-json\/wp\/v2\/media?parent=195670"}],"wp:term":[{"taxonomy":"category","embeddable":true,"href":"https:\/\/w-l-c.be\/fr\/wp-json\/wp\/v2\/categories?post=195670"},{"taxonomy":"post_tag","embeddable":true,"href":"https:\/\/w-l-c.be\/fr\/wp-json\/wp\/v2\/tags?post=195670"}],"curies":[{"name":"wp","href":"https:\/\/api.w.org\/{rel}","templated":true}]}}