
{"id":196556,"date":"2017-02-09T10:57:04","date_gmt":"2017-02-09T09:57:04","guid":{"rendered":"http:\/\/www.cinevox.be\/?p=96556"},"modified":"2017-02-09T11:29:30","modified_gmt":"2017-02-09T10:29:30","slug":"5-minutes-peter-van-den-begin","status":"publish","type":"post","link":"https:\/\/w-l-c.be\/fr\/5-minutes-peter-van-den-begin\/","title":{"rendered":"5 minutes avec Peter Van den Begin"},"content":{"rendered":"<p>Il a trust\u00e9 les \u00e9crans belges ces 12 derniers mois dans trois r\u00f4les forts et embl\u00e9matiques, un com\u00e9dien de stand-up en pleine crise existentielle\u00a0dans\u00a0<em>Everybody Happy <\/em>de Nic Balthazar, un\u00a0roi des Belges \u00e9mancip\u00e9 dans <em>King of the Belgians <\/em>de Peter Brosens et Jessica Woodworth, et r\u00e9cemment, l&rsquo;impitoyable commissaire Jan Verbeeck dans <a href=\"http:\/\/www.cinevox.be\/dode-hoek\"><em>Dode Hoek\/ Angle Mort<\/em><\/a>, le thriller 100% belge de Nabil Ben Yadir, toujours \u00e0 l&rsquo;affiche. Ce week-end, il a fait sensation en promenant sa silhouette \u00e9l\u00e9gante et longiligne sur la sc\u00e8ne des Magritte, o\u00f9 il a remis un Prix. Un homme tr\u00e8s occup\u00e9, en somme.<\/p>\n<p><!--more--><\/p>\n<p>&nbsp;<\/p>\n<p><em><strong>Qui est le Commissaire Verbeeck?<\/strong><\/em><\/p>\n<p>C&rsquo;est un commissaire \u00e0 la brigade des stups \u00e0 Anvers, qui a des convictions pour le moins extr\u00e9mistes, voire racistes. Il a beaucoup de succ\u00e8s parce qu&rsquo;il a contribu\u00e9 \u00e0 \u00ab\u00a0nettoyer\u00a0\u00bb Anvers et \u00e0 y faire baisser la criminalit\u00e9. Il d\u00e9cide d&rsquo;entrer en politique, dans un parti d&rsquo;extr\u00eame droite \u00e9videmment. Mais avant \u00e7a, il doit encore r\u00e9gler une derni\u00e8re affaire pour son dernier jour en tant que commissaire&#8230;Une derni\u00e8re op\u00e9ration \u00e0 Charleroi qui lui tient \u00e0 coeur. L\u00e0, il tombe nez \u00e0 nez avec son pass\u00e9, et tout bascule.<\/p>\n<p><img loading=\"lazy\" decoding=\"async\" class=\"alignnone size-large wp-image-96557\" src=\"http:\/\/www.cinevox.be\/wp-content\/uploads\/2017\/02\/anglemort_dodehoek_07-800x533.jpg\" alt=\"\" width=\"640\" height=\"426\" \/><\/p>\n<p>&nbsp;<\/p>\n<p><em><strong>Comment aborde-t-on un personnage aussi antipathique sur le papier?<\/strong><\/em><\/p>\n<p>Et bien il faut quand m\u00eame essayer de le faire aimer un petit peu! J&rsquo;ai beaucoup parl\u00e9 avec Nabil Ben Yadir du sc\u00e9nario, des personnages, j&rsquo;avais un peu peur que si mon personnage \u00e9tait trop antipathique, on ne perde le public. J&rsquo;ai essay\u00e9 de cr\u00e9er un peu de fragilit\u00e9 chez lui, j&rsquo;ai essay\u00e9 d&rsquo;en faire un homme qui doute, et qui fait des choix discutables. Il me fallait d\u00e9couvrir o\u00f9 se nichaient les failles chez ce personnage.<\/p>\n<p>&nbsp;<\/p>\n<p><em><strong>C&rsquo;est un personnage d\u00e9chir\u00e9 entre deux loyaut\u00e9s?<\/strong><\/em><\/p>\n<p>C&rsquo;est un personnage extr\u00eame, mais pour un acteur, c&rsquo;est un vrai cadeau de jouer un tel personnage. J&rsquo;ai beaucoup aim\u00e9 travailler avec Nabil. J&rsquo;avais vu <em>Les Barons<\/em>, on s&rsquo;est rencontr\u00e9s \u00e0 Anvers, il m&rsquo;a racont\u00e9 l&rsquo;histoire, le film qu&rsquo;il voulait faire. C&rsquo;\u00e9tait la premi\u00e8re fois que je faisais un film de genre, un policier, je voulais faire \u00e7a depuis longtemps. C&rsquo;\u00e9tait une vraie aventure!<\/p>\n<p><iframe loading=\"lazy\" title=\"Dode Hoek - Offici\u00eble trailer (FR subs)\" width=\"618\" height=\"348\" src=\"https:\/\/www.youtube.com\/embed\/wrFmXBOX_nY?start=12&#038;feature=oembed\" frameborder=\"0\" allow=\"accelerometer; autoplay; clipboard-write; encrypted-media; gyroscope; picture-in-picture; web-share\" referrerpolicy=\"strict-origin-when-cross-origin\" allowfullscreen><\/iframe><\/p>\n<p>&nbsp;<\/p>\n<p><em><strong>Qu&rsquo;est-ce que \u00e7a fait de tourner\u00a0un film d&rsquo;action avec courses poursuites?<\/strong><\/em><\/p>\n<p>J&rsquo;ai demand\u00e9 \u00e0 la production de me permettre de rencontrer un vrai commissaire \u00e0 Anvers, j&rsquo;ai pass\u00e9 quelques jours avec lui pour voir l&rsquo;ambiance d&rsquo;un commissariat. C&rsquo;\u00e9tait un r\u00f4le tr\u00e8s physique, intense, d&rsquo;autant que nous n&rsquo;avions pas beaucoup de temps, et que j&rsquo;avais eu un petit accident de scooter juste avant! Il y a avait \u00e9galement un cascadeur qui nous a bien aid\u00e9s, c&rsquo;\u00e9tait physiquement dur, mais tr\u00e8s amusant \u00e0 faire. Je n&rsquo;avais pas vraiment de r\u00e9f\u00e9rence en la mati\u00e8re, mais c&rsquo;est s\u00fbr que \u00e7a a fait plaisir au petit gar\u00e7on que je suis rest\u00e9, cette envie de jouer les cowboys avec des pistolets!<\/p>\n<p>&nbsp;<\/p>\n<p><em><strong>Quels sont vos projets?<\/strong><\/em><\/p>\n<p>Je suis en train de r\u00e9p\u00e9ter <em>Richard III<\/em> de Shakespeare \u00e0 Anvers, on va faire une petite tourn\u00e9e, on passera au KVS, notamment, et j&rsquo;y retrouve Jan Decleir, qui est un v\u00e9ritable ami. On se conna\u00eet depuis longtemps, et je suis ravi que l&rsquo;on ait pu encha\u00eener ces projets, <em>Dode Hoek<\/em> puis cette pi\u00e8ce. Ensuite, je devrais faire une nouvelle s\u00e9rie t\u00e9l\u00e9, et apr\u00e8s&#8230; on verra!<\/p>\n","protected":false},"excerpt":{"rendered":"<p>Il a trust\u00e9 les \u00e9crans belges ces 12 derniers mois dans trois r\u00f4les forts et embl\u00e9matiques, un com\u00e9dien de stand-up en pleine crise existentielle\u00a0dans\u00a0Everybody Happy de Nic Balthazar, un\u00a0roi des Belges \u00e9mancip\u00e9 dans King of the Belgians de Peter Brosens et Jessica Woodworth, et r\u00e9cemment, l&rsquo;impitoyable commissaire Jan Verbeeck dans Dode Hoek\/ Angle Mort, le &hellip;<\/p>\n","protected":false},"author":343,"featured_media":196559,"comment_status":"closed","ping_status":"closed","sticky":false,"template":"","format":"standard","meta":{"ngg_post_thumbnail":0,"footnotes":""},"categories":[7,1978],"tags":[],"class_list":["post-196556","post","type-post","status-publish","format-standard","has-post-thumbnail","","category-actualites","category-interviews"],"yoast_head":"<!-- This site is optimized with the Yoast SEO plugin v20.4 - https:\/\/yoast.com\/wordpress\/plugins\/seo\/ -->\n<title>5 minutes avec Peter Van den Begin - w-l-c<\/title>\n<meta name=\"robots\" content=\"noindex, follow, max-snippet:-1, max-image-preview:large, max-video-preview:-1\" \/>\n<meta property=\"og:locale\" content=\"fr_FR\" \/>\n<meta property=\"og:type\" content=\"article\" \/>\n<meta property=\"og:title\" content=\"5 minutes avec Peter Van den Begin - w-l-c\" \/>\n<meta property=\"og:description\" content=\"Il a trust\u00e9 les \u00e9crans belges ces 12 derniers mois dans trois r\u00f4les forts et embl\u00e9matiques, un com\u00e9dien de stand-up en pleine crise existentielle\u00a0dans\u00a0Everybody Happy de Nic Balthazar, un\u00a0roi des Belges \u00e9mancip\u00e9 dans King of the Belgians de Peter Brosens et Jessica Woodworth, et r\u00e9cemment, l&rsquo;impitoyable commissaire Jan Verbeeck dans Dode Hoek\/ Angle Mort, le &hellip;\" \/>\n<meta property=\"og:url\" content=\"https:\/\/w-l-c.be\/fr\/5-minutes-peter-van-den-begin\/\" \/>\n<meta property=\"og:site_name\" content=\"w-l-c\" \/>\n<meta property=\"article:published_time\" content=\"2017-02-09T09:57:04+00:00\" \/>\n<meta property=\"article:modified_time\" content=\"2017-02-09T10:29:30+00:00\" \/>\n<meta property=\"og:image\" content=\"https:\/\/w-l-c.be\/wp-content\/uploads\/2017\/02\/20170206-DG-Magritte2017-Photocall-32.jpg\" \/>\n\t<meta property=\"og:image:width\" content=\"600\" \/>\n\t<meta property=\"og:image:height\" content=\"393\" \/>\n\t<meta property=\"og:image:type\" content=\"image\/jpeg\" \/>\n<meta name=\"author\" content=\"Aurore Engelen\" \/>\n<meta name=\"twitter:card\" content=\"summary_large_image\" \/>\n<meta name=\"twitter:label1\" content=\"\u00c9crit par\" \/>\n\t<meta name=\"twitter:data1\" content=\"Aurore Engelen\" \/>\n\t<meta name=\"twitter:label2\" content=\"Dur\u00e9e de lecture estim\u00e9e\" \/>\n\t<meta name=\"twitter:data2\" content=\"3 minutes\" \/>\n<script type=\"application\/ld+json\" class=\"yoast-schema-graph\">{\"@context\":\"https:\/\/schema.org\",\"@graph\":[{\"@type\":\"WebPage\",\"@id\":\"https:\/\/w-l-c.be\/fr\/5-minutes-peter-van-den-begin\/\",\"url\":\"https:\/\/w-l-c.be\/fr\/5-minutes-peter-van-den-begin\/\",\"name\":\"5 minutes avec Peter Van den Begin - w-l-c\",\"isPartOf\":{\"@id\":\"https:\/\/w-l-c.be\/fr\/#website\"},\"datePublished\":\"2017-02-09T09:57:04+00:00\",\"dateModified\":\"2017-02-09T10:29:30+00:00\",\"author\":{\"@id\":\"https:\/\/w-l-c.be\/fr\/#\/schema\/person\/8084b68c6b176142d073695c654dc7cf\"},\"breadcrumb\":{\"@id\":\"https:\/\/w-l-c.be\/fr\/5-minutes-peter-van-den-begin\/#breadcrumb\"},\"inLanguage\":\"fr-FR\",\"potentialAction\":[{\"@type\":\"ReadAction\",\"target\":[\"https:\/\/w-l-c.be\/fr\/5-minutes-peter-van-den-begin\/\"]}]},{\"@type\":\"BreadcrumbList\",\"@id\":\"https:\/\/w-l-c.be\/fr\/5-minutes-peter-van-den-begin\/#breadcrumb\",\"itemListElement\":[{\"@type\":\"ListItem\",\"position\":1,\"name\":\"Accueil\",\"item\":\"https:\/\/w-l-c.be\/fr\/\"},{\"@type\":\"ListItem\",\"position\":2,\"name\":\"5 minutes avec Peter Van den Begin\"}]},{\"@type\":\"WebSite\",\"@id\":\"https:\/\/w-l-c.be\/fr\/#website\",\"url\":\"https:\/\/w-l-c.be\/fr\/\",\"name\":\"w-l-c\",\"description\":\"Le cin\u00e9ma vu par les belges\",\"potentialAction\":[{\"@type\":\"SearchAction\",\"target\":{\"@type\":\"EntryPoint\",\"urlTemplate\":\"https:\/\/w-l-c.be\/fr\/?s={search_term_string}\"},\"query-input\":\"required name=search_term_string\"}],\"inLanguage\":\"fr-FR\"},{\"@type\":\"Person\",\"@id\":\"https:\/\/w-l-c.be\/fr\/#\/schema\/person\/8084b68c6b176142d073695c654dc7cf\",\"name\":\"Aurore Engelen\",\"url\":\"https:\/\/w-l-c.be\/fr\/author\/aurore-engelen\/\"}]}<\/script>\n<!-- \/ Yoast SEO plugin. -->","yoast_head_json":{"title":"5 minutes avec Peter Van den Begin - w-l-c","robots":{"index":"noindex","follow":"follow","max-snippet":"max-snippet:-1","max-image-preview":"max-image-preview:large","max-video-preview":"max-video-preview:-1"},"og_locale":"fr_FR","og_type":"article","og_title":"5 minutes avec Peter Van den Begin - w-l-c","og_description":"Il a trust\u00e9 les \u00e9crans belges ces 12 derniers mois dans trois r\u00f4les forts et embl\u00e9matiques, un com\u00e9dien de stand-up en pleine crise existentielle\u00a0dans\u00a0Everybody Happy de Nic Balthazar, un\u00a0roi des Belges \u00e9mancip\u00e9 dans King of the Belgians de Peter Brosens et Jessica Woodworth, et r\u00e9cemment, l&rsquo;impitoyable commissaire Jan Verbeeck dans Dode Hoek\/ Angle Mort, le &hellip;","og_url":"https:\/\/w-l-c.be\/fr\/5-minutes-peter-van-den-begin\/","og_site_name":"w-l-c","article_published_time":"2017-02-09T09:57:04+00:00","article_modified_time":"2017-02-09T10:29:30+00:00","og_image":[{"width":600,"height":393,"url":"https:\/\/w-l-c.be\/wp-content\/uploads\/2017\/02\/20170206-DG-Magritte2017-Photocall-32.jpg","type":"image\/jpeg"}],"author":"Aurore Engelen","twitter_card":"summary_large_image","twitter_misc":{"\u00c9crit par":"Aurore Engelen","Dur\u00e9e de lecture estim\u00e9e":"3 minutes"},"schema":{"@context":"https:\/\/schema.org","@graph":[{"@type":"WebPage","@id":"https:\/\/w-l-c.be\/fr\/5-minutes-peter-van-den-begin\/","url":"https:\/\/w-l-c.be\/fr\/5-minutes-peter-van-den-begin\/","name":"5 minutes avec Peter Van den Begin - w-l-c","isPartOf":{"@id":"https:\/\/w-l-c.be\/fr\/#website"},"datePublished":"2017-02-09T09:57:04+00:00","dateModified":"2017-02-09T10:29:30+00:00","author":{"@id":"https:\/\/w-l-c.be\/fr\/#\/schema\/person\/8084b68c6b176142d073695c654dc7cf"},"breadcrumb":{"@id":"https:\/\/w-l-c.be\/fr\/5-minutes-peter-van-den-begin\/#breadcrumb"},"inLanguage":"fr-FR","potentialAction":[{"@type":"ReadAction","target":["https:\/\/w-l-c.be\/fr\/5-minutes-peter-van-den-begin\/"]}]},{"@type":"BreadcrumbList","@id":"https:\/\/w-l-c.be\/fr\/5-minutes-peter-van-den-begin\/#breadcrumb","itemListElement":[{"@type":"ListItem","position":1,"name":"Accueil","item":"https:\/\/w-l-c.be\/fr\/"},{"@type":"ListItem","position":2,"name":"5 minutes avec Peter Van den Begin"}]},{"@type":"WebSite","@id":"https:\/\/w-l-c.be\/fr\/#website","url":"https:\/\/w-l-c.be\/fr\/","name":"w-l-c","description":"Le cin\u00e9ma vu par les belges","potentialAction":[{"@type":"SearchAction","target":{"@type":"EntryPoint","urlTemplate":"https:\/\/w-l-c.be\/fr\/?s={search_term_string}"},"query-input":"required name=search_term_string"}],"inLanguage":"fr-FR"},{"@type":"Person","@id":"https:\/\/w-l-c.be\/fr\/#\/schema\/person\/8084b68c6b176142d073695c654dc7cf","name":"Aurore Engelen","url":"https:\/\/w-l-c.be\/fr\/author\/aurore-engelen\/"}]}},"_links":{"self":[{"href":"https:\/\/w-l-c.be\/fr\/wp-json\/wp\/v2\/posts\/196556","targetHints":{"allow":["GET"]}}],"collection":[{"href":"https:\/\/w-l-c.be\/fr\/wp-json\/wp\/v2\/posts"}],"about":[{"href":"https:\/\/w-l-c.be\/fr\/wp-json\/wp\/v2\/types\/post"}],"author":[{"embeddable":true,"href":"https:\/\/w-l-c.be\/fr\/wp-json\/wp\/v2\/users\/343"}],"replies":[{"embeddable":true,"href":"https:\/\/w-l-c.be\/fr\/wp-json\/wp\/v2\/comments?post=196556"}],"version-history":[{"count":0,"href":"https:\/\/w-l-c.be\/fr\/wp-json\/wp\/v2\/posts\/196556\/revisions"}],"wp:featuredmedia":[{"embeddable":true,"href":"https:\/\/w-l-c.be\/fr\/wp-json\/wp\/v2\/media\/196559"}],"wp:attachment":[{"href":"https:\/\/w-l-c.be\/fr\/wp-json\/wp\/v2\/media?parent=196556"}],"wp:term":[{"taxonomy":"category","embeddable":true,"href":"https:\/\/w-l-c.be\/fr\/wp-json\/wp\/v2\/categories?post=196556"},{"taxonomy":"post_tag","embeddable":true,"href":"https:\/\/w-l-c.be\/fr\/wp-json\/wp\/v2\/tags?post=196556"}],"curies":[{"name":"wp","href":"https:\/\/api.w.org\/{rel}","templated":true}]}}