
{"id":196580,"date":"2017-02-10T11:04:51","date_gmt":"2017-02-10T10:04:51","guid":{"rendered":"http:\/\/www.cinevox.be\/?p=96580"},"modified":"2017-05-16T19:47:57","modified_gmt":"2017-05-16T17:47:57","slug":"anima-2017-cap-lanimation-belge","status":"publish","type":"post","link":"https:\/\/w-l-c.be\/fr\/anima-2017-cap-lanimation-belge\/","title":{"rendered":"Anima 2017: cap sur l&rsquo;animation belge!"},"content":{"rendered":"<p class=\"p1\"><span class=\"s1\">Le festival <a href=\"http:\/\/www.animafestival.be\/\">Anima<\/a> aura lieu du 24 f\u00e9vrier au 5 mars, \u00e0 Flagey et dans diverses salles de Flandre et Wallonie.\u00a0<\/span><span class=\"s1\">Outre la pr\u00e9sentation de nombreuses productions internationales, Anima est aussi l&rsquo;occasion de mettre en valeur notre riche patrimoine national en mati\u00e8re de cin\u00e9ma d&rsquo;animation. <\/span><\/p>\n<p class=\"p1\"><!--more--><\/p>\n<p>&nbsp;<\/p>\n<p class=\"p1\"><span class=\"s1\">Les programmes de courts m\u00e9trages \u00ab\u00a0C&rsquo;est du Belge\u00a0\u00bb sont le meilleur reflet de cette prolif\u00e9ration de talents. Tandis que les programmes <strong>C&rsquo;est du Belge 1<\/strong> et <strong>C&rsquo;est du Belge 2<\/strong> pr\u00e9senteront les films en comp\u00e9tition (respectivement films de professionnels et films d&rsquo;\u00e9tudiants), le <strong>C&rsquo;est du Belge 3<\/strong> proposera quant \u00e0 lui des films en panorama. De nombreux r\u00e9alisateurs seront pr\u00e9sents \u00e0 cette occasion. (voir ci-dessous)<\/span><\/p>\n<p>&nbsp;<\/p>\n<p class=\"p1\"><span class=\"s1\">En plus de cela, le public pourra d\u00e9couvrir deux compilations de courts m\u00e9trages belges pour enfant. L&rsquo;occasion de retrouver de nouvelles aventures de personnages d\u00e9j\u00e0 connus du jeune public: d&rsquo;une part Cowboy, Cheval et Indien dans <em>Panique tous courts<\/em>, et de l&rsquo;autre La Chouette du Cin\u00e9ma dans <em>Le Vent dans les roseaux<\/em>.<\/span><\/p>\n<p>&nbsp;<\/p>\n<p class=\"p1\"><img loading=\"lazy\" decoding=\"async\" class=\"alignnone size-large wp-image-96583\" src=\"http:\/\/www.cinevox.be\/wp-content\/uploads\/2017\/02\/le-vent-dans-les-roseaux-800x450.jpg\" alt=\"\" width=\"640\" height=\"360\" \/><\/p>\n<p>&nbsp;<\/p>\n<p class=\"p1\"><span class=\"s1\">Autre illustration du savoir-faire belge dans le domaine de la jeunesse: la r\u00e9alisation en stop motion de la s\u00e9rie <em>Rintje<\/em>, issue des studios malinois de Beast Animation (actuellement diffus\u00e9e sur Ketnet) et la participation du studio Walking The Dog sur le long m\u00e9trage <em>Richard the Storck<\/em>. Anima\u00a0en profitera aussi pour rediffuser <em>La Tortue Rouge<\/em> de Michael Dudok de Wit, Magritte du Meilleur film \u00e9tranger en coproduction, dont le compositing, une partie des d\u00e9cors et de l&rsquo;animation ont \u00e9t\u00e9 confi\u00e9s aux studios Dreamwall, bas\u00e9s \u00e0 Charleroi.<\/span><\/p>\n<p>&nbsp;<\/p>\n<p class=\"p1\"><img loading=\"lazy\" decoding=\"async\" class=\"alignnone size-large wp-image-96586\" src=\"http:\/\/www.cinevox.be\/wp-content\/uploads\/2017\/02\/je-ne-sens-plus-rien-800x400.jpg\" alt=\"\" width=\"640\" height=\"320\" \/><\/p>\n<p>&nbsp;<\/p>\n<p class=\"p1\"><strong>C&rsquo;est du belge 1<\/strong><\/p>\n<ul>\n<li class=\"p1\"><em>The Gap<\/em>, Patrick Vandebroeck<\/li>\n<li class=\"p1\"><em>Cher Ami<\/em>, Jenny, Roman Klochkov, Joost Wynant<\/li>\n<li class=\"p1\"><em>Higher Ailleurs<\/em>, Sarah Br\u00fbl\u00e9<\/li>\n<li class=\"p1\"><em>Catherine<\/em>, Britt Raes<\/li>\n<li class=\"p1\"><em>Exitus Urbanimation<\/em>, Toon Loenders, Bob Thissen<\/li>\n<li class=\"p1\"><em>Je ne sens plus rien<\/em>, No\u00e9mie Marsily, Carl Roosen<\/li>\n<li class=\"p1\"><em>Estate<\/em>, Ronny Trocker<\/li>\n<li class=\"p1\"><em>Yin<\/em>, Nicolas Fong<\/li>\n<\/ul>\n<p>&nbsp;<\/p>\n<p class=\"p1\"><img loading=\"lazy\" decoding=\"async\" class=\"alignnone size-large wp-image-96587\" src=\"http:\/\/www.cinevox.be\/wp-content\/uploads\/2017\/02\/Kwek-800x450.jpg\" alt=\"\" width=\"640\" height=\"360\" \/><\/p>\n<p>&nbsp;<\/p>\n<p class=\"p1\"><strong>C&rsquo;est du belge 2<\/strong><\/p>\n<ul>\n<li class=\"p1\"><em>Kiekenfretter<\/em>, Pauwel Nomes<\/li>\n<li class=\"p1\"><em>L\u2019Indigestion<\/em>, Mathilde Remy<\/li>\n<li class=\"p1\"><em>Side Effect<\/em>, Leo Becker<\/li>\n<li class=\"p1\"><em>Ik weet alleen wat ik nu weet<\/em>, Joke Van den Hof<\/li>\n<li class=\"p1\"><em>Kwek!<\/em>, Martin Colas<\/li>\n<li class=\"p1\"><em>Pour une poign\u00e9e de girolles<\/em>, Julien Grande<\/li>\n<li class=\"p1\"><em>Vitrail<\/em>, Aur\u00e9lie Lise-Anne Van Overloop<\/li>\n<li class=\"p1\"><em>Projection sur canap\u00e9<\/em>, Violette Delvoye<\/li>\n<li class=\"p1\"><em>Toer<\/em>, Jasmijn Cedee<\/li>\n<li class=\"p1\"><em>Steven Goes to the Park<\/em>, Claudia Cort\u00e9s Espejo<\/li>\n<li class=\"p1\"><em>69Sec<\/em>, Laura Nicolas<\/li>\n<li class=\"p1\"><em>Play Boys<\/em>, Vincent Lynen<\/li>\n<li class=\"p1\"><em>Antarctica<\/em>, Jeroen Ceulebrouck<\/li>\n<\/ul>\n<p>&nbsp;<\/p>\n<p class=\"p1\"><img loading=\"lazy\" decoding=\"async\" class=\"alignnone size-large wp-image-96581\" src=\"http:\/\/www.cinevox.be\/wp-content\/uploads\/2017\/02\/lacostadorada01-800x450.jpg\" alt=\"\" width=\"640\" height=\"360\" \/><\/p>\n<p>&nbsp;<\/p>\n<p class=\"p1\"><strong>C&rsquo;est du belge 3<\/strong><\/p>\n<ul>\n<li class=\"p1\"><em>Mr Sand<\/em>, Soetkin Verstegen<\/li>\n<li class=\"p1\"><em>Ivan Tirtiaux &#8211; Ta tristesse<\/em>, Jacinthe Folon<\/li>\n<li class=\"p1\"><em>Juliette<\/em>, Lora D\u2019Addazio<\/li>\n<li class=\"p1\"><em>FSTR &#8211; Join The Movement<\/em>, Roman Klochkov<\/li>\n<li class=\"p1\"><em>Vitamin X &#8211; About to Crack<\/em>, Marco Imov Pierre Mousquet<\/li>\n<li class=\"p1\"><em>Dannyboy<\/em>, Simon Lynen<\/li>\n<li class=\"p1\"><em>El Toto Caf\u00e9 &#8211; Ginger Beer<\/em>, Ornella Macchia, Simon Medard<\/li>\n<li class=\"p1\"><em>Louisa<\/em>, Annechien Strouven<\/li>\n<li class=\"p1\"><em>Figures suspendues<\/em>, Maeva Jacques<\/li>\n<li class=\"p1\"><em>Diorama<\/em>, Emily Lefebvre<\/li>\n<li class=\"p1\"><em>Cocoon &#8211; I Can\u2019t Wait<\/em> , Simon Medard<\/li>\n<li class=\"p1\"><em>La Costa Dorada<\/em>, No\u00e9mi Gruner<\/li>\n<\/ul>\n","protected":false},"excerpt":{"rendered":"<p>Le festival Anima aura lieu du 24 f\u00e9vrier au 5 mars, \u00e0 Flagey et dans diverses salles de Flandre et Wallonie.\u00a0Outre la pr\u00e9sentation de nombreuses productions internationales, Anima est aussi l&rsquo;occasion de mettre en valeur notre riche patrimoine national en mati\u00e8re de cin\u00e9ma d&rsquo;animation.<\/p>\n","protected":false},"author":343,"featured_media":196589,"comment_status":"closed","ping_status":"closed","sticky":false,"template":"","format":"standard","meta":{"ngg_post_thumbnail":0,"footnotes":""},"categories":[12,7],"tags":[],"class_list":["post-196580","post","type-post","status-publish","format-standard","has-post-thumbnail","","category-awards","category-actualites"],"yoast_head":"<!-- This site is optimized with the Yoast SEO plugin v20.4 - https:\/\/yoast.com\/wordpress\/plugins\/seo\/ -->\n<title>Anima 2017: cap sur l&#039;animation belge! - w-l-c<\/title>\n<meta name=\"robots\" content=\"noindex, follow, max-snippet:-1, max-image-preview:large, max-video-preview:-1\" \/>\n<meta property=\"og:locale\" content=\"fr_FR\" \/>\n<meta property=\"og:type\" content=\"article\" \/>\n<meta property=\"og:title\" content=\"Anima 2017: cap sur l&#039;animation belge! - w-l-c\" \/>\n<meta property=\"og:description\" content=\"Le festival Anima aura lieu du 24 f\u00e9vrier au 5 mars, \u00e0 Flagey et dans diverses salles de Flandre et Wallonie.\u00a0Outre la pr\u00e9sentation de nombreuses productions internationales, Anima est aussi l&rsquo;occasion de mettre en valeur notre riche patrimoine national en mati\u00e8re de cin\u00e9ma d&rsquo;animation.\" \/>\n<meta property=\"og:url\" content=\"https:\/\/w-l-c.be\/fr\/anima-2017-cap-lanimation-belge\/\" \/>\n<meta property=\"og:site_name\" content=\"w-l-c\" \/>\n<meta property=\"article:published_time\" content=\"2017-02-10T10:04:51+00:00\" \/>\n<meta property=\"article:modified_time\" content=\"2017-05-16T17:47:57+00:00\" \/>\n<meta property=\"og:image\" content=\"https:\/\/w-l-c.be\/wp-content\/uploads\/2017\/02\/Anima.jpg\" \/>\n\t<meta property=\"og:image:width\" content=\"2000\" \/>\n\t<meta property=\"og:image:height\" content=\"1125\" \/>\n\t<meta property=\"og:image:type\" content=\"image\/jpeg\" \/>\n<meta name=\"author\" content=\"Aurore Engelen\" \/>\n<meta name=\"twitter:card\" content=\"summary_large_image\" \/>\n<meta name=\"twitter:label1\" content=\"\u00c9crit par\" \/>\n\t<meta name=\"twitter:data1\" content=\"Aurore Engelen\" \/>\n\t<meta name=\"twitter:label2\" content=\"Dur\u00e9e de lecture estim\u00e9e\" \/>\n\t<meta name=\"twitter:data2\" content=\"2 minutes\" \/>\n<script type=\"application\/ld+json\" class=\"yoast-schema-graph\">{\"@context\":\"https:\/\/schema.org\",\"@graph\":[{\"@type\":\"WebPage\",\"@id\":\"https:\/\/w-l-c.be\/fr\/anima-2017-cap-lanimation-belge\/\",\"url\":\"https:\/\/w-l-c.be\/fr\/anima-2017-cap-lanimation-belge\/\",\"name\":\"Anima 2017: cap sur l'animation belge! - w-l-c\",\"isPartOf\":{\"@id\":\"https:\/\/w-l-c.be\/fr\/#website\"},\"datePublished\":\"2017-02-10T10:04:51+00:00\",\"dateModified\":\"2017-05-16T17:47:57+00:00\",\"author\":{\"@id\":\"https:\/\/w-l-c.be\/fr\/#\/schema\/person\/8084b68c6b176142d073695c654dc7cf\"},\"breadcrumb\":{\"@id\":\"https:\/\/w-l-c.be\/fr\/anima-2017-cap-lanimation-belge\/#breadcrumb\"},\"inLanguage\":\"fr-FR\",\"potentialAction\":[{\"@type\":\"ReadAction\",\"target\":[\"https:\/\/w-l-c.be\/fr\/anima-2017-cap-lanimation-belge\/\"]}]},{\"@type\":\"BreadcrumbList\",\"@id\":\"https:\/\/w-l-c.be\/fr\/anima-2017-cap-lanimation-belge\/#breadcrumb\",\"itemListElement\":[{\"@type\":\"ListItem\",\"position\":1,\"name\":\"Accueil\",\"item\":\"https:\/\/w-l-c.be\/fr\/\"},{\"@type\":\"ListItem\",\"position\":2,\"name\":\"Anima 2017: cap sur l&rsquo;animation belge!\"}]},{\"@type\":\"WebSite\",\"@id\":\"https:\/\/w-l-c.be\/fr\/#website\",\"url\":\"https:\/\/w-l-c.be\/fr\/\",\"name\":\"w-l-c\",\"description\":\"Le cin\u00e9ma vu par les belges\",\"potentialAction\":[{\"@type\":\"SearchAction\",\"target\":{\"@type\":\"EntryPoint\",\"urlTemplate\":\"https:\/\/w-l-c.be\/fr\/?s={search_term_string}\"},\"query-input\":\"required name=search_term_string\"}],\"inLanguage\":\"fr-FR\"},{\"@type\":\"Person\",\"@id\":\"https:\/\/w-l-c.be\/fr\/#\/schema\/person\/8084b68c6b176142d073695c654dc7cf\",\"name\":\"Aurore Engelen\",\"url\":\"https:\/\/w-l-c.be\/fr\/author\/aurore-engelen\/\"}]}<\/script>\n<!-- \/ Yoast SEO plugin. -->","yoast_head_json":{"title":"Anima 2017: cap sur l'animation belge! - w-l-c","robots":{"index":"noindex","follow":"follow","max-snippet":"max-snippet:-1","max-image-preview":"max-image-preview:large","max-video-preview":"max-video-preview:-1"},"og_locale":"fr_FR","og_type":"article","og_title":"Anima 2017: cap sur l'animation belge! - w-l-c","og_description":"Le festival Anima aura lieu du 24 f\u00e9vrier au 5 mars, \u00e0 Flagey et dans diverses salles de Flandre et Wallonie.\u00a0Outre la pr\u00e9sentation de nombreuses productions internationales, Anima est aussi l&rsquo;occasion de mettre en valeur notre riche patrimoine national en mati\u00e8re de cin\u00e9ma d&rsquo;animation.","og_url":"https:\/\/w-l-c.be\/fr\/anima-2017-cap-lanimation-belge\/","og_site_name":"w-l-c","article_published_time":"2017-02-10T10:04:51+00:00","article_modified_time":"2017-05-16T17:47:57+00:00","og_image":[{"width":2000,"height":1125,"url":"https:\/\/w-l-c.be\/wp-content\/uploads\/2017\/02\/Anima.jpg","type":"image\/jpeg"}],"author":"Aurore Engelen","twitter_card":"summary_large_image","twitter_misc":{"\u00c9crit par":"Aurore Engelen","Dur\u00e9e de lecture estim\u00e9e":"2 minutes"},"schema":{"@context":"https:\/\/schema.org","@graph":[{"@type":"WebPage","@id":"https:\/\/w-l-c.be\/fr\/anima-2017-cap-lanimation-belge\/","url":"https:\/\/w-l-c.be\/fr\/anima-2017-cap-lanimation-belge\/","name":"Anima 2017: cap sur l'animation belge! - w-l-c","isPartOf":{"@id":"https:\/\/w-l-c.be\/fr\/#website"},"datePublished":"2017-02-10T10:04:51+00:00","dateModified":"2017-05-16T17:47:57+00:00","author":{"@id":"https:\/\/w-l-c.be\/fr\/#\/schema\/person\/8084b68c6b176142d073695c654dc7cf"},"breadcrumb":{"@id":"https:\/\/w-l-c.be\/fr\/anima-2017-cap-lanimation-belge\/#breadcrumb"},"inLanguage":"fr-FR","potentialAction":[{"@type":"ReadAction","target":["https:\/\/w-l-c.be\/fr\/anima-2017-cap-lanimation-belge\/"]}]},{"@type":"BreadcrumbList","@id":"https:\/\/w-l-c.be\/fr\/anima-2017-cap-lanimation-belge\/#breadcrumb","itemListElement":[{"@type":"ListItem","position":1,"name":"Accueil","item":"https:\/\/w-l-c.be\/fr\/"},{"@type":"ListItem","position":2,"name":"Anima 2017: cap sur l&rsquo;animation belge!"}]},{"@type":"WebSite","@id":"https:\/\/w-l-c.be\/fr\/#website","url":"https:\/\/w-l-c.be\/fr\/","name":"w-l-c","description":"Le cin\u00e9ma vu par les belges","potentialAction":[{"@type":"SearchAction","target":{"@type":"EntryPoint","urlTemplate":"https:\/\/w-l-c.be\/fr\/?s={search_term_string}"},"query-input":"required name=search_term_string"}],"inLanguage":"fr-FR"},{"@type":"Person","@id":"https:\/\/w-l-c.be\/fr\/#\/schema\/person\/8084b68c6b176142d073695c654dc7cf","name":"Aurore Engelen","url":"https:\/\/w-l-c.be\/fr\/author\/aurore-engelen\/"}]}},"_links":{"self":[{"href":"https:\/\/w-l-c.be\/fr\/wp-json\/wp\/v2\/posts\/196580","targetHints":{"allow":["GET"]}}],"collection":[{"href":"https:\/\/w-l-c.be\/fr\/wp-json\/wp\/v2\/posts"}],"about":[{"href":"https:\/\/w-l-c.be\/fr\/wp-json\/wp\/v2\/types\/post"}],"author":[{"embeddable":true,"href":"https:\/\/w-l-c.be\/fr\/wp-json\/wp\/v2\/users\/343"}],"replies":[{"embeddable":true,"href":"https:\/\/w-l-c.be\/fr\/wp-json\/wp\/v2\/comments?post=196580"}],"version-history":[{"count":0,"href":"https:\/\/w-l-c.be\/fr\/wp-json\/wp\/v2\/posts\/196580\/revisions"}],"wp:featuredmedia":[{"embeddable":true,"href":"https:\/\/w-l-c.be\/fr\/wp-json\/wp\/v2\/media\/196589"}],"wp:attachment":[{"href":"https:\/\/w-l-c.be\/fr\/wp-json\/wp\/v2\/media?parent=196580"}],"wp:term":[{"taxonomy":"category","embeddable":true,"href":"https:\/\/w-l-c.be\/fr\/wp-json\/wp\/v2\/categories?post=196580"},{"taxonomy":"post_tag","embeddable":true,"href":"https:\/\/w-l-c.be\/fr\/wp-json\/wp\/v2\/tags?post=196580"}],"curies":[{"name":"wp","href":"https:\/\/api.w.org\/{rel}","templated":true}]}}