
{"id":196865,"date":"2017-02-17T14:45:45","date_gmt":"2017-02-17T13:45:45","guid":{"rendered":"http:\/\/www.cinevox.be\/?p=96865"},"modified":"2017-02-17T14:46:49","modified_gmt":"2017-02-17T13:46:49","slug":"96865","status":"publish","type":"post","link":"https:\/\/w-l-c.be\/fr\/96865\/","title":{"rendered":"Un p&rsquo;tit cin\u00e9 ce week-end? S01E03"},"content":{"rendered":"<p>Vous faites quoi ce week-end? Les membres de la Quadrature du Cercle vous\u00a0donnent rendez-vous pour (re)d\u00e9couvrir les films prim\u00e9s aux Magritte, dans le cadre de l&rsquo;op\u00e9ration <a href=\"http:\/\/www.cinevox.be\/voir-revoir-films-primes-aux-magritte-cest-possible\">\u00ab\u00a0Ceci n&rsquo;est pas une\u00a0s\u00e9ance: la tourn\u00e9e des Magritte du cin\u00e9ma\u00a0\u00bb<\/a>. Ne ratez pas non plus ce soir la cl\u00f4ture du Festival de Mons, avec la projection du <em>Un profil pour deux (Flora 63)<\/em>, avec les com\u00e9diennes belges St\u00e9phanie Crayencour et St\u00e9phane Bissot.<\/p>\n<p><!--more--><\/p>\n<p>&nbsp;<\/p>\n<p>Sorti la semaine derni\u00e8re, vous pouvez encore largement d\u00e9couvrir <a href=\"http:\/\/www.cinevox.be\/le-passe-devant-nous-ultra-moderne-solitude-en-plein-lockdown\"><strong><em>Le Pass\u00e9 devant nous<\/em><\/strong><\/a> de Nathalie Teirlinck, toujours \u00e0 l&rsquo;affiche \u00e0 Bruxelles, Louvain-La-Neuve, Tournai et Li\u00e8ge.<\/p>\n<p><iframe loading=\"lazy\" title=\"LE PASS\u00c9 DEVANT NOUS offici\u00eble trailer HD (NL ondertitels)\" width=\"618\" height=\"348\" src=\"https:\/\/www.youtube.com\/embed\/Ifv_BZ9HKi4?feature=oembed\" frameborder=\"0\" allow=\"accelerometer; autoplay; clipboard-write; encrypted-media; gyroscope; picture-in-picture; web-share\" referrerpolicy=\"strict-origin-when-cross-origin\" allowfullscreen><\/iframe><\/p>\n<p>&nbsp;<\/p>\n<hr \/>\n<p><strong><a href=\"http:\/\/www.cinevox.be\/dode-hoek\"><em>Dode Hoek\/ Angle Mort<\/em><\/a><\/strong>, le nouveau film de Nabil Ben Yadir sorti il y a trois semaines, un thriller \u00e0 cent \u00e0 l&rsquo;heure sur fond de mont\u00e9e des\u00a0populismes, est toujours en salles. Souvenez-vous,\u00a0on vous a m\u00eame demand\u00e9 ce que vous en aviez pens\u00e9\u00a0apr\u00e8s la premi\u00e8re!<\/p>\n<p>Le film est encore visible \u00e0 Bruxelles, Charleroi, Li\u00e8ge et Namur.<\/p>\n<p><iframe loading=\"lazy\" title=\"CINEVOX Pop &quot;Dode Hoek \/ Angle Mort&quot;\" width=\"618\" height=\"348\" src=\"https:\/\/www.youtube.com\/embed\/RirpDzBig_A?start=6&#038;feature=oembed\" frameborder=\"0\" allow=\"accelerometer; autoplay; clipboard-write; encrypted-media; gyroscope; picture-in-picture; web-share\" referrerpolicy=\"strict-origin-when-cross-origin\" allowfullscreen><\/iframe><\/p>\n<hr \/>\n<p>Nous avions\u00a0<a href=\"http:\/\/www.cinevox.be\/95163\">rencontr\u00e9 sa r\u00e9alisatrice, Fien Troch<\/a>, qui nous parlait de <a href=\"http:\/\/www.cinevox.be\/94828\"><em>Home<\/em><\/a>, son poignant nouveau film, radioscopie d&rsquo;une adolescence en crise. Il est encore visible\u00a0\u00e0 Bruxelles.<\/p>\n<p><iframe loading=\"lazy\" title=\"HOME (Trailer Belgie) - Release: 11\/01\/2017\" width=\"618\" height=\"348\" src=\"https:\/\/www.youtube.com\/embed\/quFeLxiEZk8?feature=oembed\" frameborder=\"0\" allow=\"accelerometer; autoplay; clipboard-write; encrypted-media; gyroscope; picture-in-picture; web-share\" referrerpolicy=\"strict-origin-when-cross-origin\" allowfullscreen><\/iframe><\/p>\n<hr \/>\n<p>&nbsp;<\/p>\n<p>Enfin, deux documentaires belges sont visibles au Cin\u00e9ma Aventure \u00e0 Bruxelles: <em>L&rsquo;Eau Sacr\u00e9e<\/em> d&rsquo;Olivier Jourdain et <em>Rhythms &amp; Intervals<\/em> de Comes\u00a0Chahbazian.<\/p>\n<p>&nbsp;<\/p>\n<p>Bonne toile!<\/p>\n","protected":false},"excerpt":{"rendered":"<p>Vous faites quoi ce week-end? Les membres de la Quadrature du Cercle vous\u00a0donnent rendez-vous pour (re)d\u00e9couvrir les films prim\u00e9s aux Magritte, dans le cadre de l&rsquo;op\u00e9ration \u00ab\u00a0Ceci n&rsquo;est pas une\u00a0s\u00e9ance: la tourn\u00e9e des Magritte du cin\u00e9ma\u00a0\u00bb. Ne ratez pas non plus ce soir la cl\u00f4ture du Festival de Mons, avec la projection du Un profil &hellip;<\/p>\n","protected":false},"author":343,"featured_media":196877,"comment_status":"closed","ping_status":"closed","sticky":false,"template":"","format":"standard","meta":{"ngg_post_thumbnail":0,"footnotes":""},"categories":[7],"tags":[],"class_list":["post-196865","post","type-post","status-publish","format-standard","has-post-thumbnail","","category-actualites"],"yoast_head":"<!-- This site is optimized with the Yoast SEO plugin v20.4 - https:\/\/yoast.com\/wordpress\/plugins\/seo\/ -->\n<title>Un p&#039;tit cin\u00e9 ce week-end? S01E03 - w-l-c<\/title>\n<meta name=\"robots\" content=\"noindex, follow, max-snippet:-1, max-image-preview:large, max-video-preview:-1\" \/>\n<meta property=\"og:locale\" content=\"fr_FR\" \/>\n<meta property=\"og:type\" content=\"article\" \/>\n<meta property=\"og:title\" content=\"Un p&#039;tit cin\u00e9 ce week-end? S01E03 - w-l-c\" \/>\n<meta property=\"og:description\" content=\"Vous faites quoi ce week-end? Les membres de la Quadrature du Cercle vous\u00a0donnent rendez-vous pour (re)d\u00e9couvrir les films prim\u00e9s aux Magritte, dans le cadre de l&rsquo;op\u00e9ration \u00ab\u00a0Ceci n&rsquo;est pas une\u00a0s\u00e9ance: la tourn\u00e9e des Magritte du cin\u00e9ma\u00a0\u00bb. Ne ratez pas non plus ce soir la cl\u00f4ture du Festival de Mons, avec la projection du Un profil &hellip;\" \/>\n<meta property=\"og:url\" content=\"https:\/\/w-l-c.be\/fr\/96865\/\" \/>\n<meta property=\"og:site_name\" content=\"w-l-c\" \/>\n<meta property=\"article:published_time\" content=\"2017-02-17T13:45:45+00:00\" \/>\n<meta property=\"article:modified_time\" content=\"2017-02-17T13:46:49+00:00\" \/>\n<meta property=\"og:image\" content=\"https:\/\/w-l-c.be\/wp-content\/uploads\/2017\/02\/Passedevantnous.jpg\" \/>\n\t<meta property=\"og:image:width\" content=\"3200\" \/>\n\t<meta property=\"og:image:height\" content=\"1800\" \/>\n\t<meta property=\"og:image:type\" content=\"image\/jpeg\" \/>\n<meta name=\"author\" content=\"Aurore Engelen\" \/>\n<meta name=\"twitter:card\" content=\"summary_large_image\" \/>\n<meta name=\"twitter:label1\" content=\"\u00c9crit par\" \/>\n\t<meta name=\"twitter:data1\" content=\"Aurore Engelen\" \/>\n\t<meta name=\"twitter:label2\" content=\"Dur\u00e9e de lecture estim\u00e9e\" \/>\n\t<meta name=\"twitter:data2\" content=\"1 minute\" \/>\n<script type=\"application\/ld+json\" class=\"yoast-schema-graph\">{\"@context\":\"https:\/\/schema.org\",\"@graph\":[{\"@type\":\"WebPage\",\"@id\":\"https:\/\/w-l-c.be\/fr\/96865\/\",\"url\":\"https:\/\/w-l-c.be\/fr\/96865\/\",\"name\":\"Un p'tit cin\u00e9 ce week-end? S01E03 - w-l-c\",\"isPartOf\":{\"@id\":\"https:\/\/w-l-c.be\/fr\/#website\"},\"datePublished\":\"2017-02-17T13:45:45+00:00\",\"dateModified\":\"2017-02-17T13:46:49+00:00\",\"author\":{\"@id\":\"https:\/\/w-l-c.be\/fr\/#\/schema\/person\/8084b68c6b176142d073695c654dc7cf\"},\"breadcrumb\":{\"@id\":\"https:\/\/w-l-c.be\/fr\/96865\/#breadcrumb\"},\"inLanguage\":\"fr-FR\",\"potentialAction\":[{\"@type\":\"ReadAction\",\"target\":[\"https:\/\/w-l-c.be\/fr\/96865\/\"]}]},{\"@type\":\"BreadcrumbList\",\"@id\":\"https:\/\/w-l-c.be\/fr\/96865\/#breadcrumb\",\"itemListElement\":[{\"@type\":\"ListItem\",\"position\":1,\"name\":\"Accueil\",\"item\":\"https:\/\/w-l-c.be\/fr\/\"},{\"@type\":\"ListItem\",\"position\":2,\"name\":\"Un p&rsquo;tit cin\u00e9 ce week-end? S01E03\"}]},{\"@type\":\"WebSite\",\"@id\":\"https:\/\/w-l-c.be\/fr\/#website\",\"url\":\"https:\/\/w-l-c.be\/fr\/\",\"name\":\"w-l-c\",\"description\":\"Le cin\u00e9ma vu par les belges\",\"potentialAction\":[{\"@type\":\"SearchAction\",\"target\":{\"@type\":\"EntryPoint\",\"urlTemplate\":\"https:\/\/w-l-c.be\/fr\/?s={search_term_string}\"},\"query-input\":\"required name=search_term_string\"}],\"inLanguage\":\"fr-FR\"},{\"@type\":\"Person\",\"@id\":\"https:\/\/w-l-c.be\/fr\/#\/schema\/person\/8084b68c6b176142d073695c654dc7cf\",\"name\":\"Aurore Engelen\",\"url\":\"https:\/\/w-l-c.be\/fr\/author\/aurore-engelen\/\"}]}<\/script>\n<!-- \/ Yoast SEO plugin. -->","yoast_head_json":{"title":"Un p'tit cin\u00e9 ce week-end? S01E03 - w-l-c","robots":{"index":"noindex","follow":"follow","max-snippet":"max-snippet:-1","max-image-preview":"max-image-preview:large","max-video-preview":"max-video-preview:-1"},"og_locale":"fr_FR","og_type":"article","og_title":"Un p'tit cin\u00e9 ce week-end? S01E03 - w-l-c","og_description":"Vous faites quoi ce week-end? Les membres de la Quadrature du Cercle vous\u00a0donnent rendez-vous pour (re)d\u00e9couvrir les films prim\u00e9s aux Magritte, dans le cadre de l&rsquo;op\u00e9ration \u00ab\u00a0Ceci n&rsquo;est pas une\u00a0s\u00e9ance: la tourn\u00e9e des Magritte du cin\u00e9ma\u00a0\u00bb. Ne ratez pas non plus ce soir la cl\u00f4ture du Festival de Mons, avec la projection du Un profil &hellip;","og_url":"https:\/\/w-l-c.be\/fr\/96865\/","og_site_name":"w-l-c","article_published_time":"2017-02-17T13:45:45+00:00","article_modified_time":"2017-02-17T13:46:49+00:00","og_image":[{"width":3200,"height":1800,"url":"https:\/\/w-l-c.be\/wp-content\/uploads\/2017\/02\/Passedevantnous.jpg","type":"image\/jpeg"}],"author":"Aurore Engelen","twitter_card":"summary_large_image","twitter_misc":{"\u00c9crit par":"Aurore Engelen","Dur\u00e9e de lecture estim\u00e9e":"1 minute"},"schema":{"@context":"https:\/\/schema.org","@graph":[{"@type":"WebPage","@id":"https:\/\/w-l-c.be\/fr\/96865\/","url":"https:\/\/w-l-c.be\/fr\/96865\/","name":"Un p'tit cin\u00e9 ce week-end? S01E03 - w-l-c","isPartOf":{"@id":"https:\/\/w-l-c.be\/fr\/#website"},"datePublished":"2017-02-17T13:45:45+00:00","dateModified":"2017-02-17T13:46:49+00:00","author":{"@id":"https:\/\/w-l-c.be\/fr\/#\/schema\/person\/8084b68c6b176142d073695c654dc7cf"},"breadcrumb":{"@id":"https:\/\/w-l-c.be\/fr\/96865\/#breadcrumb"},"inLanguage":"fr-FR","potentialAction":[{"@type":"ReadAction","target":["https:\/\/w-l-c.be\/fr\/96865\/"]}]},{"@type":"BreadcrumbList","@id":"https:\/\/w-l-c.be\/fr\/96865\/#breadcrumb","itemListElement":[{"@type":"ListItem","position":1,"name":"Accueil","item":"https:\/\/w-l-c.be\/fr\/"},{"@type":"ListItem","position":2,"name":"Un p&rsquo;tit cin\u00e9 ce week-end? S01E03"}]},{"@type":"WebSite","@id":"https:\/\/w-l-c.be\/fr\/#website","url":"https:\/\/w-l-c.be\/fr\/","name":"w-l-c","description":"Le cin\u00e9ma vu par les belges","potentialAction":[{"@type":"SearchAction","target":{"@type":"EntryPoint","urlTemplate":"https:\/\/w-l-c.be\/fr\/?s={search_term_string}"},"query-input":"required name=search_term_string"}],"inLanguage":"fr-FR"},{"@type":"Person","@id":"https:\/\/w-l-c.be\/fr\/#\/schema\/person\/8084b68c6b176142d073695c654dc7cf","name":"Aurore Engelen","url":"https:\/\/w-l-c.be\/fr\/author\/aurore-engelen\/"}]}},"_links":{"self":[{"href":"https:\/\/w-l-c.be\/fr\/wp-json\/wp\/v2\/posts\/196865","targetHints":{"allow":["GET"]}}],"collection":[{"href":"https:\/\/w-l-c.be\/fr\/wp-json\/wp\/v2\/posts"}],"about":[{"href":"https:\/\/w-l-c.be\/fr\/wp-json\/wp\/v2\/types\/post"}],"author":[{"embeddable":true,"href":"https:\/\/w-l-c.be\/fr\/wp-json\/wp\/v2\/users\/343"}],"replies":[{"embeddable":true,"href":"https:\/\/w-l-c.be\/fr\/wp-json\/wp\/v2\/comments?post=196865"}],"version-history":[{"count":0,"href":"https:\/\/w-l-c.be\/fr\/wp-json\/wp\/v2\/posts\/196865\/revisions"}],"wp:featuredmedia":[{"embeddable":true,"href":"https:\/\/w-l-c.be\/fr\/wp-json\/wp\/v2\/media\/196877"}],"wp:attachment":[{"href":"https:\/\/w-l-c.be\/fr\/wp-json\/wp\/v2\/media?parent=196865"}],"wp:term":[{"taxonomy":"category","embeddable":true,"href":"https:\/\/w-l-c.be\/fr\/wp-json\/wp\/v2\/categories?post=196865"},{"taxonomy":"post_tag","embeddable":true,"href":"https:\/\/w-l-c.be\/fr\/wp-json\/wp\/v2\/tags?post=196865"}],"curies":[{"name":"wp","href":"https:\/\/api.w.org\/{rel}","templated":true}]}}