
{"id":197445,"date":"2017-03-08T09:35:11","date_gmt":"2017-03-08T08:35:11","guid":{"rendered":"http:\/\/www.cinevox.be\/?p=97445"},"modified":"2017-05-16T19:47:50","modified_gmt":"2017-05-16T17:47:50","slug":"10eme-edition-loffscreen-film-festival-cest-parti","status":"publish","type":"post","link":"https:\/\/w-l-c.be\/fr\/10eme-edition-loffscreen-film-festival-cest-parti\/","title":{"rendered":"10\u00e8me \u00e9dition du l&rsquo;Offscreen Film Festival: c&rsquo;est parti!"},"content":{"rendered":"<p>C&rsquo;est ce soir que d\u00e9bute la 10\u00e8me (!) \u00e9dition de l&rsquo;<strong>Offscreen Film Festival<\/strong>, qui ouvre\u00a0avec un mets\u00a0de choix: le tr\u00e8s attendu et visc\u00e9ral film de Julia Ducournau, <em>Grave<\/em> (dont on vous reparlera tr\u00e8s vite). Le Festival, une fois encore, propose une s\u00e9lection pointue de films anticonformistes, aux fronti\u00e8res des films de genre, et m\u00eame de tous genres, entre in\u00e9dits et p\u00e9pites du placard.<\/p>\n<p><!--more--><\/p>\n<p>&nbsp;<\/p>\n<p>&nbsp;<\/p>\n<p>Le Cin\u00e9ma Novo est au coeur du <strong>Festival Offscreen<\/strong>, qui d\u00e9localise n\u00e9anmoins quelques s\u00e9ances \u00e0 la Cinematek, \u00e0 Bozar et au RITCS. Pendant pr\u00e8s de trois semaines, vous pourrez d\u00e9couvrir une soixantaine de films d\u00e9cal\u00e9s, d\u00e9rangeants, surprenants, interpellants, des classiques (comme <em>Easy Rider, Hair<\/em> ou <em>Zabriskie Point<\/em>), des films r\u00e9cents comme <em>Grave<\/em> donc en ouverture, ou encore <em>La Region Salvaje<\/em> de l&rsquo;Espagnol Amat Escalante.<\/p>\n<p>&nbsp;<\/p>\n<p>Il y aura du belge aussi. Attendez-vous \u00e0 \u00eatre surpris avec <em>Rabid Grannies<\/em>, une production Troma, excusez du peu, bien bien vintage d&rsquo;Emmanuel Kervyn (1987), l&rsquo;histoire de deux adorables vieilles dames qui virent cannibales. Hum, il y a comme quelque chose dans l&rsquo;air avec le cannibalisme, non? Si vous avez le coeur bien accroch\u00e9, n&rsquo;h\u00e9sitez pas \u00e0 cliquer sur \u00ab\u00a0play\u00a0\u00bb. La preuve que le film est indispensable? Il a <a href=\"http:\/\/www.nanarland.com\/Chroniques\/chronique-rabidgrannies-rabid-grannies.html\">sa critique sur <em>Nanarland<\/em><\/a>.<\/p>\n<p>&nbsp;<\/p>\n<p>https:\/\/www.youtube.com\/watch?v=PcqQlICChh4<\/p>\n<p>&nbsp;<\/p>\n<p>Beaucoup moins vintage mais assur\u00e9ment passionnante, la s\u00e9ance <a href=\"http:\/\/www.offscreen.be\/fr\/offscreen-film-festival-2017\/shortscreen\">Shortscreen<\/a> a s\u00e9lectionn\u00e9 7\u00a0nouveaux courts m\u00e9trages belges qui correspondent \u00e0 l\u2019esprit Offscreen\u00a0: originaux, hors du commun, bizarres et surprenants, dont l&rsquo;incontournable<em> Ours Noir<\/em> du duo\u00a0Seron\/ Fortunat-Rossi, ou encore <em>Sparte<\/em> de No\u00ebmie Nicolas, avec notamment Sandrine Blancke. \u00a0En pr\u00e9sence des r\u00e9alisateurs, le 22 mars prochain.<\/p>\n<p>&nbsp;<\/p>\n<figure id=\"attachment_97449\" aria-describedby=\"caption-attachment-97449\" style=\"width: 700px\" class=\"wp-caption alignnone\"><img loading=\"lazy\" decoding=\"async\" class=\"wp-image-97449 size-full\" src=\"http:\/\/www.cinevox.be\/wp-content\/uploads\/2017\/03\/shortscreen_03_1.jpg\" alt=\"Sparte No\u00e9mie Nicolas\" width=\"700\" height=\"511\" \/><figcaption id=\"caption-attachment-97449\" class=\"wp-caption-text\">Sandrine Blancke dans \u00ab\u00a0Sparte\u00a0\u00bb de No\u00ebmie Nicolas<\/figcaption><\/figure>\n<p>&nbsp;<\/p>\n<p>Impossible de d\u00e9tailler tout le programme, mais sachez qu&rsquo;il y aura, en vrac, du cin\u00e9ma d&rsquo;action indon\u00e9sien, des serial killers, un retour sur l&rsquo;ann\u00e9e 69, un hommage au r\u00e9alisateur tch\u00e8que d&rsquo;animation\u00a0Jiri Barta et m\u00eame une s\u00e9ance pour les kids, <a href=\"http:\/\/www.offscreen.be\/fr\/offscreen-film-festival-2017\/cineketje\/cineketje\">Cineketje<\/a>!<\/p>\n<p>&nbsp;<\/p>\n<p>Toutes les infos sur les horaires, la billetterie et la programmation sont disponibles sur <a href=\"http:\/\/www.offscreen.be\/fr\">le site du festival<\/a>.<\/p>\n","protected":false},"excerpt":{"rendered":"<p>C&rsquo;est ce soir que d\u00e9bute la 10\u00e8me (!) \u00e9dition de l&rsquo;Offscreen Film Festival, qui ouvre\u00a0avec un mets\u00a0de choix: le tr\u00e8s attendu et visc\u00e9ral film de Julia Ducournau, Grave (dont on vous reparlera tr\u00e8s vite). Le Festival, une fois encore, propose une s\u00e9lection pointue de films anticonformistes, aux fronti\u00e8res des films de genre, et m\u00eame de &hellip;<\/p>\n","protected":false},"author":343,"featured_media":197453,"comment_status":"closed","ping_status":"closed","sticky":false,"template":"","format":"standard","meta":{"ngg_post_thumbnail":0,"footnotes":""},"categories":[12,7],"tags":[],"class_list":["post-197445","post","type-post","status-publish","format-standard","has-post-thumbnail","","category-awards","category-actualites"],"yoast_head":"<!-- This site is optimized with the Yoast SEO plugin v20.4 - https:\/\/yoast.com\/wordpress\/plugins\/seo\/ -->\n<title>10\u00e8me \u00e9dition du l&#039;Offscreen Film Festival: c&#039;est parti! - w-l-c<\/title>\n<meta name=\"robots\" content=\"noindex, follow, max-snippet:-1, max-image-preview:large, max-video-preview:-1\" \/>\n<meta property=\"og:locale\" content=\"fr_FR\" \/>\n<meta property=\"og:type\" content=\"article\" \/>\n<meta property=\"og:title\" content=\"10\u00e8me \u00e9dition du l&#039;Offscreen Film Festival: c&#039;est parti! - w-l-c\" \/>\n<meta property=\"og:description\" content=\"C&rsquo;est ce soir que d\u00e9bute la 10\u00e8me (!) \u00e9dition de l&rsquo;Offscreen Film Festival, qui ouvre\u00a0avec un mets\u00a0de choix: le tr\u00e8s attendu et visc\u00e9ral film de Julia Ducournau, Grave (dont on vous reparlera tr\u00e8s vite). Le Festival, une fois encore, propose une s\u00e9lection pointue de films anticonformistes, aux fronti\u00e8res des films de genre, et m\u00eame de &hellip;\" \/>\n<meta property=\"og:url\" content=\"https:\/\/w-l-c.be\/fr\/10eme-edition-loffscreen-film-festival-cest-parti\/\" \/>\n<meta property=\"og:site_name\" content=\"w-l-c\" \/>\n<meta property=\"article:published_time\" content=\"2017-03-08T08:35:11+00:00\" \/>\n<meta property=\"article:modified_time\" content=\"2017-05-16T17:47:50+00:00\" \/>\n<meta property=\"og:image\" content=\"https:\/\/w-l-c.be\/wp-content\/uploads\/2017\/03\/offscreen_site_banner_reduce.jpg\" \/>\n\t<meta property=\"og:image:width\" content=\"660\" \/>\n\t<meta property=\"og:image:height\" content=\"320\" \/>\n\t<meta property=\"og:image:type\" content=\"image\/jpeg\" \/>\n<meta name=\"author\" content=\"Aurore Engelen\" \/>\n<meta name=\"twitter:card\" content=\"summary_large_image\" \/>\n<meta name=\"twitter:label1\" content=\"\u00c9crit par\" \/>\n\t<meta name=\"twitter:data1\" content=\"Aurore Engelen\" \/>\n\t<meta name=\"twitter:label2\" content=\"Dur\u00e9e de lecture estim\u00e9e\" \/>\n\t<meta name=\"twitter:data2\" content=\"2 minutes\" \/>\n<script type=\"application\/ld+json\" class=\"yoast-schema-graph\">{\"@context\":\"https:\/\/schema.org\",\"@graph\":[{\"@type\":\"WebPage\",\"@id\":\"https:\/\/w-l-c.be\/fr\/10eme-edition-loffscreen-film-festival-cest-parti\/\",\"url\":\"https:\/\/w-l-c.be\/fr\/10eme-edition-loffscreen-film-festival-cest-parti\/\",\"name\":\"10\u00e8me \u00e9dition du l'Offscreen Film Festival: c'est parti! - w-l-c\",\"isPartOf\":{\"@id\":\"https:\/\/w-l-c.be\/fr\/#website\"},\"datePublished\":\"2017-03-08T08:35:11+00:00\",\"dateModified\":\"2017-05-16T17:47:50+00:00\",\"author\":{\"@id\":\"https:\/\/w-l-c.be\/fr\/#\/schema\/person\/8084b68c6b176142d073695c654dc7cf\"},\"breadcrumb\":{\"@id\":\"https:\/\/w-l-c.be\/fr\/10eme-edition-loffscreen-film-festival-cest-parti\/#breadcrumb\"},\"inLanguage\":\"fr-FR\",\"potentialAction\":[{\"@type\":\"ReadAction\",\"target\":[\"https:\/\/w-l-c.be\/fr\/10eme-edition-loffscreen-film-festival-cest-parti\/\"]}]},{\"@type\":\"BreadcrumbList\",\"@id\":\"https:\/\/w-l-c.be\/fr\/10eme-edition-loffscreen-film-festival-cest-parti\/#breadcrumb\",\"itemListElement\":[{\"@type\":\"ListItem\",\"position\":1,\"name\":\"Accueil\",\"item\":\"https:\/\/w-l-c.be\/fr\/\"},{\"@type\":\"ListItem\",\"position\":2,\"name\":\"10\u00e8me \u00e9dition du l&rsquo;Offscreen Film Festival: c&rsquo;est parti!\"}]},{\"@type\":\"WebSite\",\"@id\":\"https:\/\/w-l-c.be\/fr\/#website\",\"url\":\"https:\/\/w-l-c.be\/fr\/\",\"name\":\"w-l-c\",\"description\":\"Le cin\u00e9ma vu par les belges\",\"potentialAction\":[{\"@type\":\"SearchAction\",\"target\":{\"@type\":\"EntryPoint\",\"urlTemplate\":\"https:\/\/w-l-c.be\/fr\/?s={search_term_string}\"},\"query-input\":\"required name=search_term_string\"}],\"inLanguage\":\"fr-FR\"},{\"@type\":\"Person\",\"@id\":\"https:\/\/w-l-c.be\/fr\/#\/schema\/person\/8084b68c6b176142d073695c654dc7cf\",\"name\":\"Aurore Engelen\",\"url\":\"https:\/\/w-l-c.be\/fr\/author\/aurore-engelen\/\"}]}<\/script>\n<!-- \/ Yoast SEO plugin. -->","yoast_head_json":{"title":"10\u00e8me \u00e9dition du l'Offscreen Film Festival: c'est parti! - w-l-c","robots":{"index":"noindex","follow":"follow","max-snippet":"max-snippet:-1","max-image-preview":"max-image-preview:large","max-video-preview":"max-video-preview:-1"},"og_locale":"fr_FR","og_type":"article","og_title":"10\u00e8me \u00e9dition du l'Offscreen Film Festival: c'est parti! - w-l-c","og_description":"C&rsquo;est ce soir que d\u00e9bute la 10\u00e8me (!) \u00e9dition de l&rsquo;Offscreen Film Festival, qui ouvre\u00a0avec un mets\u00a0de choix: le tr\u00e8s attendu et visc\u00e9ral film de Julia Ducournau, Grave (dont on vous reparlera tr\u00e8s vite). Le Festival, une fois encore, propose une s\u00e9lection pointue de films anticonformistes, aux fronti\u00e8res des films de genre, et m\u00eame de &hellip;","og_url":"https:\/\/w-l-c.be\/fr\/10eme-edition-loffscreen-film-festival-cest-parti\/","og_site_name":"w-l-c","article_published_time":"2017-03-08T08:35:11+00:00","article_modified_time":"2017-05-16T17:47:50+00:00","og_image":[{"width":660,"height":320,"url":"https:\/\/w-l-c.be\/wp-content\/uploads\/2017\/03\/offscreen_site_banner_reduce.jpg","type":"image\/jpeg"}],"author":"Aurore Engelen","twitter_card":"summary_large_image","twitter_misc":{"\u00c9crit par":"Aurore Engelen","Dur\u00e9e de lecture estim\u00e9e":"2 minutes"},"schema":{"@context":"https:\/\/schema.org","@graph":[{"@type":"WebPage","@id":"https:\/\/w-l-c.be\/fr\/10eme-edition-loffscreen-film-festival-cest-parti\/","url":"https:\/\/w-l-c.be\/fr\/10eme-edition-loffscreen-film-festival-cest-parti\/","name":"10\u00e8me \u00e9dition du l'Offscreen Film Festival: c'est parti! - w-l-c","isPartOf":{"@id":"https:\/\/w-l-c.be\/fr\/#website"},"datePublished":"2017-03-08T08:35:11+00:00","dateModified":"2017-05-16T17:47:50+00:00","author":{"@id":"https:\/\/w-l-c.be\/fr\/#\/schema\/person\/8084b68c6b176142d073695c654dc7cf"},"breadcrumb":{"@id":"https:\/\/w-l-c.be\/fr\/10eme-edition-loffscreen-film-festival-cest-parti\/#breadcrumb"},"inLanguage":"fr-FR","potentialAction":[{"@type":"ReadAction","target":["https:\/\/w-l-c.be\/fr\/10eme-edition-loffscreen-film-festival-cest-parti\/"]}]},{"@type":"BreadcrumbList","@id":"https:\/\/w-l-c.be\/fr\/10eme-edition-loffscreen-film-festival-cest-parti\/#breadcrumb","itemListElement":[{"@type":"ListItem","position":1,"name":"Accueil","item":"https:\/\/w-l-c.be\/fr\/"},{"@type":"ListItem","position":2,"name":"10\u00e8me \u00e9dition du l&rsquo;Offscreen Film Festival: c&rsquo;est parti!"}]},{"@type":"WebSite","@id":"https:\/\/w-l-c.be\/fr\/#website","url":"https:\/\/w-l-c.be\/fr\/","name":"w-l-c","description":"Le cin\u00e9ma vu par les belges","potentialAction":[{"@type":"SearchAction","target":{"@type":"EntryPoint","urlTemplate":"https:\/\/w-l-c.be\/fr\/?s={search_term_string}"},"query-input":"required name=search_term_string"}],"inLanguage":"fr-FR"},{"@type":"Person","@id":"https:\/\/w-l-c.be\/fr\/#\/schema\/person\/8084b68c6b176142d073695c654dc7cf","name":"Aurore Engelen","url":"https:\/\/w-l-c.be\/fr\/author\/aurore-engelen\/"}]}},"_links":{"self":[{"href":"https:\/\/w-l-c.be\/fr\/wp-json\/wp\/v2\/posts\/197445","targetHints":{"allow":["GET"]}}],"collection":[{"href":"https:\/\/w-l-c.be\/fr\/wp-json\/wp\/v2\/posts"}],"about":[{"href":"https:\/\/w-l-c.be\/fr\/wp-json\/wp\/v2\/types\/post"}],"author":[{"embeddable":true,"href":"https:\/\/w-l-c.be\/fr\/wp-json\/wp\/v2\/users\/343"}],"replies":[{"embeddable":true,"href":"https:\/\/w-l-c.be\/fr\/wp-json\/wp\/v2\/comments?post=197445"}],"version-history":[{"count":0,"href":"https:\/\/w-l-c.be\/fr\/wp-json\/wp\/v2\/posts\/197445\/revisions"}],"wp:featuredmedia":[{"embeddable":true,"href":"https:\/\/w-l-c.be\/fr\/wp-json\/wp\/v2\/media\/197453"}],"wp:attachment":[{"href":"https:\/\/w-l-c.be\/fr\/wp-json\/wp\/v2\/media?parent=197445"}],"wp:term":[{"taxonomy":"category","embeddable":true,"href":"https:\/\/w-l-c.be\/fr\/wp-json\/wp\/v2\/categories?post=197445"},{"taxonomy":"post_tag","embeddable":true,"href":"https:\/\/w-l-c.be\/fr\/wp-json\/wp\/v2\/tags?post=197445"}],"curies":[{"name":"wp","href":"https:\/\/api.w.org\/{rel}","templated":true}]}}