
{"id":197455,"date":"2017-03-08T10:24:10","date_gmt":"2017-03-08T09:24:10","guid":{"rendered":"http:\/\/www.cinevox.be\/?p=97455"},"modified":"2017-05-23T08:27:29","modified_gmt":"2017-05-23T06:27:29","slug":"flandre-invitee-dhonneur-de-cartoon-movie","status":"publish","type":"post","link":"https:\/\/w-l-c.be\/fr\/flandre-invitee-dhonneur-de-cartoon-movie\/","title":{"rendered":"La Flandre invit\u00e9e d&rsquo;honneur de Cartoon Movie"},"content":{"rendered":"<div class=\"page\" title=\"Page 1\">\n<div class=\"layoutArea\">\n<div class=\"column\">\n<p><span style=\"color: #333333;\">Cr\u00e9\u00e9 en 1999, Cartoon Movie est un forum europ\u00e9en consacr\u00e9 aux projets de dessins anim\u00e9s. Il ne s&rsquo;agit pas d&rsquo;un festival en tant que tel, mais bien d&rsquo;un rendez-vous professionnel qui permet de d\u00e9velopper les films d&rsquo;animations de demain. Les producteurs peuvent y exposer leurs projets, et s\u00e9duire d&rsquo;indispensables partenaires internationaux pour monter un projet d&rsquo;animation d&rsquo;envergure. Cette ann\u00e9e, le Cartoon Movie met le cin\u00e9ma d&rsquo;animation flamand \u00e0 l&rsquo;honneur.<\/span><\/p>\n<p><!--more--><\/p>\n<p>&nbsp;<\/p>\n<p>Depuis de nombreuses ann\u00e9es, les producteurs flamands jouent un r\u00f4le important dans des coproductions internationales d&rsquo;envergure, souvent aux c\u00f4t\u00e9s de leur coll\u00e8gues belges francophones d&rsquo;ailleurs, avec des films comme L<em>es Triplettes de Belleville, Brendan et le Secret de Kells, The Congress<\/em> ou <em>Une vie de chat<\/em>. Des soci\u00e9t\u00e9s comme&nbsp;Grid Animation, Walking The Dog, nWave Pictures ou&nbsp;Vivi Film ont toutes \u00e9taient d\u00e9sign\u00e9es producteur d&rsquo;animation de l&rsquo;ann\u00e9e par Cartoon.<\/p>\n<p>&nbsp;<\/p>\n<p>C&rsquo;est la premi\u00e8re fois qu&rsquo;une r\u00e9gion europ\u00e9enne est mise \u00e0 l&rsquo;honneur, et c&rsquo;est donc la Flandre qui inaugure ces nouvelles sessions.&nbsp;Ce sont donc 10 producteurs de films d&rsquo;animation flamands qui participent trois jours durant (du 8 au 10 mars) \u00e0 l&rsquo;\u00e9v\u00e9nement \u00ab\u00a0Flandriens of Animation\u00a0\u00bb, o\u00f9 seront pr\u00e9sent\u00e9s 3 projets de longs m\u00e9trages flamands&nbsp;(et 5 projets de coproduction). On retrouvera donc <strong><em>Canaan<\/em><\/strong>, le nouveau projet de Jan Bultheel (<em>Cafard<\/em>), produit en Belgique par Tondo et Tarantula; <strong><em>Crazy Island<\/em><\/strong> de Jesper Moller, produit par Grid Animation; <strong><em>ZOOks<\/em><\/strong> de Kristoff et Dimitri Leue (Sancta\/ Potemkino).<\/p>\n<p>&nbsp;<\/p>\n<\/div>\n<p><img loading=\"lazy\" decoding=\"async\" class=\"alignnone size-full wp-image-97457\" src=\"http:\/\/www.cinevox.be\/wp-content\/uploads\/2017\/03\/Canaan-3-Horizontal-Image_gallery-details_780_500_crop.jpg\" alt=\"\" width=\"780\" height=\"500\"><img loading=\"lazy\" decoding=\"async\" class=\"alignnone size-large wp-image-97458\" src=\"http:\/\/www.cinevox.be\/wp-content\/uploads\/2017\/03\/Crazy-Island-3-Horizontal-Image_gallery-details_780_500_crop.jpg\" alt=\"\" width=\"640\" height=\"410\"><img loading=\"lazy\" decoding=\"async\" class=\"alignnone size-large wp-image-97459\" src=\"http:\/\/www.cinevox.be\/wp-content\/uploads\/2017\/03\/Zooks-3-Horizontal-Image_gallery-details_780_500_crop.jpg\" alt=\"\" width=\"640\" height=\"410\"><\/p>\n<div class=\"column\">\n<p>&nbsp;<\/p>\n<p>Il y a une v\u00e9ritable industrie du cin\u00e9ma d&rsquo;animation en Belgique et en Flandre, o\u00f9 l&rsquo;on d\u00e9nombre plus de 20 soci\u00e9t\u00e9s actives dans la production, dont 10 poss\u00e8dent leurs propres studios. Ces soci\u00e9t\u00e9s ont produit ou coproduit 11 longs m\u00e9trages et 12 s\u00e9ries entre 2013 et 2016, et pr\u00e8s de 25 longs m\u00e9trages sont actuellement en d\u00e9veloppement.<\/p>\n<p>&nbsp;<\/p>\n<\/div>\n<\/div>\n<p>Le petit film ci-dessous pr\u00e9sente&nbsp;le secteur de l&rsquo;animation en Flandre. C&rsquo;est en anglais, mais c&rsquo;est aussi plein de belles images des films produits et coproduits en Flandre!<\/p>\n<p>&nbsp;<\/p>\n<\/div>\n<p><iframe loading=\"lazy\" title=\"Flanders Animation - Cartoon Movie 2017\" width=\"618\" height=\"348\" src=\"https:\/\/www.youtube.com\/embed\/0234uBixqRs?feature=oembed\" frameborder=\"0\" allow=\"accelerometer; autoplay; clipboard-write; encrypted-media; gyroscope; picture-in-picture; web-share\" referrerpolicy=\"strict-origin-when-cross-origin\" allowfullscreen><\/iframe><\/p>\n<div class=\"page\" title=\"Page 1\">\n<div class=\"layoutArea\">\n<p>&nbsp;<\/p>\n<p>Vous voulez en savoir plus sur Cartoon Movie? Visitez <a href=\"http:\/\/www.cartoon-media.eu\/cartoon-movie-event\/cartoon-movie-2017.htm\">leur site<\/a>!<\/p>\n<p>&nbsp;<\/p>\n<\/div>\n<\/div>\n","protected":false},"excerpt":{"rendered":"<p>Cr\u00e9\u00e9 en 1999, Cartoon Movie est un forum europ\u00e9en consacr\u00e9 aux projets de dessins anim\u00e9s. Il ne s&rsquo;agit pas d&rsquo;un festival en tant que tel, mais bien d&rsquo;un rendez-vous professionnel qui permet de d\u00e9velopper les films d&rsquo;animations de demain. Les producteurs peuvent y exposer leurs projets, et s\u00e9duire d&rsquo;indispensables partenaires internationaux pour monter un projet &hellip;<\/p>\n","protected":false},"author":343,"featured_media":197461,"comment_status":"closed","ping_status":"closed","sticky":false,"template":"","format":"standard","meta":{"ngg_post_thumbnail":0,"footnotes":""},"categories":[1923,7],"tags":[1920],"class_list":["post-197455","post","type-post","status-publish","format-standard","has-post-thumbnail","","category-en-bref","category-actualites","tag-noces"],"yoast_head":"<!-- This site is optimized with the Yoast SEO plugin v20.4 - https:\/\/yoast.com\/wordpress\/plugins\/seo\/ -->\n<title>La Flandre invit\u00e9e d&#039;honneur de Cartoon Movie - w-l-c<\/title>\n<meta name=\"robots\" content=\"noindex, follow, max-snippet:-1, max-image-preview:large, max-video-preview:-1\" \/>\n<meta property=\"og:locale\" content=\"fr_FR\" \/>\n<meta property=\"og:type\" content=\"article\" \/>\n<meta property=\"og:title\" content=\"La Flandre invit\u00e9e d&#039;honneur de Cartoon Movie - w-l-c\" \/>\n<meta property=\"og:description\" content=\"Cr\u00e9\u00e9 en 1999, Cartoon Movie est un forum europ\u00e9en consacr\u00e9 aux projets de dessins anim\u00e9s. Il ne s&rsquo;agit pas d&rsquo;un festival en tant que tel, mais bien d&rsquo;un rendez-vous professionnel qui permet de d\u00e9velopper les films d&rsquo;animations de demain. Les producteurs peuvent y exposer leurs projets, et s\u00e9duire d&rsquo;indispensables partenaires internationaux pour monter un projet &hellip;\" \/>\n<meta property=\"og:url\" content=\"https:\/\/w-l-c.be\/fr\/flandre-invitee-dhonneur-de-cartoon-movie\/\" \/>\n<meta property=\"og:site_name\" content=\"w-l-c\" \/>\n<meta property=\"article:published_time\" content=\"2017-03-08T09:24:10+00:00\" \/>\n<meta property=\"article:modified_time\" content=\"2017-05-23T06:27:29+00:00\" \/>\n<meta property=\"og:image\" content=\"https:\/\/w-l-c.be\/wp-content\/uploads\/2017\/03\/Cartoon-Movie-Flandriens-770x513.jpg\" \/>\n\t<meta property=\"og:image:width\" content=\"770\" \/>\n\t<meta property=\"og:image:height\" content=\"470\" \/>\n\t<meta property=\"og:image:type\" content=\"image\/jpeg\" \/>\n<meta name=\"author\" content=\"Aurore Engelen\" \/>\n<meta name=\"twitter:card\" content=\"summary_large_image\" \/>\n<meta name=\"twitter:label1\" content=\"\u00c9crit par\" \/>\n\t<meta name=\"twitter:data1\" content=\"Aurore Engelen\" \/>\n\t<meta name=\"twitter:label2\" content=\"Dur\u00e9e de lecture estim\u00e9e\" \/>\n\t<meta name=\"twitter:data2\" content=\"2 minutes\" \/>\n<script type=\"application\/ld+json\" class=\"yoast-schema-graph\">{\"@context\":\"https:\/\/schema.org\",\"@graph\":[{\"@type\":\"WebPage\",\"@id\":\"https:\/\/w-l-c.be\/fr\/flandre-invitee-dhonneur-de-cartoon-movie\/\",\"url\":\"https:\/\/w-l-c.be\/fr\/flandre-invitee-dhonneur-de-cartoon-movie\/\",\"name\":\"La Flandre invit\u00e9e d'honneur de Cartoon Movie - w-l-c\",\"isPartOf\":{\"@id\":\"https:\/\/w-l-c.be\/fr\/#website\"},\"datePublished\":\"2017-03-08T09:24:10+00:00\",\"dateModified\":\"2017-05-23T06:27:29+00:00\",\"author\":{\"@id\":\"https:\/\/w-l-c.be\/fr\/#\/schema\/person\/8084b68c6b176142d073695c654dc7cf\"},\"breadcrumb\":{\"@id\":\"https:\/\/w-l-c.be\/fr\/flandre-invitee-dhonneur-de-cartoon-movie\/#breadcrumb\"},\"inLanguage\":\"fr-FR\",\"potentialAction\":[{\"@type\":\"ReadAction\",\"target\":[\"https:\/\/w-l-c.be\/fr\/flandre-invitee-dhonneur-de-cartoon-movie\/\"]}]},{\"@type\":\"BreadcrumbList\",\"@id\":\"https:\/\/w-l-c.be\/fr\/flandre-invitee-dhonneur-de-cartoon-movie\/#breadcrumb\",\"itemListElement\":[{\"@type\":\"ListItem\",\"position\":1,\"name\":\"Accueil\",\"item\":\"https:\/\/w-l-c.be\/fr\/\"},{\"@type\":\"ListItem\",\"position\":2,\"name\":\"La Flandre invit\u00e9e d&rsquo;honneur de Cartoon Movie\"}]},{\"@type\":\"WebSite\",\"@id\":\"https:\/\/w-l-c.be\/fr\/#website\",\"url\":\"https:\/\/w-l-c.be\/fr\/\",\"name\":\"w-l-c\",\"description\":\"Le cin\u00e9ma vu par les belges\",\"potentialAction\":[{\"@type\":\"SearchAction\",\"target\":{\"@type\":\"EntryPoint\",\"urlTemplate\":\"https:\/\/w-l-c.be\/fr\/?s={search_term_string}\"},\"query-input\":\"required name=search_term_string\"}],\"inLanguage\":\"fr-FR\"},{\"@type\":\"Person\",\"@id\":\"https:\/\/w-l-c.be\/fr\/#\/schema\/person\/8084b68c6b176142d073695c654dc7cf\",\"name\":\"Aurore Engelen\",\"url\":\"https:\/\/w-l-c.be\/fr\/author\/aurore-engelen\/\"}]}<\/script>\n<!-- \/ Yoast SEO plugin. -->","yoast_head_json":{"title":"La Flandre invit\u00e9e d'honneur de Cartoon Movie - w-l-c","robots":{"index":"noindex","follow":"follow","max-snippet":"max-snippet:-1","max-image-preview":"max-image-preview:large","max-video-preview":"max-video-preview:-1"},"og_locale":"fr_FR","og_type":"article","og_title":"La Flandre invit\u00e9e d'honneur de Cartoon Movie - w-l-c","og_description":"Cr\u00e9\u00e9 en 1999, Cartoon Movie est un forum europ\u00e9en consacr\u00e9 aux projets de dessins anim\u00e9s. Il ne s&rsquo;agit pas d&rsquo;un festival en tant que tel, mais bien d&rsquo;un rendez-vous professionnel qui permet de d\u00e9velopper les films d&rsquo;animations de demain. Les producteurs peuvent y exposer leurs projets, et s\u00e9duire d&rsquo;indispensables partenaires internationaux pour monter un projet &hellip;","og_url":"https:\/\/w-l-c.be\/fr\/flandre-invitee-dhonneur-de-cartoon-movie\/","og_site_name":"w-l-c","article_published_time":"2017-03-08T09:24:10+00:00","article_modified_time":"2017-05-23T06:27:29+00:00","og_image":[{"width":770,"height":470,"url":"https:\/\/w-l-c.be\/wp-content\/uploads\/2017\/03\/Cartoon-Movie-Flandriens-770x513.jpg","type":"image\/jpeg"}],"author":"Aurore Engelen","twitter_card":"summary_large_image","twitter_misc":{"\u00c9crit par":"Aurore Engelen","Dur\u00e9e de lecture estim\u00e9e":"2 minutes"},"schema":{"@context":"https:\/\/schema.org","@graph":[{"@type":"WebPage","@id":"https:\/\/w-l-c.be\/fr\/flandre-invitee-dhonneur-de-cartoon-movie\/","url":"https:\/\/w-l-c.be\/fr\/flandre-invitee-dhonneur-de-cartoon-movie\/","name":"La Flandre invit\u00e9e d'honneur de Cartoon Movie - w-l-c","isPartOf":{"@id":"https:\/\/w-l-c.be\/fr\/#website"},"datePublished":"2017-03-08T09:24:10+00:00","dateModified":"2017-05-23T06:27:29+00:00","author":{"@id":"https:\/\/w-l-c.be\/fr\/#\/schema\/person\/8084b68c6b176142d073695c654dc7cf"},"breadcrumb":{"@id":"https:\/\/w-l-c.be\/fr\/flandre-invitee-dhonneur-de-cartoon-movie\/#breadcrumb"},"inLanguage":"fr-FR","potentialAction":[{"@type":"ReadAction","target":["https:\/\/w-l-c.be\/fr\/flandre-invitee-dhonneur-de-cartoon-movie\/"]}]},{"@type":"BreadcrumbList","@id":"https:\/\/w-l-c.be\/fr\/flandre-invitee-dhonneur-de-cartoon-movie\/#breadcrumb","itemListElement":[{"@type":"ListItem","position":1,"name":"Accueil","item":"https:\/\/w-l-c.be\/fr\/"},{"@type":"ListItem","position":2,"name":"La Flandre invit\u00e9e d&rsquo;honneur de Cartoon Movie"}]},{"@type":"WebSite","@id":"https:\/\/w-l-c.be\/fr\/#website","url":"https:\/\/w-l-c.be\/fr\/","name":"w-l-c","description":"Le cin\u00e9ma vu par les belges","potentialAction":[{"@type":"SearchAction","target":{"@type":"EntryPoint","urlTemplate":"https:\/\/w-l-c.be\/fr\/?s={search_term_string}"},"query-input":"required name=search_term_string"}],"inLanguage":"fr-FR"},{"@type":"Person","@id":"https:\/\/w-l-c.be\/fr\/#\/schema\/person\/8084b68c6b176142d073695c654dc7cf","name":"Aurore Engelen","url":"https:\/\/w-l-c.be\/fr\/author\/aurore-engelen\/"}]}},"_links":{"self":[{"href":"https:\/\/w-l-c.be\/fr\/wp-json\/wp\/v2\/posts\/197455","targetHints":{"allow":["GET"]}}],"collection":[{"href":"https:\/\/w-l-c.be\/fr\/wp-json\/wp\/v2\/posts"}],"about":[{"href":"https:\/\/w-l-c.be\/fr\/wp-json\/wp\/v2\/types\/post"}],"author":[{"embeddable":true,"href":"https:\/\/w-l-c.be\/fr\/wp-json\/wp\/v2\/users\/343"}],"replies":[{"embeddable":true,"href":"https:\/\/w-l-c.be\/fr\/wp-json\/wp\/v2\/comments?post=197455"}],"version-history":[{"count":0,"href":"https:\/\/w-l-c.be\/fr\/wp-json\/wp\/v2\/posts\/197455\/revisions"}],"wp:featuredmedia":[{"embeddable":true,"href":"https:\/\/w-l-c.be\/fr\/wp-json\/wp\/v2\/media\/197461"}],"wp:attachment":[{"href":"https:\/\/w-l-c.be\/fr\/wp-json\/wp\/v2\/media?parent=197455"}],"wp:term":[{"taxonomy":"category","embeddable":true,"href":"https:\/\/w-l-c.be\/fr\/wp-json\/wp\/v2\/categories?post=197455"},{"taxonomy":"post_tag","embeddable":true,"href":"https:\/\/w-l-c.be\/fr\/wp-json\/wp\/v2\/tags?post=197455"}],"curies":[{"name":"wp","href":"https:\/\/api.w.org\/{rel}","templated":true}]}}