
{"id":197969,"date":"2017-03-22T11:40:52","date_gmt":"2017-03-22T10:40:52","guid":{"rendered":"http:\/\/www.cinevox.be\/?p=97969"},"modified":"2017-03-22T11:40:52","modified_gmt":"2017-03-22T10:40:52","slug":"fiff-festival-de-namur-cherche-collaborateurs-stagiaires-prochaine-edition","status":"publish","type":"post","link":"https:\/\/w-l-c.be\/fr\/fiff-festival-de-namur-cherche-collaborateurs-stagiaires-prochaine-edition\/","title":{"rendered":"Le FIFF (Festival de Namur) cherche des collaborateurs et stagiaires pour sa prochaine \u00e9dition!"},"content":{"rendered":"<p>Le Festival International du Film Francophone de Namur lance sa campagne de recrutement de stagiaires pour sa prochaine \u00e9dition, qui se tiendra du 29 septembre au 6 octobre prochain, l&rsquo;occasion id\u00e9ale de participer de l&rsquo;int\u00e9rieur \u00e0 l&rsquo;un des rendez-vous incontournable de l&rsquo;ann\u00e9e cin\u00e9ma en Belgique.<\/p>\n<p><!--more--><\/p>\n<p>&nbsp;<\/p>\n<p>&nbsp;<\/p>\n<p>&nbsp;<\/p>\n<p>&nbsp;<\/p>\n<p>Le FIFF recherche de nombreux profils divers et vari\u00e9s, qui ont tous en commun une passion certaine du cin\u00e9ma. Il s&rsquo;agit d&rsquo;int\u00e9grer les \u00e9quipes de la r\u00e9gie, de la promotion, de la programmation, des rencontres pro, des s\u00e9ances p\u00e9dagogiques, de la documentation, bref, jetez un oeil aux diff\u00e9rents profils publi\u00e9s sur le site du festival, <a href=\"http:\/\/www.fiff.be\/fr\/A-propos-du-FIFF\/Equipe\">ici<\/a>.<\/p>\n<p>&nbsp;<\/p>\n<p>Et pour plus d&rsquo;infos, contactez la Directrice de Gestion, <a href=\"barbara@fiff.be\">Barbara Firquet<\/a>.<\/p>\n<p>&nbsp;<\/p>\n","protected":false},"excerpt":{"rendered":"<p>Le Festival International du Film Francophone de Namur lance sa campagne de recrutement de stagiaires pour sa prochaine \u00e9dition, qui se tiendra du 29 septembre au 6 octobre prochain, l&rsquo;occasion id\u00e9ale de participer de l&rsquo;int\u00e9rieur \u00e0 l&rsquo;un des rendez-vous incontournable de l&rsquo;ann\u00e9e cin\u00e9ma en Belgique.<\/p>\n","protected":false},"author":343,"featured_media":197971,"comment_status":"closed","ping_status":"closed","sticky":false,"template":"","format":"standard","meta":{"ngg_post_thumbnail":0,"footnotes":""},"categories":[20],"tags":[],"class_list":["post-197969","post","type-post","status-publish","format-standard","has-post-thumbnail","","category-cinejobs"],"yoast_head":"<!-- This site is optimized with the Yoast SEO plugin v20.4 - https:\/\/yoast.com\/wordpress\/plugins\/seo\/ -->\n<title>Le FIFF (Festival de Namur) cherche des collaborateurs et stagiaires pour sa prochaine \u00e9dition! - w-l-c<\/title>\n<meta name=\"robots\" content=\"noindex, follow, max-snippet:-1, max-image-preview:large, max-video-preview:-1\" \/>\n<meta property=\"og:locale\" content=\"fr_FR\" \/>\n<meta property=\"og:type\" content=\"article\" \/>\n<meta property=\"og:title\" content=\"Le FIFF (Festival de Namur) cherche des collaborateurs et stagiaires pour sa prochaine \u00e9dition! - w-l-c\" \/>\n<meta property=\"og:description\" content=\"Le Festival International du Film Francophone de Namur lance sa campagne de recrutement de stagiaires pour sa prochaine \u00e9dition, qui se tiendra du 29 septembre au 6 octobre prochain, l&rsquo;occasion id\u00e9ale de participer de l&rsquo;int\u00e9rieur \u00e0 l&rsquo;un des rendez-vous incontournable de l&rsquo;ann\u00e9e cin\u00e9ma en Belgique.\" \/>\n<meta property=\"og:url\" content=\"https:\/\/w-l-c.be\/fr\/fiff-festival-de-namur-cherche-collaborateurs-stagiaires-prochaine-edition\/\" \/>\n<meta property=\"og:site_name\" content=\"w-l-c\" \/>\n<meta property=\"article:published_time\" content=\"2017-03-22T10:40:52+00:00\" \/>\n<meta property=\"og:image\" content=\"https:\/\/w-l-c.be\/wp-content\/uploads\/2017\/03\/festival-international-du-film-francophone-de-namur-1998.jpg\" \/>\n\t<meta property=\"og:image:width\" content=\"600\" \/>\n\t<meta property=\"og:image:height\" content=\"365\" \/>\n\t<meta property=\"og:image:type\" content=\"image\/jpeg\" \/>\n<meta name=\"author\" content=\"Aurore Engelen\" \/>\n<meta name=\"twitter:card\" content=\"summary_large_image\" \/>\n<meta name=\"twitter:label1\" content=\"\u00c9crit par\" \/>\n\t<meta name=\"twitter:data1\" content=\"Aurore Engelen\" \/>\n\t<meta name=\"twitter:label2\" content=\"Dur\u00e9e de lecture estim\u00e9e\" \/>\n\t<meta name=\"twitter:data2\" content=\"1 minute\" \/>\n<script type=\"application\/ld+json\" class=\"yoast-schema-graph\">{\"@context\":\"https:\/\/schema.org\",\"@graph\":[{\"@type\":\"WebPage\",\"@id\":\"https:\/\/w-l-c.be\/fr\/fiff-festival-de-namur-cherche-collaborateurs-stagiaires-prochaine-edition\/\",\"url\":\"https:\/\/w-l-c.be\/fr\/fiff-festival-de-namur-cherche-collaborateurs-stagiaires-prochaine-edition\/\",\"name\":\"Le FIFF (Festival de Namur) cherche des collaborateurs et stagiaires pour sa prochaine \u00e9dition! - w-l-c\",\"isPartOf\":{\"@id\":\"https:\/\/w-l-c.be\/fr\/#website\"},\"datePublished\":\"2017-03-22T10:40:52+00:00\",\"dateModified\":\"2017-03-22T10:40:52+00:00\",\"author\":{\"@id\":\"https:\/\/w-l-c.be\/fr\/#\/schema\/person\/8084b68c6b176142d073695c654dc7cf\"},\"breadcrumb\":{\"@id\":\"https:\/\/w-l-c.be\/fr\/fiff-festival-de-namur-cherche-collaborateurs-stagiaires-prochaine-edition\/#breadcrumb\"},\"inLanguage\":\"fr-FR\",\"potentialAction\":[{\"@type\":\"ReadAction\",\"target\":[\"https:\/\/w-l-c.be\/fr\/fiff-festival-de-namur-cherche-collaborateurs-stagiaires-prochaine-edition\/\"]}]},{\"@type\":\"BreadcrumbList\",\"@id\":\"https:\/\/w-l-c.be\/fr\/fiff-festival-de-namur-cherche-collaborateurs-stagiaires-prochaine-edition\/#breadcrumb\",\"itemListElement\":[{\"@type\":\"ListItem\",\"position\":1,\"name\":\"Accueil\",\"item\":\"https:\/\/w-l-c.be\/fr\/\"},{\"@type\":\"ListItem\",\"position\":2,\"name\":\"Le FIFF (Festival de Namur) cherche des collaborateurs et stagiaires pour sa prochaine \u00e9dition!\"}]},{\"@type\":\"WebSite\",\"@id\":\"https:\/\/w-l-c.be\/fr\/#website\",\"url\":\"https:\/\/w-l-c.be\/fr\/\",\"name\":\"w-l-c\",\"description\":\"Le cin\u00e9ma vu par les belges\",\"potentialAction\":[{\"@type\":\"SearchAction\",\"target\":{\"@type\":\"EntryPoint\",\"urlTemplate\":\"https:\/\/w-l-c.be\/fr\/?s={search_term_string}\"},\"query-input\":\"required name=search_term_string\"}],\"inLanguage\":\"fr-FR\"},{\"@type\":\"Person\",\"@id\":\"https:\/\/w-l-c.be\/fr\/#\/schema\/person\/8084b68c6b176142d073695c654dc7cf\",\"name\":\"Aurore Engelen\",\"url\":\"https:\/\/w-l-c.be\/fr\/author\/aurore-engelen\/\"}]}<\/script>\n<!-- \/ Yoast SEO plugin. -->","yoast_head_json":{"title":"Le FIFF (Festival de Namur) cherche des collaborateurs et stagiaires pour sa prochaine \u00e9dition! - w-l-c","robots":{"index":"noindex","follow":"follow","max-snippet":"max-snippet:-1","max-image-preview":"max-image-preview:large","max-video-preview":"max-video-preview:-1"},"og_locale":"fr_FR","og_type":"article","og_title":"Le FIFF (Festival de Namur) cherche des collaborateurs et stagiaires pour sa prochaine \u00e9dition! - w-l-c","og_description":"Le Festival International du Film Francophone de Namur lance sa campagne de recrutement de stagiaires pour sa prochaine \u00e9dition, qui se tiendra du 29 septembre au 6 octobre prochain, l&rsquo;occasion id\u00e9ale de participer de l&rsquo;int\u00e9rieur \u00e0 l&rsquo;un des rendez-vous incontournable de l&rsquo;ann\u00e9e cin\u00e9ma en Belgique.","og_url":"https:\/\/w-l-c.be\/fr\/fiff-festival-de-namur-cherche-collaborateurs-stagiaires-prochaine-edition\/","og_site_name":"w-l-c","article_published_time":"2017-03-22T10:40:52+00:00","og_image":[{"width":600,"height":365,"url":"https:\/\/w-l-c.be\/wp-content\/uploads\/2017\/03\/festival-international-du-film-francophone-de-namur-1998.jpg","type":"image\/jpeg"}],"author":"Aurore Engelen","twitter_card":"summary_large_image","twitter_misc":{"\u00c9crit par":"Aurore Engelen","Dur\u00e9e de lecture estim\u00e9e":"1 minute"},"schema":{"@context":"https:\/\/schema.org","@graph":[{"@type":"WebPage","@id":"https:\/\/w-l-c.be\/fr\/fiff-festival-de-namur-cherche-collaborateurs-stagiaires-prochaine-edition\/","url":"https:\/\/w-l-c.be\/fr\/fiff-festival-de-namur-cherche-collaborateurs-stagiaires-prochaine-edition\/","name":"Le FIFF (Festival de Namur) cherche des collaborateurs et stagiaires pour sa prochaine \u00e9dition! - w-l-c","isPartOf":{"@id":"https:\/\/w-l-c.be\/fr\/#website"},"datePublished":"2017-03-22T10:40:52+00:00","dateModified":"2017-03-22T10:40:52+00:00","author":{"@id":"https:\/\/w-l-c.be\/fr\/#\/schema\/person\/8084b68c6b176142d073695c654dc7cf"},"breadcrumb":{"@id":"https:\/\/w-l-c.be\/fr\/fiff-festival-de-namur-cherche-collaborateurs-stagiaires-prochaine-edition\/#breadcrumb"},"inLanguage":"fr-FR","potentialAction":[{"@type":"ReadAction","target":["https:\/\/w-l-c.be\/fr\/fiff-festival-de-namur-cherche-collaborateurs-stagiaires-prochaine-edition\/"]}]},{"@type":"BreadcrumbList","@id":"https:\/\/w-l-c.be\/fr\/fiff-festival-de-namur-cherche-collaborateurs-stagiaires-prochaine-edition\/#breadcrumb","itemListElement":[{"@type":"ListItem","position":1,"name":"Accueil","item":"https:\/\/w-l-c.be\/fr\/"},{"@type":"ListItem","position":2,"name":"Le FIFF (Festival de Namur) cherche des collaborateurs et stagiaires pour sa prochaine \u00e9dition!"}]},{"@type":"WebSite","@id":"https:\/\/w-l-c.be\/fr\/#website","url":"https:\/\/w-l-c.be\/fr\/","name":"w-l-c","description":"Le cin\u00e9ma vu par les belges","potentialAction":[{"@type":"SearchAction","target":{"@type":"EntryPoint","urlTemplate":"https:\/\/w-l-c.be\/fr\/?s={search_term_string}"},"query-input":"required name=search_term_string"}],"inLanguage":"fr-FR"},{"@type":"Person","@id":"https:\/\/w-l-c.be\/fr\/#\/schema\/person\/8084b68c6b176142d073695c654dc7cf","name":"Aurore Engelen","url":"https:\/\/w-l-c.be\/fr\/author\/aurore-engelen\/"}]}},"_links":{"self":[{"href":"https:\/\/w-l-c.be\/fr\/wp-json\/wp\/v2\/posts\/197969","targetHints":{"allow":["GET"]}}],"collection":[{"href":"https:\/\/w-l-c.be\/fr\/wp-json\/wp\/v2\/posts"}],"about":[{"href":"https:\/\/w-l-c.be\/fr\/wp-json\/wp\/v2\/types\/post"}],"author":[{"embeddable":true,"href":"https:\/\/w-l-c.be\/fr\/wp-json\/wp\/v2\/users\/343"}],"replies":[{"embeddable":true,"href":"https:\/\/w-l-c.be\/fr\/wp-json\/wp\/v2\/comments?post=197969"}],"version-history":[{"count":0,"href":"https:\/\/w-l-c.be\/fr\/wp-json\/wp\/v2\/posts\/197969\/revisions"}],"wp:featuredmedia":[{"embeddable":true,"href":"https:\/\/w-l-c.be\/fr\/wp-json\/wp\/v2\/media\/197971"}],"wp:attachment":[{"href":"https:\/\/w-l-c.be\/fr\/wp-json\/wp\/v2\/media?parent=197969"}],"wp:term":[{"taxonomy":"category","embeddable":true,"href":"https:\/\/w-l-c.be\/fr\/wp-json\/wp\/v2\/categories?post=197969"},{"taxonomy":"post_tag","embeddable":true,"href":"https:\/\/w-l-c.be\/fr\/wp-json\/wp\/v2\/tags?post=197969"}],"curies":[{"name":"wp","href":"https:\/\/api.w.org\/{rel}","templated":true}]}}