
{"id":198299,"date":"2017-03-31T09:21:44","date_gmt":"2017-03-31T07:21:44","guid":{"rendered":"http:\/\/www.cinevox.be\/?p=98299"},"modified":"2017-03-31T09:23:37","modified_gmt":"2017-03-31T07:23:37","slug":"business-affairs-manager-chez-belvision-dupuis","status":"publish","type":"post","link":"https:\/\/w-l-c.be\/fr\/business-affairs-manager-chez-belvision-dupuis\/","title":{"rendered":"Business Affairs Manager chez Belvision\/ Dupuis"},"content":{"rendered":"<p class=\"p3\"><span class=\"s1\">La SA Editions Dupuis recherche <\/span><span class=\"s1\">pour sa filiale de production<span class=\"Apple-converted-space\">\u00a0 <\/span>audiovisuelle la SA Belvision situ\u00e9e \u00e0 Marcinelle un\u00a0<\/span><span class=\"s1\">Business Affairs Manager.<\/span><\/p>\n<p class=\"p6\"><!--more--><\/p>\n<p>&nbsp;<br \/>\n&nbsp;<br \/>\n&nbsp;<br \/>\n&nbsp;<br \/>\n&nbsp;<br \/>\n&nbsp;<br \/>\n&nbsp;<\/p>\n<p class=\"p6\"><span class=\"s1\"><b>Entreprise<\/b><\/span><\/p>\n<p class=\"p7\"><span class=\"s1\">La maison d\u2019\u00e9dition Dupuis, filiale du Groupe M\u00e9dia-Participations (qui poss\u00e8de notamment les soci\u00e9t\u00e9s Dargaud, Lombard, Kana) est leader sur le march\u00e9 de la Bande Dessin\u00e9e avec un catalogue de plus de 1200 titres.<span class=\"Apple-converted-space\">\u00a0 <\/span>Parmi les h\u00e9ros qui ont fait et qui continuent \u00e0 faire le succ\u00e8s de Dupuis, on peut compter, entre autres, sur des monuments comme Spirou, le groom le plus c\u00e9l\u00e8bre au monde, <em>Gaston, Marsupilami, les Tuniques Bleues, Largo Winch, les Nombrils<\/em> ou encore <em>Boule &amp; Bill<\/em>. Outre son activit\u00e9 li\u00e9e \u00e0 l\u2019\u00e9dition, la maison d\u2019\u00e9dition Dupuis a d\u00e9velopp\u00e9 une large activit\u00e9 de production audiovisuelle via sa filiale, la SA BELVISION qui produit aussi bien des longs m\u00e9trages que des s\u00e9ries pour la t\u00e9l\u00e9vision, en animation ou en prise de vue r\u00e9elle.<\/span><\/p>\n<p class=\"p6\">\n<p>&nbsp;<\/p>\n<p class=\"p6\"><span class=\"s1\"><b>Fonction<\/b><\/span><\/p>\n<p class=\"p8\"><span class=\"s1\">En tant que Business Affairs Manager, vous faites partie de l\u2019\u00e9quipe \u00ab\u00a0Audiovisuelle\u00a0\u00bb des Editions Dupuis. Cela implique que vous assurez les responsabilit\u00e9s et les t\u00e2ches suivantes\u00a0:<\/span><\/p>\n<ul>\n<li class=\"li10\"><span class=\"s1\">Suivi administratif et financier des diverses productions audiovisuelles<\/span><\/li>\n<li class=\"li10\"><span class=\"s1\">Etablissement, suivi des budgets et des co\u00fbts de production en collaboration avec les producteurs ex\u00e9cutifs et les directeurs de production<\/span><\/li>\n<li class=\"li10\"><span class=\"s1\">Suivi des plans de financements en relation avec les diff\u00e9rents partenaires concern\u00e9s<\/span><\/li>\n<li class=\"li10\"><span class=\"s1\">Elaboration de dossiers pour le financement belge<\/span><\/li>\n<li class=\"li10\"><span class=\"s1\">Suivi des paies aff\u00e9rentes aux diff\u00e9rentes productions <\/span><\/li>\n<li class=\"li10\"><span class=\"s1\">Gestion des dossiers de demande d\u2019agr\u00e9ment Tax Shelter (incitant fiscal destin\u00e9 \u00e0 encourager la production d\u2019\u0153uvres audiovisuelles et cin\u00e9matographiques)<\/span><\/li>\n<li class=\"li10\"><span class=\"s1\">Inscription des \u0153uvres aupr\u00e8s des soci\u00e9t\u00e9s de gestion collective telles que notamment la SABAM, la SACEM, la SACD<\/span><\/li>\n<li class=\"li7\"><span class=\"s1\">Suivi des relations avec les diff\u00e9rents d\u00e9partements internes (direction financi\u00e8re, comptabilit\u00e9, RH, juridique \u2026) et avec les partenaires ext\u00e9rieurs<\/span><\/li>\n<\/ul>\n<p class=\"p11\">\n<p>&nbsp;<\/p>\n<p class=\"p11\"><span class=\"s1\"><b>Profil<\/b><\/span><\/p>\n<ul>\n<li class=\"li12\"><span class=\"s1\">Dipl\u00f4me universitaire <\/span><\/li>\n<li class=\"li12\"><span class=\"s1\">Bonne ma\u00eetrise de l\u2019anglais (Le N\u00e9erlandais est un plus)<\/span><\/li>\n<li class=\"li12\"><span class=\"s1\">Exp\u00e9rience en contr\u00f4le de gestion d\u2019au moins 2 ans id\u00e9alement dans le secteur de l\u2019audiovisuel<\/span><\/li>\n<li class=\"li12\"><span class=\"s1\">Pr\u00e9cis, rigoureux, m\u00e9thodique, proactif <\/span><\/li>\n<li class=\"li12\"><span class=\"s1\">Respect des \u00e9ch\u00e9ances<\/span><\/li>\n<li class=\"li12\"><span class=\"s1\">Sens de l\u2019organisation, des priorit\u00e9s et de la communication\u00a0<\/span><\/li>\n<li class=\"li13\"><span class=\"s1\">Int\u00e9r\u00eat marqu\u00e9 pour le secteur audiovisuel <\/span><\/li>\n<\/ul>\n<p class=\"p11\">\n<p>&nbsp;<\/p>\n<p class=\"p11\"><span class=\"s1\"><b>Offre<\/b><\/span><\/p>\n<ul>\n<li class=\"li14\"><span class=\"s1\">Un contrat de travail \u00e0 dur\u00e9e ind\u00e9termin\u00e9e \u00e0 temps plein<\/span><\/li>\n<li class=\"li14\"><span class=\"s1\">Un salaire en rapport avec votre formation et votre exp\u00e9rience, compl\u00e9t\u00e9 d\u2019avantages extra-l\u00e9gaux<\/span><\/li>\n<li class=\"li14\"><span class=\"s1\">Un environnement de travail agr\u00e9able<\/span><\/li>\n<li class=\"li7\"><span class=\"s1\">Entr\u00e9e en service imm\u00e9diate<\/span><\/li>\n<\/ul>\n<p class=\"p11\">\n<p>&nbsp;<\/p>\n<p class=\"p11\"><span class=\"s1\"><b>Contact<\/b><\/span><\/p>\n<p class=\"p12\"><span class=\"s1\">Merci de transmettre votre candidature, sous la r\u00e9f\u00e9rence \u2018Business Affairs Manager\u2019 <b>DUPUIS\/AUDIO, <\/b>de pr\u00e9f\u00e9rence <\/span><span class=\"s4\">par courriel<\/span><span class=\"s1\"> \u00e0 l\u2019adresse suivante\u00a0: <\/span><span class=\"s1\"><b>job@dupuis.com<\/b>\u00a0<\/span><span class=\"s1\">OU <\/span><span class=\"s4\">par courrier postal<\/span><span class=\"s1\"> \u00e0 l\u2019adresse suivante\u00a0:<\/span><\/p>\n<p class=\"p16\"><span class=\"s1\"><b>Editions Dupuis s.a.<\/b><\/span><\/p>\n<p class=\"p16\"><span class=\"s1\">D\u00e9partement des Ressources Humaines<\/span><\/p>\n<p class=\"p16\"><span class=\"s1\">52, rue Jules Destr\u00e9e <\/span><\/p>\n<p class=\"p16\"><span class=\"s1\">B-6001 Marcinelle <\/span><\/p>\n","protected":false},"excerpt":{"rendered":"<p>La SA Editions Dupuis recherche pour sa filiale de production\u00a0 audiovisuelle la SA Belvision situ\u00e9e \u00e0 Marcinelle un\u00a0Business Affairs Manager.<\/p>\n","protected":false},"author":343,"featured_media":198301,"comment_status":"closed","ping_status":"closed","sticky":false,"template":"","format":"standard","meta":{"ngg_post_thumbnail":0,"footnotes":""},"categories":[20],"tags":[],"class_list":["post-198299","post","type-post","status-publish","format-standard","has-post-thumbnail","","category-cinejobs"],"yoast_head":"<!-- This site is optimized with the Yoast SEO plugin v20.4 - https:\/\/yoast.com\/wordpress\/plugins\/seo\/ -->\n<title>Business Affairs Manager chez Belvision\/ Dupuis - w-l-c<\/title>\n<meta name=\"robots\" content=\"noindex, follow, max-snippet:-1, max-image-preview:large, max-video-preview:-1\" \/>\n<meta property=\"og:locale\" content=\"fr_FR\" \/>\n<meta property=\"og:type\" content=\"article\" \/>\n<meta property=\"og:title\" content=\"Business Affairs Manager chez Belvision\/ Dupuis - w-l-c\" \/>\n<meta property=\"og:description\" content=\"La SA Editions Dupuis recherche pour sa filiale de production\u00a0 audiovisuelle la SA Belvision situ\u00e9e \u00e0 Marcinelle un\u00a0Business Affairs Manager.\" \/>\n<meta property=\"og:url\" content=\"https:\/\/w-l-c.be\/fr\/business-affairs-manager-chez-belvision-dupuis\/\" \/>\n<meta property=\"og:site_name\" content=\"w-l-c\" \/>\n<meta property=\"article:published_time\" content=\"2017-03-31T07:21:44+00:00\" \/>\n<meta property=\"article:modified_time\" content=\"2017-03-31T07:23:37+00:00\" \/>\n<meta property=\"og:image\" content=\"https:\/\/w-l-c.be\/wp-content\/uploads\/2017\/03\/Capture-d\u2019e\u0301cran-2017-03-31-a\u0300-09.17.54.png\" \/>\n\t<meta property=\"og:image:width\" content=\"1436\" \/>\n\t<meta property=\"og:image:height\" content=\"744\" \/>\n\t<meta property=\"og:image:type\" content=\"image\/png\" \/>\n<meta name=\"author\" content=\"Aurore Engelen\" \/>\n<meta name=\"twitter:card\" content=\"summary_large_image\" \/>\n<meta name=\"twitter:label1\" content=\"\u00c9crit par\" \/>\n\t<meta name=\"twitter:data1\" content=\"Aurore Engelen\" \/>\n\t<meta name=\"twitter:label2\" content=\"Dur\u00e9e de lecture estim\u00e9e\" \/>\n\t<meta name=\"twitter:data2\" content=\"2 minutes\" \/>\n<script type=\"application\/ld+json\" class=\"yoast-schema-graph\">{\"@context\":\"https:\/\/schema.org\",\"@graph\":[{\"@type\":\"WebPage\",\"@id\":\"https:\/\/w-l-c.be\/fr\/business-affairs-manager-chez-belvision-dupuis\/\",\"url\":\"https:\/\/w-l-c.be\/fr\/business-affairs-manager-chez-belvision-dupuis\/\",\"name\":\"Business Affairs Manager chez Belvision\/ Dupuis - w-l-c\",\"isPartOf\":{\"@id\":\"https:\/\/w-l-c.be\/fr\/#website\"},\"datePublished\":\"2017-03-31T07:21:44+00:00\",\"dateModified\":\"2017-03-31T07:23:37+00:00\",\"author\":{\"@id\":\"https:\/\/w-l-c.be\/fr\/#\/schema\/person\/8084b68c6b176142d073695c654dc7cf\"},\"breadcrumb\":{\"@id\":\"https:\/\/w-l-c.be\/fr\/business-affairs-manager-chez-belvision-dupuis\/#breadcrumb\"},\"inLanguage\":\"fr-FR\",\"potentialAction\":[{\"@type\":\"ReadAction\",\"target\":[\"https:\/\/w-l-c.be\/fr\/business-affairs-manager-chez-belvision-dupuis\/\"]}]},{\"@type\":\"BreadcrumbList\",\"@id\":\"https:\/\/w-l-c.be\/fr\/business-affairs-manager-chez-belvision-dupuis\/#breadcrumb\",\"itemListElement\":[{\"@type\":\"ListItem\",\"position\":1,\"name\":\"Accueil\",\"item\":\"https:\/\/w-l-c.be\/fr\/\"},{\"@type\":\"ListItem\",\"position\":2,\"name\":\"Business Affairs Manager chez Belvision\/ Dupuis\"}]},{\"@type\":\"WebSite\",\"@id\":\"https:\/\/w-l-c.be\/fr\/#website\",\"url\":\"https:\/\/w-l-c.be\/fr\/\",\"name\":\"w-l-c\",\"description\":\"Le cin\u00e9ma vu par les belges\",\"potentialAction\":[{\"@type\":\"SearchAction\",\"target\":{\"@type\":\"EntryPoint\",\"urlTemplate\":\"https:\/\/w-l-c.be\/fr\/?s={search_term_string}\"},\"query-input\":\"required name=search_term_string\"}],\"inLanguage\":\"fr-FR\"},{\"@type\":\"Person\",\"@id\":\"https:\/\/w-l-c.be\/fr\/#\/schema\/person\/8084b68c6b176142d073695c654dc7cf\",\"name\":\"Aurore Engelen\",\"url\":\"https:\/\/w-l-c.be\/fr\/author\/aurore-engelen\/\"}]}<\/script>\n<!-- \/ Yoast SEO plugin. -->","yoast_head_json":{"title":"Business Affairs Manager chez Belvision\/ Dupuis - w-l-c","robots":{"index":"noindex","follow":"follow","max-snippet":"max-snippet:-1","max-image-preview":"max-image-preview:large","max-video-preview":"max-video-preview:-1"},"og_locale":"fr_FR","og_type":"article","og_title":"Business Affairs Manager chez Belvision\/ Dupuis - w-l-c","og_description":"La SA Editions Dupuis recherche pour sa filiale de production\u00a0 audiovisuelle la SA Belvision situ\u00e9e \u00e0 Marcinelle un\u00a0Business Affairs Manager.","og_url":"https:\/\/w-l-c.be\/fr\/business-affairs-manager-chez-belvision-dupuis\/","og_site_name":"w-l-c","article_published_time":"2017-03-31T07:21:44+00:00","article_modified_time":"2017-03-31T07:23:37+00:00","og_image":[{"width":1436,"height":744,"url":"https:\/\/w-l-c.be\/wp-content\/uploads\/2017\/03\/Capture-d\u2019e\u0301cran-2017-03-31-a\u0300-09.17.54.png","type":"image\/png"}],"author":"Aurore Engelen","twitter_card":"summary_large_image","twitter_misc":{"\u00c9crit par":"Aurore Engelen","Dur\u00e9e de lecture estim\u00e9e":"2 minutes"},"schema":{"@context":"https:\/\/schema.org","@graph":[{"@type":"WebPage","@id":"https:\/\/w-l-c.be\/fr\/business-affairs-manager-chez-belvision-dupuis\/","url":"https:\/\/w-l-c.be\/fr\/business-affairs-manager-chez-belvision-dupuis\/","name":"Business Affairs Manager chez Belvision\/ Dupuis - w-l-c","isPartOf":{"@id":"https:\/\/w-l-c.be\/fr\/#website"},"datePublished":"2017-03-31T07:21:44+00:00","dateModified":"2017-03-31T07:23:37+00:00","author":{"@id":"https:\/\/w-l-c.be\/fr\/#\/schema\/person\/8084b68c6b176142d073695c654dc7cf"},"breadcrumb":{"@id":"https:\/\/w-l-c.be\/fr\/business-affairs-manager-chez-belvision-dupuis\/#breadcrumb"},"inLanguage":"fr-FR","potentialAction":[{"@type":"ReadAction","target":["https:\/\/w-l-c.be\/fr\/business-affairs-manager-chez-belvision-dupuis\/"]}]},{"@type":"BreadcrumbList","@id":"https:\/\/w-l-c.be\/fr\/business-affairs-manager-chez-belvision-dupuis\/#breadcrumb","itemListElement":[{"@type":"ListItem","position":1,"name":"Accueil","item":"https:\/\/w-l-c.be\/fr\/"},{"@type":"ListItem","position":2,"name":"Business Affairs Manager chez Belvision\/ Dupuis"}]},{"@type":"WebSite","@id":"https:\/\/w-l-c.be\/fr\/#website","url":"https:\/\/w-l-c.be\/fr\/","name":"w-l-c","description":"Le cin\u00e9ma vu par les belges","potentialAction":[{"@type":"SearchAction","target":{"@type":"EntryPoint","urlTemplate":"https:\/\/w-l-c.be\/fr\/?s={search_term_string}"},"query-input":"required name=search_term_string"}],"inLanguage":"fr-FR"},{"@type":"Person","@id":"https:\/\/w-l-c.be\/fr\/#\/schema\/person\/8084b68c6b176142d073695c654dc7cf","name":"Aurore Engelen","url":"https:\/\/w-l-c.be\/fr\/author\/aurore-engelen\/"}]}},"_links":{"self":[{"href":"https:\/\/w-l-c.be\/fr\/wp-json\/wp\/v2\/posts\/198299","targetHints":{"allow":["GET"]}}],"collection":[{"href":"https:\/\/w-l-c.be\/fr\/wp-json\/wp\/v2\/posts"}],"about":[{"href":"https:\/\/w-l-c.be\/fr\/wp-json\/wp\/v2\/types\/post"}],"author":[{"embeddable":true,"href":"https:\/\/w-l-c.be\/fr\/wp-json\/wp\/v2\/users\/343"}],"replies":[{"embeddable":true,"href":"https:\/\/w-l-c.be\/fr\/wp-json\/wp\/v2\/comments?post=198299"}],"version-history":[{"count":0,"href":"https:\/\/w-l-c.be\/fr\/wp-json\/wp\/v2\/posts\/198299\/revisions"}],"wp:featuredmedia":[{"embeddable":true,"href":"https:\/\/w-l-c.be\/fr\/wp-json\/wp\/v2\/media\/198301"}],"wp:attachment":[{"href":"https:\/\/w-l-c.be\/fr\/wp-json\/wp\/v2\/media?parent=198299"}],"wp:term":[{"taxonomy":"category","embeddable":true,"href":"https:\/\/w-l-c.be\/fr\/wp-json\/wp\/v2\/categories?post=198299"},{"taxonomy":"post_tag","embeddable":true,"href":"https:\/\/w-l-c.be\/fr\/wp-json\/wp\/v2\/tags?post=198299"}],"curies":[{"name":"wp","href":"https:\/\/api.w.org\/{rel}","templated":true}]}}