
{"id":198346,"date":"2017-04-02T09:04:54","date_gmt":"2017-04-02T07:04:54","guid":{"rendered":"http:\/\/www.cinevox.be\/?p=98346"},"modified":"2017-05-16T19:47:43","modified_gmt":"2017-05-16T17:47:43","slug":"rien-nest-pardonne-laureat-de-1ere-competition-belge-festival-millenium","status":"publish","type":"post","link":"https:\/\/w-l-c.be\/fr\/rien-nest-pardonne-laureat-de-1ere-competition-belge-festival-millenium\/","title":{"rendered":"\u00ab\u00a0Rien n&rsquo;est pardonn\u00e9\u00a0\u00bb laur\u00e9at de la 1\u00e8re Comp\u00e9tition belge du Festival Millenium"},"content":{"rendered":"<p>Le Festival Millenium s&rsquo;est achev\u00e9 hier samedi 1er avril avec l&rsquo;annonce de son Palmar\u00e8s. 10 films \u00e9tonnants, bouleversants, marquants, \u00e9difiants ont ainsi \u00e9t\u00e9 distingu\u00e9s, dont <em>Rien n&rsquo;est pardonn\u00e9<\/em> de\u00a0Vincent Coen &amp; Guillaume Vandenberghe, premier laur\u00e9at\u00a0du premier Prix du Cin\u00e9ma belge organis\u00e9 par le Festival.<\/p>\n<p>&nbsp;<\/p>\n<p><!--more--><\/p>\n<p>&nbsp;<\/p>\n<p>&nbsp;<\/p>\n<p>Film\u00e9 sur cinq ann\u00e9es, <em>Rien n&rsquo;est pardonn\u00e9 <\/em>raconte l&rsquo;histoire de Zineb El Rhazoui, une journaliste et activiste marocaine, devenue l&rsquo;une des survivantes de l&rsquo;attaque contre <em>Charlie Hebdo<\/em> \u00e0 Paris.<br \/>\nLorsque le printemps arabe se transforme en automne islamiste, Zineb d\u00e9cide de quitter le Maroc. Ne pouvant trouver du travail, et inqui\u00e8te pour sa s\u00e9curit\u00e9, elle s&rsquo;installe \u00e0 Paris. Elle trouve une nouvelle famille professionnelle \u00e0 <em>Charlie Hebdo<\/em>. Pour la premi\u00e8re fois de sa carri\u00e8re, elle peut travailler sans censure.<\/p>\n<p>&nbsp;<\/p>\n<p><img loading=\"lazy\" decoding=\"async\" class=\"alignnone size-full wp-image-98347\" src=\"http:\/\/www.cinevox.be\/wp-content\/uploads\/2017\/04\/Rien-nest-pardonne.jpg\" alt=\"\" width=\"624\" height=\"351\" \/><\/p>\n<p>Son bonheur enfin trouv\u00e9 prend fin le 7 janvier 2015. Par hasard elle n&rsquo;\u00e9tait pas pr\u00e9sente quand les terroristes ont tu\u00e9 ses amis et coll\u00e8gues. Depuis ce jour, elle est devenue la femme la plus prot\u00e9g\u00e9e de France, sous protection polici\u00e8re constante. \u00a0D&rsquo;abord choqu\u00e9e, elle d\u00e9cide vite de se battre contre le terrorisme et devient une figure m\u00e9diatique contre l&rsquo;Islam radical. Mais elle tombe enceinte et sa vision du futur s&rsquo;en retrouve boulevers\u00e9e. Comment construire une vie dans ces conditions? \u00c0 quoi va ressembler l&rsquo;avenir de sa petite fille, entour\u00e9e de gardes du corps?<\/p>\n<p>&nbsp;<\/p>\n<p>Ce film suit Zineb avant, pendant et apr\u00e8s les attaques contre le c\u00e9l\u00e8bre journal satirique. Le portrait intime d&rsquo;une personne qui a d\u00fb payer le prix fort pour s&rsquo;\u00eatre battue pour ses id\u00e9aux. Ses opposants ne lui ont rien pardonn\u00e9.<\/p>\n<p>&nbsp;<\/p>\n<hr \/>\n<address>\u00a0<\/address>\n<p>L&rsquo;Objectif d&rsquo;Or du Festival a \u00e9t\u00e9 remis au film bulgare <em>The Good Postman<\/em>, de\u00a0Tonislav Hristov, \u00a0l&rsquo;histoire d&rsquo;Ivan, facteur d&rsquo;un village frontalier utilis\u00e9 comme point de passage par les migrants. Alors que ses concitoyens sont largement hostiles aux r\u00e9fugi\u00e9s, il d\u00e9cide de briguer le mayorat de la localit\u00e9 afin de faire changer les mentalit\u00e9s.<\/p>\n<p>&nbsp;<\/p>\n<p>L&rsquo;Objectif d&rsquo;Argent a \u00e9t\u00e9 attribu\u00e9\u00a0\u00e0 <em>Plastic China<\/em> de Jiu-Liang Wang, l&rsquo;Objectif de Bronze \u00e0 <em>Forever Pure<\/em> de l&rsquo;Isra\u00e9lienne Maya Zinshtein, et le Prix sp\u00e9cial du jury \u00e0 un autre film chinois, \u00a0<em>Another Year<\/em>\u00a0de\u00a0Shengze Zhu.\u00a0Dans la cat\u00e9gorie \u00ab\u00a0travailleurs du monde\u00a0\u00bb, le prix a \u00e9t\u00e9 d\u00e9cern\u00e9 \u00e0 <em>Demain l&rsquo;usine<\/em>, de Clara Teper, et dans la comp\u00e9tition jeune, c&rsquo;est <em>Congo Paradisio<\/em> de Benjamin G\u00e9minel et Tristan Thil qui a \u00e9t\u00e9 distingu\u00e9.<\/p>\n<p>&nbsp;<\/p>\n<p>L&rsquo;int\u00e9gralit\u00e9 des films sera\u00a0rediffus\u00e9e ce dimanche 2 avril \u00e0 partir de 14h au Cin\u00e9ma Galeries.<\/p>\n<address>\u00a0<\/address>\n","protected":false},"excerpt":{"rendered":"<p>Le Festival Millenium s&rsquo;est achev\u00e9 hier samedi 1er avril avec l&rsquo;annonce de son Palmar\u00e8s. 10 films \u00e9tonnants, bouleversants, marquants, \u00e9difiants ont ainsi \u00e9t\u00e9 distingu\u00e9s, dont Rien n&rsquo;est pardonn\u00e9 de\u00a0Vincent Coen &amp; Guillaume Vandenberghe, premier laur\u00e9at\u00a0du premier Prix du Cin\u00e9ma belge organis\u00e9 par le Festival. &nbsp;<\/p>\n","protected":false},"author":343,"featured_media":198349,"comment_status":"closed","ping_status":"closed","sticky":false,"template":"","format":"standard","meta":{"ngg_post_thumbnail":0,"footnotes":""},"categories":[12,7],"tags":[1937],"class_list":["post-198346","post","type-post","status-publish","format-standard","has-post-thumbnail","","category-awards","category-actualites","tag-jawad-rhalib"],"yoast_head":"<!-- This site is optimized with the Yoast SEO plugin v20.4 - https:\/\/yoast.com\/wordpress\/plugins\/seo\/ -->\n<title>&quot;Rien n&#039;est pardonn\u00e9&quot; laur\u00e9at de la 1\u00e8re Comp\u00e9tition belge du Festival Millenium - w-l-c<\/title>\n<meta name=\"robots\" content=\"noindex, follow, max-snippet:-1, max-image-preview:large, max-video-preview:-1\" \/>\n<meta property=\"og:locale\" content=\"fr_FR\" \/>\n<meta property=\"og:type\" content=\"article\" \/>\n<meta property=\"og:title\" content=\"&quot;Rien n&#039;est pardonn\u00e9&quot; laur\u00e9at de la 1\u00e8re Comp\u00e9tition belge du Festival Millenium - w-l-c\" \/>\n<meta property=\"og:description\" content=\"Le Festival Millenium s&rsquo;est achev\u00e9 hier samedi 1er avril avec l&rsquo;annonce de son Palmar\u00e8s. 10 films \u00e9tonnants, bouleversants, marquants, \u00e9difiants ont ainsi \u00e9t\u00e9 distingu\u00e9s, dont Rien n&rsquo;est pardonn\u00e9 de\u00a0Vincent Coen &amp; Guillaume Vandenberghe, premier laur\u00e9at\u00a0du premier Prix du Cin\u00e9ma belge organis\u00e9 par le Festival. &nbsp;\" \/>\n<meta property=\"og:url\" content=\"https:\/\/w-l-c.be\/fr\/rien-nest-pardonne-laureat-de-1ere-competition-belge-festival-millenium\/\" \/>\n<meta property=\"og:site_name\" content=\"w-l-c\" \/>\n<meta property=\"article:published_time\" content=\"2017-04-02T07:04:54+00:00\" \/>\n<meta property=\"article:modified_time\" content=\"2017-05-16T17:47:43+00:00\" \/>\n<meta property=\"og:image\" content=\"https:\/\/w-l-c.be\/wp-content\/uploads\/2017\/04\/Zineb-foulard.jpg\" \/>\n\t<meta property=\"og:image:width\" content=\"600\" \/>\n\t<meta property=\"og:image:height\" content=\"300\" \/>\n\t<meta property=\"og:image:type\" content=\"image\/jpeg\" \/>\n<meta name=\"author\" content=\"Aurore Engelen\" \/>\n<meta name=\"twitter:card\" content=\"summary_large_image\" \/>\n<meta name=\"twitter:label1\" content=\"\u00c9crit par\" \/>\n\t<meta name=\"twitter:data1\" content=\"Aurore Engelen\" \/>\n\t<meta name=\"twitter:label2\" content=\"Dur\u00e9e de lecture estim\u00e9e\" \/>\n\t<meta name=\"twitter:data2\" content=\"2 minutes\" \/>\n<script type=\"application\/ld+json\" class=\"yoast-schema-graph\">{\"@context\":\"https:\/\/schema.org\",\"@graph\":[{\"@type\":\"WebPage\",\"@id\":\"https:\/\/w-l-c.be\/fr\/rien-nest-pardonne-laureat-de-1ere-competition-belge-festival-millenium\/\",\"url\":\"https:\/\/w-l-c.be\/fr\/rien-nest-pardonne-laureat-de-1ere-competition-belge-festival-millenium\/\",\"name\":\"\\\"Rien n'est pardonn\u00e9\\\" laur\u00e9at de la 1\u00e8re Comp\u00e9tition belge du Festival Millenium - w-l-c\",\"isPartOf\":{\"@id\":\"https:\/\/w-l-c.be\/fr\/#website\"},\"datePublished\":\"2017-04-02T07:04:54+00:00\",\"dateModified\":\"2017-05-16T17:47:43+00:00\",\"author\":{\"@id\":\"https:\/\/w-l-c.be\/fr\/#\/schema\/person\/8084b68c6b176142d073695c654dc7cf\"},\"breadcrumb\":{\"@id\":\"https:\/\/w-l-c.be\/fr\/rien-nest-pardonne-laureat-de-1ere-competition-belge-festival-millenium\/#breadcrumb\"},\"inLanguage\":\"fr-FR\",\"potentialAction\":[{\"@type\":\"ReadAction\",\"target\":[\"https:\/\/w-l-c.be\/fr\/rien-nest-pardonne-laureat-de-1ere-competition-belge-festival-millenium\/\"]}]},{\"@type\":\"BreadcrumbList\",\"@id\":\"https:\/\/w-l-c.be\/fr\/rien-nest-pardonne-laureat-de-1ere-competition-belge-festival-millenium\/#breadcrumb\",\"itemListElement\":[{\"@type\":\"ListItem\",\"position\":1,\"name\":\"Accueil\",\"item\":\"https:\/\/w-l-c.be\/fr\/\"},{\"@type\":\"ListItem\",\"position\":2,\"name\":\"\u00ab\u00a0Rien n&rsquo;est pardonn\u00e9\u00a0\u00bb laur\u00e9at de la 1\u00e8re Comp\u00e9tition belge du Festival Millenium\"}]},{\"@type\":\"WebSite\",\"@id\":\"https:\/\/w-l-c.be\/fr\/#website\",\"url\":\"https:\/\/w-l-c.be\/fr\/\",\"name\":\"w-l-c\",\"description\":\"Le cin\u00e9ma vu par les belges\",\"potentialAction\":[{\"@type\":\"SearchAction\",\"target\":{\"@type\":\"EntryPoint\",\"urlTemplate\":\"https:\/\/w-l-c.be\/fr\/?s={search_term_string}\"},\"query-input\":\"required name=search_term_string\"}],\"inLanguage\":\"fr-FR\"},{\"@type\":\"Person\",\"@id\":\"https:\/\/w-l-c.be\/fr\/#\/schema\/person\/8084b68c6b176142d073695c654dc7cf\",\"name\":\"Aurore Engelen\",\"url\":\"https:\/\/w-l-c.be\/fr\/author\/aurore-engelen\/\"}]}<\/script>\n<!-- \/ Yoast SEO plugin. -->","yoast_head_json":{"title":"\"Rien n'est pardonn\u00e9\" laur\u00e9at de la 1\u00e8re Comp\u00e9tition belge du Festival Millenium - w-l-c","robots":{"index":"noindex","follow":"follow","max-snippet":"max-snippet:-1","max-image-preview":"max-image-preview:large","max-video-preview":"max-video-preview:-1"},"og_locale":"fr_FR","og_type":"article","og_title":"\"Rien n'est pardonn\u00e9\" laur\u00e9at de la 1\u00e8re Comp\u00e9tition belge du Festival Millenium - w-l-c","og_description":"Le Festival Millenium s&rsquo;est achev\u00e9 hier samedi 1er avril avec l&rsquo;annonce de son Palmar\u00e8s. 10 films \u00e9tonnants, bouleversants, marquants, \u00e9difiants ont ainsi \u00e9t\u00e9 distingu\u00e9s, dont Rien n&rsquo;est pardonn\u00e9 de\u00a0Vincent Coen &amp; Guillaume Vandenberghe, premier laur\u00e9at\u00a0du premier Prix du Cin\u00e9ma belge organis\u00e9 par le Festival. &nbsp;","og_url":"https:\/\/w-l-c.be\/fr\/rien-nest-pardonne-laureat-de-1ere-competition-belge-festival-millenium\/","og_site_name":"w-l-c","article_published_time":"2017-04-02T07:04:54+00:00","article_modified_time":"2017-05-16T17:47:43+00:00","og_image":[{"width":600,"height":300,"url":"https:\/\/w-l-c.be\/wp-content\/uploads\/2017\/04\/Zineb-foulard.jpg","type":"image\/jpeg"}],"author":"Aurore Engelen","twitter_card":"summary_large_image","twitter_misc":{"\u00c9crit par":"Aurore Engelen","Dur\u00e9e de lecture estim\u00e9e":"2 minutes"},"schema":{"@context":"https:\/\/schema.org","@graph":[{"@type":"WebPage","@id":"https:\/\/w-l-c.be\/fr\/rien-nest-pardonne-laureat-de-1ere-competition-belge-festival-millenium\/","url":"https:\/\/w-l-c.be\/fr\/rien-nest-pardonne-laureat-de-1ere-competition-belge-festival-millenium\/","name":"\"Rien n'est pardonn\u00e9\" laur\u00e9at de la 1\u00e8re Comp\u00e9tition belge du Festival Millenium - w-l-c","isPartOf":{"@id":"https:\/\/w-l-c.be\/fr\/#website"},"datePublished":"2017-04-02T07:04:54+00:00","dateModified":"2017-05-16T17:47:43+00:00","author":{"@id":"https:\/\/w-l-c.be\/fr\/#\/schema\/person\/8084b68c6b176142d073695c654dc7cf"},"breadcrumb":{"@id":"https:\/\/w-l-c.be\/fr\/rien-nest-pardonne-laureat-de-1ere-competition-belge-festival-millenium\/#breadcrumb"},"inLanguage":"fr-FR","potentialAction":[{"@type":"ReadAction","target":["https:\/\/w-l-c.be\/fr\/rien-nest-pardonne-laureat-de-1ere-competition-belge-festival-millenium\/"]}]},{"@type":"BreadcrumbList","@id":"https:\/\/w-l-c.be\/fr\/rien-nest-pardonne-laureat-de-1ere-competition-belge-festival-millenium\/#breadcrumb","itemListElement":[{"@type":"ListItem","position":1,"name":"Accueil","item":"https:\/\/w-l-c.be\/fr\/"},{"@type":"ListItem","position":2,"name":"\u00ab\u00a0Rien n&rsquo;est pardonn\u00e9\u00a0\u00bb laur\u00e9at de la 1\u00e8re Comp\u00e9tition belge du Festival Millenium"}]},{"@type":"WebSite","@id":"https:\/\/w-l-c.be\/fr\/#website","url":"https:\/\/w-l-c.be\/fr\/","name":"w-l-c","description":"Le cin\u00e9ma vu par les belges","potentialAction":[{"@type":"SearchAction","target":{"@type":"EntryPoint","urlTemplate":"https:\/\/w-l-c.be\/fr\/?s={search_term_string}"},"query-input":"required name=search_term_string"}],"inLanguage":"fr-FR"},{"@type":"Person","@id":"https:\/\/w-l-c.be\/fr\/#\/schema\/person\/8084b68c6b176142d073695c654dc7cf","name":"Aurore Engelen","url":"https:\/\/w-l-c.be\/fr\/author\/aurore-engelen\/"}]}},"_links":{"self":[{"href":"https:\/\/w-l-c.be\/fr\/wp-json\/wp\/v2\/posts\/198346","targetHints":{"allow":["GET"]}}],"collection":[{"href":"https:\/\/w-l-c.be\/fr\/wp-json\/wp\/v2\/posts"}],"about":[{"href":"https:\/\/w-l-c.be\/fr\/wp-json\/wp\/v2\/types\/post"}],"author":[{"embeddable":true,"href":"https:\/\/w-l-c.be\/fr\/wp-json\/wp\/v2\/users\/343"}],"replies":[{"embeddable":true,"href":"https:\/\/w-l-c.be\/fr\/wp-json\/wp\/v2\/comments?post=198346"}],"version-history":[{"count":0,"href":"https:\/\/w-l-c.be\/fr\/wp-json\/wp\/v2\/posts\/198346\/revisions"}],"wp:featuredmedia":[{"embeddable":true,"href":"https:\/\/w-l-c.be\/fr\/wp-json\/wp\/v2\/media\/198349"}],"wp:attachment":[{"href":"https:\/\/w-l-c.be\/fr\/wp-json\/wp\/v2\/media?parent=198346"}],"wp:term":[{"taxonomy":"category","embeddable":true,"href":"https:\/\/w-l-c.be\/fr\/wp-json\/wp\/v2\/categories?post=198346"},{"taxonomy":"post_tag","embeddable":true,"href":"https:\/\/w-l-c.be\/fr\/wp-json\/wp\/v2\/tags?post=198346"}],"curies":[{"name":"wp","href":"https:\/\/api.w.org\/{rel}","templated":true}]}}