
{"id":198351,"date":"2017-04-03T11:53:48","date_gmt":"2017-04-03T09:53:48","guid":{"rendered":"http:\/\/www.cinevox.be\/?p=98351"},"modified":"2017-04-03T11:53:48","modified_gmt":"2017-04-03T09:53:48","slug":"bilan-2016-centre-cinema-succes-series-50-ans-aides-publiques","status":"publish","type":"post","link":"https:\/\/w-l-c.be\/fr\/bilan-2016-centre-cinema-succes-series-50-ans-aides-publiques\/","title":{"rendered":"Bilan 2016 du Centre du Cin\u00e9ma: le succ\u00e8s des s\u00e9ries et les 50 ans des aides publiques"},"content":{"rendered":"<p>Vendredi dernier, le Centre du Cin\u00e9ma et de l&rsquo;Audiovisuel de la F\u00e9d\u00e9ration Wallonie-Bruxelles organisait son bilan annuel, l&rsquo;occasion de revenir sur les r\u00e9sultats et l&rsquo;actualit\u00e9 du cin\u00e9ma belge durant l&rsquo;ann\u00e9e \u00e9coul\u00e9e. Si ce rendez-vous est avant tout destin\u00e9 aux professionnels, il permet de comprendre en partie comment se porte le cin\u00e9ma belge aujourd&rsquo;hui, et comment vont\u00a0ses acteurs et ses talents.<\/p>\n<p><!--more--><\/p>\n<p class=\"p1\">\n<p class=\"p1\">\n<p>&nbsp;<br \/>\n&nbsp;<br \/>\n&nbsp;<br \/>\n&nbsp;<\/p>\n<p class=\"p1\"><span class=\"s1\">Le Centre du Cin\u00e9ma demeure le premier partenaire du cin\u00e9ma belge francophone, avec\u00a0le Tax Shelter, les fonds r\u00e9gionaux (Wallimage et\u00a0screen.brussels), et les t\u00e9l\u00e9visions bien s\u00fbr. Concr\u00e8tement, la Commission de s\u00e9lection des films\u00a0a soutenu en 2016 114 projets (sur 433 examin\u00e9s), tous cr\u00e9neaux confondus (longs m\u00e9trages, courts m\u00e9trages, documentaires, films LAB, t\u00e9l\u00e9films et s\u00e9ries audiovisuelles). 40 longs m\u00e9trages sont concern\u00e9es, que ce soit en \u00e9criture, en d\u00e9veloppement ou en production, parmi lesquels figurent les nouveaux films de Lucas Belvaux (<i>Chez nous<\/i>, sorti en f\u00e9vrier), le premier film de Fran\u00e7ois Damiens en tant que r\u00e9alisateur (<i>Dany<\/i>), ainsi que le premier film des fr\u00e8res J\u00e9r\u00e9mie et Yannick R\u00e9nier (<em>Les Carnivores<\/em>), ou encore les nouveaux films de\u00a0Fr\u00e9d\u00e9ric Fonteyne (<i>La Fronti\u00e8re<\/i>) et Bernard Bellefroid (<i>La Somme de nos voix<\/i>). En \u00e9criture, on rep\u00e8re pas mal de deuxi\u00e8me films comme <em>Juliette<\/em> de Vania Leturcq (<em>L&rsquo;Ann\u00e9e Prochaine<\/em>), <em>La Vie dans les Bois<\/em> de Fran\u00e7ois Pirot\u00a0(Mobile Home), <em>Whenever You&rsquo;re Ready<\/em> de Savina Dellicour (<em>Tous les chats sont gris<\/em>), mais aussi le prochain Fabrice du Welz (<em>Adoration<\/em>), que l&rsquo;on annonce d\u00e9j\u00e0 en tournage cet \u00e9t\u00e9.\u00a0<\/span><\/p>\n<p class=\"p1\">\n<p>&nbsp;<br \/>\n<figure id=\"attachment_98353\" aria-describedby=\"caption-attachment-98353\" style=\"width: 602px\" class=\"wp-caption alignnone\"><img loading=\"lazy\" decoding=\"async\" class=\"size-full wp-image-98353\" src=\"http:\/\/www.cinevox.be\/wp-content\/uploads\/2017\/04\/Clap-de-fin-Carnivores.png\" alt=\"\" width=\"602\" height=\"409\" \/><figcaption id=\"caption-attachment-98353\" class=\"wp-caption-text\">Cr\u00e9dit: compte Instagram de J\u00e9r\u00e9mie R\u00e9nier<\/figcaption><\/figure>\n<p class=\"p1\">\n<p>&nbsp;<br \/>\n&nbsp;<\/p>\n<p class=\"p1\"><span class=\"s1\">Le bilan, c&rsquo;est aussi l&rsquo;occasion de faire le point sur la carri\u00e8re dans les salles belges et \u00e9trang\u00e8res des films belges. On sait que la notori\u00e9t\u00e9 \u00e0 l&rsquo;\u00e9tranger du cin\u00e9ma d&rsquo;auteur belge francophone n&rsquo;est plus \u00e0 d\u00e9montrer, et cette ann\u00e9e encore, nos auteurs ont su toucher le public cin\u00e9phile europ\u00e9en. Alors certes, ce n&rsquo;est jamais assez, et on en voudrait toujours plus, mais trois ont tout de m\u00eame r\u00e9ussi \u00e0 toucher plus de 200.000 personnes en France et en Belgique, <em>L&rsquo;Economie du Couple <\/em>de Joachim Lafosse, <em>La Fille Inconnue <\/em>des fr\u00e8res Dardenne et <em>Les Chevaliers Blancs<\/em>, toujours de Joachim Lafosse, ce qui en fait d&rsquo;honorables succ\u00e8s \u00e0 l&rsquo;\u00e9chelle du cin\u00e9ma europ\u00e9en d&rsquo;art et essai.\u00a0<\/span><span class=\"s1\">Ces chiffres peuvent sembler modestes, mais cadrent avec la moyenne d\u2019une grande partie des films Art &amp; Essai en France et en Belgique aujourd\u2019hui. <em>Les Premiers, les Derniers<\/em> de Bouli Lanners a \u00e9galement bien circul\u00e9, de m\u00eame que <em>La Chouette entre veille et sommeil<\/em>, ce qui montre qu&rsquo;il y a de la place dans les salles pour des compilations de courts m\u00e9trages d&rsquo;animation destin\u00e9es au tr\u00e8s jeune public.\u00a0<\/span><\/p>\n<p class=\"p1\">\n<p>&nbsp;<\/p>\n<p class=\"p1\"><img loading=\"lazy\" decoding=\"async\" class=\"alignnone size-full wp-image-98354\" src=\"http:\/\/www.cinevox.be\/wp-content\/uploads\/2017\/04\/BoxOfficeBelge2016.jpg\" alt=\"\" width=\"600\" height=\"300\" \/><\/p>\n<p class=\"p1\">\n<p>&nbsp;<\/p>\n<p class=\"p1\">Le succ\u00e8s des films belges passe donc aussi par leur rayonnement \u00e0 l&rsquo;\u00e9tranger, et \u00e0 cet \u00e9gard, les chiffres sont impressionnants: e<span class=\"s1\">n 2016, les 126 films et s\u00e9ries belges francophones toutes cat\u00e9gories confondues ont totalis\u00e9 plus de 1 500 s\u00e9lections en festivals (1 100 en 2015), remport\u00e9 plus de 240 prix dans des festivals internationaux et enregistr\u00e9 plus de 300 ventes.<\/span><\/p>\n<p class=\"p1\">\n<p>&nbsp;<br \/>\n&nbsp;<\/p>\n<p class=\"p1\"><span class=\"s1\">Parlons justement des s\u00e9ries! Il y a 3 ans, le Centre du Cin\u00e9ma et la RTBF mettaient en place le Fonds S\u00e9ries, convaincus qu\u2019une meilleure diffusion du cin\u00e9ma belge francophone passait aussi par une plus grande notori\u00e9t\u00e9 de ses com\u00e9diens et autres talents, l&rsquo;id\u00e9e \u00e9tant de diffuser en <em>prime time<\/em> sur la cha\u00eene nationale des s\u00e9ries produites et r\u00e9alis\u00e9es en Belgique, avec des talents belges. Force est de constater que le coup d&rsquo;envoi de cette initiative fut un succ\u00e8s, vu l&rsquo;engouement suscit\u00e9 aussi bien par <em>La Tr\u00eave<\/em> que par <em>Ennemi Public<\/em>. Peut-\u00eatre plus surprenant, les deux s\u00e9ries\u00a0ont \u00e9galement \u00e9t\u00e9 largement vendues \u00e0 l\u2019\u00e9tranger, o\u00f9 elles ont rencontr\u00e9 un franc succ\u00e8s lors de leur diffusion (2,6 millions de t\u00e9l\u00e9spectateurs en moyenne pour <i>La Tr\u00eave <\/i>sur France 2, 3 millions pour <i>Ennemi Public<\/i> sur TF1). Preuve aussi que l&rsquo;aller-retour voulu entre petit et grand \u00e9cran se met en place, les Magritte attribu\u00e9s en f\u00e9vrier \u00e0 Jean-Jacques Rausin, Yoann Blanc et Catherine Sal\u00e9e, h\u00e9ros de ces deux s\u00e9ries. C&rsquo;est peu dire aujourd&rsquo;hui que les saisons 2 annonc\u00e9es de <em>La Tr\u00eave<\/em> et <em>Ennemi Public<\/em> (qui devraient entrer en tournage dans les mois qui viennent), et les deux nouvelles s\u00e9ries programm\u00e9es \u00e0 la rentr\u00e9e\u00a0(<i>Unit\u00e9 42<\/i> et <i>e-L\u00e9gal<\/i>) attisent notre curiosit\u00e9.\u00a0<\/span><\/p>\n<p class=\"p1\">\n<p>&nbsp;<br \/>\n<img loading=\"lazy\" decoding=\"async\" class=\"alignnone wp-image-98355 size-full\" src=\"http:\/\/www.cinevox.be\/wp-content\/uploads\/2017\/04\/bloggif_58e21aaf834a8.jpg\" width=\"601\" height=\"297\" \/><br \/>\n&nbsp;<br \/>\n&nbsp;<\/p>\n<p class=\"p1\">\n<p class=\"p1\">\n<p class=\"p1\"><span class=\"s1\">Enfin, la Ministre a \u00e9galement profit\u00e9 de cette occasion pour annoncer que la F\u00e9d\u00e9ration Wallonie-Bruxelles f\u00eatera en 2017 et 2018 les 50 ans des aides publiques au cin\u00e9ma, l\u2019occasion de se rem\u00e9morer les grands jalons de son histoire, notamment \u00e0 travers la s\u00e9lection de 50 oeuvres qui seront diffus\u00e9es un peu partout en Belgique au cours de cette ann\u00e9e de c\u00e9l\u00e9bration, mais aussi de c\u00e9l\u00e9brer le futur. Le coup d\u2019envoi de cet anniversaire se donn\u00e9 le 15 juin prochain avec la projection exceptionnelle de l\u2019un des films belges cultes des ann\u00e9es 2000, <i>Les Barons <\/i>de Nabil Ben Yadir.\u00a0<\/span><\/p>\n","protected":false},"excerpt":{"rendered":"<p>Vendredi dernier, le Centre du Cin\u00e9ma et de l&rsquo;Audiovisuel de la F\u00e9d\u00e9ration Wallonie-Bruxelles organisait son bilan annuel, l&rsquo;occasion de revenir sur les r\u00e9sultats et l&rsquo;actualit\u00e9 du cin\u00e9ma belge durant l&rsquo;ann\u00e9e \u00e9coul\u00e9e. Si ce rendez-vous est avant tout destin\u00e9 aux professionnels, il permet de comprendre en partie comment se porte le cin\u00e9ma belge aujourd&rsquo;hui, et comment &hellip;<\/p>\n","protected":false},"author":343,"featured_media":198357,"comment_status":"closed","ping_status":"closed","sticky":false,"template":"","format":"standard","meta":{"ngg_post_thumbnail":0,"footnotes":""},"categories":[1923,7],"tags":[],"class_list":["post-198351","post","type-post","status-publish","format-standard","has-post-thumbnail","","category-en-bref","category-actualites"],"yoast_head":"<!-- This site is optimized with the Yoast SEO plugin v20.4 - https:\/\/yoast.com\/wordpress\/plugins\/seo\/ -->\n<title>Bilan 2016 du Centre du Cin\u00e9ma: le succ\u00e8s des s\u00e9ries et les 50 ans des aides publiques - w-l-c<\/title>\n<meta name=\"robots\" content=\"noindex, follow, max-snippet:-1, max-image-preview:large, max-video-preview:-1\" \/>\n<meta property=\"og:locale\" content=\"fr_FR\" \/>\n<meta property=\"og:type\" content=\"article\" \/>\n<meta property=\"og:title\" content=\"Bilan 2016 du Centre du Cin\u00e9ma: le succ\u00e8s des s\u00e9ries et les 50 ans des aides publiques - w-l-c\" \/>\n<meta property=\"og:description\" content=\"Vendredi dernier, le Centre du Cin\u00e9ma et de l&rsquo;Audiovisuel de la F\u00e9d\u00e9ration Wallonie-Bruxelles organisait son bilan annuel, l&rsquo;occasion de revenir sur les r\u00e9sultats et l&rsquo;actualit\u00e9 du cin\u00e9ma belge durant l&rsquo;ann\u00e9e \u00e9coul\u00e9e. Si ce rendez-vous est avant tout destin\u00e9 aux professionnels, il permet de comprendre en partie comment se porte le cin\u00e9ma belge aujourd&rsquo;hui, et comment &hellip;\" \/>\n<meta property=\"og:url\" content=\"https:\/\/w-l-c.be\/fr\/bilan-2016-centre-cinema-succes-series-50-ans-aides-publiques\/\" \/>\n<meta property=\"og:site_name\" content=\"w-l-c\" \/>\n<meta property=\"article:published_time\" content=\"2017-04-03T09:53:48+00:00\" \/>\n<meta property=\"og:image\" content=\"https:\/\/w-l-c.be\/wp-content\/uploads\/2017\/04\/BoxOfficeBelge2016-1.jpg\" \/>\n\t<meta property=\"og:image:width\" content=\"600\" \/>\n\t<meta property=\"og:image:height\" content=\"300\" \/>\n\t<meta property=\"og:image:type\" content=\"image\/jpeg\" \/>\n<meta name=\"author\" content=\"Aurore Engelen\" \/>\n<meta name=\"twitter:card\" content=\"summary_large_image\" \/>\n<meta name=\"twitter:label1\" content=\"\u00c9crit par\" \/>\n\t<meta name=\"twitter:data1\" content=\"Aurore Engelen\" \/>\n\t<meta name=\"twitter:label2\" content=\"Dur\u00e9e de lecture estim\u00e9e\" \/>\n\t<meta name=\"twitter:data2\" content=\"5 minutes\" \/>\n<script type=\"application\/ld+json\" class=\"yoast-schema-graph\">{\"@context\":\"https:\/\/schema.org\",\"@graph\":[{\"@type\":\"WebPage\",\"@id\":\"https:\/\/w-l-c.be\/fr\/bilan-2016-centre-cinema-succes-series-50-ans-aides-publiques\/\",\"url\":\"https:\/\/w-l-c.be\/fr\/bilan-2016-centre-cinema-succes-series-50-ans-aides-publiques\/\",\"name\":\"Bilan 2016 du Centre du Cin\u00e9ma: le succ\u00e8s des s\u00e9ries et les 50 ans des aides publiques - w-l-c\",\"isPartOf\":{\"@id\":\"https:\/\/w-l-c.be\/fr\/#website\"},\"datePublished\":\"2017-04-03T09:53:48+00:00\",\"dateModified\":\"2017-04-03T09:53:48+00:00\",\"author\":{\"@id\":\"https:\/\/w-l-c.be\/fr\/#\/schema\/person\/8084b68c6b176142d073695c654dc7cf\"},\"breadcrumb\":{\"@id\":\"https:\/\/w-l-c.be\/fr\/bilan-2016-centre-cinema-succes-series-50-ans-aides-publiques\/#breadcrumb\"},\"inLanguage\":\"fr-FR\",\"potentialAction\":[{\"@type\":\"ReadAction\",\"target\":[\"https:\/\/w-l-c.be\/fr\/bilan-2016-centre-cinema-succes-series-50-ans-aides-publiques\/\"]}]},{\"@type\":\"BreadcrumbList\",\"@id\":\"https:\/\/w-l-c.be\/fr\/bilan-2016-centre-cinema-succes-series-50-ans-aides-publiques\/#breadcrumb\",\"itemListElement\":[{\"@type\":\"ListItem\",\"position\":1,\"name\":\"Accueil\",\"item\":\"https:\/\/w-l-c.be\/fr\/\"},{\"@type\":\"ListItem\",\"position\":2,\"name\":\"Bilan 2016 du Centre du Cin\u00e9ma: le succ\u00e8s des s\u00e9ries et les 50 ans des aides publiques\"}]},{\"@type\":\"WebSite\",\"@id\":\"https:\/\/w-l-c.be\/fr\/#website\",\"url\":\"https:\/\/w-l-c.be\/fr\/\",\"name\":\"w-l-c\",\"description\":\"Le cin\u00e9ma vu par les belges\",\"potentialAction\":[{\"@type\":\"SearchAction\",\"target\":{\"@type\":\"EntryPoint\",\"urlTemplate\":\"https:\/\/w-l-c.be\/fr\/?s={search_term_string}\"},\"query-input\":\"required name=search_term_string\"}],\"inLanguage\":\"fr-FR\"},{\"@type\":\"Person\",\"@id\":\"https:\/\/w-l-c.be\/fr\/#\/schema\/person\/8084b68c6b176142d073695c654dc7cf\",\"name\":\"Aurore Engelen\",\"url\":\"https:\/\/w-l-c.be\/fr\/author\/aurore-engelen\/\"}]}<\/script>\n<!-- \/ Yoast SEO plugin. -->","yoast_head_json":{"title":"Bilan 2016 du Centre du Cin\u00e9ma: le succ\u00e8s des s\u00e9ries et les 50 ans des aides publiques - w-l-c","robots":{"index":"noindex","follow":"follow","max-snippet":"max-snippet:-1","max-image-preview":"max-image-preview:large","max-video-preview":"max-video-preview:-1"},"og_locale":"fr_FR","og_type":"article","og_title":"Bilan 2016 du Centre du Cin\u00e9ma: le succ\u00e8s des s\u00e9ries et les 50 ans des aides publiques - w-l-c","og_description":"Vendredi dernier, le Centre du Cin\u00e9ma et de l&rsquo;Audiovisuel de la F\u00e9d\u00e9ration Wallonie-Bruxelles organisait son bilan annuel, l&rsquo;occasion de revenir sur les r\u00e9sultats et l&rsquo;actualit\u00e9 du cin\u00e9ma belge durant l&rsquo;ann\u00e9e \u00e9coul\u00e9e. Si ce rendez-vous est avant tout destin\u00e9 aux professionnels, il permet de comprendre en partie comment se porte le cin\u00e9ma belge aujourd&rsquo;hui, et comment &hellip;","og_url":"https:\/\/w-l-c.be\/fr\/bilan-2016-centre-cinema-succes-series-50-ans-aides-publiques\/","og_site_name":"w-l-c","article_published_time":"2017-04-03T09:53:48+00:00","og_image":[{"width":600,"height":300,"url":"https:\/\/w-l-c.be\/wp-content\/uploads\/2017\/04\/BoxOfficeBelge2016-1.jpg","type":"image\/jpeg"}],"author":"Aurore Engelen","twitter_card":"summary_large_image","twitter_misc":{"\u00c9crit par":"Aurore Engelen","Dur\u00e9e de lecture estim\u00e9e":"5 minutes"},"schema":{"@context":"https:\/\/schema.org","@graph":[{"@type":"WebPage","@id":"https:\/\/w-l-c.be\/fr\/bilan-2016-centre-cinema-succes-series-50-ans-aides-publiques\/","url":"https:\/\/w-l-c.be\/fr\/bilan-2016-centre-cinema-succes-series-50-ans-aides-publiques\/","name":"Bilan 2016 du Centre du Cin\u00e9ma: le succ\u00e8s des s\u00e9ries et les 50 ans des aides publiques - w-l-c","isPartOf":{"@id":"https:\/\/w-l-c.be\/fr\/#website"},"datePublished":"2017-04-03T09:53:48+00:00","dateModified":"2017-04-03T09:53:48+00:00","author":{"@id":"https:\/\/w-l-c.be\/fr\/#\/schema\/person\/8084b68c6b176142d073695c654dc7cf"},"breadcrumb":{"@id":"https:\/\/w-l-c.be\/fr\/bilan-2016-centre-cinema-succes-series-50-ans-aides-publiques\/#breadcrumb"},"inLanguage":"fr-FR","potentialAction":[{"@type":"ReadAction","target":["https:\/\/w-l-c.be\/fr\/bilan-2016-centre-cinema-succes-series-50-ans-aides-publiques\/"]}]},{"@type":"BreadcrumbList","@id":"https:\/\/w-l-c.be\/fr\/bilan-2016-centre-cinema-succes-series-50-ans-aides-publiques\/#breadcrumb","itemListElement":[{"@type":"ListItem","position":1,"name":"Accueil","item":"https:\/\/w-l-c.be\/fr\/"},{"@type":"ListItem","position":2,"name":"Bilan 2016 du Centre du Cin\u00e9ma: le succ\u00e8s des s\u00e9ries et les 50 ans des aides publiques"}]},{"@type":"WebSite","@id":"https:\/\/w-l-c.be\/fr\/#website","url":"https:\/\/w-l-c.be\/fr\/","name":"w-l-c","description":"Le cin\u00e9ma vu par les belges","potentialAction":[{"@type":"SearchAction","target":{"@type":"EntryPoint","urlTemplate":"https:\/\/w-l-c.be\/fr\/?s={search_term_string}"},"query-input":"required name=search_term_string"}],"inLanguage":"fr-FR"},{"@type":"Person","@id":"https:\/\/w-l-c.be\/fr\/#\/schema\/person\/8084b68c6b176142d073695c654dc7cf","name":"Aurore Engelen","url":"https:\/\/w-l-c.be\/fr\/author\/aurore-engelen\/"}]}},"_links":{"self":[{"href":"https:\/\/w-l-c.be\/fr\/wp-json\/wp\/v2\/posts\/198351","targetHints":{"allow":["GET"]}}],"collection":[{"href":"https:\/\/w-l-c.be\/fr\/wp-json\/wp\/v2\/posts"}],"about":[{"href":"https:\/\/w-l-c.be\/fr\/wp-json\/wp\/v2\/types\/post"}],"author":[{"embeddable":true,"href":"https:\/\/w-l-c.be\/fr\/wp-json\/wp\/v2\/users\/343"}],"replies":[{"embeddable":true,"href":"https:\/\/w-l-c.be\/fr\/wp-json\/wp\/v2\/comments?post=198351"}],"version-history":[{"count":0,"href":"https:\/\/w-l-c.be\/fr\/wp-json\/wp\/v2\/posts\/198351\/revisions"}],"wp:featuredmedia":[{"embeddable":true,"href":"https:\/\/w-l-c.be\/fr\/wp-json\/wp\/v2\/media\/198357"}],"wp:attachment":[{"href":"https:\/\/w-l-c.be\/fr\/wp-json\/wp\/v2\/media?parent=198351"}],"wp:term":[{"taxonomy":"category","embeddable":true,"href":"https:\/\/w-l-c.be\/fr\/wp-json\/wp\/v2\/categories?post=198351"},{"taxonomy":"post_tag","embeddable":true,"href":"https:\/\/w-l-c.be\/fr\/wp-json\/wp\/v2\/tags?post=198351"}],"curies":[{"name":"wp","href":"https:\/\/api.w.org\/{rel}","templated":true}]}}