
{"id":198401,"date":"2017-04-04T09:33:31","date_gmt":"2017-04-04T07:33:31","guid":{"rendered":"http:\/\/www.cinevox.be\/?p=98401"},"modified":"2017-05-16T19:47:41","modified_gmt":"2017-05-16T17:47:41","slug":"pluie-de-prix-docs-belges","status":"publish","type":"post","link":"https:\/\/w-l-c.be\/fr\/pluie-de-prix-docs-belges\/","title":{"rendered":"Encore une pluie de prix sur les docs belges!"},"content":{"rendered":"<p>Pas moins de six\u00a0documentaires belges ont \u00e9t\u00e9 prim\u00e9s ce week-end, prouvant une fois de plus la vitalit\u00e9 du genre en Belgique. Que ce soit en Belgique, au Canada, en Espagne ou en France, ces films ont su s\u00e9duire publics et professionnels nationaux et internationaux, en abordant des th\u00e9matiques tellement vari\u00e9es qu&rsquo;elles nous emm\u00e8nent des couloirs d&rsquo;un h\u00f4pital fran\u00e7ais aux coulisses d&rsquo;une radio\u00a0rwandaise, de la Tunisie r\u00e9volutionnaire \u00e0 la brousse burkinab\u00e9, en passant par les pages du roman de la vie de Gris\u00e9lidis.<\/p>\n<p><!--more--><\/p>\n<p>&nbsp;<\/p>\n<p>&nbsp;<\/p>\n<p>R\u00e9alis\u00e9 par Simon Gillard et produit par H\u00e9licotronc, <b><i>Boli Bana<\/i><\/b> concourrait dans la Comp\u00e9tition Internationale Premiers Films du Festival Cin\u00e9ma du R\u00e9el \u00e0 Paris : il y a re\u00e7u le Prix du Patrimoine de l\u2019Immat\u00e9riel.<\/p>\n<p>&nbsp;<\/p>\n<p>De l\u2019autre c\u00f4t\u00e9 de l\u2019Atlantique, <b><i>Belle de nuit &#8211; Gris\u00e9lidis R\u00e9al, Autoportraits<\/i><\/b>, r\u00e9alis\u00e9 par Marie-Eve de Grave et produit par On Move Productions, \u00e9tait pr\u00e9sent\u00e9 dans la section FIFA Comp\u00e9tition du Festival International du Film sur l\u2019Art de Montr\u00e9al. Le documentaire a remport\u00e9 le Grand Prix.<\/p>\n<p>&nbsp;<\/p>\n<figure id=\"attachment_98405\" aria-describedby=\"caption-attachment-98405\" style=\"width: 640px\" class=\"wp-caption alignnone\"><img loading=\"lazy\" decoding=\"async\" class=\"wp-image-98405 size-large\" src=\"http:\/\/www.cinevox.be\/wp-content\/uploads\/2017\/04\/belle-de-nuit-griselidis-real-autoportraits-marie-eve-de-grave-800x450.jpg\" width=\"640\" height=\"360\" \/><figcaption id=\"caption-attachment-98405\" class=\"wp-caption-text\">\u00ab\u00a0Belle de Nuit &#8211; Griselidis Real autoportraits\u00a0\u00bb de Marie-Eve de Grave<\/figcaption><\/figure>\n<p>&nbsp;<\/p>\n<p>Ce week-end toujours (on vous en a parl\u00e9 <a href=\"http:\/\/www.cinevox.be\/rien-nest-pardonne-laureat-de-1ere-competition-belge-festival-millenium\">ici<\/a>),\u00a0<strong><em>Rien n\u2019est pardonn\u00e9<\/em><\/strong> de\u00a0Vincent Coen &amp; Guillaume Vandenberghe, produit par Savage Film, et coproduit par Eklektik Productions, recevait le\u00a0premier Prix du Cin\u00e9ma belge organis\u00e9 par le Festival Millenium.<\/p>\n<p>Dans cette m\u00eame section, une mention a \u00e9t\u00e9 attribu\u00e9e au film de Caroline D&rsquo;Hondt, <em><strong>Inside the Labyrinth<\/strong><\/em>, produit par Cobra Films.<\/p>\n<p>&nbsp;<\/p>\n<p>Quand \u00e0 <em><strong>Burning Out<\/strong><\/em> de Jer\u00f4me Le Maire, il recevait le\u00a0Prix du Meilleur documentaire belge au festival Docville \u00e0 Leuven.<\/p>\n<p>&nbsp;<\/p>\n<p>Enfin, r\u00e9alis\u00e9 par Olivier Jourdain et produit par Nameless Productions, le documentaire <b><i>L\u2019Eau Sacr\u00e9e<\/i><\/b> a \u00e9galement \u00e9t\u00e9 prim\u00e9. Olivier Jourdain a re\u00e7u le prix \u00ab\u00a0Espiello Choben\u00a0\u00bb, r\u00e9compensant le Meilleur documentaire dans la cat\u00e9gorie des r\u00e9alisateurs\u00a0de moins de 35 ans \u00e0 Espiello, Festival International du Documentaire Ethnographique de Sobrarbe, en Espagne.<\/p>\n<p>&nbsp;<\/p>\n<figure id=\"attachment_98410\" aria-describedby=\"caption-attachment-98410\" style=\"width: 640px\" class=\"wp-caption alignnone\"><img loading=\"lazy\" decoding=\"async\" class=\"wp-image-98410 size-large\" src=\"http:\/\/www.cinevox.be\/wp-content\/uploads\/2017\/04\/Leau_sacree_Docu-2-800x450.jpeg\" width=\"640\" height=\"360\" \/><figcaption id=\"caption-attachment-98410\" class=\"wp-caption-text\">\u00ab\u00a0L&rsquo;Eau Sacr\u00e9e\u00a0\u00bb d&rsquo;Olivier Jourdain<\/figcaption><\/figure>\n","protected":false},"excerpt":{"rendered":"<p>Pas moins de six\u00a0documentaires belges ont \u00e9t\u00e9 prim\u00e9s ce week-end, prouvant une fois de plus la vitalit\u00e9 du genre en Belgique. Que ce soit en Belgique, au Canada, en Espagne ou en France, ces films ont su s\u00e9duire publics et professionnels nationaux et internationaux, en abordant des th\u00e9matiques tellement vari\u00e9es qu&rsquo;elles nous emm\u00e8nent des couloirs &hellip;<\/p>\n","protected":false},"author":343,"featured_media":198407,"comment_status":"closed","ping_status":"closed","sticky":false,"template":"","format":"standard","meta":{"ngg_post_thumbnail":0,"footnotes":""},"categories":[12,7],"tags":[],"class_list":["post-198401","post","type-post","status-publish","format-standard","has-post-thumbnail","","category-awards","category-actualites"],"yoast_head":"<!-- This site is optimized with the Yoast SEO plugin v20.4 - https:\/\/yoast.com\/wordpress\/plugins\/seo\/ -->\n<title>Encore une pluie de prix sur les docs belges! - w-l-c<\/title>\n<meta name=\"robots\" content=\"noindex, follow, max-snippet:-1, max-image-preview:large, max-video-preview:-1\" \/>\n<meta property=\"og:locale\" content=\"fr_FR\" \/>\n<meta property=\"og:type\" content=\"article\" \/>\n<meta property=\"og:title\" content=\"Encore une pluie de prix sur les docs belges! - w-l-c\" \/>\n<meta property=\"og:description\" content=\"Pas moins de six\u00a0documentaires belges ont \u00e9t\u00e9 prim\u00e9s ce week-end, prouvant une fois de plus la vitalit\u00e9 du genre en Belgique. Que ce soit en Belgique, au Canada, en Espagne ou en France, ces films ont su s\u00e9duire publics et professionnels nationaux et internationaux, en abordant des th\u00e9matiques tellement vari\u00e9es qu&rsquo;elles nous emm\u00e8nent des couloirs &hellip;\" \/>\n<meta property=\"og:url\" content=\"https:\/\/w-l-c.be\/fr\/pluie-de-prix-docs-belges\/\" \/>\n<meta property=\"og:site_name\" content=\"w-l-c\" \/>\n<meta property=\"article:published_time\" content=\"2017-04-04T07:33:31+00:00\" \/>\n<meta property=\"article:modified_time\" content=\"2017-05-16T17:47:41+00:00\" \/>\n<meta property=\"og:image\" content=\"https:\/\/w-l-c.be\/wp-content\/uploads\/2017\/04\/Boli_Bana.jpg\" \/>\n\t<meta property=\"og:image:width\" content=\"1777\" \/>\n\t<meta property=\"og:image:height\" content=\"999\" \/>\n\t<meta property=\"og:image:type\" content=\"image\/jpeg\" \/>\n<meta name=\"author\" content=\"Aurore Engelen\" \/>\n<meta name=\"twitter:card\" content=\"summary_large_image\" \/>\n<meta name=\"twitter:label1\" content=\"\u00c9crit par\" \/>\n\t<meta name=\"twitter:data1\" content=\"Aurore Engelen\" \/>\n\t<meta name=\"twitter:label2\" content=\"Dur\u00e9e de lecture estim\u00e9e\" \/>\n\t<meta name=\"twitter:data2\" content=\"2 minutes\" \/>\n<script type=\"application\/ld+json\" class=\"yoast-schema-graph\">{\"@context\":\"https:\/\/schema.org\",\"@graph\":[{\"@type\":\"WebPage\",\"@id\":\"https:\/\/w-l-c.be\/fr\/pluie-de-prix-docs-belges\/\",\"url\":\"https:\/\/w-l-c.be\/fr\/pluie-de-prix-docs-belges\/\",\"name\":\"Encore une pluie de prix sur les docs belges! - w-l-c\",\"isPartOf\":{\"@id\":\"https:\/\/w-l-c.be\/fr\/#website\"},\"datePublished\":\"2017-04-04T07:33:31+00:00\",\"dateModified\":\"2017-05-16T17:47:41+00:00\",\"author\":{\"@id\":\"https:\/\/w-l-c.be\/fr\/#\/schema\/person\/8084b68c6b176142d073695c654dc7cf\"},\"breadcrumb\":{\"@id\":\"https:\/\/w-l-c.be\/fr\/pluie-de-prix-docs-belges\/#breadcrumb\"},\"inLanguage\":\"fr-FR\",\"potentialAction\":[{\"@type\":\"ReadAction\",\"target\":[\"https:\/\/w-l-c.be\/fr\/pluie-de-prix-docs-belges\/\"]}]},{\"@type\":\"BreadcrumbList\",\"@id\":\"https:\/\/w-l-c.be\/fr\/pluie-de-prix-docs-belges\/#breadcrumb\",\"itemListElement\":[{\"@type\":\"ListItem\",\"position\":1,\"name\":\"Accueil\",\"item\":\"https:\/\/w-l-c.be\/fr\/\"},{\"@type\":\"ListItem\",\"position\":2,\"name\":\"Encore une pluie de prix sur les docs belges!\"}]},{\"@type\":\"WebSite\",\"@id\":\"https:\/\/w-l-c.be\/fr\/#website\",\"url\":\"https:\/\/w-l-c.be\/fr\/\",\"name\":\"w-l-c\",\"description\":\"Le cin\u00e9ma vu par les belges\",\"potentialAction\":[{\"@type\":\"SearchAction\",\"target\":{\"@type\":\"EntryPoint\",\"urlTemplate\":\"https:\/\/w-l-c.be\/fr\/?s={search_term_string}\"},\"query-input\":\"required name=search_term_string\"}],\"inLanguage\":\"fr-FR\"},{\"@type\":\"Person\",\"@id\":\"https:\/\/w-l-c.be\/fr\/#\/schema\/person\/8084b68c6b176142d073695c654dc7cf\",\"name\":\"Aurore Engelen\",\"url\":\"https:\/\/w-l-c.be\/fr\/author\/aurore-engelen\/\"}]}<\/script>\n<!-- \/ Yoast SEO plugin. -->","yoast_head_json":{"title":"Encore une pluie de prix sur les docs belges! - w-l-c","robots":{"index":"noindex","follow":"follow","max-snippet":"max-snippet:-1","max-image-preview":"max-image-preview:large","max-video-preview":"max-video-preview:-1"},"og_locale":"fr_FR","og_type":"article","og_title":"Encore une pluie de prix sur les docs belges! - w-l-c","og_description":"Pas moins de six\u00a0documentaires belges ont \u00e9t\u00e9 prim\u00e9s ce week-end, prouvant une fois de plus la vitalit\u00e9 du genre en Belgique. Que ce soit en Belgique, au Canada, en Espagne ou en France, ces films ont su s\u00e9duire publics et professionnels nationaux et internationaux, en abordant des th\u00e9matiques tellement vari\u00e9es qu&rsquo;elles nous emm\u00e8nent des couloirs &hellip;","og_url":"https:\/\/w-l-c.be\/fr\/pluie-de-prix-docs-belges\/","og_site_name":"w-l-c","article_published_time":"2017-04-04T07:33:31+00:00","article_modified_time":"2017-05-16T17:47:41+00:00","og_image":[{"width":1777,"height":999,"url":"https:\/\/w-l-c.be\/wp-content\/uploads\/2017\/04\/Boli_Bana.jpg","type":"image\/jpeg"}],"author":"Aurore Engelen","twitter_card":"summary_large_image","twitter_misc":{"\u00c9crit par":"Aurore Engelen","Dur\u00e9e de lecture estim\u00e9e":"2 minutes"},"schema":{"@context":"https:\/\/schema.org","@graph":[{"@type":"WebPage","@id":"https:\/\/w-l-c.be\/fr\/pluie-de-prix-docs-belges\/","url":"https:\/\/w-l-c.be\/fr\/pluie-de-prix-docs-belges\/","name":"Encore une pluie de prix sur les docs belges! - w-l-c","isPartOf":{"@id":"https:\/\/w-l-c.be\/fr\/#website"},"datePublished":"2017-04-04T07:33:31+00:00","dateModified":"2017-05-16T17:47:41+00:00","author":{"@id":"https:\/\/w-l-c.be\/fr\/#\/schema\/person\/8084b68c6b176142d073695c654dc7cf"},"breadcrumb":{"@id":"https:\/\/w-l-c.be\/fr\/pluie-de-prix-docs-belges\/#breadcrumb"},"inLanguage":"fr-FR","potentialAction":[{"@type":"ReadAction","target":["https:\/\/w-l-c.be\/fr\/pluie-de-prix-docs-belges\/"]}]},{"@type":"BreadcrumbList","@id":"https:\/\/w-l-c.be\/fr\/pluie-de-prix-docs-belges\/#breadcrumb","itemListElement":[{"@type":"ListItem","position":1,"name":"Accueil","item":"https:\/\/w-l-c.be\/fr\/"},{"@type":"ListItem","position":2,"name":"Encore une pluie de prix sur les docs belges!"}]},{"@type":"WebSite","@id":"https:\/\/w-l-c.be\/fr\/#website","url":"https:\/\/w-l-c.be\/fr\/","name":"w-l-c","description":"Le cin\u00e9ma vu par les belges","potentialAction":[{"@type":"SearchAction","target":{"@type":"EntryPoint","urlTemplate":"https:\/\/w-l-c.be\/fr\/?s={search_term_string}"},"query-input":"required name=search_term_string"}],"inLanguage":"fr-FR"},{"@type":"Person","@id":"https:\/\/w-l-c.be\/fr\/#\/schema\/person\/8084b68c6b176142d073695c654dc7cf","name":"Aurore Engelen","url":"https:\/\/w-l-c.be\/fr\/author\/aurore-engelen\/"}]}},"_links":{"self":[{"href":"https:\/\/w-l-c.be\/fr\/wp-json\/wp\/v2\/posts\/198401","targetHints":{"allow":["GET"]}}],"collection":[{"href":"https:\/\/w-l-c.be\/fr\/wp-json\/wp\/v2\/posts"}],"about":[{"href":"https:\/\/w-l-c.be\/fr\/wp-json\/wp\/v2\/types\/post"}],"author":[{"embeddable":true,"href":"https:\/\/w-l-c.be\/fr\/wp-json\/wp\/v2\/users\/343"}],"replies":[{"embeddable":true,"href":"https:\/\/w-l-c.be\/fr\/wp-json\/wp\/v2\/comments?post=198401"}],"version-history":[{"count":0,"href":"https:\/\/w-l-c.be\/fr\/wp-json\/wp\/v2\/posts\/198401\/revisions"}],"wp:featuredmedia":[{"embeddable":true,"href":"https:\/\/w-l-c.be\/fr\/wp-json\/wp\/v2\/media\/198407"}],"wp:attachment":[{"href":"https:\/\/w-l-c.be\/fr\/wp-json\/wp\/v2\/media?parent=198401"}],"wp:term":[{"taxonomy":"category","embeddable":true,"href":"https:\/\/w-l-c.be\/fr\/wp-json\/wp\/v2\/categories?post=198401"},{"taxonomy":"post_tag","embeddable":true,"href":"https:\/\/w-l-c.be\/fr\/wp-json\/wp\/v2\/tags?post=198401"}],"curies":[{"name":"wp","href":"https:\/\/api.w.org\/{rel}","templated":true}]}}