
{"id":199208,"date":"2017-05-05T09:18:37","date_gmt":"2017-05-05T07:18:37","guid":{"rendered":"http:\/\/www.cinevox.be\/?p=99208"},"modified":"2017-05-05T09:23:12","modified_gmt":"2017-05-05T07:23:12","slug":"ptit-cine-week-end-s01e14","status":"publish","type":"post","link":"https:\/\/w-l-c.be\/fr\/ptit-cine-week-end-s01e14\/","title":{"rendered":"Un p&rsquo;tit cin\u00e9 ce week-end? s01e14"},"content":{"rendered":"<p>Deux nouveaut\u00e9s de choix cette semaine \u00e0 l&rsquo;affiche: <a href=\"http:\/\/www.cinevox.be\/ange-experimentation-sensorielle\"><em><strong>Mon Ange<\/strong><\/em><\/a> de Harry Cleven, dont on vous parle depuis quelques mois maintenant, et <a href=\"http:\/\/www.cinevox.be\/burning-out-systemes-crise\"><em><strong>Burning Out<\/strong><\/em><\/a>, le nouveau documentaire de J\u00e9r\u00f4me le Maire. Et toujours au programme, <a href=\"http:\/\/www.cinevox.be\/je-suis-reste-dans-les-bois-le-fantastique-trio\">Je suis rest\u00e9 dans les bois<\/a>\u00a0du trio Bier\/ Sainte\/ Solheid, sorti la semaine derni\u00e8re, et la cl\u00f4ture du Brussels Short Film Festival!<\/p>\n<p><!--more--><\/p>\n<p>&nbsp;<\/p>\n<p>&nbsp;<\/p>\n<p>&nbsp;<\/p>\n<p><em>Mon Ange<\/em>, le nouveau film d&rsquo;Ahhry Cleven, offre une exp\u00e9rience surprenante et in\u00e9dite.\u00a0<em>Mon Ange<\/em> est avant tout une exp\u00e9rience sensorielle, un conte onirique pour adulte. Harry Cleven donne \u00e0 voir l\u2019invisible, gr\u00e2ce aux artifices magiques du cin\u00e9ma. L\u2019argument de base est tout \u00e0 la fois limpide et follement original: une jeune fille aveugle tombe amoureuse d\u2019un jeune gar\u00e7on invisible. Advienne que pourra de cette histoire d\u2019amour aussi \u00e9vidente qu\u2019impossible. Le film est en salles \u00e0 Bruxelles, Rixensart, Louvain-la-Neuve, Mons, Charleroi, Namur, Li\u00e8ge, Stavelot (et Gand).<\/p>\n<p>&nbsp;<\/p>\n<p><iframe loading=\"lazy\" title=\"&quot;Mon Ange&quot; de Harry Cleven: bande-annonce\" width=\"618\" height=\"348\" src=\"https:\/\/www.youtube.com\/embed\/68R002VLUdk?feature=oembed\" frameborder=\"0\" allow=\"accelerometer; autoplay; clipboard-write; encrypted-media; gyroscope; picture-in-picture; web-share\" referrerpolicy=\"strict-origin-when-cross-origin\" allowfullscreen><\/iframe><\/p>\n<hr \/>\n<p>&nbsp;<\/p>\n<p>Autre sorti de la semaine, le nouveau documentaire de J\u00e9r\u00f4me le Maire, une plong\u00e9e fascinante dans un syst\u00e8me en crise \u00e0 laquelle nous invite <strong><em>Burning Out<\/em><\/strong>. Ici, l\u2019h\u00f4pital, ou plus pr\u00e9cis\u00e9ment le service de chirurgie o\u00f9 s\u2019est infiltr\u00e9\u00a0le r\u00e9alisateur, est observ\u00e9 \u00e0 la loupe. A l\u2019image des petites cam\u00e9ras chirurgicales qui assistent aujourd\u2019hui les m\u00e9decins, J\u00e9r\u00f4me Le Maire p\u00e9n\u00e8tre au coeur d\u2019un corps malade, d\u2019un syst\u00e8me d\u00e9faillant, au bord de la rupture, pour en observer les plaies\u00a0et les l\u00e9sions, et r\u00eave un peu fou,\u00a0assister aux pr\u00e9mices du processus de gu\u00e9rison. Le film est \u00e0 l&rsquo;affiche \u00e0 Bruxelles, Louvain-la-Neuve et Huy.<\/p>\n<p>&nbsp;<\/p>\n<p><iframe loading=\"lazy\" title=\"Trailer | Burning Out | J\u00e9r\u00f4me le Maire\" width=\"618\" height=\"348\" src=\"https:\/\/www.youtube.com\/embed\/HBPoc4Aa9P8?feature=oembed\" frameborder=\"0\" allow=\"accelerometer; autoplay; clipboard-write; encrypted-media; gyroscope; picture-in-picture; web-share\" referrerpolicy=\"strict-origin-when-cross-origin\" allowfullscreen><\/iframe><\/p>\n<hr \/>\n<p>&nbsp;<\/p>\n<p>Toujours \u00e0 l&rsquo;affiche \u00e0 Bruxelle,s Li\u00e8ge, Charleroi et Namur, <em><strong>Je suis rest\u00e9 dans les bois<\/strong><\/em>, le premier film d&rsquo;un trio in\u00e9dit, Micha\u00ebl Bier, Erika Sainte et Vincent Solheid, a d\u00e9barqu\u00e9 sur nos \u00e9crans\u00a0la semaine derni\u00e8re. On y suit\u00a0Vincent, artiste plasticien, qui pr\u00e9pare sa nouvelle exposition. Il a d\u00e9cid\u00e9 de reconstituer des moments peu glorieux de son pass\u00e9 pour en faire des tableaux vid\u00e9o. Enfin, peut-\u00eatre\u2026 Il est entour\u00e9 par une petite \u00e9quipe dont font partie Erika, sa compagne et Micha\u00ebl, un copain r\u00e9alisateur. Tous trois ma\u00eetres d\u2019oeuvres du projet, ils s\u2019entourent d\u2019amis, d\u2019inconnus, de parents ou de voisins qui vont endosser les r\u00f4les marquants de l\u2019histoire de la vie de Vincent.<\/p>\n<p>&nbsp;<\/p>\n<p><iframe loading=\"lazy\" title=\"JE SUIS REST\u00c9 DANS LES BOIS - TRAILER\" width=\"618\" height=\"348\" src=\"https:\/\/www.youtube.com\/embed\/_kMvqoHb7d0?feature=oembed\" frameborder=\"0\" allow=\"accelerometer; autoplay; clipboard-write; encrypted-media; gyroscope; picture-in-picture; web-share\" referrerpolicy=\"strict-origin-when-cross-origin\" allowfullscreen><\/iframe><\/p>\n<hr \/>\n<p>&nbsp;<\/p>\n<p>Fin du \u00a0<strong><a href=\"http:\/\/www.cinevox.be\/brussels-short-film-festival-fete-vingt-ans\">Brussels Short Film Festival<\/a>\u00a0<\/strong>ce week-end, qui c\u00e9l\u00e8bre\u00a0sa 20\u00e8me \u00e9dition. Des projections en salle et en plein-air, des rendez-vous festifs, et last but not least, l&rsquo;annonce des diff\u00e9rents palmar\u00e8s ce dimanche!<\/p>\n<p>&nbsp;<\/p>\n<p>https:\/\/youtu.be\/R_aHRutGjRc<\/p>\n<hr \/>\n<p>&nbsp;<\/p>\n<p>Toujours \u00e0 l&rsquo;affiche dans une salle pr\u00e8s de chez vous, un film pour enfants, et un film sur l&rsquo;enfance, <em>La Fontaine fait son cin\u00e9ma<\/em> et <em>Enfants du Hasard<\/em>.<\/p>\n<p>&nbsp;<\/p>\n<p>Le nouvel opus des aventures de la Chouette du cin\u00e9ma, a cette fois compil\u00e9 une demi-douzaine de films courts inspir\u00e9s des fables traditionnelles, dont bien s\u00fbr celle de La Fontaine. <em>La Fontaine fait son cin\u00e9ma<\/em> fourmille d&rsquo;animaux, de bonnes id\u00e9es, de maximes bien s\u00fbr, d&rsquo;humour et de po\u00e9sie.\u00a0Cerise sur le g\u00e2teau, sa dur\u00e9e et son rythme conviennent parfaitement aux plus jeunes spectateurs.<\/p>\n<p>&nbsp;<\/p>\n<p><iframe loading=\"lazy\" title=\"La Fontaine fait son cin\u00e9ma -- bande-annonce\" width=\"618\" height=\"348\" src=\"https:\/\/www.youtube.com\/embed\/yrZRWGzSroM?feature=oembed\" frameborder=\"0\" allow=\"accelerometer; autoplay; clipboard-write; encrypted-media; gyroscope; picture-in-picture; web-share\" referrerpolicy=\"strict-origin-when-cross-origin\" allowfullscreen><\/iframe><\/p>\n<hr \/>\n<p>&nbsp;<\/p>\n<p><a href=\"http:\/\/www.cinevox.be\/enfants-hasard-retour-pays-thierry-michel\"><em>Enfants du Hasard<\/em><\/a>, le nouveau documentaire de Thierry Michel et Pascal Colson,\u00a0est \u00e9galement toujours \u00e0 l&rsquo;affiche \u00e0 Bruxelles, Mons, Charleroi, Li\u00e8ge, Namur et Louvain-la-Neuve.<\/p>\n<p>&nbsp;<\/p>\n<p><iframe loading=\"lazy\" title=\"Enfants du Hasard de Thierry Michel &amp; Pascal Colson - bande-annonce 2017\" width=\"618\" height=\"348\" src=\"https:\/\/www.youtube.com\/embed\/g0G9mnoV_Jk?feature=oembed\" frameborder=\"0\" allow=\"accelerometer; autoplay; clipboard-write; encrypted-media; gyroscope; picture-in-picture; web-share\" referrerpolicy=\"strict-origin-when-cross-origin\" allowfullscreen><\/iframe><\/p>\n<hr \/>\n<p>Enfin si vous ne les avez pas encore vus, vous pouvez encore rattraper\u00a0<a href=\"http:\/\/www.cinevox.be\/noces-deux-mondes\"><strong><em>Noces<\/em><\/strong><\/a>, le drame bouleversant\u00a0de Stephan Streker, Prix Cinevox lors du dernier Festival International du Film Francophone de Namur, \u00a0<a href=\"http:\/\/www.cinevox.be\/chez-nous-desespoir-urnes\"><em><strong>Chez Nous<\/strong><\/em><\/a>, de Lucas Belvaux, dont on vous a d\u00e9j\u00e0 longuement parl\u00e9, ou encore le p\u00e9tillant <em><strong><a href=\"http:\/\/www.cinevox.be\/paris-pieds-nus-friandise-burlesque\">Paris Pieds Nus<\/a><\/strong><\/em>, nouvel opus d\u00e9lirant, d\u00e9lur\u00e9 et d\u00e9brid\u00e9 du fantasque duo Abel &amp; Gordon.<\/p>\n<hr \/>\n<p>&nbsp;<\/p>\n<p>Notons enfin cette semaine la sortie dans les salles belges d&rsquo;une belges coproduction port\u00e9e par Need Productions, F\u00e9licit\u00e9, le nouveau film du r\u00e9alisateur d&rsquo;origine s\u00e9n\u00e9galaise Alain Gomis, Ours d&rsquo;Argent lors du dernier festival de Berlinale, histoire d&rsquo;amour berc\u00e9e par la musique lancinante des rues \u00e2pres de Kinshasa.<\/p>\n<p>&nbsp;<\/p>\n<p><iframe loading=\"lazy\" title=\"F\u00c9LICIT\u00c9 Bande Annonce (Drame Fran\u00e7ais )\" width=\"618\" height=\"348\" src=\"https:\/\/www.youtube.com\/embed\/DiR279X0z_g?feature=oembed\" frameborder=\"0\" allow=\"accelerometer; autoplay; clipboard-write; encrypted-media; gyroscope; picture-in-picture; web-share\" referrerpolicy=\"strict-origin-when-cross-origin\" allowfullscreen><\/iframe><\/p>\n<hr \/>\n<p>&nbsp;<\/p>\n<p>Une fois de plus, bonne toile!<\/p>\n","protected":false},"excerpt":{"rendered":"<p>Deux nouveaut\u00e9s de choix cette semaine \u00e0 l&rsquo;affiche: Mon Ange de Harry Cleven, dont on vous parle depuis quelques mois maintenant, et Burning Out, le nouveau documentaire de J\u00e9r\u00f4me le Maire. Et toujours au programme, Je suis rest\u00e9 dans les bois\u00a0du trio Bier\/ Sainte\/ Solheid, sorti la semaine derni\u00e8re, et la cl\u00f4ture du Brussels Short &hellip;<\/p>\n","protected":false},"author":343,"featured_media":199210,"comment_status":"closed","ping_status":"closed","sticky":false,"template":"","format":"standard","meta":{"ngg_post_thumbnail":0,"footnotes":""},"categories":[10,7],"tags":[],"class_list":["post-199208","post","type-post","status-publish","format-standard","has-post-thumbnail","","category-a-l-affiche","category-actualites"],"yoast_head":"<!-- This site is optimized with the Yoast SEO plugin v20.4 - https:\/\/yoast.com\/wordpress\/plugins\/seo\/ -->\n<title>Un p&#039;tit cin\u00e9 ce week-end? s01e14 - w-l-c<\/title>\n<meta name=\"robots\" content=\"noindex, follow, max-snippet:-1, max-image-preview:large, max-video-preview:-1\" \/>\n<meta property=\"og:locale\" content=\"fr_FR\" \/>\n<meta property=\"og:type\" content=\"article\" \/>\n<meta property=\"og:title\" content=\"Un p&#039;tit cin\u00e9 ce week-end? s01e14 - w-l-c\" \/>\n<meta property=\"og:description\" content=\"Deux nouveaut\u00e9s de choix cette semaine \u00e0 l&rsquo;affiche: Mon Ange de Harry Cleven, dont on vous parle depuis quelques mois maintenant, et Burning Out, le nouveau documentaire de J\u00e9r\u00f4me le Maire. Et toujours au programme, Je suis rest\u00e9 dans les bois\u00a0du trio Bier\/ Sainte\/ Solheid, sorti la semaine derni\u00e8re, et la cl\u00f4ture du Brussels Short &hellip;\" \/>\n<meta property=\"og:url\" content=\"https:\/\/w-l-c.be\/fr\/ptit-cine-week-end-s01e14\/\" \/>\n<meta property=\"og:site_name\" content=\"w-l-c\" \/>\n<meta property=\"article:published_time\" content=\"2017-05-05T07:18:37+00:00\" \/>\n<meta property=\"article:modified_time\" content=\"2017-05-05T07:23:12+00:00\" \/>\n<meta property=\"og:image\" content=\"https:\/\/w-l-c.be\/wp-content\/uploads\/2017\/05\/bloggif_590c271c421b2.jpg\" \/>\n\t<meta property=\"og:image:width\" content=\"620\" \/>\n\t<meta property=\"og:image:height\" content=\"398\" \/>\n\t<meta property=\"og:image:type\" content=\"image\/jpeg\" \/>\n<meta name=\"author\" content=\"Aurore Engelen\" \/>\n<meta name=\"twitter:card\" content=\"summary_large_image\" \/>\n<meta name=\"twitter:label1\" content=\"\u00c9crit par\" \/>\n\t<meta name=\"twitter:data1\" content=\"Aurore Engelen\" \/>\n\t<meta name=\"twitter:label2\" content=\"Dur\u00e9e de lecture estim\u00e9e\" \/>\n\t<meta name=\"twitter:data2\" content=\"4 minutes\" \/>\n<script type=\"application\/ld+json\" class=\"yoast-schema-graph\">{\"@context\":\"https:\/\/schema.org\",\"@graph\":[{\"@type\":\"WebPage\",\"@id\":\"https:\/\/w-l-c.be\/fr\/ptit-cine-week-end-s01e14\/\",\"url\":\"https:\/\/w-l-c.be\/fr\/ptit-cine-week-end-s01e14\/\",\"name\":\"Un p'tit cin\u00e9 ce week-end? s01e14 - w-l-c\",\"isPartOf\":{\"@id\":\"https:\/\/w-l-c.be\/fr\/#website\"},\"datePublished\":\"2017-05-05T07:18:37+00:00\",\"dateModified\":\"2017-05-05T07:23:12+00:00\",\"author\":{\"@id\":\"https:\/\/w-l-c.be\/fr\/#\/schema\/person\/8084b68c6b176142d073695c654dc7cf\"},\"breadcrumb\":{\"@id\":\"https:\/\/w-l-c.be\/fr\/ptit-cine-week-end-s01e14\/#breadcrumb\"},\"inLanguage\":\"fr-FR\",\"potentialAction\":[{\"@type\":\"ReadAction\",\"target\":[\"https:\/\/w-l-c.be\/fr\/ptit-cine-week-end-s01e14\/\"]}]},{\"@type\":\"BreadcrumbList\",\"@id\":\"https:\/\/w-l-c.be\/fr\/ptit-cine-week-end-s01e14\/#breadcrumb\",\"itemListElement\":[{\"@type\":\"ListItem\",\"position\":1,\"name\":\"Accueil\",\"item\":\"https:\/\/w-l-c.be\/fr\/\"},{\"@type\":\"ListItem\",\"position\":2,\"name\":\"Un p&rsquo;tit cin\u00e9 ce week-end? s01e14\"}]},{\"@type\":\"WebSite\",\"@id\":\"https:\/\/w-l-c.be\/fr\/#website\",\"url\":\"https:\/\/w-l-c.be\/fr\/\",\"name\":\"w-l-c\",\"description\":\"Le cin\u00e9ma vu par les belges\",\"potentialAction\":[{\"@type\":\"SearchAction\",\"target\":{\"@type\":\"EntryPoint\",\"urlTemplate\":\"https:\/\/w-l-c.be\/fr\/?s={search_term_string}\"},\"query-input\":\"required name=search_term_string\"}],\"inLanguage\":\"fr-FR\"},{\"@type\":\"Person\",\"@id\":\"https:\/\/w-l-c.be\/fr\/#\/schema\/person\/8084b68c6b176142d073695c654dc7cf\",\"name\":\"Aurore Engelen\",\"url\":\"https:\/\/w-l-c.be\/fr\/author\/aurore-engelen\/\"}]}<\/script>\n<!-- \/ Yoast SEO plugin. -->","yoast_head_json":{"title":"Un p'tit cin\u00e9 ce week-end? s01e14 - w-l-c","robots":{"index":"noindex","follow":"follow","max-snippet":"max-snippet:-1","max-image-preview":"max-image-preview:large","max-video-preview":"max-video-preview:-1"},"og_locale":"fr_FR","og_type":"article","og_title":"Un p'tit cin\u00e9 ce week-end? s01e14 - w-l-c","og_description":"Deux nouveaut\u00e9s de choix cette semaine \u00e0 l&rsquo;affiche: Mon Ange de Harry Cleven, dont on vous parle depuis quelques mois maintenant, et Burning Out, le nouveau documentaire de J\u00e9r\u00f4me le Maire. Et toujours au programme, Je suis rest\u00e9 dans les bois\u00a0du trio Bier\/ Sainte\/ Solheid, sorti la semaine derni\u00e8re, et la cl\u00f4ture du Brussels Short &hellip;","og_url":"https:\/\/w-l-c.be\/fr\/ptit-cine-week-end-s01e14\/","og_site_name":"w-l-c","article_published_time":"2017-05-05T07:18:37+00:00","article_modified_time":"2017-05-05T07:23:12+00:00","og_image":[{"width":620,"height":398,"url":"https:\/\/w-l-c.be\/wp-content\/uploads\/2017\/05\/bloggif_590c271c421b2.jpg","type":"image\/jpeg"}],"author":"Aurore Engelen","twitter_card":"summary_large_image","twitter_misc":{"\u00c9crit par":"Aurore Engelen","Dur\u00e9e de lecture estim\u00e9e":"4 minutes"},"schema":{"@context":"https:\/\/schema.org","@graph":[{"@type":"WebPage","@id":"https:\/\/w-l-c.be\/fr\/ptit-cine-week-end-s01e14\/","url":"https:\/\/w-l-c.be\/fr\/ptit-cine-week-end-s01e14\/","name":"Un p'tit cin\u00e9 ce week-end? s01e14 - w-l-c","isPartOf":{"@id":"https:\/\/w-l-c.be\/fr\/#website"},"datePublished":"2017-05-05T07:18:37+00:00","dateModified":"2017-05-05T07:23:12+00:00","author":{"@id":"https:\/\/w-l-c.be\/fr\/#\/schema\/person\/8084b68c6b176142d073695c654dc7cf"},"breadcrumb":{"@id":"https:\/\/w-l-c.be\/fr\/ptit-cine-week-end-s01e14\/#breadcrumb"},"inLanguage":"fr-FR","potentialAction":[{"@type":"ReadAction","target":["https:\/\/w-l-c.be\/fr\/ptit-cine-week-end-s01e14\/"]}]},{"@type":"BreadcrumbList","@id":"https:\/\/w-l-c.be\/fr\/ptit-cine-week-end-s01e14\/#breadcrumb","itemListElement":[{"@type":"ListItem","position":1,"name":"Accueil","item":"https:\/\/w-l-c.be\/fr\/"},{"@type":"ListItem","position":2,"name":"Un p&rsquo;tit cin\u00e9 ce week-end? s01e14"}]},{"@type":"WebSite","@id":"https:\/\/w-l-c.be\/fr\/#website","url":"https:\/\/w-l-c.be\/fr\/","name":"w-l-c","description":"Le cin\u00e9ma vu par les belges","potentialAction":[{"@type":"SearchAction","target":{"@type":"EntryPoint","urlTemplate":"https:\/\/w-l-c.be\/fr\/?s={search_term_string}"},"query-input":"required name=search_term_string"}],"inLanguage":"fr-FR"},{"@type":"Person","@id":"https:\/\/w-l-c.be\/fr\/#\/schema\/person\/8084b68c6b176142d073695c654dc7cf","name":"Aurore Engelen","url":"https:\/\/w-l-c.be\/fr\/author\/aurore-engelen\/"}]}},"_links":{"self":[{"href":"https:\/\/w-l-c.be\/fr\/wp-json\/wp\/v2\/posts\/199208","targetHints":{"allow":["GET"]}}],"collection":[{"href":"https:\/\/w-l-c.be\/fr\/wp-json\/wp\/v2\/posts"}],"about":[{"href":"https:\/\/w-l-c.be\/fr\/wp-json\/wp\/v2\/types\/post"}],"author":[{"embeddable":true,"href":"https:\/\/w-l-c.be\/fr\/wp-json\/wp\/v2\/users\/343"}],"replies":[{"embeddable":true,"href":"https:\/\/w-l-c.be\/fr\/wp-json\/wp\/v2\/comments?post=199208"}],"version-history":[{"count":0,"href":"https:\/\/w-l-c.be\/fr\/wp-json\/wp\/v2\/posts\/199208\/revisions"}],"wp:featuredmedia":[{"embeddable":true,"href":"https:\/\/w-l-c.be\/fr\/wp-json\/wp\/v2\/media\/199210"}],"wp:attachment":[{"href":"https:\/\/w-l-c.be\/fr\/wp-json\/wp\/v2\/media?parent=199208"}],"wp:term":[{"taxonomy":"category","embeddable":true,"href":"https:\/\/w-l-c.be\/fr\/wp-json\/wp\/v2\/categories?post=199208"},{"taxonomy":"post_tag","embeddable":true,"href":"https:\/\/w-l-c.be\/fr\/wp-json\/wp\/v2\/tags?post=199208"}],"curies":[{"name":"wp","href":"https:\/\/api.w.org\/{rel}","templated":true}]}}