
{"id":199248,"date":"2017-05-08T10:07:50","date_gmt":"2017-05-08T08:07:50","guid":{"rendered":"http:\/\/www.cinevox.be\/?p=99248"},"modified":"2017-05-16T19:47:20","modified_gmt":"2017-05-16T17:47:20","slug":"demeure-danne-lise-morin-grand-prix-national-bsff","status":"publish","type":"post","link":"https:\/\/w-l-c.be\/fr\/demeure-danne-lise-morin-grand-prix-national-bsff\/","title":{"rendered":"\u00ab\u00a0Ce qui demeure\u00a0\u00bb d&rsquo;Anne-Lise Morin, Grand Prix National au BSFF"},"content":{"rendered":"<p>La 20\u00e8me \u00e9dition du Brussels Short Film Festival s&rsquo;est achev\u00e9e hier avec la proclamation du palmar\u00e8s. Achev\u00e9e ou pas tout \u00e0 fait d&rsquo;ailleurs puisque les films prim\u00e9s seront rediffus\u00e9s ce soir et demain soir au Vend\u00f4me, et que le festival se d\u00e9placera en Province dans les jours \u00e0 venir. Si le Grand Prix de la Comp\u00e9tition International a \u00e9t\u00e9 remis au film isra\u00e9lien <em>Fatherland<\/em> de Amikam Kovner, le Grand Prix de la Comp\u00e9tition Nationale est quant \u00e0 lui revenu \u00e0 <em><strong>Ce qui demeure<\/strong><\/em> d&rsquo;Anne-Lise Morin.<\/p>\n<p><!--more--><\/p>\n<p>&nbsp;<\/p>\n<div class=\"texte\">\n<p><span style=\"color: #333333;\">Grand Prix de la Comp\u00e9tition Nationale donc, <em><strong>Ce qui demeure<\/strong><\/em> d&rsquo;Anne-Lise Morin, un premier film sensible, qui embo\u00eete le pas de\u00a0Pierrot, un jeune gar\u00e7on qui f\u00eate joyeusement ses sept ans avec son p\u00e8re, son fr\u00e8re et sa s\u0153ur. Mais sa m\u00e8re manque, alit\u00e9e \u00e0 l\u2019\u00e9tage de la maison. Pierrot se retrouve confront\u00e9 \u00e0 l\u2019incertitude, emp\u00each\u00e9 de la voir par ses proches d\u00e9sesp\u00e9r\u00e9ment silencieux. Cette jeune r\u00e9alisatrice, form\u00e9e comme chef op\u00e9ratrice et sc\u00e9nariste, a confi\u00e9 l&rsquo;image de son film \u00e0 Juliette Van Dormael (<em>Mon Ange<\/em>), r\u00e9cemment \u00e9pingl\u00e9e par le prestigieux magazine professionnel <em>Variety<\/em> comme l&rsquo;un des 10 jeunes chefs op&rsquo; \u00e0 suivre. <em>Ce qui demeure<\/em> est produit par H\u00e9licotronc, qui f\u00eate cette ann\u00e9es ses 15 ans d&rsquo;activit\u00e9, et dont nous vous reparlerons bient\u00f4t.<\/span><\/p>\n<p>&nbsp;<\/p>\n<p><img loading=\"lazy\" decoding=\"async\" class=\"alignnone size-large wp-image-99258\" src=\"http:\/\/www.cinevox.be\/wp-content\/uploads\/2017\/05\/ce_qui_demeure-800x433.jpg\" alt=\"\" width=\"640\" height=\"346\" \/><\/p>\n<\/div>\n<p>&nbsp;<\/p>\n<p>&nbsp;<\/p>\n<p><strong><em>Calamity<\/em><\/strong>, le film r\u00e9alis\u00e9 par \u00a0le duo\u00a0Maxime Feyers &amp; S\u00e9verine De Streyker, remporte deux prix, celui du Public, forc\u00e9ment tr\u00e8s pris\u00e9, mais aussi le Prix d&rsquo;Interpr\u00e9tation F\u00e9minine pour la com\u00e9dienne Ingrid Heiderscheidt, bouleversante dans le r\u00f4le d&rsquo;une m\u00e8re de famille d\u00e9boussol\u00e9e et troubl\u00e9e par la nouvelle compagne de son fils.<\/p>\n<p>&nbsp;<\/p>\n<figure id=\"attachment_99256\" aria-describedby=\"caption-attachment-99256\" style=\"width: 640px\" class=\"wp-caption alignnone\"><img loading=\"lazy\" decoding=\"async\" class=\"wp-image-99256 size-large\" src=\"http:\/\/www.cinevox.be\/wp-content\/uploads\/2017\/05\/IngridHeiderscheidtBis-800x534.jpg\" width=\"640\" height=\"427\" \/><figcaption id=\"caption-attachment-99256\" class=\"wp-caption-text\">Ingrid Heiderscheidt Photo \u00a9BSFF<\/figcaption><\/figure>\n<figure id=\"attachment_99257\" aria-describedby=\"caption-attachment-99257\" style=\"width: 640px\" class=\"wp-caption alignnone\"><img loading=\"lazy\" decoding=\"async\" class=\"wp-image-99257 size-large\" src=\"http:\/\/www.cinevox.be\/wp-content\/uploads\/2017\/05\/Maxime-Feyers-Severine-de-Streyker-800x533.jpg\" width=\"640\" height=\"426\" \/><figcaption id=\"caption-attachment-99257\" class=\"wp-caption-text\">Maxime Feyers et S\u00e9verine De Streyker Photo \u00a9BSFF<\/figcaption><\/figure>\n<p>&nbsp;<\/p>\n<p>Autre film doublement prim\u00e9, <em><strong>Marlon<\/strong><\/em> de Jessica Palud a re\u00e7u une Mention sp\u00e9ciale du Jury, ainsi que le Prix La Trois\/RTBF. On retiendra \u00e9galement que le Prix d&rsquo;interpr\u00e9tation masculine est revenu au jeune com\u00e9dien flamand Arend Pinoy pour <em><strong>Dag vreemde man<\/strong><\/em> d&rsquo;Anthony Schatteman, et que le Prix de la F\u00e9d\u00e9ration Wallonie-Bruxelles a \u00e9t\u00e9 remis au film court et choc <em><strong>Etat d&rsquo;alerte sa m\u00e8re<\/strong><\/em> de S\u00e9bastien Petretti, que vous pouvez d\u00e9couvrir ici:<\/p>\n<p>&nbsp;<\/p>\n<p>https:\/\/youtu.be\/gI4zFdKjZyo<\/p>\n<p>&nbsp;<\/p>\n<p>On notera \u00e9galement la belle repr\u00e9sentation des films belges dans le palmar\u00e8s de la Comp\u00e9tition Next Generation, o\u00f9 concourt des films d&rsquo;\u00e9cole. Le Prix de la F\u00e9d\u00e9ration Wallonie-Bruxelles a \u00e9t\u00e9 attribu\u00e9 \u00e0 <em><strong>No&rsquo;\u00ef<\/strong><\/em> d&rsquo;Aline Magrez, et deux prix remis au film d&rsquo;animation <strong><em>L&rsquo;Indigestion<\/em><\/strong> de Mathilde Remy, Mention sp\u00e9ciale du jury et Prix national du public.<\/p>\n<p>&nbsp;<\/p>\n<figure id=\"attachment_99259\" aria-describedby=\"caption-attachment-99259\" style=\"width: 640px\" class=\"wp-caption alignnone\"><img loading=\"lazy\" decoding=\"async\" class=\"wp-image-99259 size-large\" src=\"http:\/\/www.cinevox.be\/wp-content\/uploads\/2017\/05\/Indigestion_im1-800x432.png\" width=\"640\" height=\"346\" \/><figcaption id=\"caption-attachment-99259\" class=\"wp-caption-text\">\u00ab\u00a0L&rsquo;Indigestion\u00a0\u00bb de Mathilde Remy<\/figcaption><\/figure>\n<p>&nbsp;<\/p>\n<hr \/>\n<p>&nbsp;<\/p>\n<p>On reprend:<\/p>\n<p>&nbsp;<\/p>\n<p><strong>Comp\u00e9tition Nationale<\/strong><\/p>\n<ul>\n<li>Grand Prix National :\u00a0<strong><em>Ce qui demeure,<\/em> Anne-Lise Morin<\/strong><\/li>\n<li>Prix de la F\u00e9d\u00e9ration Wallonie-Bruxelles : <strong><em>Etat d&rsquo;alerte sa m\u00e8re<\/em>, S\u00e9bastien Petretti<\/strong><\/li>\n<li>Prix d\u2019Interpr\u00e9tation F\u00e9minine : <strong>Ingrid Heiderscheidt<\/strong> dans <strong><em>Calamity<\/em><\/strong>\u00a0de Maxime Feyers &amp; S\u00e9verine De Streyker<\/li>\n<li>Prix d\u2019Interpr\u00e9tation Masculine : <strong>Arend Pinoy<\/strong> dans <em>Dag Vreemde Man<\/em>\u00a0d\u2019Anthony Schatteman<\/li>\n<li>Mention Sp\u00e9ciale du Jury : <strong><em>Marlon<\/em>, Jessica Palud<\/strong><\/li>\n<li>Mention de la F\u00e9d\u00e9ration Wallonie-Bruxelles : <strong><em>Les Petites Mains<\/em><em>,<\/em> R\u00e9mi Allier<\/strong><\/li>\n<li>Prix du Public :<strong><em>Calamity<\/em><\/strong><strong>, Maxime Feyers &amp; S\u00e9verine De Streyker<\/strong><\/li>\n<li>Prix Canal + :<strong>\u00a0<em>Downside Up<\/em>, Peter Ghesquiere<\/strong><\/li>\n<li>Prix Be TV : <strong><em>Avec Thelma<\/em>, Ann Sirot &amp; Rapha\u00ebl Balboni<\/strong><\/li>\n<li>Prix de la Trois \u2013 RTBF : <strong><em>Marlon<\/em>, Jessica Palud<\/strong><\/li>\n<li>Prix de la critique : <strong>CATHERINE, Britt Raes<\/strong><\/li>\n<\/ul>\n<p>&nbsp;<\/p>\n<p><strong>Next Generation<\/strong><\/p>\n<ul>\n<li>Prix de la F\u00e9d\u00e9ration Wallonie-Bruxelles : <strong><em>No&rsquo;\u00ef<\/em>, Aline Magrez<\/strong><\/li>\n<li>Mention Sp\u00e9ciale du Jury : <strong><em>L&rsquo;Indigestion<\/em>, Mathilde Remy<\/strong><\/li>\n<li>Mention Sp\u00e9ciale d\u2019interpr\u00e9tation \u2013 National : <strong>Thierry Counard<\/strong> dans JOLIS M\u00d4MES de Thomas Xhignesse<\/li>\n<li>Prix du Jury jeune : <strong><em>Les Incapables, <\/em>Roxanne Gaucherand<\/strong><\/li>\n<li>Prix national du public :\u00a0<strong><em>L&rsquo;Indigestion<\/em><\/strong><strong>, Mathilde Remy<\/strong><\/li>\n<\/ul>\n<p>&nbsp;<\/p>\n<p>&nbsp;<\/p>\n<p>&nbsp;<\/p>\n<p class=\"p1\">\n","protected":false},"excerpt":{"rendered":"<p>La 20\u00e8me \u00e9dition du Brussels Short Film Festival s&rsquo;est achev\u00e9e hier avec la proclamation du palmar\u00e8s. Achev\u00e9e ou pas tout \u00e0 fait d&rsquo;ailleurs puisque les films prim\u00e9s seront rediffus\u00e9s ce soir et demain soir au Vend\u00f4me, et que le festival se d\u00e9placera en Province dans les jours \u00e0 venir. Si le Grand Prix de la &hellip;<\/p>\n","protected":false},"author":343,"featured_media":199261,"comment_status":"closed","ping_status":"closed","sticky":false,"template":"","format":"standard","meta":{"ngg_post_thumbnail":0,"footnotes":""},"categories":[12,7],"tags":[],"class_list":["post-199248","post","type-post","status-publish","format-standard","has-post-thumbnail","","category-awards","category-actualites"],"yoast_head":"<!-- This site is optimized with the Yoast SEO plugin v20.4 - https:\/\/yoast.com\/wordpress\/plugins\/seo\/ -->\n<title>&quot;Ce qui demeure&quot; d&#039;Anne-Lise Morin, Grand Prix National au BSFF - w-l-c<\/title>\n<meta name=\"robots\" content=\"noindex, follow, max-snippet:-1, max-image-preview:large, max-video-preview:-1\" \/>\n<meta property=\"og:locale\" content=\"fr_FR\" \/>\n<meta property=\"og:type\" content=\"article\" \/>\n<meta property=\"og:title\" content=\"&quot;Ce qui demeure&quot; d&#039;Anne-Lise Morin, Grand Prix National au BSFF - w-l-c\" \/>\n<meta property=\"og:description\" content=\"La 20\u00e8me \u00e9dition du Brussels Short Film Festival s&rsquo;est achev\u00e9e hier avec la proclamation du palmar\u00e8s. Achev\u00e9e ou pas tout \u00e0 fait d&rsquo;ailleurs puisque les films prim\u00e9s seront rediffus\u00e9s ce soir et demain soir au Vend\u00f4me, et que le festival se d\u00e9placera en Province dans les jours \u00e0 venir. Si le Grand Prix de la &hellip;\" \/>\n<meta property=\"og:url\" content=\"https:\/\/w-l-c.be\/fr\/demeure-danne-lise-morin-grand-prix-national-bsff\/\" \/>\n<meta property=\"og:site_name\" content=\"w-l-c\" \/>\n<meta property=\"article:published_time\" content=\"2017-05-08T08:07:50+00:00\" \/>\n<meta property=\"article:modified_time\" content=\"2017-05-16T17:47:20+00:00\" \/>\n<meta property=\"og:image\" content=\"https:\/\/w-l-c.be\/wp-content\/uploads\/2017\/05\/CeQuiDemeure.jpg\" \/>\n\t<meta property=\"og:image:width\" content=\"1440\" \/>\n\t<meta property=\"og:image:height\" content=\"960\" \/>\n\t<meta property=\"og:image:type\" content=\"image\/jpeg\" \/>\n<meta name=\"author\" content=\"Aurore Engelen\" \/>\n<meta name=\"twitter:card\" content=\"summary_large_image\" \/>\n<meta name=\"twitter:label1\" content=\"\u00c9crit par\" \/>\n\t<meta name=\"twitter:data1\" content=\"Aurore Engelen\" \/>\n\t<meta name=\"twitter:label2\" content=\"Dur\u00e9e de lecture estim\u00e9e\" \/>\n\t<meta name=\"twitter:data2\" content=\"3 minutes\" \/>\n<script type=\"application\/ld+json\" class=\"yoast-schema-graph\">{\"@context\":\"https:\/\/schema.org\",\"@graph\":[{\"@type\":\"WebPage\",\"@id\":\"https:\/\/w-l-c.be\/fr\/demeure-danne-lise-morin-grand-prix-national-bsff\/\",\"url\":\"https:\/\/w-l-c.be\/fr\/demeure-danne-lise-morin-grand-prix-national-bsff\/\",\"name\":\"\\\"Ce qui demeure\\\" d'Anne-Lise Morin, Grand Prix National au BSFF - w-l-c\",\"isPartOf\":{\"@id\":\"https:\/\/w-l-c.be\/fr\/#website\"},\"datePublished\":\"2017-05-08T08:07:50+00:00\",\"dateModified\":\"2017-05-16T17:47:20+00:00\",\"author\":{\"@id\":\"https:\/\/w-l-c.be\/fr\/#\/schema\/person\/8084b68c6b176142d073695c654dc7cf\"},\"breadcrumb\":{\"@id\":\"https:\/\/w-l-c.be\/fr\/demeure-danne-lise-morin-grand-prix-national-bsff\/#breadcrumb\"},\"inLanguage\":\"fr-FR\",\"potentialAction\":[{\"@type\":\"ReadAction\",\"target\":[\"https:\/\/w-l-c.be\/fr\/demeure-danne-lise-morin-grand-prix-national-bsff\/\"]}]},{\"@type\":\"BreadcrumbList\",\"@id\":\"https:\/\/w-l-c.be\/fr\/demeure-danne-lise-morin-grand-prix-national-bsff\/#breadcrumb\",\"itemListElement\":[{\"@type\":\"ListItem\",\"position\":1,\"name\":\"Accueil\",\"item\":\"https:\/\/w-l-c.be\/fr\/\"},{\"@type\":\"ListItem\",\"position\":2,\"name\":\"\u00ab\u00a0Ce qui demeure\u00a0\u00bb d&rsquo;Anne-Lise Morin, Grand Prix National au BSFF\"}]},{\"@type\":\"WebSite\",\"@id\":\"https:\/\/w-l-c.be\/fr\/#website\",\"url\":\"https:\/\/w-l-c.be\/fr\/\",\"name\":\"w-l-c\",\"description\":\"Le cin\u00e9ma vu par les belges\",\"potentialAction\":[{\"@type\":\"SearchAction\",\"target\":{\"@type\":\"EntryPoint\",\"urlTemplate\":\"https:\/\/w-l-c.be\/fr\/?s={search_term_string}\"},\"query-input\":\"required name=search_term_string\"}],\"inLanguage\":\"fr-FR\"},{\"@type\":\"Person\",\"@id\":\"https:\/\/w-l-c.be\/fr\/#\/schema\/person\/8084b68c6b176142d073695c654dc7cf\",\"name\":\"Aurore Engelen\",\"url\":\"https:\/\/w-l-c.be\/fr\/author\/aurore-engelen\/\"}]}<\/script>\n<!-- \/ Yoast SEO plugin. -->","yoast_head_json":{"title":"\"Ce qui demeure\" d'Anne-Lise Morin, Grand Prix National au BSFF - w-l-c","robots":{"index":"noindex","follow":"follow","max-snippet":"max-snippet:-1","max-image-preview":"max-image-preview:large","max-video-preview":"max-video-preview:-1"},"og_locale":"fr_FR","og_type":"article","og_title":"\"Ce qui demeure\" d'Anne-Lise Morin, Grand Prix National au BSFF - w-l-c","og_description":"La 20\u00e8me \u00e9dition du Brussels Short Film Festival s&rsquo;est achev\u00e9e hier avec la proclamation du palmar\u00e8s. Achev\u00e9e ou pas tout \u00e0 fait d&rsquo;ailleurs puisque les films prim\u00e9s seront rediffus\u00e9s ce soir et demain soir au Vend\u00f4me, et que le festival se d\u00e9placera en Province dans les jours \u00e0 venir. Si le Grand Prix de la &hellip;","og_url":"https:\/\/w-l-c.be\/fr\/demeure-danne-lise-morin-grand-prix-national-bsff\/","og_site_name":"w-l-c","article_published_time":"2017-05-08T08:07:50+00:00","article_modified_time":"2017-05-16T17:47:20+00:00","og_image":[{"width":1440,"height":960,"url":"https:\/\/w-l-c.be\/wp-content\/uploads\/2017\/05\/CeQuiDemeure.jpg","type":"image\/jpeg"}],"author":"Aurore Engelen","twitter_card":"summary_large_image","twitter_misc":{"\u00c9crit par":"Aurore Engelen","Dur\u00e9e de lecture estim\u00e9e":"3 minutes"},"schema":{"@context":"https:\/\/schema.org","@graph":[{"@type":"WebPage","@id":"https:\/\/w-l-c.be\/fr\/demeure-danne-lise-morin-grand-prix-national-bsff\/","url":"https:\/\/w-l-c.be\/fr\/demeure-danne-lise-morin-grand-prix-national-bsff\/","name":"\"Ce qui demeure\" d'Anne-Lise Morin, Grand Prix National au BSFF - w-l-c","isPartOf":{"@id":"https:\/\/w-l-c.be\/fr\/#website"},"datePublished":"2017-05-08T08:07:50+00:00","dateModified":"2017-05-16T17:47:20+00:00","author":{"@id":"https:\/\/w-l-c.be\/fr\/#\/schema\/person\/8084b68c6b176142d073695c654dc7cf"},"breadcrumb":{"@id":"https:\/\/w-l-c.be\/fr\/demeure-danne-lise-morin-grand-prix-national-bsff\/#breadcrumb"},"inLanguage":"fr-FR","potentialAction":[{"@type":"ReadAction","target":["https:\/\/w-l-c.be\/fr\/demeure-danne-lise-morin-grand-prix-national-bsff\/"]}]},{"@type":"BreadcrumbList","@id":"https:\/\/w-l-c.be\/fr\/demeure-danne-lise-morin-grand-prix-national-bsff\/#breadcrumb","itemListElement":[{"@type":"ListItem","position":1,"name":"Accueil","item":"https:\/\/w-l-c.be\/fr\/"},{"@type":"ListItem","position":2,"name":"\u00ab\u00a0Ce qui demeure\u00a0\u00bb d&rsquo;Anne-Lise Morin, Grand Prix National au BSFF"}]},{"@type":"WebSite","@id":"https:\/\/w-l-c.be\/fr\/#website","url":"https:\/\/w-l-c.be\/fr\/","name":"w-l-c","description":"Le cin\u00e9ma vu par les belges","potentialAction":[{"@type":"SearchAction","target":{"@type":"EntryPoint","urlTemplate":"https:\/\/w-l-c.be\/fr\/?s={search_term_string}"},"query-input":"required name=search_term_string"}],"inLanguage":"fr-FR"},{"@type":"Person","@id":"https:\/\/w-l-c.be\/fr\/#\/schema\/person\/8084b68c6b176142d073695c654dc7cf","name":"Aurore Engelen","url":"https:\/\/w-l-c.be\/fr\/author\/aurore-engelen\/"}]}},"_links":{"self":[{"href":"https:\/\/w-l-c.be\/fr\/wp-json\/wp\/v2\/posts\/199248","targetHints":{"allow":["GET"]}}],"collection":[{"href":"https:\/\/w-l-c.be\/fr\/wp-json\/wp\/v2\/posts"}],"about":[{"href":"https:\/\/w-l-c.be\/fr\/wp-json\/wp\/v2\/types\/post"}],"author":[{"embeddable":true,"href":"https:\/\/w-l-c.be\/fr\/wp-json\/wp\/v2\/users\/343"}],"replies":[{"embeddable":true,"href":"https:\/\/w-l-c.be\/fr\/wp-json\/wp\/v2\/comments?post=199248"}],"version-history":[{"count":0,"href":"https:\/\/w-l-c.be\/fr\/wp-json\/wp\/v2\/posts\/199248\/revisions"}],"wp:featuredmedia":[{"embeddable":true,"href":"https:\/\/w-l-c.be\/fr\/wp-json\/wp\/v2\/media\/199261"}],"wp:attachment":[{"href":"https:\/\/w-l-c.be\/fr\/wp-json\/wp\/v2\/media?parent=199248"}],"wp:term":[{"taxonomy":"category","embeddable":true,"href":"https:\/\/w-l-c.be\/fr\/wp-json\/wp\/v2\/categories?post=199248"},{"taxonomy":"post_tag","embeddable":true,"href":"https:\/\/w-l-c.be\/fr\/wp-json\/wp\/v2\/tags?post=199248"}],"curies":[{"name":"wp","href":"https:\/\/api.w.org\/{rel}","templated":true}]}}