
{"id":199263,"date":"2017-05-08T11:30:49","date_gmt":"2017-05-08T09:30:49","guid":{"rendered":"http:\/\/www.cinevox.be\/?p=99263"},"modified":"2017-05-08T11:53:05","modified_gmt":"2017-05-08T09:53:05","slug":"99263","status":"publish","type":"post","link":"https:\/\/w-l-c.be\/fr\/99263\/","title":{"rendered":"Stage avec la r\u00e9alisatrice et chor\u00e9graphe Edith Depaule"},"content":{"rendered":"<p>L&rsquo;ASBL trou de ver organise un stage destin\u00e9 aux professionnels de la sc\u00e8ne et du cin\u00e9ma (com\u00e9diens, r\u00e9alisateurs et sc\u00e9naristes) avec la r\u00e9alisatrice et chor\u00e9graphe Edith Depaule (<em>The Dancing<\/em>) qui aura lieu \u00e0 Bruxelles du lundi 5 juin au vendredi 9 juin 2017.<\/p>\n<p>&nbsp;<\/p>\n<p><!--more--><\/p>\n<p>&nbsp;<\/p>\n<p>&nbsp;<\/p>\n<p>&nbsp;<\/p>\n<p>Avant cette session, l&rsquo;asbl a d\u00e9j\u00e0 travaill\u00e9 avec des professionnels comme Savina Dellicour, Guillaume Senez, Vania Leturcq, Delphine Noels, Michael Bier, et la com\u00e9dienne Catherine Sal\u00e9e.<\/p>\n<p>&nbsp;<\/p>\n<p>Voici la pr\u00e9sentation du stage:<\/p>\n<p>\u00ab\u00a0Pendant cette semaine, nous tenterons de cr\u00e9er \u00e0 partir de la th\u00e9matique suivante : Raconter une histoire au cin\u00e9ma avec comme outil la danse. Comment utiliser la danse, non comme un objet abstrait, mais comme un vrai ressort narratif?<br \/>\nPour cela, nous travaillerons en \u00e9quipe, pour que chacun s&rsquo;essaye \u00e0 l&rsquo;exercice de raconter une histoire donn\u00e9e concr\u00e8te, dans un temps donn\u00e9, avec comme mat\u00e9riaux premiers la danse et le cadre impos\u00e9 par la cam\u00e9ra.<\/p>\n<p>Le matin, nous danserons. Echauffement en profondeur et apprentissage d\u2019une chor\u00e9graphie, qui ne n\u00e9cessite aucun pr\u00e9requis, et ateliers chor\u00e9graphiques.<br \/>\nRien de mieux que de mettre son propre corps en action pour acqu\u00e9rir un regard plus profond sur le corps de l\u2019acteur.<br \/>\nL\u2019apr\u00e8s-midi, ce sera le temps des ateliers sc\u00e9naristiques et de r\u00e9alisation de vos propres projets, cr\u00e9\u00e9s dans le cadre du cours.<\/p>\n<p>Public cible : Com\u00e9diens\/ r\u00e9alisateurs\/sc\u00e9naristes professionnels issus d\u2019\u00e9coles sup\u00e9rieures d\u2019art dramatique ou en cours de formation dans ces derni\u00e8res.<\/p>\n<p>Prix pour la semaine : 380 euros<br \/>\nPlaces limit\u00e9es \u00e0 12 participants.<br \/>\nLieu : Bruxelles ( lieu \u00e0 d\u00e9terminer )<\/p>\n<p>Si vous \u00eates int\u00e9ress\u00e9s, envoyez par mail vos info et CV \u00e0 l\u2019adresse : stage.tdvasbl@gmail.com (les info suivront) ou au 0478\/ 81 47 62 ou 0497\/04 01 87<br \/>\nNum\u00e9ro de compte : BE 98 0017 1090 5093 avec en communication : nom-pr\u00e9nom + stage juin (le paiement valide l&rsquo;inscription)<\/p>\n<hr \/>\n<p>&nbsp;<\/p>\n<p><img loading=\"lazy\" decoding=\"async\" class=\"alignnone size-full wp-image-99270\" src=\"http:\/\/www.cinevox.be\/wp-content\/uploads\/2017\/05\/EdithDepaule-1.jpg\" alt=\"\" width=\"750\" height=\"400\" \/><\/p>\n<p><img loading=\"lazy\" decoding=\"async\" class=\"alignnone size-full wp-image-99272\" src=\"http:\/\/www.cinevox.be\/wp-content\/uploads\/2017\/05\/TheDancing.jpg\" alt=\"\" width=\"640\" height=\"360\" \/><\/p>\n<p><strong>Edith Depaule<\/strong> est chor\u00e9graphe, r\u00e9alisatrice et p\u00e9dagogue passionn\u00e9e. Elle a enseign\u00e9 pendant 13 ans au Conservatoire Sup\u00e9rieur de Mons (Arts2), a \u00e9t\u00e9 l\u2019assistante de Mich\u00e8le Anne De Mey et r\u00e9alise actuellement des films de fiction et des documentaires. Son dernier court-m\u00e9trage <em>The Dancing<\/em>, s\u00e9lectionn\u00e9 dans plus de 50 festivals internationaux a re\u00e7u une douzaine de prix.<br \/>\nEdith Depaule est en cours de d\u00e9veloppement de son premier long m\u00e9trage <em>Les Raining Sisters<\/em>, une com\u00e9die musicale \u00e9crite avec Philippe Blasband. Elle \u00e9crit aussi actuellement le sc\u00e9nario d\u2019un autre long-m\u00e9trage une com\u00e9die<em> Quand je croyais que j\u2019allais danser<\/em>. Pour finir, elle est en cours de montage de son premier documentaire <em>Dancing Nurses<\/em>, sur les pu\u00e9ricultrices d\u2019une cr\u00e8che bruxelloise qui se sont pr\u00eat\u00e9es au jeu de danser pendant plusieurs mois.<br \/>\nVoici un lien vers son site web et une interview (avec son court m\u00e9trage <em>The Dancing<\/em>) o\u00f9 vous pourrez observer son travail :<br \/>\n<a href=\"https:\/\/l.facebook.com\/l.php?u=https%3A%2F%2Fwww.edithdepaule.com%2F&amp;h=ATP8QIoCV6Ir5vXOqs5ltdls5wHUQyatzsahE0YXk01Bt96zKOIEhmgwsvNm44dd5Zr8GC2qcbQVNCK6QS_kKsMwMAXiGWmWXRbYDXj2nyp-GuwH02LXrEXER24xpvqbA2B7XWkRLxZv2FT9dISmC5JQCK4\" target=\"_blank\" rel=\"nofollow noopener\">https:\/\/www.edithdepaule.com<\/a><br \/>\n<a href=\"https:\/\/l.facebook.com\/l.php?u=https%3A%2F%2Fvimeo.com%2F214982583&amp;h=ATP8QIoCV6Ir5vXOqs5ltdls5wHUQyatzsahE0YXk01Bt96zKOIEhmgwsvNm44dd5Zr8GC2qcbQVNCK6QS_kKsMwMAXiGWmWXRbYDXj2nyp-GuwH02LXrEXER24xpvqbA2B7XWkRLxZv2FT9dISmC5JQCK4\" target=\"_blank\" rel=\"nofollow noopener\">https:\/\/vimeo.com\/214982583<\/a><\/p>\n","protected":false},"excerpt":{"rendered":"<p>L&rsquo;ASBL trou de ver organise un stage destin\u00e9 aux professionnels de la sc\u00e8ne et du cin\u00e9ma (com\u00e9diens, r\u00e9alisateurs et sc\u00e9naristes) avec la r\u00e9alisatrice et chor\u00e9graphe Edith Depaule (The Dancing) qui aura lieu \u00e0 Bruxelles du lundi 5 juin au vendredi 9 juin 2017. &nbsp;<\/p>\n","protected":false},"author":343,"featured_media":199267,"comment_status":"closed","ping_status":"closed","sticky":false,"template":"","format":"standard","meta":{"ngg_post_thumbnail":0,"footnotes":""},"categories":[20],"tags":[],"class_list":["post-199263","post","type-post","status-publish","format-standard","has-post-thumbnail","","category-cinejobs"],"yoast_head":"<!-- This site is optimized with the Yoast SEO plugin v20.4 - https:\/\/yoast.com\/wordpress\/plugins\/seo\/ -->\n<title>Stage avec la r\u00e9alisatrice et chor\u00e9graphe Edith Depaule - w-l-c<\/title>\n<meta name=\"robots\" content=\"noindex, follow, max-snippet:-1, max-image-preview:large, max-video-preview:-1\" \/>\n<meta property=\"og:locale\" content=\"fr_FR\" \/>\n<meta property=\"og:type\" content=\"article\" \/>\n<meta property=\"og:title\" content=\"Stage avec la r\u00e9alisatrice et chor\u00e9graphe Edith Depaule - w-l-c\" \/>\n<meta property=\"og:description\" content=\"L&rsquo;ASBL trou de ver organise un stage destin\u00e9 aux professionnels de la sc\u00e8ne et du cin\u00e9ma (com\u00e9diens, r\u00e9alisateurs et sc\u00e9naristes) avec la r\u00e9alisatrice et chor\u00e9graphe Edith Depaule (The Dancing) qui aura lieu \u00e0 Bruxelles du lundi 5 juin au vendredi 9 juin 2017. &nbsp;\" \/>\n<meta property=\"og:url\" content=\"https:\/\/w-l-c.be\/fr\/99263\/\" \/>\n<meta property=\"og:site_name\" content=\"w-l-c\" \/>\n<meta property=\"article:published_time\" content=\"2017-05-08T09:30:49+00:00\" \/>\n<meta property=\"article:modified_time\" content=\"2017-05-08T09:53:05+00:00\" \/>\n<meta property=\"og:image\" content=\"https:\/\/w-l-c.be\/wp-content\/uploads\/2017\/05\/EdithDepaule.jpg\" \/>\n\t<meta property=\"og:image:width\" content=\"750\" \/>\n\t<meta property=\"og:image:height\" content=\"400\" \/>\n\t<meta property=\"og:image:type\" content=\"image\/jpeg\" \/>\n<meta name=\"author\" content=\"Aurore Engelen\" \/>\n<meta name=\"twitter:card\" content=\"summary_large_image\" \/>\n<meta name=\"twitter:label1\" content=\"\u00c9crit par\" \/>\n\t<meta name=\"twitter:data1\" content=\"Aurore Engelen\" \/>\n\t<meta name=\"twitter:label2\" content=\"Dur\u00e9e de lecture estim\u00e9e\" \/>\n\t<meta name=\"twitter:data2\" content=\"2 minutes\" \/>\n<script type=\"application\/ld+json\" class=\"yoast-schema-graph\">{\"@context\":\"https:\/\/schema.org\",\"@graph\":[{\"@type\":\"WebPage\",\"@id\":\"https:\/\/w-l-c.be\/fr\/99263\/\",\"url\":\"https:\/\/w-l-c.be\/fr\/99263\/\",\"name\":\"Stage avec la r\u00e9alisatrice et chor\u00e9graphe Edith Depaule - w-l-c\",\"isPartOf\":{\"@id\":\"https:\/\/w-l-c.be\/fr\/#website\"},\"datePublished\":\"2017-05-08T09:30:49+00:00\",\"dateModified\":\"2017-05-08T09:53:05+00:00\",\"author\":{\"@id\":\"https:\/\/w-l-c.be\/fr\/#\/schema\/person\/8084b68c6b176142d073695c654dc7cf\"},\"breadcrumb\":{\"@id\":\"https:\/\/w-l-c.be\/fr\/99263\/#breadcrumb\"},\"inLanguage\":\"fr-FR\",\"potentialAction\":[{\"@type\":\"ReadAction\",\"target\":[\"https:\/\/w-l-c.be\/fr\/99263\/\"]}]},{\"@type\":\"BreadcrumbList\",\"@id\":\"https:\/\/w-l-c.be\/fr\/99263\/#breadcrumb\",\"itemListElement\":[{\"@type\":\"ListItem\",\"position\":1,\"name\":\"Accueil\",\"item\":\"https:\/\/w-l-c.be\/fr\/\"},{\"@type\":\"ListItem\",\"position\":2,\"name\":\"Stage avec la r\u00e9alisatrice et chor\u00e9graphe Edith Depaule\"}]},{\"@type\":\"WebSite\",\"@id\":\"https:\/\/w-l-c.be\/fr\/#website\",\"url\":\"https:\/\/w-l-c.be\/fr\/\",\"name\":\"w-l-c\",\"description\":\"Le cin\u00e9ma vu par les belges\",\"potentialAction\":[{\"@type\":\"SearchAction\",\"target\":{\"@type\":\"EntryPoint\",\"urlTemplate\":\"https:\/\/w-l-c.be\/fr\/?s={search_term_string}\"},\"query-input\":\"required name=search_term_string\"}],\"inLanguage\":\"fr-FR\"},{\"@type\":\"Person\",\"@id\":\"https:\/\/w-l-c.be\/fr\/#\/schema\/person\/8084b68c6b176142d073695c654dc7cf\",\"name\":\"Aurore Engelen\",\"url\":\"https:\/\/w-l-c.be\/fr\/author\/aurore-engelen\/\"}]}<\/script>\n<!-- \/ Yoast SEO plugin. -->","yoast_head_json":{"title":"Stage avec la r\u00e9alisatrice et chor\u00e9graphe Edith Depaule - w-l-c","robots":{"index":"noindex","follow":"follow","max-snippet":"max-snippet:-1","max-image-preview":"max-image-preview:large","max-video-preview":"max-video-preview:-1"},"og_locale":"fr_FR","og_type":"article","og_title":"Stage avec la r\u00e9alisatrice et chor\u00e9graphe Edith Depaule - w-l-c","og_description":"L&rsquo;ASBL trou de ver organise un stage destin\u00e9 aux professionnels de la sc\u00e8ne et du cin\u00e9ma (com\u00e9diens, r\u00e9alisateurs et sc\u00e9naristes) avec la r\u00e9alisatrice et chor\u00e9graphe Edith Depaule (The Dancing) qui aura lieu \u00e0 Bruxelles du lundi 5 juin au vendredi 9 juin 2017. &nbsp;","og_url":"https:\/\/w-l-c.be\/fr\/99263\/","og_site_name":"w-l-c","article_published_time":"2017-05-08T09:30:49+00:00","article_modified_time":"2017-05-08T09:53:05+00:00","og_image":[{"width":750,"height":400,"url":"https:\/\/w-l-c.be\/wp-content\/uploads\/2017\/05\/EdithDepaule.jpg","type":"image\/jpeg"}],"author":"Aurore Engelen","twitter_card":"summary_large_image","twitter_misc":{"\u00c9crit par":"Aurore Engelen","Dur\u00e9e de lecture estim\u00e9e":"2 minutes"},"schema":{"@context":"https:\/\/schema.org","@graph":[{"@type":"WebPage","@id":"https:\/\/w-l-c.be\/fr\/99263\/","url":"https:\/\/w-l-c.be\/fr\/99263\/","name":"Stage avec la r\u00e9alisatrice et chor\u00e9graphe Edith Depaule - w-l-c","isPartOf":{"@id":"https:\/\/w-l-c.be\/fr\/#website"},"datePublished":"2017-05-08T09:30:49+00:00","dateModified":"2017-05-08T09:53:05+00:00","author":{"@id":"https:\/\/w-l-c.be\/fr\/#\/schema\/person\/8084b68c6b176142d073695c654dc7cf"},"breadcrumb":{"@id":"https:\/\/w-l-c.be\/fr\/99263\/#breadcrumb"},"inLanguage":"fr-FR","potentialAction":[{"@type":"ReadAction","target":["https:\/\/w-l-c.be\/fr\/99263\/"]}]},{"@type":"BreadcrumbList","@id":"https:\/\/w-l-c.be\/fr\/99263\/#breadcrumb","itemListElement":[{"@type":"ListItem","position":1,"name":"Accueil","item":"https:\/\/w-l-c.be\/fr\/"},{"@type":"ListItem","position":2,"name":"Stage avec la r\u00e9alisatrice et chor\u00e9graphe Edith Depaule"}]},{"@type":"WebSite","@id":"https:\/\/w-l-c.be\/fr\/#website","url":"https:\/\/w-l-c.be\/fr\/","name":"w-l-c","description":"Le cin\u00e9ma vu par les belges","potentialAction":[{"@type":"SearchAction","target":{"@type":"EntryPoint","urlTemplate":"https:\/\/w-l-c.be\/fr\/?s={search_term_string}"},"query-input":"required name=search_term_string"}],"inLanguage":"fr-FR"},{"@type":"Person","@id":"https:\/\/w-l-c.be\/fr\/#\/schema\/person\/8084b68c6b176142d073695c654dc7cf","name":"Aurore Engelen","url":"https:\/\/w-l-c.be\/fr\/author\/aurore-engelen\/"}]}},"_links":{"self":[{"href":"https:\/\/w-l-c.be\/fr\/wp-json\/wp\/v2\/posts\/199263","targetHints":{"allow":["GET"]}}],"collection":[{"href":"https:\/\/w-l-c.be\/fr\/wp-json\/wp\/v2\/posts"}],"about":[{"href":"https:\/\/w-l-c.be\/fr\/wp-json\/wp\/v2\/types\/post"}],"author":[{"embeddable":true,"href":"https:\/\/w-l-c.be\/fr\/wp-json\/wp\/v2\/users\/343"}],"replies":[{"embeddable":true,"href":"https:\/\/w-l-c.be\/fr\/wp-json\/wp\/v2\/comments?post=199263"}],"version-history":[{"count":0,"href":"https:\/\/w-l-c.be\/fr\/wp-json\/wp\/v2\/posts\/199263\/revisions"}],"wp:featuredmedia":[{"embeddable":true,"href":"https:\/\/w-l-c.be\/fr\/wp-json\/wp\/v2\/media\/199267"}],"wp:attachment":[{"href":"https:\/\/w-l-c.be\/fr\/wp-json\/wp\/v2\/media?parent=199263"}],"wp:term":[{"taxonomy":"category","embeddable":true,"href":"https:\/\/w-l-c.be\/fr\/wp-json\/wp\/v2\/categories?post=199263"},{"taxonomy":"post_tag","embeddable":true,"href":"https:\/\/w-l-c.be\/fr\/wp-json\/wp\/v2\/tags?post=199263"}],"curies":[{"name":"wp","href":"https:\/\/api.w.org\/{rel}","templated":true}]}}