
{"id":199274,"date":"2017-05-08T12:18:12","date_gmt":"2017-05-08T10:18:12","guid":{"rendered":"http:\/\/www.cinevox.be\/?p=99274"},"modified":"2018-05-30T10:50:52","modified_gmt":"2018-05-30T08:50:52","slug":"photo-de-tournage-troisiemes-noces","status":"publish","type":"post","link":"https:\/\/w-l-c.be\/fr\/photo-de-tournage-troisiemes-noces\/","title":{"rendered":"Photo de tournage: \u00ab\u00a0Troisi\u00e8mes Noces\u00a0\u00bb"},"content":{"rendered":"<p>Chouette exclu: la premi\u00e8re&nbsp;photo de tournage officielle de <em>Troisi\u00e8mes Noces<\/em>&nbsp;de David Lambert, avec Bouli Lanners et Rachel Mwanza. Le film suit le parcours de Martin, un homosexuel veuf et fantasque d\u2019une cinquantaine d\u2019ann\u00e9es, qui se voit proposer de contracter un mariage blanc avec une Congolaise de vingt ans, Tamara. Ces deux \u00eatres que tout s\u00e9pare vont devoir faire croire \u00e0 leur amour aupr\u00e8s des autorit\u00e9s migratoires et \u00e0 force de faire semblant, vont finir par s\u2019aimer\u2026 \u00e0 leur&nbsp;mani\u00e8re !\u200b<\/p>\n<p><!--more--><\/p>\n<p>&nbsp;<\/p>\n<p>Dans le r\u00f4le de Martin, on retrouve donc&nbsp;Bouli Lanners, que l&rsquo;on attend bient\u00f4t dans <em>Tueurs<\/em>, le premier film de Fran\u00e7ois Troukens et Jean-Fran\u00e7ois Hensgens, mais aussi dans <em>Chien<\/em>, adaptation par Samuel Benchetrit de son propre roman, et dans lequel Bouli Lanners composera un intrigant trio avec Vincent Macaigne et Vanessa Paradis. On l&rsquo;apercevra \u00e9galement en ce mois de mai dans <em>Petit Paysan<\/em> d&rsquo;Hubert Charuel, s\u00e9lectionn\u00e9 \u00e0 la Semaine de la Critique, aux c\u00f4t\u00e9s de Swann Arlaud et Sara Giraudeau. Face \u00e0 lui, on d\u00e9couvrira la jeune Rachel Mwanza, d\u00e9couverte dans <em>Rebelle<\/em> de Kim Nguyen, o\u00f9 elle jouait une enfant-soldat, et qui lui valut un Prix d\u2019interpr\u00e9tation \u00e0 Berlin, mais aussi le Prix des Ecrans Canadiens de la Meilleure actrice.<\/p>\n<p>&nbsp;<\/p>\n<p>On retrouve&nbsp;\u00e0 l&rsquo;affiche un beau casting , dont&nbsp;la com\u00e9dienne Virginie Hocq, plus habitu\u00e9e des planches ou du petit \u00e9cran, mais aussi les com\u00e9diens Jean-Luc Couchard, Jean-Beno\u00eet Ugeux ou Benjamin Ramon.<\/p>\n<p>&nbsp;<\/p>\n<p>Le film est produit par Frakas Production, on a h\u00e2te maintenant d&rsquo;en d\u00e9couvrir les premi\u00e8res images!<\/p>\n<p>&nbsp;<\/p>\n","protected":false},"excerpt":{"rendered":"<p>Chouette exclu: la premi\u00e8re&nbsp;photo de tournage officielle de Troisi\u00e8mes Noces&nbsp;de David Lambert, avec Bouli Lanners et Rachel Mwanza. Le film suit le parcours de Martin, un homosexuel veuf et fantasque d\u2019une cinquantaine d\u2019ann\u00e9es, qui se voit proposer de contracter un mariage blanc avec une Congolaise de vingt ans, Tamara. Ces deux \u00eatres que tout s\u00e9pare &hellip;<\/p>\n","protected":false},"author":343,"featured_media":199276,"comment_status":"closed","ping_status":"closed","sticky":false,"template":"","format":"standard","meta":{"ngg_post_thumbnail":0,"footnotes":""},"categories":[53,1923,7],"tags":[1905,425],"class_list":["post-199274","post","type-post","status-publish","format-standard","has-post-thumbnail","","category-coming-soon","category-en-bref","category-actualites","tag-angle-mort","tag-bouli-lanners"],"yoast_head":"<!-- This site is optimized with the Yoast SEO plugin v20.4 - https:\/\/yoast.com\/wordpress\/plugins\/seo\/ -->\n<title>Photo de tournage: &quot;Troisi\u00e8mes Noces&quot; - w-l-c<\/title>\n<meta name=\"robots\" content=\"noindex, follow, max-snippet:-1, max-image-preview:large, max-video-preview:-1\" \/>\n<meta property=\"og:locale\" content=\"fr_FR\" \/>\n<meta property=\"og:type\" content=\"article\" \/>\n<meta property=\"og:title\" content=\"Photo de tournage: &quot;Troisi\u00e8mes Noces&quot; - w-l-c\" \/>\n<meta property=\"og:description\" content=\"Chouette exclu: la premi\u00e8re&nbsp;photo de tournage officielle de Troisi\u00e8mes Noces&nbsp;de David Lambert, avec Bouli Lanners et Rachel Mwanza. Le film suit le parcours de Martin, un homosexuel veuf et fantasque d\u2019une cinquantaine d\u2019ann\u00e9es, qui se voit proposer de contracter un mariage blanc avec une Congolaise de vingt ans, Tamara. Ces deux \u00eatres que tout s\u00e9pare &hellip;\" \/>\n<meta property=\"og:url\" content=\"https:\/\/w-l-c.be\/fr\/photo-de-tournage-troisiemes-noces\/\" \/>\n<meta property=\"og:site_name\" content=\"w-l-c\" \/>\n<meta property=\"article:published_time\" content=\"2017-05-08T10:18:12+00:00\" \/>\n<meta property=\"article:modified_time\" content=\"2018-05-30T08:50:52+00:00\" \/>\n<meta property=\"og:image\" content=\"https:\/\/w-l-c.be\/wp-content\/uploads\/2017\/05\/Troisie\u0300meNoces.jpg\" \/>\n\t<meta property=\"og:image:width\" content=\"1280\" \/>\n\t<meta property=\"og:image:height\" content=\"692\" \/>\n\t<meta property=\"og:image:type\" content=\"image\/jpeg\" \/>\n<meta name=\"author\" content=\"Aurore Engelen\" \/>\n<meta name=\"twitter:card\" content=\"summary_large_image\" \/>\n<meta name=\"twitter:label1\" content=\"\u00c9crit par\" \/>\n\t<meta name=\"twitter:data1\" content=\"Aurore Engelen\" \/>\n\t<meta name=\"twitter:label2\" content=\"Dur\u00e9e de lecture estim\u00e9e\" \/>\n\t<meta name=\"twitter:data2\" content=\"1 minute\" \/>\n<script type=\"application\/ld+json\" class=\"yoast-schema-graph\">{\"@context\":\"https:\/\/schema.org\",\"@graph\":[{\"@type\":\"WebPage\",\"@id\":\"https:\/\/w-l-c.be\/fr\/photo-de-tournage-troisiemes-noces\/\",\"url\":\"https:\/\/w-l-c.be\/fr\/photo-de-tournage-troisiemes-noces\/\",\"name\":\"Photo de tournage: \\\"Troisi\u00e8mes Noces\\\" - w-l-c\",\"isPartOf\":{\"@id\":\"https:\/\/w-l-c.be\/fr\/#website\"},\"datePublished\":\"2017-05-08T10:18:12+00:00\",\"dateModified\":\"2018-05-30T08:50:52+00:00\",\"author\":{\"@id\":\"https:\/\/w-l-c.be\/fr\/#\/schema\/person\/8084b68c6b176142d073695c654dc7cf\"},\"breadcrumb\":{\"@id\":\"https:\/\/w-l-c.be\/fr\/photo-de-tournage-troisiemes-noces\/#breadcrumb\"},\"inLanguage\":\"fr-FR\",\"potentialAction\":[{\"@type\":\"ReadAction\",\"target\":[\"https:\/\/w-l-c.be\/fr\/photo-de-tournage-troisiemes-noces\/\"]}]},{\"@type\":\"BreadcrumbList\",\"@id\":\"https:\/\/w-l-c.be\/fr\/photo-de-tournage-troisiemes-noces\/#breadcrumb\",\"itemListElement\":[{\"@type\":\"ListItem\",\"position\":1,\"name\":\"Accueil\",\"item\":\"https:\/\/w-l-c.be\/fr\/\"},{\"@type\":\"ListItem\",\"position\":2,\"name\":\"Photo de tournage: \u00ab\u00a0Troisi\u00e8mes Noces\u00a0\u00bb\"}]},{\"@type\":\"WebSite\",\"@id\":\"https:\/\/w-l-c.be\/fr\/#website\",\"url\":\"https:\/\/w-l-c.be\/fr\/\",\"name\":\"w-l-c\",\"description\":\"Le cin\u00e9ma vu par les belges\",\"potentialAction\":[{\"@type\":\"SearchAction\",\"target\":{\"@type\":\"EntryPoint\",\"urlTemplate\":\"https:\/\/w-l-c.be\/fr\/?s={search_term_string}\"},\"query-input\":\"required name=search_term_string\"}],\"inLanguage\":\"fr-FR\"},{\"@type\":\"Person\",\"@id\":\"https:\/\/w-l-c.be\/fr\/#\/schema\/person\/8084b68c6b176142d073695c654dc7cf\",\"name\":\"Aurore Engelen\",\"url\":\"https:\/\/w-l-c.be\/fr\/author\/aurore-engelen\/\"}]}<\/script>\n<!-- \/ Yoast SEO plugin. -->","yoast_head_json":{"title":"Photo de tournage: \"Troisi\u00e8mes Noces\" - w-l-c","robots":{"index":"noindex","follow":"follow","max-snippet":"max-snippet:-1","max-image-preview":"max-image-preview:large","max-video-preview":"max-video-preview:-1"},"og_locale":"fr_FR","og_type":"article","og_title":"Photo de tournage: \"Troisi\u00e8mes Noces\" - w-l-c","og_description":"Chouette exclu: la premi\u00e8re&nbsp;photo de tournage officielle de Troisi\u00e8mes Noces&nbsp;de David Lambert, avec Bouli Lanners et Rachel Mwanza. Le film suit le parcours de Martin, un homosexuel veuf et fantasque d\u2019une cinquantaine d\u2019ann\u00e9es, qui se voit proposer de contracter un mariage blanc avec une Congolaise de vingt ans, Tamara. Ces deux \u00eatres que tout s\u00e9pare &hellip;","og_url":"https:\/\/w-l-c.be\/fr\/photo-de-tournage-troisiemes-noces\/","og_site_name":"w-l-c","article_published_time":"2017-05-08T10:18:12+00:00","article_modified_time":"2018-05-30T08:50:52+00:00","og_image":[{"width":1280,"height":692,"url":"https:\/\/w-l-c.be\/wp-content\/uploads\/2017\/05\/Troisie\u0300meNoces.jpg","type":"image\/jpeg"}],"author":"Aurore Engelen","twitter_card":"summary_large_image","twitter_misc":{"\u00c9crit par":"Aurore Engelen","Dur\u00e9e de lecture estim\u00e9e":"1 minute"},"schema":{"@context":"https:\/\/schema.org","@graph":[{"@type":"WebPage","@id":"https:\/\/w-l-c.be\/fr\/photo-de-tournage-troisiemes-noces\/","url":"https:\/\/w-l-c.be\/fr\/photo-de-tournage-troisiemes-noces\/","name":"Photo de tournage: \"Troisi\u00e8mes Noces\" - w-l-c","isPartOf":{"@id":"https:\/\/w-l-c.be\/fr\/#website"},"datePublished":"2017-05-08T10:18:12+00:00","dateModified":"2018-05-30T08:50:52+00:00","author":{"@id":"https:\/\/w-l-c.be\/fr\/#\/schema\/person\/8084b68c6b176142d073695c654dc7cf"},"breadcrumb":{"@id":"https:\/\/w-l-c.be\/fr\/photo-de-tournage-troisiemes-noces\/#breadcrumb"},"inLanguage":"fr-FR","potentialAction":[{"@type":"ReadAction","target":["https:\/\/w-l-c.be\/fr\/photo-de-tournage-troisiemes-noces\/"]}]},{"@type":"BreadcrumbList","@id":"https:\/\/w-l-c.be\/fr\/photo-de-tournage-troisiemes-noces\/#breadcrumb","itemListElement":[{"@type":"ListItem","position":1,"name":"Accueil","item":"https:\/\/w-l-c.be\/fr\/"},{"@type":"ListItem","position":2,"name":"Photo de tournage: \u00ab\u00a0Troisi\u00e8mes Noces\u00a0\u00bb"}]},{"@type":"WebSite","@id":"https:\/\/w-l-c.be\/fr\/#website","url":"https:\/\/w-l-c.be\/fr\/","name":"w-l-c","description":"Le cin\u00e9ma vu par les belges","potentialAction":[{"@type":"SearchAction","target":{"@type":"EntryPoint","urlTemplate":"https:\/\/w-l-c.be\/fr\/?s={search_term_string}"},"query-input":"required name=search_term_string"}],"inLanguage":"fr-FR"},{"@type":"Person","@id":"https:\/\/w-l-c.be\/fr\/#\/schema\/person\/8084b68c6b176142d073695c654dc7cf","name":"Aurore Engelen","url":"https:\/\/w-l-c.be\/fr\/author\/aurore-engelen\/"}]}},"_links":{"self":[{"href":"https:\/\/w-l-c.be\/fr\/wp-json\/wp\/v2\/posts\/199274","targetHints":{"allow":["GET"]}}],"collection":[{"href":"https:\/\/w-l-c.be\/fr\/wp-json\/wp\/v2\/posts"}],"about":[{"href":"https:\/\/w-l-c.be\/fr\/wp-json\/wp\/v2\/types\/post"}],"author":[{"embeddable":true,"href":"https:\/\/w-l-c.be\/fr\/wp-json\/wp\/v2\/users\/343"}],"replies":[{"embeddable":true,"href":"https:\/\/w-l-c.be\/fr\/wp-json\/wp\/v2\/comments?post=199274"}],"version-history":[{"count":0,"href":"https:\/\/w-l-c.be\/fr\/wp-json\/wp\/v2\/posts\/199274\/revisions"}],"wp:featuredmedia":[{"embeddable":true,"href":"https:\/\/w-l-c.be\/fr\/wp-json\/wp\/v2\/media\/199276"}],"wp:attachment":[{"href":"https:\/\/w-l-c.be\/fr\/wp-json\/wp\/v2\/media?parent=199274"}],"wp:term":[{"taxonomy":"category","embeddable":true,"href":"https:\/\/w-l-c.be\/fr\/wp-json\/wp\/v2\/categories?post=199274"},{"taxonomy":"post_tag","embeddable":true,"href":"https:\/\/w-l-c.be\/fr\/wp-json\/wp\/v2\/tags?post=199274"}],"curies":[{"name":"wp","href":"https:\/\/api.w.org\/{rel}","templated":true}]}}