
{"id":199521,"date":"2017-05-11T12:37:29","date_gmt":"2017-05-11T10:37:29","guid":{"rendered":"http:\/\/new.cinevox.be\/?p=199521\/"},"modified":"2017-05-20T13:06:49","modified_gmt":"2017-05-20T11:06:49","slug":"figuration-spot-promo-fiff","status":"publish","type":"post","link":"https:\/\/w-l-c.be\/fr\/figuration-spot-promo-fiff\/","title":{"rendered":"Figuration pour le spot promo du FIFF"},"content":{"rendered":"<p>Dans le cadre du tournage du clip promotionnel du Festival du Film Francophone de Namur 2017&nbsp;r\u00e9alis\u00e9 par Arnaud Dufeys (r\u00e9alisateur de Vertiges et Atomes), la production&nbsp;recherche de figurants femmes et hommes de tout \u00e2ge (de 18 \u00e0 77 ans) pour un tournage qui d\u00e9butera \u00e0 Bruxelles dans la soir\u00e9e du 4 juin et se terminera dans la nuit du 5 juin, jour f\u00e9ri\u00e9.<\/p>\n<p>En plus d\u2019une visibilit\u00e9 en t\u00e9l\u00e9vision&nbsp;et sur Internet, le spot tourn\u00e9 sera projet\u00e9 avant chaque s\u00e9ance du festival qui se d\u00e9roulera du 29 septembre au 7 octobre 2017.<\/p>\n<p>Si vous \u00eates int\u00e9ress\u00e9 par la figuration au cin\u00e9ma et que vous d\u00e9sirez passer un moment avec l&rsquo;\u00e9quipe de tournage, n\u2019h\u00e9sitez pas \u00e0 envoyer une photo de vous \u00e0 l\u2019adresse <a href=\"mailto:figu.auborddeleau@gmail.com\">figu.auborddeleau@gmail.com<\/a> <u>avant le 20 mai<\/u>.<\/p>\n","protected":false},"excerpt":{"rendered":"<p>Dans le cadre du tournage du clip promotionnel du Festival du Film Francophone de Namur 2017&nbsp;r\u00e9alis\u00e9 par Arnaud Dufeys (r\u00e9alisateur de Vertiges et Atomes), la production&nbsp;recherche de figurants femmes et hommes de tout \u00e2ge (de 18 \u00e0 77 ans) pour un tournage qui d\u00e9butera \u00e0 Bruxelles dans la soir\u00e9e du 4 juin et se terminera &hellip;<\/p>\n","protected":false},"author":339,"featured_media":199622,"comment_status":"closed","ping_status":"closed","sticky":false,"template":"","format":"standard","meta":{"ngg_post_thumbnail":0,"footnotes":""},"categories":[20],"tags":[],"class_list":["post-199521","post","type-post","status-publish","format-standard","has-post-thumbnail","","category-cinejobs"],"yoast_head":"<!-- This site is optimized with the Yoast SEO plugin v20.4 - https:\/\/yoast.com\/wordpress\/plugins\/seo\/ -->\n<title>Figuration pour le spot promo du FIFF - w-l-c<\/title>\n<meta name=\"robots\" content=\"noindex, follow, max-snippet:-1, max-image-preview:large, max-video-preview:-1\" \/>\n<meta property=\"og:locale\" content=\"fr_FR\" \/>\n<meta property=\"og:type\" content=\"article\" \/>\n<meta property=\"og:title\" content=\"Figuration pour le spot promo du FIFF - w-l-c\" \/>\n<meta property=\"og:description\" content=\"Dans le cadre du tournage du clip promotionnel du Festival du Film Francophone de Namur 2017&nbsp;r\u00e9alis\u00e9 par Arnaud Dufeys (r\u00e9alisateur de Vertiges et Atomes), la production&nbsp;recherche de figurants femmes et hommes de tout \u00e2ge (de 18 \u00e0 77 ans) pour un tournage qui d\u00e9butera \u00e0 Bruxelles dans la soir\u00e9e du 4 juin et se terminera &hellip;\" \/>\n<meta property=\"og:url\" content=\"https:\/\/w-l-c.be\/fr\/figuration-spot-promo-fiff\/\" \/>\n<meta property=\"og:site_name\" content=\"w-l-c\" \/>\n<meta property=\"article:published_time\" content=\"2017-05-11T10:37:29+00:00\" \/>\n<meta property=\"article:modified_time\" content=\"2017-05-20T11:06:49+00:00\" \/>\n<meta property=\"og:image\" content=\"https:\/\/w-l-c.be\/wp-content\/uploads\/2017\/05\/efb971076fe560b318f53a078e104962-1.jpg\" \/>\n\t<meta property=\"og:image:width\" content=\"1248\" \/>\n\t<meta property=\"og:image:height\" content=\"702\" \/>\n\t<meta property=\"og:image:type\" content=\"image\/jpeg\" \/>\n<meta name=\"author\" content=\"Laurent\" \/>\n<meta name=\"twitter:card\" content=\"summary_large_image\" \/>\n<meta name=\"twitter:label1\" content=\"\u00c9crit par\" \/>\n\t<meta name=\"twitter:data1\" content=\"Laurent\" \/>\n\t<meta name=\"twitter:label2\" content=\"Dur\u00e9e de lecture estim\u00e9e\" \/>\n\t<meta name=\"twitter:data2\" content=\"1 minute\" \/>\n<script type=\"application\/ld+json\" class=\"yoast-schema-graph\">{\"@context\":\"https:\/\/schema.org\",\"@graph\":[{\"@type\":\"WebPage\",\"@id\":\"https:\/\/w-l-c.be\/fr\/figuration-spot-promo-fiff\/\",\"url\":\"https:\/\/w-l-c.be\/fr\/figuration-spot-promo-fiff\/\",\"name\":\"Figuration pour le spot promo du FIFF - w-l-c\",\"isPartOf\":{\"@id\":\"https:\/\/w-l-c.be\/fr\/#website\"},\"datePublished\":\"2017-05-11T10:37:29+00:00\",\"dateModified\":\"2017-05-20T11:06:49+00:00\",\"author\":{\"@id\":\"https:\/\/w-l-c.be\/fr\/#\/schema\/person\/4722f79d5e4255f537dc2d0f44988650\"},\"breadcrumb\":{\"@id\":\"https:\/\/w-l-c.be\/fr\/figuration-spot-promo-fiff\/#breadcrumb\"},\"inLanguage\":\"fr-FR\",\"potentialAction\":[{\"@type\":\"ReadAction\",\"target\":[\"https:\/\/w-l-c.be\/fr\/figuration-spot-promo-fiff\/\"]}]},{\"@type\":\"BreadcrumbList\",\"@id\":\"https:\/\/w-l-c.be\/fr\/figuration-spot-promo-fiff\/#breadcrumb\",\"itemListElement\":[{\"@type\":\"ListItem\",\"position\":1,\"name\":\"Accueil\",\"item\":\"https:\/\/w-l-c.be\/fr\/\"},{\"@type\":\"ListItem\",\"position\":2,\"name\":\"Figuration pour le spot promo du FIFF\"}]},{\"@type\":\"WebSite\",\"@id\":\"https:\/\/w-l-c.be\/fr\/#website\",\"url\":\"https:\/\/w-l-c.be\/fr\/\",\"name\":\"w-l-c\",\"description\":\"Le cin\u00e9ma vu par les belges\",\"potentialAction\":[{\"@type\":\"SearchAction\",\"target\":{\"@type\":\"EntryPoint\",\"urlTemplate\":\"https:\/\/w-l-c.be\/fr\/?s={search_term_string}\"},\"query-input\":\"required name=search_term_string\"}],\"inLanguage\":\"fr-FR\"},{\"@type\":\"Person\",\"@id\":\"https:\/\/w-l-c.be\/fr\/#\/schema\/person\/4722f79d5e4255f537dc2d0f44988650\",\"name\":\"Laurent\",\"url\":\"https:\/\/w-l-c.be\/fr\/author\/laurent\/\"}]}<\/script>\n<!-- \/ Yoast SEO plugin. -->","yoast_head_json":{"title":"Figuration pour le spot promo du FIFF - w-l-c","robots":{"index":"noindex","follow":"follow","max-snippet":"max-snippet:-1","max-image-preview":"max-image-preview:large","max-video-preview":"max-video-preview:-1"},"og_locale":"fr_FR","og_type":"article","og_title":"Figuration pour le spot promo du FIFF - w-l-c","og_description":"Dans le cadre du tournage du clip promotionnel du Festival du Film Francophone de Namur 2017&nbsp;r\u00e9alis\u00e9 par Arnaud Dufeys (r\u00e9alisateur de Vertiges et Atomes), la production&nbsp;recherche de figurants femmes et hommes de tout \u00e2ge (de 18 \u00e0 77 ans) pour un tournage qui d\u00e9butera \u00e0 Bruxelles dans la soir\u00e9e du 4 juin et se terminera &hellip;","og_url":"https:\/\/w-l-c.be\/fr\/figuration-spot-promo-fiff\/","og_site_name":"w-l-c","article_published_time":"2017-05-11T10:37:29+00:00","article_modified_time":"2017-05-20T11:06:49+00:00","og_image":[{"width":1248,"height":702,"url":"https:\/\/w-l-c.be\/wp-content\/uploads\/2017\/05\/efb971076fe560b318f53a078e104962-1.jpg","type":"image\/jpeg"}],"author":"Laurent","twitter_card":"summary_large_image","twitter_misc":{"\u00c9crit par":"Laurent","Dur\u00e9e de lecture estim\u00e9e":"1 minute"},"schema":{"@context":"https:\/\/schema.org","@graph":[{"@type":"WebPage","@id":"https:\/\/w-l-c.be\/fr\/figuration-spot-promo-fiff\/","url":"https:\/\/w-l-c.be\/fr\/figuration-spot-promo-fiff\/","name":"Figuration pour le spot promo du FIFF - w-l-c","isPartOf":{"@id":"https:\/\/w-l-c.be\/fr\/#website"},"datePublished":"2017-05-11T10:37:29+00:00","dateModified":"2017-05-20T11:06:49+00:00","author":{"@id":"https:\/\/w-l-c.be\/fr\/#\/schema\/person\/4722f79d5e4255f537dc2d0f44988650"},"breadcrumb":{"@id":"https:\/\/w-l-c.be\/fr\/figuration-spot-promo-fiff\/#breadcrumb"},"inLanguage":"fr-FR","potentialAction":[{"@type":"ReadAction","target":["https:\/\/w-l-c.be\/fr\/figuration-spot-promo-fiff\/"]}]},{"@type":"BreadcrumbList","@id":"https:\/\/w-l-c.be\/fr\/figuration-spot-promo-fiff\/#breadcrumb","itemListElement":[{"@type":"ListItem","position":1,"name":"Accueil","item":"https:\/\/w-l-c.be\/fr\/"},{"@type":"ListItem","position":2,"name":"Figuration pour le spot promo du FIFF"}]},{"@type":"WebSite","@id":"https:\/\/w-l-c.be\/fr\/#website","url":"https:\/\/w-l-c.be\/fr\/","name":"w-l-c","description":"Le cin\u00e9ma vu par les belges","potentialAction":[{"@type":"SearchAction","target":{"@type":"EntryPoint","urlTemplate":"https:\/\/w-l-c.be\/fr\/?s={search_term_string}"},"query-input":"required name=search_term_string"}],"inLanguage":"fr-FR"},{"@type":"Person","@id":"https:\/\/w-l-c.be\/fr\/#\/schema\/person\/4722f79d5e4255f537dc2d0f44988650","name":"Laurent","url":"https:\/\/w-l-c.be\/fr\/author\/laurent\/"}]}},"_links":{"self":[{"href":"https:\/\/w-l-c.be\/fr\/wp-json\/wp\/v2\/posts\/199521","targetHints":{"allow":["GET"]}}],"collection":[{"href":"https:\/\/w-l-c.be\/fr\/wp-json\/wp\/v2\/posts"}],"about":[{"href":"https:\/\/w-l-c.be\/fr\/wp-json\/wp\/v2\/types\/post"}],"author":[{"embeddable":true,"href":"https:\/\/w-l-c.be\/fr\/wp-json\/wp\/v2\/users\/339"}],"replies":[{"embeddable":true,"href":"https:\/\/w-l-c.be\/fr\/wp-json\/wp\/v2\/comments?post=199521"}],"version-history":[{"count":0,"href":"https:\/\/w-l-c.be\/fr\/wp-json\/wp\/v2\/posts\/199521\/revisions"}],"wp:featuredmedia":[{"embeddable":true,"href":"https:\/\/w-l-c.be\/fr\/wp-json\/wp\/v2\/media\/199622"}],"wp:attachment":[{"href":"https:\/\/w-l-c.be\/fr\/wp-json\/wp\/v2\/media?parent=199521"}],"wp:term":[{"taxonomy":"category","embeddable":true,"href":"https:\/\/w-l-c.be\/fr\/wp-json\/wp\/v2\/categories?post=199521"},{"taxonomy":"post_tag","embeddable":true,"href":"https:\/\/w-l-c.be\/fr\/wp-json\/wp\/v2\/tags?post=199521"}],"curies":[{"name":"wp","href":"https:\/\/api.w.org\/{rel}","templated":true}]}}