
{"id":199633,"date":"2017-05-15T13:22:06","date_gmt":"2017-05-15T11:22:06","guid":{"rendered":"http:\/\/new.cinevox.be\/?p=199633\/"},"modified":"2017-05-20T13:23:40","modified_gmt":"2017-05-20T11:23:40","slug":"joachim-lafosse-de-retour-certain-regard","status":"publish","type":"post","link":"https:\/\/w-l-c.be\/fr\/joachim-lafosse-de-retour-certain-regard\/","title":{"rendered":"Joachim Lafosse de retour au Certain Regard!"},"content":{"rendered":"<p>Apr\u00e8s avoir pris part \u00e0 la comp\u00e9tition en 2012 avec <em>A perdre la raison<\/em> qui valut \u00e0 Emilie Dequenne un Prix d&rsquo;interpr\u00e9tation f\u00e9minine, le cin\u00e9aste belge <strong>Joachim Lafosse est cette ann\u00e9e de retour au&nbsp;Certain Regard cette fois en tant que membre du Jury<\/strong>, pr\u00e9sid\u00e9 par l&rsquo;actrice am\u00e9ricaine Uma Thurman.<\/p>\n<p><!--more--><\/p>\n<p>Valeur forte du cin\u00e9ma contemporain, Joachim Lafosse a vu sa carri\u00e8re monter en puissance de film en film, comme en t\u00e9moigne la reconnaissance nationale et internationale obtenue par son dernier opus,<em> L&rsquo;Economie du Couple<\/em>, comme pr\u00e9c\u00e9demment par <em>A perdre la raison<\/em>, deux films s\u00e9lectionn\u00e9s \u00e0 Cannes (respectivement \u00e0 La Quinzaine des R\u00e9alisateurs, o\u00f9 le cin\u00e9aste avait d\u00e9j\u00e0 pr\u00e9sent\u00e9 <em>El\u00e8ve Libre<\/em>, et \u00e0 Un certain regard). Adepte de sujets forts, sa filmographie est peupl\u00e9e de personnages monstrueux dont il cherche \u00e0 comprendre les motivations, car c&rsquo;est bien connu: la route de l&rsquo;enfer est pav\u00e9e de bonnes intentions. Avec <em>L&rsquo;Economie du Couple<\/em>, c&rsquo;est la situation qui devenait monstrueuse, celle d&rsquo;un couple s\u00e9par\u00e9 forc\u00e9 de cohabiter sous le m\u00eame toit pour des raisons financi\u00e8res. Il travaille actuellement \u00e0 l&rsquo;adaptation d&rsquo;un roman de Laurent Mauvinier, <a href=\"http:\/\/www.cinevox.be\/virginie-efira-dans-la-prochain-film-de-joachim-lafosse\"><em>Continuer<\/em><\/a>, dont l&rsquo;h\u00e9ro\u00efne sera Virginie Efira.<\/p>\n<figure id=\"attachment_99493\" aria-describedby=\"caption-attachment-99493\" style=\"width: 640px\" class=\"wp-caption alignnone\"><img loading=\"lazy\" decoding=\"async\" class=\"size-large wp-image-99493\" src=\"http:\/\/www.cinevox.be\/wp-content\/uploads\/2017\/05\/joachim_lafosse_emilie_dequenne_cannes_2012-800x418.jpg\" alt=\"\" width=\"640\" height=\"334\"><figcaption id=\"caption-attachment-99493\" class=\"wp-caption-text\">Joachim Lafosse, entour\u00e9 de Tahar Rahim et Emilie Dequenne lors de la pr\u00e9sentation de \u00ab\u00a0A perdre la raison\u00a0\u00bb<\/figcaption><\/figure>\n<p>Il retrouvera donc la Croisette o\u00f9 nombre de ses films ont fait sensation, pour prendre part au jury Un certain regard, pr\u00e9sid\u00e9 par Uma Thurman, donc, et aux c\u00f4t\u00e9s du com\u00e9dien fran\u00e7ais &nbsp;Reda Kateb (qu&rsquo;il a d&rsquo;ailleurs dirig\u00e9 dans <em>Les Chevaliers Blancs<\/em>), du cin\u00e9aste \u00e9gyptien Mohamed Diab, et de Karel Och, Directeur artistique du Festival de Karlovy Vary.&nbsp;Le Jury Un Certain Regard d\u00e9cernera ses prix parmi les 18 films qui concourent dans cette s\u00e9lection, lors de la c\u00e9r\u00e9monie de Cl\u00f4ture qui se tiendra samedi 27 mai.<\/p>\n<p>Ce n&rsquo;est \u00e9videmment pas la premi\u00e8re fois qu&rsquo;un belge participe au Jury Un certain regard. A la cr\u00e9ation du Jury en 1998, celui-ci \u00e9tait compos\u00e9 de journalistes, et on y retrouvait&nbsp;Luc Honorez, journaliste au <em>Soir<\/em>. En 2002, c&rsquo;est la journaliste Fabienne Bradfer (Le Soir) &nbsp;qui y prenait part. Joachim Lafosse est n\u00e9anmoins le premier r\u00e9alisateur belge \u00e0 y prendre part. Quant au jury officiel, le dernier Belge en date \u00e9tait Beno\u00eet Poelvoorde en 2004, au sein du Jury pr\u00e9sid\u00e9 par Quentin Tarantino. Avant lui, il faut remonter \u00e0 1980 o\u00f9 l&rsquo;on retrouve Andr\u00e9 Delvaux dans le jury, (auquel il a \u00e9galement particip\u00e9 en 1975), sans oublier bien s\u00fbr le seul pr\u00e9sident du Jury officiel belge \u00e0 ce jour, Georges Simenon en 1960. Andr\u00e9 Delvaux&nbsp;a \u00e9galement pr\u00e9sid\u00e9 le Jury de la Cam\u00e9ra d&rsquo;or en 1992. &nbsp;En 2006, les fr\u00e8res Dardenne pr\u00e9sidaient le Jury de la Cam\u00e9ra d&rsquo;or. Notons qu&rsquo;en 2012, Jean-Pierre Dardenne (seul) pr\u00e9sidait le Jury officiel des courts m\u00e9trages Cin\u00e9fondation (qu&rsquo;il avait d\u00e9j\u00e0 pr\u00e9sid\u00e9 avec son fr\u00e8re en l&rsquo;an 2000!), jury dont la com\u00e9dienne C\u00e9cile de France faisait partie en 2015, et la cin\u00e9aste Chantal Akerman en 2005. Enfin, en 2014, le r\u00e9alisateur et directeur de la photographie Philippe Van Leeuw prenait part au Jury de la Cam\u00e9ra d&rsquo;or, jury auquel le chef op\u00e9rateur Willy Kurant prenait \u00e9galement part en 2008.<\/p>\n","protected":false},"excerpt":{"rendered":"<p>Apr\u00e8s avoir pris part \u00e0 la comp\u00e9tition en 2012 avec A perdre la raison qui valut \u00e0 Emilie Dequenne un Prix d&rsquo;interpr\u00e9tation f\u00e9minine, le cin\u00e9aste belge Joachim Lafosse est cette ann\u00e9e de retour au&nbsp;Certain Regard cette fois en tant que membre du Jury, pr\u00e9sid\u00e9 par l&rsquo;actrice am\u00e9ricaine Uma Thurman.<\/p>\n","protected":false},"author":339,"featured_media":199599,"comment_status":"closed","ping_status":"closed","sticky":false,"template":"","format":"standard","meta":{"ngg_post_thumbnail":0,"footnotes":""},"categories":[12],"tags":[],"class_list":["post-199633","post","type-post","status-publish","format-standard","has-post-thumbnail","","category-awards"],"yoast_head":"<!-- This site is optimized with the Yoast SEO plugin v20.4 - https:\/\/yoast.com\/wordpress\/plugins\/seo\/ -->\n<title>Joachim Lafosse de retour au Certain Regard! - w-l-c<\/title>\n<meta name=\"robots\" content=\"noindex, follow, max-snippet:-1, max-image-preview:large, max-video-preview:-1\" \/>\n<meta property=\"og:locale\" content=\"fr_FR\" \/>\n<meta property=\"og:type\" content=\"article\" \/>\n<meta property=\"og:title\" content=\"Joachim Lafosse de retour au Certain Regard! - w-l-c\" \/>\n<meta property=\"og:description\" content=\"Apr\u00e8s avoir pris part \u00e0 la comp\u00e9tition en 2012 avec A perdre la raison qui valut \u00e0 Emilie Dequenne un Prix d&rsquo;interpr\u00e9tation f\u00e9minine, le cin\u00e9aste belge Joachim Lafosse est cette ann\u00e9e de retour au&nbsp;Certain Regard cette fois en tant que membre du Jury, pr\u00e9sid\u00e9 par l&rsquo;actrice am\u00e9ricaine Uma Thurman.\" \/>\n<meta property=\"og:url\" content=\"https:\/\/w-l-c.be\/fr\/joachim-lafosse-de-retour-certain-regard\/\" \/>\n<meta property=\"og:site_name\" content=\"w-l-c\" \/>\n<meta property=\"article:published_time\" content=\"2017-05-15T11:22:06+00:00\" \/>\n<meta property=\"article:modified_time\" content=\"2017-05-20T11:23:40+00:00\" \/>\n<meta property=\"og:image\" content=\"https:\/\/w-l-c.be\/wp-content\/uploads\/2017\/05\/Joachim-Lafosse.jpg\" \/>\n\t<meta property=\"og:image:width\" content=\"600\" \/>\n\t<meta property=\"og:image:height\" content=\"303\" \/>\n\t<meta property=\"og:image:type\" content=\"image\/jpeg\" \/>\n<meta name=\"author\" content=\"Laurent\" \/>\n<meta name=\"twitter:card\" content=\"summary_large_image\" \/>\n<meta name=\"twitter:label1\" content=\"\u00c9crit par\" \/>\n\t<meta name=\"twitter:data1\" content=\"Laurent\" \/>\n\t<meta name=\"twitter:label2\" content=\"Dur\u00e9e de lecture estim\u00e9e\" \/>\n\t<meta name=\"twitter:data2\" content=\"3 minutes\" \/>\n<script type=\"application\/ld+json\" class=\"yoast-schema-graph\">{\"@context\":\"https:\/\/schema.org\",\"@graph\":[{\"@type\":\"WebPage\",\"@id\":\"https:\/\/w-l-c.be\/fr\/joachim-lafosse-de-retour-certain-regard\/\",\"url\":\"https:\/\/w-l-c.be\/fr\/joachim-lafosse-de-retour-certain-regard\/\",\"name\":\"Joachim Lafosse de retour au Certain Regard! - w-l-c\",\"isPartOf\":{\"@id\":\"https:\/\/w-l-c.be\/fr\/#website\"},\"datePublished\":\"2017-05-15T11:22:06+00:00\",\"dateModified\":\"2017-05-20T11:23:40+00:00\",\"author\":{\"@id\":\"https:\/\/w-l-c.be\/fr\/#\/schema\/person\/4722f79d5e4255f537dc2d0f44988650\"},\"breadcrumb\":{\"@id\":\"https:\/\/w-l-c.be\/fr\/joachim-lafosse-de-retour-certain-regard\/#breadcrumb\"},\"inLanguage\":\"fr-FR\",\"potentialAction\":[{\"@type\":\"ReadAction\",\"target\":[\"https:\/\/w-l-c.be\/fr\/joachim-lafosse-de-retour-certain-regard\/\"]}]},{\"@type\":\"BreadcrumbList\",\"@id\":\"https:\/\/w-l-c.be\/fr\/joachim-lafosse-de-retour-certain-regard\/#breadcrumb\",\"itemListElement\":[{\"@type\":\"ListItem\",\"position\":1,\"name\":\"Accueil\",\"item\":\"https:\/\/w-l-c.be\/fr\/\"},{\"@type\":\"ListItem\",\"position\":2,\"name\":\"Joachim Lafosse de retour au Certain Regard!\"}]},{\"@type\":\"WebSite\",\"@id\":\"https:\/\/w-l-c.be\/fr\/#website\",\"url\":\"https:\/\/w-l-c.be\/fr\/\",\"name\":\"w-l-c\",\"description\":\"Le cin\u00e9ma vu par les belges\",\"potentialAction\":[{\"@type\":\"SearchAction\",\"target\":{\"@type\":\"EntryPoint\",\"urlTemplate\":\"https:\/\/w-l-c.be\/fr\/?s={search_term_string}\"},\"query-input\":\"required name=search_term_string\"}],\"inLanguage\":\"fr-FR\"},{\"@type\":\"Person\",\"@id\":\"https:\/\/w-l-c.be\/fr\/#\/schema\/person\/4722f79d5e4255f537dc2d0f44988650\",\"name\":\"Laurent\",\"url\":\"https:\/\/w-l-c.be\/fr\/author\/laurent\/\"}]}<\/script>\n<!-- \/ Yoast SEO plugin. -->","yoast_head_json":{"title":"Joachim Lafosse de retour au Certain Regard! - w-l-c","robots":{"index":"noindex","follow":"follow","max-snippet":"max-snippet:-1","max-image-preview":"max-image-preview:large","max-video-preview":"max-video-preview:-1"},"og_locale":"fr_FR","og_type":"article","og_title":"Joachim Lafosse de retour au Certain Regard! - w-l-c","og_description":"Apr\u00e8s avoir pris part \u00e0 la comp\u00e9tition en 2012 avec A perdre la raison qui valut \u00e0 Emilie Dequenne un Prix d&rsquo;interpr\u00e9tation f\u00e9minine, le cin\u00e9aste belge Joachim Lafosse est cette ann\u00e9e de retour au&nbsp;Certain Regard cette fois en tant que membre du Jury, pr\u00e9sid\u00e9 par l&rsquo;actrice am\u00e9ricaine Uma Thurman.","og_url":"https:\/\/w-l-c.be\/fr\/joachim-lafosse-de-retour-certain-regard\/","og_site_name":"w-l-c","article_published_time":"2017-05-15T11:22:06+00:00","article_modified_time":"2017-05-20T11:23:40+00:00","og_image":[{"width":600,"height":303,"url":"https:\/\/w-l-c.be\/wp-content\/uploads\/2017\/05\/Joachim-Lafosse.jpg","type":"image\/jpeg"}],"author":"Laurent","twitter_card":"summary_large_image","twitter_misc":{"\u00c9crit par":"Laurent","Dur\u00e9e de lecture estim\u00e9e":"3 minutes"},"schema":{"@context":"https:\/\/schema.org","@graph":[{"@type":"WebPage","@id":"https:\/\/w-l-c.be\/fr\/joachim-lafosse-de-retour-certain-regard\/","url":"https:\/\/w-l-c.be\/fr\/joachim-lafosse-de-retour-certain-regard\/","name":"Joachim Lafosse de retour au Certain Regard! - w-l-c","isPartOf":{"@id":"https:\/\/w-l-c.be\/fr\/#website"},"datePublished":"2017-05-15T11:22:06+00:00","dateModified":"2017-05-20T11:23:40+00:00","author":{"@id":"https:\/\/w-l-c.be\/fr\/#\/schema\/person\/4722f79d5e4255f537dc2d0f44988650"},"breadcrumb":{"@id":"https:\/\/w-l-c.be\/fr\/joachim-lafosse-de-retour-certain-regard\/#breadcrumb"},"inLanguage":"fr-FR","potentialAction":[{"@type":"ReadAction","target":["https:\/\/w-l-c.be\/fr\/joachim-lafosse-de-retour-certain-regard\/"]}]},{"@type":"BreadcrumbList","@id":"https:\/\/w-l-c.be\/fr\/joachim-lafosse-de-retour-certain-regard\/#breadcrumb","itemListElement":[{"@type":"ListItem","position":1,"name":"Accueil","item":"https:\/\/w-l-c.be\/fr\/"},{"@type":"ListItem","position":2,"name":"Joachim Lafosse de retour au Certain Regard!"}]},{"@type":"WebSite","@id":"https:\/\/w-l-c.be\/fr\/#website","url":"https:\/\/w-l-c.be\/fr\/","name":"w-l-c","description":"Le cin\u00e9ma vu par les belges","potentialAction":[{"@type":"SearchAction","target":{"@type":"EntryPoint","urlTemplate":"https:\/\/w-l-c.be\/fr\/?s={search_term_string}"},"query-input":"required name=search_term_string"}],"inLanguage":"fr-FR"},{"@type":"Person","@id":"https:\/\/w-l-c.be\/fr\/#\/schema\/person\/4722f79d5e4255f537dc2d0f44988650","name":"Laurent","url":"https:\/\/w-l-c.be\/fr\/author\/laurent\/"}]}},"_links":{"self":[{"href":"https:\/\/w-l-c.be\/fr\/wp-json\/wp\/v2\/posts\/199633","targetHints":{"allow":["GET"]}}],"collection":[{"href":"https:\/\/w-l-c.be\/fr\/wp-json\/wp\/v2\/posts"}],"about":[{"href":"https:\/\/w-l-c.be\/fr\/wp-json\/wp\/v2\/types\/post"}],"author":[{"embeddable":true,"href":"https:\/\/w-l-c.be\/fr\/wp-json\/wp\/v2\/users\/339"}],"replies":[{"embeddable":true,"href":"https:\/\/w-l-c.be\/fr\/wp-json\/wp\/v2\/comments?post=199633"}],"version-history":[{"count":0,"href":"https:\/\/w-l-c.be\/fr\/wp-json\/wp\/v2\/posts\/199633\/revisions"}],"wp:featuredmedia":[{"embeddable":true,"href":"https:\/\/w-l-c.be\/fr\/wp-json\/wp\/v2\/media\/199599"}],"wp:attachment":[{"href":"https:\/\/w-l-c.be\/fr\/wp-json\/wp\/v2\/media?parent=199633"}],"wp:term":[{"taxonomy":"category","embeddable":true,"href":"https:\/\/w-l-c.be\/fr\/wp-json\/wp\/v2\/categories?post=199633"},{"taxonomy":"post_tag","embeddable":true,"href":"https:\/\/w-l-c.be\/fr\/wp-json\/wp\/v2\/tags?post=199633"}],"curies":[{"name":"wp","href":"https:\/\/api.w.org\/{rel}","templated":true}]}}