
{"id":199647,"date":"2017-05-12T13:41:53","date_gmt":"2017-05-12T11:41:53","guid":{"rendered":"http:\/\/new.cinevox.be\/?p=199647\/"},"modified":"2017-05-20T13:45:07","modified_gmt":"2017-05-20T11:45:07","slug":"bande-annonce-hommes-feu-emilie-dequenne","status":"publish","type":"post","link":"https:\/\/w-l-c.be\/fr\/bande-annonce-hommes-feu-emilie-dequenne\/","title":{"rendered":"Bande-annonce: \u00ab\u00a0Les Hommes du Feu\u00a0\u00bb avec Emilie Dequenne"},"content":{"rendered":"<p class=\"synopsis-txt\">Philippe, 45 ans, dirige une caserne dans le Sud de la France. L\u2019\u00e9t\u00e9 est chaud. Les feux partent de partout, criminels ou pas. Arrive B\u00e9n\u00e9dicte, adjudant-chef, m\u00eame grade que Xavier, un quadra aguerri : tension sur le terrain, tensions aussi au sein de la brigade&#8230; Plong\u00e9e dans la vie de ces grands h\u00e9ros : courageux face au feu, mais aussi en 1\u00e8re ligne de notre quotidien.<\/p>\n<p class=\"ovw-synopsis-info\">Emilie Dequenne est au coeur de portrait haletant et bouleversant d&rsquo;hommes et de femmes du feu, aux c\u00f4t\u00e9s de Roschdy Zem.<\/p>\n<div class=\"ovw-synopsis-info\">&nbsp;<\/div>\n<div class=\"ovw-synopsis-info\"><img loading=\"lazy\" decoding=\"async\" class=\"alignnone size-full wp-image-99442\" src=\"http:\/\/www.cinevox.be\/wp-content\/uploads\/2017\/05\/610840-thumb.jpg\" alt=\"\" width=\"640\" height=\"256\"><\/div>\n<div class=\"ovw-synopsis-info\">&nbsp;<\/div>\n<div class=\"ovw-synopsis-info\">&nbsp;<\/div>\n<p class=\"ovw-synopsis-info\">La sortie France est pr\u00e9vue pour le 5 juillet. Peut-\u00eatre pourra-t-on \u00e9galement d\u00e9couvrir le film au d\u00e9but de l&rsquo;\u00e9t\u00e9 en Belgique?<\/p>\n","protected":false},"excerpt":{"rendered":"<p>Philippe, 45 ans, dirige une caserne dans le Sud de la France. L\u2019\u00e9t\u00e9 est chaud. Les feux partent de partout, criminels ou pas. Arrive B\u00e9n\u00e9dicte, adjudant-chef, m\u00eame grade que Xavier, un quadra aguerri : tension sur le terrain, tensions aussi au sein de la brigade&#8230; Plong\u00e9e dans la vie de ces grands h\u00e9ros : courageux &hellip;<\/p>\n","protected":false},"author":339,"featured_media":199649,"comment_status":"closed","ping_status":"closed","sticky":false,"template":"","format":"standard","meta":{"ngg_post_thumbnail":0,"footnotes":""},"categories":[53],"tags":[],"class_list":["post-199647","post","type-post","status-publish","format-standard","has-post-thumbnail","","category-coming-soon"],"yoast_head":"<!-- This site is optimized with the Yoast SEO plugin v20.4 - https:\/\/yoast.com\/wordpress\/plugins\/seo\/ -->\n<title>Bande-annonce: &quot;Les Hommes du Feu&quot; avec Emilie Dequenne - w-l-c<\/title>\n<meta name=\"robots\" content=\"noindex, follow, max-snippet:-1, max-image-preview:large, max-video-preview:-1\" \/>\n<meta property=\"og:locale\" content=\"fr_FR\" \/>\n<meta property=\"og:type\" content=\"article\" \/>\n<meta property=\"og:title\" content=\"Bande-annonce: &quot;Les Hommes du Feu&quot; avec Emilie Dequenne - w-l-c\" \/>\n<meta property=\"og:description\" content=\"Philippe, 45 ans, dirige une caserne dans le Sud de la France. L\u2019\u00e9t\u00e9 est chaud. Les feux partent de partout, criminels ou pas. Arrive B\u00e9n\u00e9dicte, adjudant-chef, m\u00eame grade que Xavier, un quadra aguerri : tension sur le terrain, tensions aussi au sein de la brigade&#8230; Plong\u00e9e dans la vie de ces grands h\u00e9ros : courageux &hellip;\" \/>\n<meta property=\"og:url\" content=\"https:\/\/w-l-c.be\/fr\/bande-annonce-hommes-feu-emilie-dequenne\/\" \/>\n<meta property=\"og:site_name\" content=\"w-l-c\" \/>\n<meta property=\"article:published_time\" content=\"2017-05-12T11:41:53+00:00\" \/>\n<meta property=\"article:modified_time\" content=\"2017-05-20T11:45:07+00:00\" \/>\n<meta property=\"og:image\" content=\"https:\/\/w-l-c.be\/wp-content\/uploads\/2017\/05\/Capture-d\u2019e\u0301cran-2017-05-12-a\u0300-11.31.48-1.png\" \/>\n\t<meta property=\"og:image:width\" content=\"784\" \/>\n\t<meta property=\"og:image:height\" content=\"358\" \/>\n\t<meta property=\"og:image:type\" content=\"image\/png\" \/>\n<meta name=\"author\" content=\"Laurent\" \/>\n<meta name=\"twitter:card\" content=\"summary_large_image\" \/>\n<meta name=\"twitter:label1\" content=\"\u00c9crit par\" \/>\n\t<meta name=\"twitter:data1\" content=\"Laurent\" \/>\n\t<meta name=\"twitter:label2\" content=\"Dur\u00e9e de lecture estim\u00e9e\" \/>\n\t<meta name=\"twitter:data2\" content=\"1 minute\" \/>\n<script type=\"application\/ld+json\" class=\"yoast-schema-graph\">{\"@context\":\"https:\/\/schema.org\",\"@graph\":[{\"@type\":\"WebPage\",\"@id\":\"https:\/\/w-l-c.be\/fr\/bande-annonce-hommes-feu-emilie-dequenne\/\",\"url\":\"https:\/\/w-l-c.be\/fr\/bande-annonce-hommes-feu-emilie-dequenne\/\",\"name\":\"Bande-annonce: \\\"Les Hommes du Feu\\\" avec Emilie Dequenne - w-l-c\",\"isPartOf\":{\"@id\":\"https:\/\/w-l-c.be\/fr\/#website\"},\"datePublished\":\"2017-05-12T11:41:53+00:00\",\"dateModified\":\"2017-05-20T11:45:07+00:00\",\"author\":{\"@id\":\"https:\/\/w-l-c.be\/fr\/#\/schema\/person\/4722f79d5e4255f537dc2d0f44988650\"},\"breadcrumb\":{\"@id\":\"https:\/\/w-l-c.be\/fr\/bande-annonce-hommes-feu-emilie-dequenne\/#breadcrumb\"},\"inLanguage\":\"fr-FR\",\"potentialAction\":[{\"@type\":\"ReadAction\",\"target\":[\"https:\/\/w-l-c.be\/fr\/bande-annonce-hommes-feu-emilie-dequenne\/\"]}]},{\"@type\":\"BreadcrumbList\",\"@id\":\"https:\/\/w-l-c.be\/fr\/bande-annonce-hommes-feu-emilie-dequenne\/#breadcrumb\",\"itemListElement\":[{\"@type\":\"ListItem\",\"position\":1,\"name\":\"Accueil\",\"item\":\"https:\/\/w-l-c.be\/fr\/\"},{\"@type\":\"ListItem\",\"position\":2,\"name\":\"Bande-annonce: \u00ab\u00a0Les Hommes du Feu\u00a0\u00bb avec Emilie Dequenne\"}]},{\"@type\":\"WebSite\",\"@id\":\"https:\/\/w-l-c.be\/fr\/#website\",\"url\":\"https:\/\/w-l-c.be\/fr\/\",\"name\":\"w-l-c\",\"description\":\"Le cin\u00e9ma vu par les belges\",\"potentialAction\":[{\"@type\":\"SearchAction\",\"target\":{\"@type\":\"EntryPoint\",\"urlTemplate\":\"https:\/\/w-l-c.be\/fr\/?s={search_term_string}\"},\"query-input\":\"required name=search_term_string\"}],\"inLanguage\":\"fr-FR\"},{\"@type\":\"Person\",\"@id\":\"https:\/\/w-l-c.be\/fr\/#\/schema\/person\/4722f79d5e4255f537dc2d0f44988650\",\"name\":\"Laurent\",\"url\":\"https:\/\/w-l-c.be\/fr\/author\/laurent\/\"}]}<\/script>\n<!-- \/ Yoast SEO plugin. -->","yoast_head_json":{"title":"Bande-annonce: \"Les Hommes du Feu\" avec Emilie Dequenne - w-l-c","robots":{"index":"noindex","follow":"follow","max-snippet":"max-snippet:-1","max-image-preview":"max-image-preview:large","max-video-preview":"max-video-preview:-1"},"og_locale":"fr_FR","og_type":"article","og_title":"Bande-annonce: \"Les Hommes du Feu\" avec Emilie Dequenne - w-l-c","og_description":"Philippe, 45 ans, dirige une caserne dans le Sud de la France. L\u2019\u00e9t\u00e9 est chaud. Les feux partent de partout, criminels ou pas. Arrive B\u00e9n\u00e9dicte, adjudant-chef, m\u00eame grade que Xavier, un quadra aguerri : tension sur le terrain, tensions aussi au sein de la brigade&#8230; Plong\u00e9e dans la vie de ces grands h\u00e9ros : courageux &hellip;","og_url":"https:\/\/w-l-c.be\/fr\/bande-annonce-hommes-feu-emilie-dequenne\/","og_site_name":"w-l-c","article_published_time":"2017-05-12T11:41:53+00:00","article_modified_time":"2017-05-20T11:45:07+00:00","og_image":[{"width":784,"height":358,"url":"https:\/\/w-l-c.be\/wp-content\/uploads\/2017\/05\/Capture-d\u2019e\u0301cran-2017-05-12-a\u0300-11.31.48-1.png","type":"image\/png"}],"author":"Laurent","twitter_card":"summary_large_image","twitter_misc":{"\u00c9crit par":"Laurent","Dur\u00e9e de lecture estim\u00e9e":"1 minute"},"schema":{"@context":"https:\/\/schema.org","@graph":[{"@type":"WebPage","@id":"https:\/\/w-l-c.be\/fr\/bande-annonce-hommes-feu-emilie-dequenne\/","url":"https:\/\/w-l-c.be\/fr\/bande-annonce-hommes-feu-emilie-dequenne\/","name":"Bande-annonce: \"Les Hommes du Feu\" avec Emilie Dequenne - w-l-c","isPartOf":{"@id":"https:\/\/w-l-c.be\/fr\/#website"},"datePublished":"2017-05-12T11:41:53+00:00","dateModified":"2017-05-20T11:45:07+00:00","author":{"@id":"https:\/\/w-l-c.be\/fr\/#\/schema\/person\/4722f79d5e4255f537dc2d0f44988650"},"breadcrumb":{"@id":"https:\/\/w-l-c.be\/fr\/bande-annonce-hommes-feu-emilie-dequenne\/#breadcrumb"},"inLanguage":"fr-FR","potentialAction":[{"@type":"ReadAction","target":["https:\/\/w-l-c.be\/fr\/bande-annonce-hommes-feu-emilie-dequenne\/"]}]},{"@type":"BreadcrumbList","@id":"https:\/\/w-l-c.be\/fr\/bande-annonce-hommes-feu-emilie-dequenne\/#breadcrumb","itemListElement":[{"@type":"ListItem","position":1,"name":"Accueil","item":"https:\/\/w-l-c.be\/fr\/"},{"@type":"ListItem","position":2,"name":"Bande-annonce: \u00ab\u00a0Les Hommes du Feu\u00a0\u00bb avec Emilie Dequenne"}]},{"@type":"WebSite","@id":"https:\/\/w-l-c.be\/fr\/#website","url":"https:\/\/w-l-c.be\/fr\/","name":"w-l-c","description":"Le cin\u00e9ma vu par les belges","potentialAction":[{"@type":"SearchAction","target":{"@type":"EntryPoint","urlTemplate":"https:\/\/w-l-c.be\/fr\/?s={search_term_string}"},"query-input":"required name=search_term_string"}],"inLanguage":"fr-FR"},{"@type":"Person","@id":"https:\/\/w-l-c.be\/fr\/#\/schema\/person\/4722f79d5e4255f537dc2d0f44988650","name":"Laurent","url":"https:\/\/w-l-c.be\/fr\/author\/laurent\/"}]}},"_links":{"self":[{"href":"https:\/\/w-l-c.be\/fr\/wp-json\/wp\/v2\/posts\/199647","targetHints":{"allow":["GET"]}}],"collection":[{"href":"https:\/\/w-l-c.be\/fr\/wp-json\/wp\/v2\/posts"}],"about":[{"href":"https:\/\/w-l-c.be\/fr\/wp-json\/wp\/v2\/types\/post"}],"author":[{"embeddable":true,"href":"https:\/\/w-l-c.be\/fr\/wp-json\/wp\/v2\/users\/339"}],"replies":[{"embeddable":true,"href":"https:\/\/w-l-c.be\/fr\/wp-json\/wp\/v2\/comments?post=199647"}],"version-history":[{"count":0,"href":"https:\/\/w-l-c.be\/fr\/wp-json\/wp\/v2\/posts\/199647\/revisions"}],"wp:featuredmedia":[{"embeddable":true,"href":"https:\/\/w-l-c.be\/fr\/wp-json\/wp\/v2\/media\/199649"}],"wp:attachment":[{"href":"https:\/\/w-l-c.be\/fr\/wp-json\/wp\/v2\/media?parent=199647"}],"wp:term":[{"taxonomy":"category","embeddable":true,"href":"https:\/\/w-l-c.be\/fr\/wp-json\/wp\/v2\/categories?post=199647"},{"taxonomy":"post_tag","embeddable":true,"href":"https:\/\/w-l-c.be\/fr\/wp-json\/wp\/v2\/tags?post=199647"}],"curies":[{"name":"wp","href":"https:\/\/api.w.org\/{rel}","templated":true}]}}