
{"id":200511,"date":"2017-06-07T09:35:51","date_gmt":"2017-06-07T07:35:51","guid":{"rendered":"http:\/\/www.cinevox.be\/?p=200511\/"},"modified":"2017-06-07T09:36:26","modified_gmt":"2017-06-07T07:36:26","slug":"festival-de-namur-recherche-volontaires-laccueil-invites-presentation-films","status":"publish","type":"post","link":"https:\/\/w-l-c.be\/fr\/festival-de-namur-recherche-volontaires-laccueil-invites-presentation-films\/","title":{"rendered":"Le Festival de Namur recherche des volontaires pour l&rsquo;accueil des invit\u00e9s et la pr\u00e9sentation des films"},"content":{"rendered":"<p class=\"p1\"><span class=\"s1\"><b>Le Festival International du Film Francophone de Namur recherche des B\u00e9n\u00e9voles\u00a0pour sa\u00a0<\/b><\/span><span class=\"s1\"><b>32<\/b><\/span><span class=\"s2\"><b><sup>\u00e8me<\/sup><\/b><\/span><span class=\"s1\"><b>\u00a0\u00e9dition qui aura lieu du\u00a0<\/b><\/span><span class=\"s1\"><b>29 septembre au 6 octobre 2017. Des passionn\u00e9s de cin\u00e9ma pour se charger de l&rsquo;accueil des invit\u00e9s, et de la pr\u00e9sentation des films.<i>\u00a0<\/i><\/b><\/span><\/p>\n<h4 class=\"p9\"><span class=\"s3\">Accueil des invit\u00e9s<\/span><\/h4>\n<ul class=\"ul1\">\n<li class=\"li11\"><span class=\"s1\">Vous disposez d\u2019un esprit vif et structur\u00e9\u00a0?<\/span><\/li>\n<li class=\"li11\"><span class=\"s1\">Vous ne craignez pas les impr\u00e9vus de derni\u00e8re minute ?<\/span><\/li>\n<li class=\"li11\"><span class=\"s1\">Vous avez le sens du contact\u00a0?<\/span><\/li>\n<li class=\"li11\"><span class=\"s1\">Vous souhaitez b\u00e9n\u00e9ficier d&rsquo;une exp\u00e9rience enrichissante dans le domaine du cin\u00e9ma ?<\/span><\/li>\n<\/ul>\n<p class=\"p14\"><span class=\"s1\">Un accueil-invit\u00e9 a pour mission de guider et d\u2019accompagner les personnes invit\u00e9es dans le cadre du Festival et de g\u00e9rer leur planning. Vous serez \u00e0 la fois la personne de r\u00e9f\u00e9rence aupr\u00e8s de laquelle l\u2019invit\u00e9 peut trouver r\u00e9ponse \u00e0 ses questions, mais aussi la personne de relais qui assurera la transmission d\u2019informations du Festival vers l\u2019invit\u00e9.<\/span><\/p>\n<p class=\"p14\"><span class=\"s1\">En r\u00e9sum\u00e9, c\u2019est une occasion exceptionnelle de participer pleinement \u00e0 l&rsquo;organisation et \u00e0 la vie de cet \u00e9v\u00e8nement culturel incontournable, de d\u00e9couvrir de nombreux films in\u00e9dits (vous recevez en effet une accr\u00e9ditation vous donnant acc\u00e8s \u00e0 l\u2019ensemble des projections) et de rencontrer les professionnels pr\u00e9sents.<\/span><\/p>\n<h4 class=\"p14\">Pr\u00e9sentation en salles<\/h4>\n<ul class=\"ul1\">\n<li class=\"li1\"><span class=\"s2\">Vous disposez de qualit\u00e9s communicationnelles ?<\/span><\/li>\n<li class=\"li1\"><span class=\"s2\">Vous ne craignez pas de prendre la parole en public ?<\/span><\/li>\n<li class=\"li1\"><span class=\"s2\">Vous aimez partager et transmettre\u00a0?<\/span><\/li>\n<li class=\"li1\"><span class=\"s2\">Vous souhaitez b\u00e9n\u00e9ficier d&rsquo;une exp\u00e9rience enrichissante dans le domaine du cin\u00e9ma ?<\/span><\/li>\n<\/ul>\n<p class=\"p3\"><span class=\"s2\">Les pr\u00e9sentateurs ont pour mission d\u2019introduire chacune des s\u00e9ances du Festival, d\u2019accueillir sur sc\u00e8ne les invit\u00e9s pr\u00e9sents pour chaque film et d\u2019animer les s\u00e9ances de questions\/r\u00e9ponses en salle \u00e0 la suite des projections.<\/span><\/p>\n<p class=\"p3\"><span class=\"s2\">En r\u00e9sum\u00e9, une occasion exceptionnelle de participer pleinement \u00e0 l&rsquo;organisation et \u00e0 la vie de cet \u00e9v\u00e8nement culturel d\u00e9sormais incontournable, de d\u00e9couvrir de nombreux films in\u00e9dits (vous recevez en effet une accr\u00e9ditation vous donnant acc\u00e8s \u00e0 l\u2019ensemble des projections) et de rencontrer les professionnels pr\u00e9sents.<\/span><\/p>\n<h4 class=\"p3\">Comment postuler?<\/h4>\n<p class=\"p17\"><span class=\"s1\">Si vous \u00eates pr\u00eat(e) \u00e0 tenter l\u2019exp\u00e9rience et \u00e0 consacrer votre temps libre au FIFF pendant la dur\u00e9e du Festival (<\/span><span class=\"s3\">du 29 septembre au 6 octobre 2017<\/span><span class=\"s1\">), nous vous invitons \u00e0 envoyer votre CV et une lettre de motivation \u00e0 Ana\u00efs Pirenne (<a href=\"mailto:anais@fiff.be\"><span class=\"s6\">anais@fiff.be<\/span><\/a><\/span><span class=\"s3\">)<\/span> <span class=\"s3\">avant le 15 juillet 2017.<\/span><\/p>\n","protected":false},"excerpt":{"rendered":"<p>Le Festival International du Film Francophone de Namur recherche des B\u00e9n\u00e9voles\u00a0pour sa\u00a032\u00e8me\u00a0\u00e9dition qui aura lieu du\u00a029 septembre au 6 octobre 2017. Des passionn\u00e9s de cin\u00e9ma pour se charger de l&rsquo;accueil des invit\u00e9s, et de la pr\u00e9sentation des films.\u00a0 Accueil des invit\u00e9s Vous disposez d\u2019un esprit vif et structur\u00e9\u00a0? Vous ne craignez pas les impr\u00e9vus de &hellip;<\/p>\n","protected":false},"author":343,"featured_media":200514,"comment_status":"closed","ping_status":"closed","sticky":false,"template":"","format":"standard","meta":{"ngg_post_thumbnail":0,"footnotes":""},"categories":[20],"tags":[2100],"class_list":["post-200511","post","type-post","status-publish","format-standard","has-post-thumbnail","","category-cinejobs","tag-festival-de-namur"],"yoast_head":"<!-- This site is optimized with the Yoast SEO plugin v20.4 - https:\/\/yoast.com\/wordpress\/plugins\/seo\/ -->\n<title>Le Festival de Namur recherche des volontaires pour l&#039;accueil des invit\u00e9s et la pr\u00e9sentation des films - w-l-c<\/title>\n<meta name=\"robots\" content=\"noindex, follow, max-snippet:-1, max-image-preview:large, max-video-preview:-1\" \/>\n<meta property=\"og:locale\" content=\"fr_FR\" \/>\n<meta property=\"og:type\" content=\"article\" \/>\n<meta property=\"og:title\" content=\"Le Festival de Namur recherche des volontaires pour l&#039;accueil des invit\u00e9s et la pr\u00e9sentation des films - w-l-c\" \/>\n<meta property=\"og:description\" content=\"Le Festival International du Film Francophone de Namur recherche des B\u00e9n\u00e9voles\u00a0pour sa\u00a032\u00e8me\u00a0\u00e9dition qui aura lieu du\u00a029 septembre au 6 octobre 2017. Des passionn\u00e9s de cin\u00e9ma pour se charger de l&rsquo;accueil des invit\u00e9s, et de la pr\u00e9sentation des films.\u00a0 Accueil des invit\u00e9s Vous disposez d\u2019un esprit vif et structur\u00e9\u00a0? Vous ne craignez pas les impr\u00e9vus de &hellip;\" \/>\n<meta property=\"og:url\" content=\"https:\/\/w-l-c.be\/fr\/festival-de-namur-recherche-volontaires-laccueil-invites-presentation-films\/\" \/>\n<meta property=\"og:site_name\" content=\"w-l-c\" \/>\n<meta property=\"article:published_time\" content=\"2017-06-07T07:35:51+00:00\" \/>\n<meta property=\"article:modified_time\" content=\"2017-06-07T07:36:26+00:00\" \/>\n<meta property=\"og:image\" content=\"https:\/\/w-l-c.be\/wp-content\/uploads\/2017\/06\/FIFF.jpg\" \/>\n\t<meta property=\"og:image:width\" content=\"2048\" \/>\n\t<meta property=\"og:image:height\" content=\"1356\" \/>\n\t<meta property=\"og:image:type\" content=\"image\/jpeg\" \/>\n<meta name=\"author\" content=\"Aurore Engelen\" \/>\n<meta name=\"twitter:card\" content=\"summary_large_image\" \/>\n<meta name=\"twitter:label1\" content=\"\u00c9crit par\" \/>\n\t<meta name=\"twitter:data1\" content=\"Aurore Engelen\" \/>\n\t<meta name=\"twitter:label2\" content=\"Dur\u00e9e de lecture estim\u00e9e\" \/>\n\t<meta name=\"twitter:data2\" content=\"2 minutes\" \/>\n<script type=\"application\/ld+json\" class=\"yoast-schema-graph\">{\"@context\":\"https:\/\/schema.org\",\"@graph\":[{\"@type\":\"WebPage\",\"@id\":\"https:\/\/w-l-c.be\/fr\/festival-de-namur-recherche-volontaires-laccueil-invites-presentation-films\/\",\"url\":\"https:\/\/w-l-c.be\/fr\/festival-de-namur-recherche-volontaires-laccueil-invites-presentation-films\/\",\"name\":\"Le Festival de Namur recherche des volontaires pour l'accueil des invit\u00e9s et la pr\u00e9sentation des films - w-l-c\",\"isPartOf\":{\"@id\":\"https:\/\/w-l-c.be\/fr\/#website\"},\"datePublished\":\"2017-06-07T07:35:51+00:00\",\"dateModified\":\"2017-06-07T07:36:26+00:00\",\"author\":{\"@id\":\"https:\/\/w-l-c.be\/fr\/#\/schema\/person\/8084b68c6b176142d073695c654dc7cf\"},\"breadcrumb\":{\"@id\":\"https:\/\/w-l-c.be\/fr\/festival-de-namur-recherche-volontaires-laccueil-invites-presentation-films\/#breadcrumb\"},\"inLanguage\":\"fr-FR\",\"potentialAction\":[{\"@type\":\"ReadAction\",\"target\":[\"https:\/\/w-l-c.be\/fr\/festival-de-namur-recherche-volontaires-laccueil-invites-presentation-films\/\"]}]},{\"@type\":\"BreadcrumbList\",\"@id\":\"https:\/\/w-l-c.be\/fr\/festival-de-namur-recherche-volontaires-laccueil-invites-presentation-films\/#breadcrumb\",\"itemListElement\":[{\"@type\":\"ListItem\",\"position\":1,\"name\":\"Accueil\",\"item\":\"https:\/\/w-l-c.be\/fr\/\"},{\"@type\":\"ListItem\",\"position\":2,\"name\":\"Le Festival de Namur recherche des volontaires pour l&rsquo;accueil des invit\u00e9s et la pr\u00e9sentation des films\"}]},{\"@type\":\"WebSite\",\"@id\":\"https:\/\/w-l-c.be\/fr\/#website\",\"url\":\"https:\/\/w-l-c.be\/fr\/\",\"name\":\"w-l-c\",\"description\":\"Le cin\u00e9ma vu par les belges\",\"potentialAction\":[{\"@type\":\"SearchAction\",\"target\":{\"@type\":\"EntryPoint\",\"urlTemplate\":\"https:\/\/w-l-c.be\/fr\/?s={search_term_string}\"},\"query-input\":\"required name=search_term_string\"}],\"inLanguage\":\"fr-FR\"},{\"@type\":\"Person\",\"@id\":\"https:\/\/w-l-c.be\/fr\/#\/schema\/person\/8084b68c6b176142d073695c654dc7cf\",\"name\":\"Aurore Engelen\",\"url\":\"https:\/\/w-l-c.be\/fr\/author\/aurore-engelen\/\"}]}<\/script>\n<!-- \/ Yoast SEO plugin. -->","yoast_head_json":{"title":"Le Festival de Namur recherche des volontaires pour l'accueil des invit\u00e9s et la pr\u00e9sentation des films - w-l-c","robots":{"index":"noindex","follow":"follow","max-snippet":"max-snippet:-1","max-image-preview":"max-image-preview:large","max-video-preview":"max-video-preview:-1"},"og_locale":"fr_FR","og_type":"article","og_title":"Le Festival de Namur recherche des volontaires pour l'accueil des invit\u00e9s et la pr\u00e9sentation des films - w-l-c","og_description":"Le Festival International du Film Francophone de Namur recherche des B\u00e9n\u00e9voles\u00a0pour sa\u00a032\u00e8me\u00a0\u00e9dition qui aura lieu du\u00a029 septembre au 6 octobre 2017. Des passionn\u00e9s de cin\u00e9ma pour se charger de l&rsquo;accueil des invit\u00e9s, et de la pr\u00e9sentation des films.\u00a0 Accueil des invit\u00e9s Vous disposez d\u2019un esprit vif et structur\u00e9\u00a0? Vous ne craignez pas les impr\u00e9vus de &hellip;","og_url":"https:\/\/w-l-c.be\/fr\/festival-de-namur-recherche-volontaires-laccueil-invites-presentation-films\/","og_site_name":"w-l-c","article_published_time":"2017-06-07T07:35:51+00:00","article_modified_time":"2017-06-07T07:36:26+00:00","og_image":[{"width":2048,"height":1356,"url":"https:\/\/w-l-c.be\/wp-content\/uploads\/2017\/06\/FIFF.jpg","type":"image\/jpeg"}],"author":"Aurore Engelen","twitter_card":"summary_large_image","twitter_misc":{"\u00c9crit par":"Aurore Engelen","Dur\u00e9e de lecture estim\u00e9e":"2 minutes"},"schema":{"@context":"https:\/\/schema.org","@graph":[{"@type":"WebPage","@id":"https:\/\/w-l-c.be\/fr\/festival-de-namur-recherche-volontaires-laccueil-invites-presentation-films\/","url":"https:\/\/w-l-c.be\/fr\/festival-de-namur-recherche-volontaires-laccueil-invites-presentation-films\/","name":"Le Festival de Namur recherche des volontaires pour l'accueil des invit\u00e9s et la pr\u00e9sentation des films - w-l-c","isPartOf":{"@id":"https:\/\/w-l-c.be\/fr\/#website"},"datePublished":"2017-06-07T07:35:51+00:00","dateModified":"2017-06-07T07:36:26+00:00","author":{"@id":"https:\/\/w-l-c.be\/fr\/#\/schema\/person\/8084b68c6b176142d073695c654dc7cf"},"breadcrumb":{"@id":"https:\/\/w-l-c.be\/fr\/festival-de-namur-recherche-volontaires-laccueil-invites-presentation-films\/#breadcrumb"},"inLanguage":"fr-FR","potentialAction":[{"@type":"ReadAction","target":["https:\/\/w-l-c.be\/fr\/festival-de-namur-recherche-volontaires-laccueil-invites-presentation-films\/"]}]},{"@type":"BreadcrumbList","@id":"https:\/\/w-l-c.be\/fr\/festival-de-namur-recherche-volontaires-laccueil-invites-presentation-films\/#breadcrumb","itemListElement":[{"@type":"ListItem","position":1,"name":"Accueil","item":"https:\/\/w-l-c.be\/fr\/"},{"@type":"ListItem","position":2,"name":"Le Festival de Namur recherche des volontaires pour l&rsquo;accueil des invit\u00e9s et la pr\u00e9sentation des films"}]},{"@type":"WebSite","@id":"https:\/\/w-l-c.be\/fr\/#website","url":"https:\/\/w-l-c.be\/fr\/","name":"w-l-c","description":"Le cin\u00e9ma vu par les belges","potentialAction":[{"@type":"SearchAction","target":{"@type":"EntryPoint","urlTemplate":"https:\/\/w-l-c.be\/fr\/?s={search_term_string}"},"query-input":"required name=search_term_string"}],"inLanguage":"fr-FR"},{"@type":"Person","@id":"https:\/\/w-l-c.be\/fr\/#\/schema\/person\/8084b68c6b176142d073695c654dc7cf","name":"Aurore Engelen","url":"https:\/\/w-l-c.be\/fr\/author\/aurore-engelen\/"}]}},"_links":{"self":[{"href":"https:\/\/w-l-c.be\/fr\/wp-json\/wp\/v2\/posts\/200511","targetHints":{"allow":["GET"]}}],"collection":[{"href":"https:\/\/w-l-c.be\/fr\/wp-json\/wp\/v2\/posts"}],"about":[{"href":"https:\/\/w-l-c.be\/fr\/wp-json\/wp\/v2\/types\/post"}],"author":[{"embeddable":true,"href":"https:\/\/w-l-c.be\/fr\/wp-json\/wp\/v2\/users\/343"}],"replies":[{"embeddable":true,"href":"https:\/\/w-l-c.be\/fr\/wp-json\/wp\/v2\/comments?post=200511"}],"version-history":[{"count":0,"href":"https:\/\/w-l-c.be\/fr\/wp-json\/wp\/v2\/posts\/200511\/revisions"}],"wp:featuredmedia":[{"embeddable":true,"href":"https:\/\/w-l-c.be\/fr\/wp-json\/wp\/v2\/media\/200514"}],"wp:attachment":[{"href":"https:\/\/w-l-c.be\/fr\/wp-json\/wp\/v2\/media?parent=200511"}],"wp:term":[{"taxonomy":"category","embeddable":true,"href":"https:\/\/w-l-c.be\/fr\/wp-json\/wp\/v2\/categories?post=200511"},{"taxonomy":"post_tag","embeddable":true,"href":"https:\/\/w-l-c.be\/fr\/wp-json\/wp\/v2\/tags?post=200511"}],"curies":[{"name":"wp","href":"https:\/\/api.w.org\/{rel}","templated":true}]}}