
{"id":200856,"date":"2017-06-20T10:27:29","date_gmt":"2017-06-20T08:27:29","guid":{"rendered":"http:\/\/www.cinevox.be\/?p=200856\/"},"modified":"2017-06-21T12:52:44","modified_gmt":"2017-06-21T10:52:44","slug":"etre-documentariste-aujourdhui-belgique","status":"publish","type":"post","link":"https:\/\/w-l-c.be\/fr\/etre-documentariste-aujourdhui-belgique\/","title":{"rendered":"Etre documentariste aujourd&rsquo;hui en Belgique"},"content":{"rendered":"<p><strong>Le cin\u00e9ma documentaire fait partie de l&rsquo;ADN du cin\u00e9ma belge. Il a ses glorieux a\u00een\u00e9s, ses valeurs sures\u00a0actuelles, et ses jeunes pousses prometteuses. Plus encore, il est une inspiration \u00e9vidente de tout un pan du cin\u00e9ma de fiction, belge et mondial, qui lui emprunte ses m\u00e9thodes, sa forme, ses lignes de force. Il est une fen\u00eatre sur le monde, d&rsquo;hier, d&rsquo;aujourd&rsquo;hui et de demain. Pourtant, les documentaristes, garants de ce cin\u00e9ma, souffrent\u00a0pour une grande partie d&rsquo;entre eux d&rsquo;une faible reconnaissance financi\u00e8re et symbolique. C&rsquo;est le constat qu&rsquo;a pu faire la Scam, suite \u00e0 une longue enqu\u00eate aupr\u00e8s des auteurs et autrices belges de documentaires.\u00a0<\/strong><\/p>\n<p>La Scam est une soci\u00e9t\u00e9 internationale qui g\u00e8re les droits des auteurs documentaristes et leur offre \u00e9galement une vaste gamme de services pour les accompagner tout au long de leur parcours professionnel. Cette \u00e9tude, intitul\u00e9e \u00ab\u00a0Un m\u00e9tier de nanti?\u00a0\u00bb, a \u00e9t\u00e9 command\u00e9e suite \u00e0 l&rsquo;inqui\u00e9tude des auteurs du secteur quant \u00e0 la place qui leur \u00e9tait faite aussi bien dans le domaine du financement que de la diffusion. L&rsquo;ensemble des t\u00e9moignages recueillis ont \u00e9t\u00e9 analys\u00e9s par un Docteur en sciences sociales du travail, qui en est arriv\u00e9 au diagnostic suivant, \u00ab\u00a0le portrait d\u2019une profession \u00e0 identit\u00e9 forte, nourrie de savoir-faire techniques et du sentiment de responsabilit\u00e9 vis-\u00e0-vis du public ; un m\u00e9tier caract\u00e9ris\u00e9 par une faible reconnaissance financi\u00e8re et symbolique des pouvoirs publics et des diffuseurs. Un m\u00e9tier en \u00e9volution (\u00e9mergence du webdocu, bricolage pour le financement ). Un m\u00e9tier, enfin, o\u00f9 chacun.e, frapp\u00e9.e par le syndrome de l\u2019\u00e9ternel d\u00e9butant, tire son plan comme il peut dans une grande solitude et une terrible concurrence.\u00a0\u00bb<\/p>\n<p>Il \u00e9merge\u00a0de cette \u00e9tude trois exigences pour l\u2019avenir du documentaire.<\/p>\n<ul>\n<li>L\u2019\u00e9criture, les rep\u00e9rages, la promotion des films devraient \u00eatre financ\u00e9s. Les budgets des films devraient tenir compte du temps de travail r\u00e9el et de la carri\u00e8re des auteurs.<\/li>\n<li>Les sp\u00e9cificit\u00e9s du m\u00e9tier devraient servir de base \u00e0 la construction d\u2019un statut digne de ce nom.<\/li>\n<li>La t\u00e9l\u00e9vision de service public a un r\u00f4le \u00e0 jouer. Elle pourrait, par exemple, r\u00e9inventer des soir\u00e9es avec en premi\u00e8re partie une fiction et, en seconde un documentaire.<\/li>\n<\/ul>\n<p>Le documentaire ouvre une multitudes de fen\u00eatres sur le monde, celui d&rsquo;en face comme celui d&rsquo;\u00e2 c\u00f4t\u00e9, il \u00e9largit notre champ de vision, nous informe, nous concerne. Au-del\u00e0 des constats \u00e9tablis par cette \u00e9tude, des diagnostics pos\u00e9s, et des solutions pr\u00e9conis\u00e9es, cette \u00e9tude donne surtout la parole \u00e0 un secteur, qui transmet ainsi son malaise, mais aussi l&rsquo;amour de son art.<\/p>\n<h4>Morceaux choisis:<\/h4>\n<figure id=\"attachment_200857\" aria-describedby=\"caption-attachment-200857\" style=\"width: 618px\" class=\"wp-caption alignnone\"><img loading=\"lazy\" decoding=\"async\" class=\"wp-image-200857 size-large\" src=\"http:\/\/www.cinevox.be\/wp-content\/uploads\/2017\/06\/noche_herida_-800x451.jpg\" alt=\"noche_herida_\" width=\"618\" height=\"348\" srcset=\"https:\/\/w-l-c.be\/wp-content\/uploads\/2017\/06\/noche_herida_-800x451.jpg 800w, https:\/\/w-l-c.be\/wp-content\/uploads\/2017\/06\/noche_herida_-200x113.jpg 200w, https:\/\/w-l-c.be\/wp-content\/uploads\/2017\/06\/noche_herida_-480x270.jpg 480w, https:\/\/w-l-c.be\/wp-content\/uploads\/2017\/06\/noche_herida_-768x433.jpg 768w, https:\/\/w-l-c.be\/wp-content\/uploads\/2017\/06\/noche_herida_.jpg 980w\" sizes=\"auto, (max-width: 618px) 100vw, 618px\" \/><figcaption id=\"caption-attachment-200857\" class=\"wp-caption-text\">\u00ab\u00a0Noche Herida\u00a0\u00bb de Nicolas Rin\u00e7on Gille<\/figcaption><\/figure>\n<h4>Nicolas Rincon Gilles<\/h4>\n<p>Le cin\u00e9ma documentaire est\u00a0un cin\u00e9ma du quotidien, humble.\u00a0Un film se m\u00fbrit moins assis \u00e0 une table que sur le terrain, ouvert \u00e0 la rencontre et au temps.<\/p>\n<p>\u00c0 mon sens, le film na\u00eet d\u2019une rencontre, celle du d\u00e9sir du cin\u00e9aste et des obstacles du r\u00e9el. Par exemple, certaines contraintes \u2013 le temps, la m\u00e9t\u00e9o \u2013 obligent le r\u00e9alisateur \u00e0 construire son film avec le r\u00e9el ( et non contre ).<\/p>\n<p>Lorsque je songe au public, je fais vraiment le lien avec la personne qui est film\u00e9e. Je cherche \u00e0 cr\u00e9er des passerelles. Le public doit pouvoir se projeter dans la situation et se demander : \u00ab Qu\u2019aurais-je fait dans cette situation-l\u00e0 ? \u00bb. La personne film\u00e9e ne doit pas \u00eatre enferm\u00e9e dans l\u2019enclos-film, et le spectateur ne doit pas \u00eatre dans la position du visiteur et \u00eatre de l\u2019autre cot\u00e9 de la barri\u00e8re. Le plus important, pour moi, c\u2019est que la personne film\u00e9e qui ne ma\u00eetrise pas \u00e0 100% son image sur le tournage, puisse voir le film sans se sentir trahie. C\u2019est une question d\u2019\u00e9thique.<\/p>\n<h4><\/h4>\n<figure id=\"attachment_200858\" aria-describedby=\"caption-attachment-200858\" style=\"width: 618px\" class=\"wp-caption alignnone\"><img loading=\"lazy\" decoding=\"async\" class=\"size-large wp-image-200858\" src=\"http:\/\/www.cinevox.be\/wp-content\/uploads\/2017\/06\/In-waking-hours-800x450.jpg\" alt=\"In-waking-hours\" width=\"618\" height=\"348\" srcset=\"https:\/\/w-l-c.be\/wp-content\/uploads\/2017\/06\/In-waking-hours.jpg 800w, https:\/\/w-l-c.be\/wp-content\/uploads\/2017\/06\/In-waking-hours-200x113.jpg 200w, https:\/\/w-l-c.be\/wp-content\/uploads\/2017\/06\/In-waking-hours-480x270.jpg 480w, https:\/\/w-l-c.be\/wp-content\/uploads\/2017\/06\/In-waking-hours-768x432.jpg 768w\" sizes=\"auto, (max-width: 618px) 100vw, 618px\" \/><figcaption id=\"caption-attachment-200858\" class=\"wp-caption-text\">\u00ab\u00a0In Waking Hours\u00a0\u00bb de Sarah Vanagt<\/figcaption><\/figure>\n<h4>Sarah Vanagt<\/h4>\n<p>Si on souhaite vivre de ce travail, on est dans une logique de dossiers. Parfois, lorsque je passe 70% \u00a0de mon temps sur les dossiers, je me demande : \u00ab Quand est-ce que je vais r\u00e9aliser enfin le film ? \u00bb. Je suis une \u00ab\u00a0machine \u00e0 dossiers\u00a0\u00bb. \u00a0Les films documentaires et exp\u00e9rimentaux manquent cruellement de distribution active. Tous les cin\u00e9astes sont dans la m\u00eame situation. Nous n\u2019avons ni le temps ni les moyens de le faire nous-m\u00eames.<\/p>\n<p>Le travail de distribution reste inachev\u00e9. \u00c0 \u00a0la fin d\u2019un film, je pourrais me dire : Maintenant que j\u2019ai termin\u00e9 le film, je ne travaille pas sur le prochain avant trois ou quatre mois. Je vais tout mettre en oeuvre pour que celui-ci marche. Mais voil\u00e0, je ne veux pas faire ce travail-l\u00e0. Je veux r\u00e9aliser un nouveau film. Quelque chose reste \u00e0 inventer du c\u00f4t\u00e9 de la distribution des films.<\/p>\n<p>&nbsp;<\/p>\n<figure id=\"attachment_200859\" aria-describedby=\"caption-attachment-200859\" style=\"width: 618px\" class=\"wp-caption alignnone\"><img loading=\"lazy\" decoding=\"async\" class=\"size-large wp-image-200859\" src=\"http:\/\/www.cinevox.be\/wp-content\/uploads\/2017\/06\/Oltremare-800x450.jpg\" alt=\"Oltremare\" width=\"618\" height=\"348\" srcset=\"https:\/\/w-l-c.be\/wp-content\/uploads\/2017\/06\/Oltremare-800x450.jpg 800w, https:\/\/w-l-c.be\/wp-content\/uploads\/2017\/06\/Oltremare-200x113.jpg 200w, https:\/\/w-l-c.be\/wp-content\/uploads\/2017\/06\/Oltremare-480x270.jpg 480w, https:\/\/w-l-c.be\/wp-content\/uploads\/2017\/06\/Oltremare-768x432.jpg 768w, https:\/\/w-l-c.be\/wp-content\/uploads\/2017\/06\/Oltremare.jpg 1280w\" sizes=\"auto, (max-width: 618px) 100vw, 618px\" \/><figcaption id=\"caption-attachment-200859\" class=\"wp-caption-text\">\u00ab\u00a0Oltremare\u00a0\u00bb de Loredana Bianconi<\/figcaption><\/figure>\n<h4>Loredana Bianconi<\/h4>\n<p>Attention, je d\u00e9teste le clich\u00e9 de \u00ab l\u2019artiste pauvre et en souffrance \u00bb ! Contrairement \u00e0 beaucoup, nous avons le privil\u00e8ge inou\u00ef de mettre du plaisir et du sens dans notre travail. Un jour, un producteur, dont je tairai le nom, m\u2019a dit : \u00ab Mais enfin, Loredana, tu ne penses quand m\u00eame pas que tu vas gagner ta vie en faisant un film ! \u00bb. Le film serait un plus, quelque chose qui ne m\u00e9rite pas de salaire ? Ce travail n\u00e9cessite du temps et beaucoup de patience. Je ne r\u00e9clame pas un salaire proportionnel au nombre d\u2019heures travaill\u00e9es. Si tel \u00e9tait le cas, nous serions millionnaires ! Je demande juste un salaire d\u00e9cent qui permette de vivre et non de survivre dans une pr\u00e9carit\u00e9 constante.<\/p>\n<p>&nbsp;<\/p>\n<figure id=\"attachment_200860\" aria-describedby=\"caption-attachment-200860\" style=\"width: 618px\" class=\"wp-caption alignnone\"><img loading=\"lazy\" decoding=\"async\" class=\"size-large wp-image-200860\" src=\"http:\/\/www.cinevox.be\/wp-content\/uploads\/2017\/06\/Before_we_go_2-800x450.jpg\" alt=\"Before_we_go_2\" width=\"618\" height=\"348\" srcset=\"https:\/\/w-l-c.be\/wp-content\/uploads\/2017\/06\/Before_we_go_2-800x450.jpg 800w, https:\/\/w-l-c.be\/wp-content\/uploads\/2017\/06\/Before_we_go_2-200x113.jpg 200w, https:\/\/w-l-c.be\/wp-content\/uploads\/2017\/06\/Before_we_go_2-480x270.jpg 480w, https:\/\/w-l-c.be\/wp-content\/uploads\/2017\/06\/Before_we_go_2-768x432.jpg 768w, https:\/\/w-l-c.be\/wp-content\/uploads\/2017\/06\/Before_we_go_2.jpg 1920w\" sizes=\"auto, (max-width: 618px) 100vw, 618px\" \/><figcaption id=\"caption-attachment-200860\" class=\"wp-caption-text\">\u00ab\u00a0Before We Go\u00a0\u00bb de Jorge Leon<\/figcaption><\/figure>\n<h4>Jorge Leon<\/h4>\n<p>Pour faire des films, il faut vivre. C\u2019est en vivant, en rencontrant des gens et en ayant des exp\u00e9riences qu\u2019il est possible de d\u00e9velopper un regard, une vision qui permet de cr\u00e9er. C\u2019est tr\u00e8s important. Notre travail est de transformer ce que nous vivons, de le repr\u00e9senter et de le rendre au public, une fois transfigur\u00e9.<\/p>\n<p>&nbsp;<\/p>\n<figure id=\"attachment_200863\" aria-describedby=\"caption-attachment-200863\" style=\"width: 630px\" class=\"wp-caption alignnone\"><img loading=\"lazy\" decoding=\"async\" class=\"size-full wp-image-200863\" src=\"http:\/\/www.cinevox.be\/wp-content\/uploads\/2017\/06\/Sobre-las-brasas.jpg\" alt=\"Sobre-las-brasas\" width=\"630\" height=\"355\" srcset=\"https:\/\/w-l-c.be\/wp-content\/uploads\/2017\/06\/Sobre-las-brasas.jpg 630w, https:\/\/w-l-c.be\/wp-content\/uploads\/2017\/06\/Sobre-las-brasas-200x113.jpg 200w, https:\/\/w-l-c.be\/wp-content\/uploads\/2017\/06\/Sobre-las-brasas-480x270.jpg 480w\" sizes=\"auto, (max-width: 630px) 100vw, 630px\" \/><figcaption id=\"caption-attachment-200863\" class=\"wp-caption-text\">\u00ab\u00a0Sobre las brasas\u00a0\u00bb de Mary Jimenez et B\u00e9n\u00e9dicte Li\u00e9nard<\/figcaption><\/figure>\n<h4>Mary Jimenez<\/h4>\n<p>Pour faire des films, il faut vivre. C\u2019est en vivant, en rencontrant des gens et en ayant des exp\u00e9riences \u2013 dans la puret\u00e9 de ses relations \u00e0 l\u2019autre, \u00e0 la vie et au r\u00e9el \u2013 qu\u2019il est possible de d\u00e9velopper un regard, une vision qui permet de cr\u00e9er. C\u2019est tr\u00e8s important. Notre travail est de transformer ce que nous vivons, de le repr\u00e9senter et de le rendre au public, une fois transfigur\u00e9.<\/p>\n<p>&nbsp;<\/p>\n<figure id=\"attachment_200864\" aria-describedby=\"caption-attachment-200864\" style=\"width: 640px\" class=\"wp-caption alignnone\"><img loading=\"lazy\" decoding=\"async\" class=\"size-full wp-image-200864\" src=\"http:\/\/www.cinevox.be\/wp-content\/uploads\/2017\/06\/65il-a-plu.jpg\" alt=\"\" width=\"640\" height=\"360\" srcset=\"https:\/\/w-l-c.be\/wp-content\/uploads\/2017\/06\/65il-a-plu.jpg 640w, https:\/\/w-l-c.be\/wp-content\/uploads\/2017\/06\/65il-a-plu-200x113.jpg 200w, https:\/\/w-l-c.be\/wp-content\/uploads\/2017\/06\/65il-a-plu-480x270.jpg 480w\" sizes=\"auto, (max-width: 640px) 100vw, 640px\" \/><figcaption id=\"caption-attachment-200864\" class=\"wp-caption-text\">\u00ab\u00a0Il a plu sur le grand paysage\u00a0\u00bb de Jean-Jacques Andrien<\/figcaption><\/figure>\n<h4>Jean-Jacques Andrien<\/h4>\n<p>La diff\u00e9rence essentielle, pour moi, entre documentaire de cr\u00e9ation et fiction ( je parle ici de diff\u00e9rence et pas d\u2019opposition ) r\u00e9side dans le fait que, dans la fiction, le cin\u00e9aste compose son film de A \u00e0 Z. C\u2019est lui qui parle. Il agit sur tous les param\u00e8tres de son film ; il intervient sur le jeu des personnages, sur leurs paroles, sur les d\u00e9cors, la lumi\u00e8re, etc. Dans le documentaire de cr\u00e9ation, il intervient le moins possible sur ces param\u00e8tres, il filme ce qui \u00ab est \u00bb, de fa\u00e7on \u00e0 laisser la r\u00e9alit\u00e9 advenir \u00e0 l\u2019\u00e9cran dans sa complexit\u00e9. Mais l\u00e0 o\u00f9 il doit intervenir, n\u00e9cessairement, c\u2019est dans son positionnement par rapport au r\u00e9el. Qui parle, d\u2019o\u00f9 \u00e7a parle, de qui il parle et \u00e0 qui il s\u2019adresse\u2026 Il doit choisir le lieu et le moment \u00e0 filmer, il doit placer sa cam\u00e9ra et son micro \u00e0 tel ou tel endroit pr\u00e9cis\u2026 Dans le documentaire de cr\u00e9ation, le cin\u00e9aste, d\u2019une certaine fa\u00e7on, donne la parole au r\u00e9el.<\/p>\n<p>&nbsp;<\/p>\n<p>L&rsquo;int\u00e9gralit\u00e9 de l&rsquo;\u00e9tude est disponible <a href=\"http:\/\/scam.be\/\">ici<\/a> sur le site de la Scam.<\/p>\n<p>&nbsp;<\/p>\n<p>&nbsp;<\/p>\n","protected":false},"excerpt":{"rendered":"<p>Le cin\u00e9ma documentaire fait partie de l&rsquo;ADN du cin\u00e9ma belge. Il a ses glorieux a\u00een\u00e9s, ses valeurs sures\u00a0actuelles, et ses jeunes pousses prometteuses. Plus encore, il est une inspiration \u00e9vidente de tout un pan du cin\u00e9ma de fiction, belge et mondial, qui lui emprunte ses m\u00e9thodes, sa forme, ses lignes de force. Il est une &hellip;<\/p>\n","protected":false},"author":343,"featured_media":200864,"comment_status":"closed","ping_status":"closed","sticky":false,"template":"","format":"standard","meta":{"ngg_post_thumbnail":0,"footnotes":""},"categories":[12],"tags":[1976,2181],"class_list":["post-200856","post","type-post","status-publish","format-standard","has-post-thumbnail","","category-awards","tag-documentaire-2","tag-scam"],"yoast_head":"<!-- This site is optimized with the Yoast SEO plugin v20.4 - https:\/\/yoast.com\/wordpress\/plugins\/seo\/ -->\n<title>Etre documentariste aujourd&#039;hui en Belgique - w-l-c<\/title>\n<meta name=\"robots\" content=\"noindex, follow, max-snippet:-1, max-image-preview:large, max-video-preview:-1\" \/>\n<meta property=\"og:locale\" content=\"fr_FR\" \/>\n<meta property=\"og:type\" content=\"article\" \/>\n<meta property=\"og:title\" content=\"Etre documentariste aujourd&#039;hui en Belgique - w-l-c\" \/>\n<meta property=\"og:description\" content=\"Le cin\u00e9ma documentaire fait partie de l&rsquo;ADN du cin\u00e9ma belge. Il a ses glorieux a\u00een\u00e9s, ses valeurs sures\u00a0actuelles, et ses jeunes pousses prometteuses. Plus encore, il est une inspiration \u00e9vidente de tout un pan du cin\u00e9ma de fiction, belge et mondial, qui lui emprunte ses m\u00e9thodes, sa forme, ses lignes de force. Il est une &hellip;\" \/>\n<meta property=\"og:url\" content=\"https:\/\/w-l-c.be\/fr\/etre-documentariste-aujourdhui-belgique\/\" \/>\n<meta property=\"og:site_name\" content=\"w-l-c\" \/>\n<meta property=\"article:published_time\" content=\"2017-06-20T08:27:29+00:00\" \/>\n<meta property=\"article:modified_time\" content=\"2017-06-21T10:52:44+00:00\" \/>\n<meta property=\"og:image\" content=\"https:\/\/w-l-c.be\/wp-content\/uploads\/2017\/06\/65il-a-plu.jpg\" \/>\n\t<meta property=\"og:image:width\" content=\"640\" \/>\n\t<meta property=\"og:image:height\" content=\"360\" \/>\n\t<meta property=\"og:image:type\" content=\"image\/jpeg\" \/>\n<meta name=\"author\" content=\"Aurore Engelen\" \/>\n<meta name=\"twitter:card\" content=\"summary_large_image\" \/>\n<meta name=\"twitter:label1\" content=\"\u00c9crit par\" \/>\n\t<meta name=\"twitter:data1\" content=\"Aurore Engelen\" \/>\n\t<meta name=\"twitter:label2\" content=\"Dur\u00e9e de lecture estim\u00e9e\" \/>\n\t<meta name=\"twitter:data2\" content=\"7 minutes\" \/>\n<script type=\"application\/ld+json\" class=\"yoast-schema-graph\">{\"@context\":\"https:\/\/schema.org\",\"@graph\":[{\"@type\":\"WebPage\",\"@id\":\"https:\/\/w-l-c.be\/fr\/etre-documentariste-aujourdhui-belgique\/\",\"url\":\"https:\/\/w-l-c.be\/fr\/etre-documentariste-aujourdhui-belgique\/\",\"name\":\"Etre documentariste aujourd'hui en Belgique - w-l-c\",\"isPartOf\":{\"@id\":\"https:\/\/w-l-c.be\/fr\/#website\"},\"datePublished\":\"2017-06-20T08:27:29+00:00\",\"dateModified\":\"2017-06-21T10:52:44+00:00\",\"author\":{\"@id\":\"https:\/\/w-l-c.be\/fr\/#\/schema\/person\/8084b68c6b176142d073695c654dc7cf\"},\"breadcrumb\":{\"@id\":\"https:\/\/w-l-c.be\/fr\/etre-documentariste-aujourdhui-belgique\/#breadcrumb\"},\"inLanguage\":\"fr-FR\",\"potentialAction\":[{\"@type\":\"ReadAction\",\"target\":[\"https:\/\/w-l-c.be\/fr\/etre-documentariste-aujourdhui-belgique\/\"]}]},{\"@type\":\"BreadcrumbList\",\"@id\":\"https:\/\/w-l-c.be\/fr\/etre-documentariste-aujourdhui-belgique\/#breadcrumb\",\"itemListElement\":[{\"@type\":\"ListItem\",\"position\":1,\"name\":\"Accueil\",\"item\":\"https:\/\/w-l-c.be\/fr\/\"},{\"@type\":\"ListItem\",\"position\":2,\"name\":\"Etre documentariste aujourd&rsquo;hui en Belgique\"}]},{\"@type\":\"WebSite\",\"@id\":\"https:\/\/w-l-c.be\/fr\/#website\",\"url\":\"https:\/\/w-l-c.be\/fr\/\",\"name\":\"w-l-c\",\"description\":\"Le cin\u00e9ma vu par les belges\",\"potentialAction\":[{\"@type\":\"SearchAction\",\"target\":{\"@type\":\"EntryPoint\",\"urlTemplate\":\"https:\/\/w-l-c.be\/fr\/?s={search_term_string}\"},\"query-input\":\"required name=search_term_string\"}],\"inLanguage\":\"fr-FR\"},{\"@type\":\"Person\",\"@id\":\"https:\/\/w-l-c.be\/fr\/#\/schema\/person\/8084b68c6b176142d073695c654dc7cf\",\"name\":\"Aurore Engelen\",\"url\":\"https:\/\/w-l-c.be\/fr\/author\/aurore-engelen\/\"}]}<\/script>\n<!-- \/ Yoast SEO plugin. -->","yoast_head_json":{"title":"Etre documentariste aujourd'hui en Belgique - w-l-c","robots":{"index":"noindex","follow":"follow","max-snippet":"max-snippet:-1","max-image-preview":"max-image-preview:large","max-video-preview":"max-video-preview:-1"},"og_locale":"fr_FR","og_type":"article","og_title":"Etre documentariste aujourd'hui en Belgique - w-l-c","og_description":"Le cin\u00e9ma documentaire fait partie de l&rsquo;ADN du cin\u00e9ma belge. Il a ses glorieux a\u00een\u00e9s, ses valeurs sures\u00a0actuelles, et ses jeunes pousses prometteuses. Plus encore, il est une inspiration \u00e9vidente de tout un pan du cin\u00e9ma de fiction, belge et mondial, qui lui emprunte ses m\u00e9thodes, sa forme, ses lignes de force. Il est une &hellip;","og_url":"https:\/\/w-l-c.be\/fr\/etre-documentariste-aujourdhui-belgique\/","og_site_name":"w-l-c","article_published_time":"2017-06-20T08:27:29+00:00","article_modified_time":"2017-06-21T10:52:44+00:00","og_image":[{"width":640,"height":360,"url":"https:\/\/w-l-c.be\/wp-content\/uploads\/2017\/06\/65il-a-plu.jpg","type":"image\/jpeg"}],"author":"Aurore Engelen","twitter_card":"summary_large_image","twitter_misc":{"\u00c9crit par":"Aurore Engelen","Dur\u00e9e de lecture estim\u00e9e":"7 minutes"},"schema":{"@context":"https:\/\/schema.org","@graph":[{"@type":"WebPage","@id":"https:\/\/w-l-c.be\/fr\/etre-documentariste-aujourdhui-belgique\/","url":"https:\/\/w-l-c.be\/fr\/etre-documentariste-aujourdhui-belgique\/","name":"Etre documentariste aujourd'hui en Belgique - w-l-c","isPartOf":{"@id":"https:\/\/w-l-c.be\/fr\/#website"},"datePublished":"2017-06-20T08:27:29+00:00","dateModified":"2017-06-21T10:52:44+00:00","author":{"@id":"https:\/\/w-l-c.be\/fr\/#\/schema\/person\/8084b68c6b176142d073695c654dc7cf"},"breadcrumb":{"@id":"https:\/\/w-l-c.be\/fr\/etre-documentariste-aujourdhui-belgique\/#breadcrumb"},"inLanguage":"fr-FR","potentialAction":[{"@type":"ReadAction","target":["https:\/\/w-l-c.be\/fr\/etre-documentariste-aujourdhui-belgique\/"]}]},{"@type":"BreadcrumbList","@id":"https:\/\/w-l-c.be\/fr\/etre-documentariste-aujourdhui-belgique\/#breadcrumb","itemListElement":[{"@type":"ListItem","position":1,"name":"Accueil","item":"https:\/\/w-l-c.be\/fr\/"},{"@type":"ListItem","position":2,"name":"Etre documentariste aujourd&rsquo;hui en Belgique"}]},{"@type":"WebSite","@id":"https:\/\/w-l-c.be\/fr\/#website","url":"https:\/\/w-l-c.be\/fr\/","name":"w-l-c","description":"Le cin\u00e9ma vu par les belges","potentialAction":[{"@type":"SearchAction","target":{"@type":"EntryPoint","urlTemplate":"https:\/\/w-l-c.be\/fr\/?s={search_term_string}"},"query-input":"required name=search_term_string"}],"inLanguage":"fr-FR"},{"@type":"Person","@id":"https:\/\/w-l-c.be\/fr\/#\/schema\/person\/8084b68c6b176142d073695c654dc7cf","name":"Aurore Engelen","url":"https:\/\/w-l-c.be\/fr\/author\/aurore-engelen\/"}]}},"_links":{"self":[{"href":"https:\/\/w-l-c.be\/fr\/wp-json\/wp\/v2\/posts\/200856","targetHints":{"allow":["GET"]}}],"collection":[{"href":"https:\/\/w-l-c.be\/fr\/wp-json\/wp\/v2\/posts"}],"about":[{"href":"https:\/\/w-l-c.be\/fr\/wp-json\/wp\/v2\/types\/post"}],"author":[{"embeddable":true,"href":"https:\/\/w-l-c.be\/fr\/wp-json\/wp\/v2\/users\/343"}],"replies":[{"embeddable":true,"href":"https:\/\/w-l-c.be\/fr\/wp-json\/wp\/v2\/comments?post=200856"}],"version-history":[{"count":0,"href":"https:\/\/w-l-c.be\/fr\/wp-json\/wp\/v2\/posts\/200856\/revisions"}],"wp:featuredmedia":[{"embeddable":true,"href":"https:\/\/w-l-c.be\/fr\/wp-json\/wp\/v2\/media\/200864"}],"wp:attachment":[{"href":"https:\/\/w-l-c.be\/fr\/wp-json\/wp\/v2\/media?parent=200856"}],"wp:term":[{"taxonomy":"category","embeddable":true,"href":"https:\/\/w-l-c.be\/fr\/wp-json\/wp\/v2\/categories?post=200856"},{"taxonomy":"post_tag","embeddable":true,"href":"https:\/\/w-l-c.be\/fr\/wp-json\/wp\/v2\/tags?post=200856"}],"curies":[{"name":"wp","href":"https:\/\/api.w.org\/{rel}","templated":true}]}}