
{"id":201078,"date":"2017-06-29T10:22:11","date_gmt":"2017-06-29T08:22:11","guid":{"rendered":"http:\/\/www.cinevox.be\/?p=201078\/"},"modified":"2017-06-30T10:23:54","modified_gmt":"2017-06-30T08:23:54","slug":"nouvelles-series-belges-developpement","status":"publish","type":"post","link":"https:\/\/w-l-c.be\/fr\/nouvelles-series-belges-developpement\/","title":{"rendered":"Pilotes en vue: nouvelles s\u00e9ries belges en d\u00e9veloppement!"},"content":{"rendered":"<p><strong>Suite \u00e0 la derni\u00e8re session du Fonds FWB\/RTBF pour les s\u00e9ries belges, trois nouvelles s\u00e9ries entrent en deuxi\u00e8me phase de d\u00e9veloppement: <em>La Tchane, Social Killers<\/em> et <em>Warning<\/em>.<\/strong><\/p>\n<p>Alors que les premiers \u00e9pisodes d&rsquo;<em>Unit\u00e9 42<\/em> et <em>E-legal<\/em> devraient d\u00e9barquer sur nos \u00e9crans d&rsquo;ici la fin de l&rsquo;ann\u00e9e, que le tournage de la deuxi\u00e8me saison de <em>La Tr\u00eave<\/em> est actuellement en cours, et que le compte \u00e0 rebours a commenc\u00e9 pour celui d&rsquo;<em>Ennemi Public 2<\/em> (clap de d\u00e9but annonc\u00e9 pour l&rsquo;automne), le fonds de soutien conjoint de la RTBF et de la FWB annonce le d\u00e9veloppement de nouvelles s\u00e9ries.\u00a0Le Fonds\u00a0a donn\u00e9 son feu vert pour une deuxi\u00e8me phase de d\u00e9veloppement \u00e0 trois projets de s\u00e9ries t\u00e9l\u00e9vis\u00e9es 10 x 52 minutes, <em>La Tchane, Social Killers<\/em> et <em>Warning<\/em>, de m\u00eame que pour\u00a0le d\u00e9veloppement de la saison 2 d&rsquo;<em>Unit\u00e9 42<\/em>.<\/p>\n<p>Vous voulez en savoir un peu plus sur ces s\u00e9ries?<\/p>\n<h4><em>La Tchane<\/em> de J\u00e9r\u00e9mie Bidet et Kris Debusscher<\/h4>\n<p><em>La Tchane<\/em> est une \u201cdram\u00e9die\u201d feuilletonnante adapt\u00e9e de la s\u00e9rie flamande <em>Eigen Kweek<\/em>. L&rsquo;action se d\u00e9roule en Ardenne namuroise, dans le village de Mortroux et suit les aventures des Jambinet, une honn\u00eate famille de paysans wallons gentiment dysfonctionnelle et r\u00e9actionnaire qui d\u00e9cide de se lancer dans la culture ill\u00e9gale et \u00e0 grande \u00e9chelle de marijuana. Un croisement \u00e0 la belge entre <em>Breaking Bad<\/em> et <em>Weeds<\/em>? A voir! La s\u00e9rie est produite par\u00a0Entre Chien et Loup, \u00e0 qui l&rsquo;on doit notamment <em>Ennemi Public<\/em>.<\/p>\n<h4><em>Social Killers<\/em> de Fran\u00e7ois Verjans et Sylvain Da\u00ef<\/h4>\n<p>C&rsquo;est dans le plus grand secret que Metallia, g\u00e9ant de l&rsquo;acier, pr\u00e9pare la fermeture de ses hauts fourneaux. Une fermeture qui sonne l&rsquo;arr\u00eat de la sid\u00e9rurgie dans toute une r\u00e9gion. 10 000 emplois sont menac\u00e9s, 10 000 familles condamn\u00e9es. Le jour m\u00eame, Eric, leader syndical, d\u00e9sesp\u00e9r\u00e9 par cette d\u00e9cision qu&rsquo;il combat depuis des ann\u00e9es et croyait avoir emp\u00each\u00e9e, se suicide. Les Films du Carr\u00e9 sont \u00e0 la manoeuvre.<\/p>\n<h4>Warning de Vincent Lannoo, J\u00e9r\u00f4me Colin et Vincent Tavier<\/h4>\n<p>Une \u00e9quipe de t\u00e9l\u00e9vision introduit une cam\u00e9ra l\u00e0 o\u00f9 le commun des mortels n&rsquo;est g\u00e9n\u00e9ralement pas admis : l&rsquo;univers paranormal de notre pays, qui n&rsquo;est plat qu&rsquo;en apparence&#8230; De Vincent Lannoo, on conna\u00eet les films, dont pour ne citer qu&rsquo;eux, <em>Strass<\/em> ou <em>Au nom du fils<\/em>, mais on sait moins qu&rsquo;il a r\u00e9cemment r\u00e9alis\u00e9 une ambitieuse s\u00e9rie pour Arte, <em>Trepalium<\/em>. Il a \u00e9galement r\u00e9alis\u00e9 le pilote de l&rsquo;une des prochaines s\u00e9ries du Fonds, <em>Comme les autres<\/em>. Les t\u00e9l\u00e9spectateurs et auditeurs de la RTBF connaissent bien J\u00e9r\u00f4me Colin (<em>Hep Taxi, Entrez sans frapper<\/em>). Si ce dernier a d\u00e9j\u00e0 un peu touch\u00e9 au cin\u00e9ma (<em>Hitler \u00e0 Hollywood, Kill Me Please<\/em>), et qu&rsquo;il a publi\u00e9 un roman en 2015 (<em>Evitez les p\u00e9ages<\/em>), c&rsquo;est une premi\u00e8re c\u00f4t\u00e9\u00a0s\u00e9ries. Enfin, Vincent Tavier, l&rsquo;un des cr\u00e9ateurs aux manettes de <em>C&rsquo;est arriv\u00e9 pr\u00e8s de chez vous<\/em>, tr\u00e8s actif dans la production belge ces derni\u00e8res ann\u00e9es, a \u00e9galement co-\u00e9crit des films\u00a0comme <em>Panique au village<\/em> ou <em>Alleluia<\/em>. On l&rsquo;a vu r\u00e9cemment dans <em>Dode Hoek<\/em>. <em>Warning<\/em> sera produit par Need Productions.<\/p>\n<p>&nbsp;<\/p>\n<p><img loading=\"lazy\" decoding=\"async\" class=\"alignnone size-full wp-image-201084\" src=\"http:\/\/www.cinevox.be\/wp-content\/uploads\/2017\/06\/Unite-42.jpg\" alt=\"Unite 42\" width=\"624\" height=\"351\" srcset=\"https:\/\/w-l-c.be\/wp-content\/uploads\/2017\/06\/Unite-42.jpg 624w, https:\/\/w-l-c.be\/wp-content\/uploads\/2017\/06\/Unite-42-200x113.jpg 200w, https:\/\/w-l-c.be\/wp-content\/uploads\/2017\/06\/Unite-42-480x270.jpg 480w\" sizes=\"auto, (max-width: 624px) 100vw, 624px\" \/><\/p>\n<h4><em>Unit\u00e9 42 (saison 2)<\/em> de Charlotte Joulia, Xavier Vair\u00e9, Daphnis Boelens, Julie Bertrand et Vincent Guillemot<\/h4>\n<p>L&rsquo;unit\u00e9 42 est charg\u00e9e de lutter contre la cybercriminalit\u00e9. A sa t\u00eate, Samuel Leroy, \u00e9paul\u00e9 par Billie Vebber, un duo que tout semble opposer : Sam, un flic tout juste transf\u00e9r\u00e9 de la section anti-banditisme, p\u00e8re de famille, veuf, et peu \u00e0 l&rsquo;aise avec les nouvelles technologies et Billie, une jeune \u201cgeek\u201d f\u00e9rue d&rsquo;informatique, polici\u00e8re au temp\u00e9rament bagarreur et ex-hackeuse au pass\u00e9 trouble. Tous deux vont devoir collaborer et apprendre \u00e0 se conna\u00eetre pour r\u00e9soudre, avec le concours de leur \u00e9quipe Bob Franck et Nassim Khaoulani, des affaires criminelles dans le monde virtuel mais \u00e9galement sur le terrain. Comme la premi\u00e8re saison, la deuxi\u00e8me saison sera produite pas Left Field Ventures.<\/p>\n<p>&nbsp;<\/p>\n","protected":false},"excerpt":{"rendered":"<p>Suite \u00e0 la derni\u00e8re session du Fonds FWB\/RTBF pour les s\u00e9ries belges, trois nouvelles s\u00e9ries entrent en deuxi\u00e8me phase de d\u00e9veloppement: La Tchane, Social Killers et Warning. Alors que les premiers \u00e9pisodes d&rsquo;Unit\u00e9 42 et E-legal devraient d\u00e9barquer sur nos \u00e9crans d&rsquo;ici la fin de l&rsquo;ann\u00e9e, que le tournage de la deuxi\u00e8me saison de La &hellip;<\/p>\n","protected":false},"author":343,"featured_media":201083,"comment_status":"closed","ping_status":"closed","sticky":false,"template":"","format":"standard","meta":{"ngg_post_thumbnail":0,"footnotes":""},"categories":[14],"tags":[2231,2233,2230,2232],"class_list":["post-201078","post","type-post","status-publish","format-standard","has-post-thumbnail","","category-home-cinema","tag-la-tchane","tag-social-killers","tag-unite-42","tag-warning"],"yoast_head":"<!-- This site is optimized with the Yoast SEO plugin v20.4 - https:\/\/yoast.com\/wordpress\/plugins\/seo\/ -->\n<title>Pilotes en vue: nouvelles s\u00e9ries belges en d\u00e9veloppement! - w-l-c<\/title>\n<meta name=\"robots\" content=\"noindex, follow, max-snippet:-1, max-image-preview:large, max-video-preview:-1\" \/>\n<meta property=\"og:locale\" content=\"fr_FR\" \/>\n<meta property=\"og:type\" content=\"article\" \/>\n<meta property=\"og:title\" content=\"Pilotes en vue: nouvelles s\u00e9ries belges en d\u00e9veloppement! - w-l-c\" \/>\n<meta property=\"og:description\" content=\"Suite \u00e0 la derni\u00e8re session du Fonds FWB\/RTBF pour les s\u00e9ries belges, trois nouvelles s\u00e9ries entrent en deuxi\u00e8me phase de d\u00e9veloppement: La Tchane, Social Killers et Warning. Alors que les premiers \u00e9pisodes d&rsquo;Unit\u00e9 42 et E-legal devraient d\u00e9barquer sur nos \u00e9crans d&rsquo;ici la fin de l&rsquo;ann\u00e9e, que le tournage de la deuxi\u00e8me saison de La &hellip;\" \/>\n<meta property=\"og:url\" content=\"https:\/\/w-l-c.be\/fr\/nouvelles-series-belges-developpement\/\" \/>\n<meta property=\"og:site_name\" content=\"w-l-c\" \/>\n<meta property=\"article:published_time\" content=\"2017-06-29T08:22:11+00:00\" \/>\n<meta property=\"article:modified_time\" content=\"2017-06-30T08:23:54+00:00\" \/>\n<meta property=\"og:image\" content=\"https:\/\/w-l-c.be\/wp-content\/uploads\/2017\/06\/Unite-42-bis.jpg\" \/>\n\t<meta property=\"og:image:width\" content=\"1200\" \/>\n\t<meta property=\"og:image:height\" content=\"800\" \/>\n\t<meta property=\"og:image:type\" content=\"image\/jpeg\" \/>\n<meta name=\"author\" content=\"Aurore Engelen\" \/>\n<meta name=\"twitter:card\" content=\"summary_large_image\" \/>\n<meta name=\"twitter:label1\" content=\"\u00c9crit par\" \/>\n\t<meta name=\"twitter:data1\" content=\"Aurore Engelen\" \/>\n\t<meta name=\"twitter:label2\" content=\"Dur\u00e9e de lecture estim\u00e9e\" \/>\n\t<meta name=\"twitter:data2\" content=\"3 minutes\" \/>\n<script type=\"application\/ld+json\" class=\"yoast-schema-graph\">{\"@context\":\"https:\/\/schema.org\",\"@graph\":[{\"@type\":\"WebPage\",\"@id\":\"https:\/\/w-l-c.be\/fr\/nouvelles-series-belges-developpement\/\",\"url\":\"https:\/\/w-l-c.be\/fr\/nouvelles-series-belges-developpement\/\",\"name\":\"Pilotes en vue: nouvelles s\u00e9ries belges en d\u00e9veloppement! - w-l-c\",\"isPartOf\":{\"@id\":\"https:\/\/w-l-c.be\/fr\/#website\"},\"datePublished\":\"2017-06-29T08:22:11+00:00\",\"dateModified\":\"2017-06-30T08:23:54+00:00\",\"author\":{\"@id\":\"https:\/\/w-l-c.be\/fr\/#\/schema\/person\/8084b68c6b176142d073695c654dc7cf\"},\"breadcrumb\":{\"@id\":\"https:\/\/w-l-c.be\/fr\/nouvelles-series-belges-developpement\/#breadcrumb\"},\"inLanguage\":\"fr-FR\",\"potentialAction\":[{\"@type\":\"ReadAction\",\"target\":[\"https:\/\/w-l-c.be\/fr\/nouvelles-series-belges-developpement\/\"]}]},{\"@type\":\"BreadcrumbList\",\"@id\":\"https:\/\/w-l-c.be\/fr\/nouvelles-series-belges-developpement\/#breadcrumb\",\"itemListElement\":[{\"@type\":\"ListItem\",\"position\":1,\"name\":\"Accueil\",\"item\":\"https:\/\/w-l-c.be\/fr\/\"},{\"@type\":\"ListItem\",\"position\":2,\"name\":\"Pilotes en vue: nouvelles s\u00e9ries belges en d\u00e9veloppement!\"}]},{\"@type\":\"WebSite\",\"@id\":\"https:\/\/w-l-c.be\/fr\/#website\",\"url\":\"https:\/\/w-l-c.be\/fr\/\",\"name\":\"w-l-c\",\"description\":\"Le cin\u00e9ma vu par les belges\",\"potentialAction\":[{\"@type\":\"SearchAction\",\"target\":{\"@type\":\"EntryPoint\",\"urlTemplate\":\"https:\/\/w-l-c.be\/fr\/?s={search_term_string}\"},\"query-input\":\"required name=search_term_string\"}],\"inLanguage\":\"fr-FR\"},{\"@type\":\"Person\",\"@id\":\"https:\/\/w-l-c.be\/fr\/#\/schema\/person\/8084b68c6b176142d073695c654dc7cf\",\"name\":\"Aurore Engelen\",\"url\":\"https:\/\/w-l-c.be\/fr\/author\/aurore-engelen\/\"}]}<\/script>\n<!-- \/ Yoast SEO plugin. -->","yoast_head_json":{"title":"Pilotes en vue: nouvelles s\u00e9ries belges en d\u00e9veloppement! - w-l-c","robots":{"index":"noindex","follow":"follow","max-snippet":"max-snippet:-1","max-image-preview":"max-image-preview:large","max-video-preview":"max-video-preview:-1"},"og_locale":"fr_FR","og_type":"article","og_title":"Pilotes en vue: nouvelles s\u00e9ries belges en d\u00e9veloppement! - w-l-c","og_description":"Suite \u00e0 la derni\u00e8re session du Fonds FWB\/RTBF pour les s\u00e9ries belges, trois nouvelles s\u00e9ries entrent en deuxi\u00e8me phase de d\u00e9veloppement: La Tchane, Social Killers et Warning. Alors que les premiers \u00e9pisodes d&rsquo;Unit\u00e9 42 et E-legal devraient d\u00e9barquer sur nos \u00e9crans d&rsquo;ici la fin de l&rsquo;ann\u00e9e, que le tournage de la deuxi\u00e8me saison de La &hellip;","og_url":"https:\/\/w-l-c.be\/fr\/nouvelles-series-belges-developpement\/","og_site_name":"w-l-c","article_published_time":"2017-06-29T08:22:11+00:00","article_modified_time":"2017-06-30T08:23:54+00:00","og_image":[{"width":1200,"height":800,"url":"https:\/\/w-l-c.be\/wp-content\/uploads\/2017\/06\/Unite-42-bis.jpg","type":"image\/jpeg"}],"author":"Aurore Engelen","twitter_card":"summary_large_image","twitter_misc":{"\u00c9crit par":"Aurore Engelen","Dur\u00e9e de lecture estim\u00e9e":"3 minutes"},"schema":{"@context":"https:\/\/schema.org","@graph":[{"@type":"WebPage","@id":"https:\/\/w-l-c.be\/fr\/nouvelles-series-belges-developpement\/","url":"https:\/\/w-l-c.be\/fr\/nouvelles-series-belges-developpement\/","name":"Pilotes en vue: nouvelles s\u00e9ries belges en d\u00e9veloppement! - w-l-c","isPartOf":{"@id":"https:\/\/w-l-c.be\/fr\/#website"},"datePublished":"2017-06-29T08:22:11+00:00","dateModified":"2017-06-30T08:23:54+00:00","author":{"@id":"https:\/\/w-l-c.be\/fr\/#\/schema\/person\/8084b68c6b176142d073695c654dc7cf"},"breadcrumb":{"@id":"https:\/\/w-l-c.be\/fr\/nouvelles-series-belges-developpement\/#breadcrumb"},"inLanguage":"fr-FR","potentialAction":[{"@type":"ReadAction","target":["https:\/\/w-l-c.be\/fr\/nouvelles-series-belges-developpement\/"]}]},{"@type":"BreadcrumbList","@id":"https:\/\/w-l-c.be\/fr\/nouvelles-series-belges-developpement\/#breadcrumb","itemListElement":[{"@type":"ListItem","position":1,"name":"Accueil","item":"https:\/\/w-l-c.be\/fr\/"},{"@type":"ListItem","position":2,"name":"Pilotes en vue: nouvelles s\u00e9ries belges en d\u00e9veloppement!"}]},{"@type":"WebSite","@id":"https:\/\/w-l-c.be\/fr\/#website","url":"https:\/\/w-l-c.be\/fr\/","name":"w-l-c","description":"Le cin\u00e9ma vu par les belges","potentialAction":[{"@type":"SearchAction","target":{"@type":"EntryPoint","urlTemplate":"https:\/\/w-l-c.be\/fr\/?s={search_term_string}"},"query-input":"required name=search_term_string"}],"inLanguage":"fr-FR"},{"@type":"Person","@id":"https:\/\/w-l-c.be\/fr\/#\/schema\/person\/8084b68c6b176142d073695c654dc7cf","name":"Aurore Engelen","url":"https:\/\/w-l-c.be\/fr\/author\/aurore-engelen\/"}]}},"_links":{"self":[{"href":"https:\/\/w-l-c.be\/fr\/wp-json\/wp\/v2\/posts\/201078","targetHints":{"allow":["GET"]}}],"collection":[{"href":"https:\/\/w-l-c.be\/fr\/wp-json\/wp\/v2\/posts"}],"about":[{"href":"https:\/\/w-l-c.be\/fr\/wp-json\/wp\/v2\/types\/post"}],"author":[{"embeddable":true,"href":"https:\/\/w-l-c.be\/fr\/wp-json\/wp\/v2\/users\/343"}],"replies":[{"embeddable":true,"href":"https:\/\/w-l-c.be\/fr\/wp-json\/wp\/v2\/comments?post=201078"}],"version-history":[{"count":0,"href":"https:\/\/w-l-c.be\/fr\/wp-json\/wp\/v2\/posts\/201078\/revisions"}],"wp:featuredmedia":[{"embeddable":true,"href":"https:\/\/w-l-c.be\/fr\/wp-json\/wp\/v2\/media\/201083"}],"wp:attachment":[{"href":"https:\/\/w-l-c.be\/fr\/wp-json\/wp\/v2\/media?parent=201078"}],"wp:term":[{"taxonomy":"category","embeddable":true,"href":"https:\/\/w-l-c.be\/fr\/wp-json\/wp\/v2\/categories?post=201078"},{"taxonomy":"post_tag","embeddable":true,"href":"https:\/\/w-l-c.be\/fr\/wp-json\/wp\/v2\/tags?post=201078"}],"curies":[{"name":"wp","href":"https:\/\/api.w.org\/{rel}","templated":true}]}}