
{"id":201819,"date":"2017-08-02T09:58:17","date_gmt":"2017-08-02T07:58:17","guid":{"rendered":"http:\/\/www.cinevox.be\/?p=201819\/"},"modified":"2017-08-04T08:29:14","modified_gmt":"2017-08-04T06:29:14","slug":"partie-jury-cinevox-lors-prochain-festival-de-namur","status":"publish","type":"post","link":"https:\/\/w-l-c.be\/fr\/partie-jury-cinevox-lors-prochain-festival-de-namur\/","title":{"rendered":"Faites partie du Jury Cinevox lors du prochain Festival de Namur!"},"content":{"rendered":"<p class=\"p1\"><b><\/b><strong><span class=\"s1\">Vous \u00eates passionn\u00e9-e de cin\u00e9ma? Ca tombe bien, nous aussi! Nous vous proposons de faire partie du Jury Cinevox, lors du prochain Festival de Namur, qui se tiendra du\u00a0<\/span><span class=\"s1\">29 septembre au 6 octobre 2017.<\/span><\/strong><\/p>\n<p class=\"p3\"><span class=\"s1\">Pour la 6<\/span><span class=\"s2\"><sup>\u00e8me<\/sup><\/span><span class=\"s1\">\u00a0ann\u00e9e cons\u00e9cutive, un Jury Cinevox \u2013 compos\u00e9 de quatre passionn\u00e9s de cin\u00e9ma &#8211; d\u00e9cerne un prix tr\u00e8s sp\u00e9cial au meilleur long m\u00e9trage belge francophone in\u00e9dit projet\u00e9 au FIFF.\u00a0 <\/span><\/p>\n<h4 class=\"p3\">Le Prix Cinevox<\/h4>\n<p class=\"p3\"><span class=\"s1\">Le Prix Cinevox est attribu\u00e9 depuis 2011 \u00e0 un long m\u00e9trage belge programm\u00e9 dans le cadre des sections Comp\u00e9tition officielle\/ Comp\u00e9tition 1<\/span><span class=\"s2\"><sup>\u00e8re<\/sup><\/span><span class=\"s1\">\u00a0\u0153uvre de fiction\/ Regards du pr\u00e9sent. Vous aurez l&rsquo;honneur et la responsabilit\u00e9 de d\u00e9signer le successeur des pr\u00e9c\u00e9dents Prix Cinevox:<\/span><\/p>\n<ul>\n<li class=\"p3\">2016: <a href=\"http:\/\/www.cinevox.be\/fr\/et-le-prix-cinevox-2016-revient-a\/\"><em><strong>Noces<\/strong><\/em><\/a> de Stephan Streker<\/li>\n<li class=\"p3\">2015: <a href=\"http:\/\/www.cinevox.be\/fr\/je-me-tue-a-le-dire-terriblement-noir-follement-gonfle-horriblement-drole\/\"><em><strong>Je me tue \u00e0 le dire<\/strong><\/em><\/a> de Xavier Seron<\/li>\n<li class=\"p3\">2014: <a href=\"http:\/\/www.cinevox.be\/fr\/melody-bord-de-meres\/\"><em><strong>Melody<\/strong><\/em><\/a> de Bernard Bellefroid<\/li>\n<li class=\"p3\">2013: <a href=\"http:\/\/www.cinevox.be\/fr\/prix-cinevox-au-fiff-belle-surprise-yam-dam\/\"><em><strong>Yam Dam<\/strong><\/em><\/a> de Vivian Gofette<\/li>\n<li class=\"p3\">2012: <a href=\"http:\/\/www.cinevox.be\/fr\/hors-les-murs-remporte-le-prix-cinevox-2012\/\"><em><strong>Hors les murs<\/strong><\/em><\/a> de David Lambert<\/li>\n<\/ul>\n<h4 class=\"p3\"><span class=\"s1\"><b>Comment postuler\u00a0? <\/b><\/span><\/h4>\n<p class=\"p3\"><span class=\"s1\">Le cin\u00e9ma d&rsquo;ici vous int\u00e9resse\u00a0? Vous avez vu <i>Pr\u00e9judice, Je me tue \u00e0 le dire, Noces <\/i>ou encore<i>\u00a0La Fille inconnue ?<\/i>\u00a0Vous \u00eates capable de d\u00e9fendre un film bec et ongles devant d&rsquo;autres passionn\u00e9s? Alors, vous avez sans doute le profil pour int\u00e9grer le quatuor !<\/span><\/p>\n<p class=\"p3\"><span class=\"s1\"><img loading=\"lazy\" decoding=\"async\" class=\"alignnone size-large wp-image-201822\" src=\"http:\/\/www.cinevox.be\/wp-content\/uploads\/2017\/08\/JuryCInevox2016-800x533.jpg\" alt=\"JuryCInevox2016\" width=\"618\" height=\"412\" srcset=\"https:\/\/w-l-c.be\/wp-content\/uploads\/2017\/08\/JuryCInevox2016.jpg 800w, https:\/\/w-l-c.be\/wp-content\/uploads\/2017\/08\/JuryCInevox2016-405x270.jpg 405w, https:\/\/w-l-c.be\/wp-content\/uploads\/2017\/08\/JuryCInevox2016-768x512.jpg 768w\" sizes=\"auto, (max-width: 618px) 100vw, 618px\" \/><\/span><\/p>\n<p class=\"p3\"><span class=\"s1\">Pour pr\u00e9senter votre candidature, il vous suffit d\u2019avoir plus de 18 ans et de nous envoyer <\/span><span class=\"s3\"><b>votre critique d\u2019un film belge<\/b><\/span><span class=\"s1\"> francophone aux adresses <a href=\"mailto:redaction@cinevox.be\"><span class=\"s4\">redaction@cinevox.be<\/span><\/a>\u00a0et <a href=\"mailto:anais@fiff.be\"><span class=\"s4\">anais@fiff.be<\/span><\/a>\u00a0<\/span><span class=\"s3\"><b>avant le 23 ao\u00fbt<\/b><\/span><span class=\"s1\"> (objet : Jury Cinevox au FIFF). Expliquez-nous en une dizaine de lignes quel est le dernier film belge que vous avez beaucoup aim\u00e9 et pourquoi. Accompagnez cette critique d&rsquo;une courte pr\u00e9sentation personnelle et d&rsquo;une photo. Les quatre gagnants seront avertis personnellement fin ao\u00fbt. \u00a0<\/span><\/p>\n<p class=\"p3\"><span class=\"s1\">Pour faire partie de l&rsquo;aventure, nous vous demandons d\u2019\u00eatre disponibles durant le FIFF. Vous recevrez une accr\u00e9ditation vous permettant d\u2019assister \u00e0 TOUTES les projections.<\/span><\/p>\n<p class=\"p3\"><span class=\"s1\">Les heureux \u00e9lus seront pr\u00e9sent\u00e9s sur Cinevox ainsi que sur le site du FIFF. Ils deviendront des ambassadeurs de notre projet et remettront le prix au laur\u00e9at en pr\u00e9sence de nombreux professionnels.<\/span><\/p>\n<p class=\"p3\"><span class=\"s1\">Int\u00e9ress\u00e9-e? Alors, foncez sur vos claviers et offrez-nous votre plus pertinente r\u00e9flexion. Soyez original, amusant, surprenant, convaincant, unique\u00a0! Faites-vous plaisir et \u00e9patez-nous\u00a0! Nous attendons vos critiques avec beaucoup de curiosit\u00e9 et d&rsquo;impatience.<\/span><\/p>\n","protected":false},"excerpt":{"rendered":"<p>Vous \u00eates passionn\u00e9-e de cin\u00e9ma? Ca tombe bien, nous aussi! Nous vous proposons de faire partie du Jury Cinevox, lors du prochain Festival de Namur, qui se tiendra du\u00a029 septembre au 6 octobre 2017. Pour la 6\u00e8me\u00a0ann\u00e9e cons\u00e9cutive, un Jury Cinevox \u2013 compos\u00e9 de quatre passionn\u00e9s de cin\u00e9ma &#8211; d\u00e9cerne un prix tr\u00e8s sp\u00e9cial au &hellip;<\/p>\n","protected":false},"author":343,"featured_media":201821,"comment_status":"closed","ping_status":"closed","sticky":false,"template":"","format":"standard","meta":{"ngg_post_thumbnail":0,"footnotes":""},"categories":[12],"tags":[2100,2457],"class_list":["post-201819","post","type-post","status-publish","format-standard","has-post-thumbnail","","category-awards","tag-festival-de-namur","tag-prix-cinevox"],"yoast_head":"<!-- This site is optimized with the Yoast SEO plugin v20.4 - https:\/\/yoast.com\/wordpress\/plugins\/seo\/ -->\n<title>Faites partie du Jury Cinevox lors du prochain Festival de Namur! - w-l-c<\/title>\n<meta name=\"robots\" content=\"noindex, follow, max-snippet:-1, max-image-preview:large, max-video-preview:-1\" \/>\n<meta property=\"og:locale\" content=\"fr_FR\" \/>\n<meta property=\"og:type\" content=\"article\" \/>\n<meta property=\"og:title\" content=\"Faites partie du Jury Cinevox lors du prochain Festival de Namur! - w-l-c\" \/>\n<meta property=\"og:description\" content=\"Vous \u00eates passionn\u00e9-e de cin\u00e9ma? Ca tombe bien, nous aussi! Nous vous proposons de faire partie du Jury Cinevox, lors du prochain Festival de Namur, qui se tiendra du\u00a029 septembre au 6 octobre 2017. Pour la 6\u00e8me\u00a0ann\u00e9e cons\u00e9cutive, un Jury Cinevox \u2013 compos\u00e9 de quatre passionn\u00e9s de cin\u00e9ma &#8211; d\u00e9cerne un prix tr\u00e8s sp\u00e9cial au &hellip;\" \/>\n<meta property=\"og:url\" content=\"https:\/\/w-l-c.be\/fr\/partie-jury-cinevox-lors-prochain-festival-de-namur\/\" \/>\n<meta property=\"og:site_name\" content=\"w-l-c\" \/>\n<meta property=\"article:published_time\" content=\"2017-08-02T07:58:17+00:00\" \/>\n<meta property=\"article:modified_time\" content=\"2017-08-04T06:29:14+00:00\" \/>\n<meta property=\"og:image\" content=\"https:\/\/w-l-c.be\/wp-content\/uploads\/2017\/08\/JuryCinevox2015.jpg\" \/>\n\t<meta property=\"og:image:width\" content=\"959\" \/>\n\t<meta property=\"og:image:height\" content=\"640\" \/>\n\t<meta property=\"og:image:type\" content=\"image\/jpeg\" \/>\n<meta name=\"author\" content=\"Aurore Engelen\" \/>\n<meta name=\"twitter:card\" content=\"summary_large_image\" \/>\n<meta name=\"twitter:label1\" content=\"\u00c9crit par\" \/>\n\t<meta name=\"twitter:data1\" content=\"Aurore Engelen\" \/>\n\t<meta name=\"twitter:label2\" content=\"Dur\u00e9e de lecture estim\u00e9e\" \/>\n\t<meta name=\"twitter:data2\" content=\"2 minutes\" \/>\n<script type=\"application\/ld+json\" class=\"yoast-schema-graph\">{\"@context\":\"https:\/\/schema.org\",\"@graph\":[{\"@type\":\"WebPage\",\"@id\":\"https:\/\/w-l-c.be\/fr\/partie-jury-cinevox-lors-prochain-festival-de-namur\/\",\"url\":\"https:\/\/w-l-c.be\/fr\/partie-jury-cinevox-lors-prochain-festival-de-namur\/\",\"name\":\"Faites partie du Jury Cinevox lors du prochain Festival de Namur! - w-l-c\",\"isPartOf\":{\"@id\":\"https:\/\/w-l-c.be\/fr\/#website\"},\"datePublished\":\"2017-08-02T07:58:17+00:00\",\"dateModified\":\"2017-08-04T06:29:14+00:00\",\"author\":{\"@id\":\"https:\/\/w-l-c.be\/fr\/#\/schema\/person\/8084b68c6b176142d073695c654dc7cf\"},\"breadcrumb\":{\"@id\":\"https:\/\/w-l-c.be\/fr\/partie-jury-cinevox-lors-prochain-festival-de-namur\/#breadcrumb\"},\"inLanguage\":\"fr-FR\",\"potentialAction\":[{\"@type\":\"ReadAction\",\"target\":[\"https:\/\/w-l-c.be\/fr\/partie-jury-cinevox-lors-prochain-festival-de-namur\/\"]}]},{\"@type\":\"BreadcrumbList\",\"@id\":\"https:\/\/w-l-c.be\/fr\/partie-jury-cinevox-lors-prochain-festival-de-namur\/#breadcrumb\",\"itemListElement\":[{\"@type\":\"ListItem\",\"position\":1,\"name\":\"Accueil\",\"item\":\"https:\/\/w-l-c.be\/fr\/\"},{\"@type\":\"ListItem\",\"position\":2,\"name\":\"Faites partie du Jury Cinevox lors du prochain Festival de Namur!\"}]},{\"@type\":\"WebSite\",\"@id\":\"https:\/\/w-l-c.be\/fr\/#website\",\"url\":\"https:\/\/w-l-c.be\/fr\/\",\"name\":\"w-l-c\",\"description\":\"Le cin\u00e9ma vu par les belges\",\"potentialAction\":[{\"@type\":\"SearchAction\",\"target\":{\"@type\":\"EntryPoint\",\"urlTemplate\":\"https:\/\/w-l-c.be\/fr\/?s={search_term_string}\"},\"query-input\":\"required name=search_term_string\"}],\"inLanguage\":\"fr-FR\"},{\"@type\":\"Person\",\"@id\":\"https:\/\/w-l-c.be\/fr\/#\/schema\/person\/8084b68c6b176142d073695c654dc7cf\",\"name\":\"Aurore Engelen\",\"url\":\"https:\/\/w-l-c.be\/fr\/author\/aurore-engelen\/\"}]}<\/script>\n<!-- \/ Yoast SEO plugin. -->","yoast_head_json":{"title":"Faites partie du Jury Cinevox lors du prochain Festival de Namur! - w-l-c","robots":{"index":"noindex","follow":"follow","max-snippet":"max-snippet:-1","max-image-preview":"max-image-preview:large","max-video-preview":"max-video-preview:-1"},"og_locale":"fr_FR","og_type":"article","og_title":"Faites partie du Jury Cinevox lors du prochain Festival de Namur! - w-l-c","og_description":"Vous \u00eates passionn\u00e9-e de cin\u00e9ma? Ca tombe bien, nous aussi! Nous vous proposons de faire partie du Jury Cinevox, lors du prochain Festival de Namur, qui se tiendra du\u00a029 septembre au 6 octobre 2017. Pour la 6\u00e8me\u00a0ann\u00e9e cons\u00e9cutive, un Jury Cinevox \u2013 compos\u00e9 de quatre passionn\u00e9s de cin\u00e9ma &#8211; d\u00e9cerne un prix tr\u00e8s sp\u00e9cial au &hellip;","og_url":"https:\/\/w-l-c.be\/fr\/partie-jury-cinevox-lors-prochain-festival-de-namur\/","og_site_name":"w-l-c","article_published_time":"2017-08-02T07:58:17+00:00","article_modified_time":"2017-08-04T06:29:14+00:00","og_image":[{"width":959,"height":640,"url":"https:\/\/w-l-c.be\/wp-content\/uploads\/2017\/08\/JuryCinevox2015.jpg","type":"image\/jpeg"}],"author":"Aurore Engelen","twitter_card":"summary_large_image","twitter_misc":{"\u00c9crit par":"Aurore Engelen","Dur\u00e9e de lecture estim\u00e9e":"2 minutes"},"schema":{"@context":"https:\/\/schema.org","@graph":[{"@type":"WebPage","@id":"https:\/\/w-l-c.be\/fr\/partie-jury-cinevox-lors-prochain-festival-de-namur\/","url":"https:\/\/w-l-c.be\/fr\/partie-jury-cinevox-lors-prochain-festival-de-namur\/","name":"Faites partie du Jury Cinevox lors du prochain Festival de Namur! - w-l-c","isPartOf":{"@id":"https:\/\/w-l-c.be\/fr\/#website"},"datePublished":"2017-08-02T07:58:17+00:00","dateModified":"2017-08-04T06:29:14+00:00","author":{"@id":"https:\/\/w-l-c.be\/fr\/#\/schema\/person\/8084b68c6b176142d073695c654dc7cf"},"breadcrumb":{"@id":"https:\/\/w-l-c.be\/fr\/partie-jury-cinevox-lors-prochain-festival-de-namur\/#breadcrumb"},"inLanguage":"fr-FR","potentialAction":[{"@type":"ReadAction","target":["https:\/\/w-l-c.be\/fr\/partie-jury-cinevox-lors-prochain-festival-de-namur\/"]}]},{"@type":"BreadcrumbList","@id":"https:\/\/w-l-c.be\/fr\/partie-jury-cinevox-lors-prochain-festival-de-namur\/#breadcrumb","itemListElement":[{"@type":"ListItem","position":1,"name":"Accueil","item":"https:\/\/w-l-c.be\/fr\/"},{"@type":"ListItem","position":2,"name":"Faites partie du Jury Cinevox lors du prochain Festival de Namur!"}]},{"@type":"WebSite","@id":"https:\/\/w-l-c.be\/fr\/#website","url":"https:\/\/w-l-c.be\/fr\/","name":"w-l-c","description":"Le cin\u00e9ma vu par les belges","potentialAction":[{"@type":"SearchAction","target":{"@type":"EntryPoint","urlTemplate":"https:\/\/w-l-c.be\/fr\/?s={search_term_string}"},"query-input":"required name=search_term_string"}],"inLanguage":"fr-FR"},{"@type":"Person","@id":"https:\/\/w-l-c.be\/fr\/#\/schema\/person\/8084b68c6b176142d073695c654dc7cf","name":"Aurore Engelen","url":"https:\/\/w-l-c.be\/fr\/author\/aurore-engelen\/"}]}},"_links":{"self":[{"href":"https:\/\/w-l-c.be\/fr\/wp-json\/wp\/v2\/posts\/201819","targetHints":{"allow":["GET"]}}],"collection":[{"href":"https:\/\/w-l-c.be\/fr\/wp-json\/wp\/v2\/posts"}],"about":[{"href":"https:\/\/w-l-c.be\/fr\/wp-json\/wp\/v2\/types\/post"}],"author":[{"embeddable":true,"href":"https:\/\/w-l-c.be\/fr\/wp-json\/wp\/v2\/users\/343"}],"replies":[{"embeddable":true,"href":"https:\/\/w-l-c.be\/fr\/wp-json\/wp\/v2\/comments?post=201819"}],"version-history":[{"count":0,"href":"https:\/\/w-l-c.be\/fr\/wp-json\/wp\/v2\/posts\/201819\/revisions"}],"wp:featuredmedia":[{"embeddable":true,"href":"https:\/\/w-l-c.be\/fr\/wp-json\/wp\/v2\/media\/201821"}],"wp:attachment":[{"href":"https:\/\/w-l-c.be\/fr\/wp-json\/wp\/v2\/media?parent=201819"}],"wp:term":[{"taxonomy":"category","embeddable":true,"href":"https:\/\/w-l-c.be\/fr\/wp-json\/wp\/v2\/categories?post=201819"},{"taxonomy":"post_tag","embeddable":true,"href":"https:\/\/w-l-c.be\/fr\/wp-json\/wp\/v2\/tags?post=201819"}],"curies":[{"name":"wp","href":"https:\/\/api.w.org\/{rel}","templated":true}]}}