
{"id":202034,"date":"2017-08-12T10:18:37","date_gmt":"2017-08-12T08:18:37","guid":{"rendered":"http:\/\/www.cinevox.be\/?p=202034\/"},"modified":"2017-11-27T09:19:06","modified_gmt":"2017-11-27T08:19:06","slug":"cinema-belge-moi-ep-19-thomas-doret","status":"publish","type":"post","link":"https:\/\/w-l-c.be\/fr\/cinema-belge-moi-ep-19-thomas-doret\/","title":{"rendered":"Le cin\u00e9ma belge et moi, \u00e9p.19: Thomas Doret"},"content":{"rendered":"<div id=\"action-panel-details\" class=\"action-panel-content yt-uix-expander yt-card yt-card-has-padding yt-uix-expander-collapsed\">\n<div id=\"watch-description\" class=\"yt-uix-button-panel\">\n<div id=\"watch-description-content\">\n<div id=\"watch-description-clip\">\n<div id=\"watch-description-text\" class=\"watch-editable\">\n<p id=\"eow-description\" class=\"\"><strong>Rencontre aujourd&rsquo;hui avec Thomas Doret, d\u00e9couvert dans \u00ab\u00a0Le Gamin au v\u00e9lo\u00a0\u00bb des fr\u00e8res Dardenne, et que l&rsquo;on a revu depuis dans films et s\u00e9ries, surtout en France. Il se partage aujourd&rsquo;hui entre sa passion du cin\u00e9ma, et ses \u00e9tudes de m\u00e9decine. Il revient pour nous sur son exp\u00e9rience aux Magritte, et ses coups de coeur en cin\u00e9ma belge.\u00a0<\/strong><\/p>\n<\/div>\n<div id=\"watch-description-extras\"><\/div>\n<\/div>\n<\/div>\n<\/div>\n<p>Toujours\u00a0dans le cadre de l\u2019op\u00e9ration 50\/50, nous avons rencontr\u00e9 les jeunes cin\u00e9astes et com\u00e9diens laur\u00e9ats et nomm\u00e9s des Magritte du cin\u00e9ma belge qui ont r\u00e9alis\u00e9 en f\u00e9vrier dernier les \u00ab\u00a0Cadavres Exquis\u00a0\u00bb que nous vous d\u00e9voilons depuis le mois de juin: ici, celui des\u00a0<a href=\"http:\/\/www.cinevox.be\/fr\/200357\/\"><em>Barons<\/em><\/a>, ici, celui de\u00a0<a href=\"http:\/\/www.cinevox.be\/fr\/201092\/\"><em>L\u2019Iceberg<\/em><\/a>. Comme aux r\u00e9alisateurs repris dans les 20 longs m\u00e9trages s\u00e9lectionn\u00e9s par la F\u00e9d\u00e9ration Wallonie-Bruxelles, nous leur avons demand\u00e9 comment ils d\u00e9finiraient aujourd\u2019hui le cin\u00e9ma belge, quels sont leurs meilleurs souvenirs de cin\u00e9ma belge, et \u00e9galement comment ils ont v\u00e9cu leur prix ou leur nomination aux Magritte.<\/p>\n<\/div>\n<div class=\"action-panel-content yt-uix-expander yt-card yt-card-has-padding yt-uix-expander-collapsed\"><\/div>\n<p><iframe loading=\"lazy\" title=\"Thomas Doret:  Les Magritte et moi\" width=\"618\" height=\"348\" src=\"https:\/\/www.youtube.com\/embed\/vvcgvnMLwrI?feature=oembed\" frameborder=\"0\" allow=\"accelerometer; autoplay; clipboard-write; encrypted-media; gyroscope; picture-in-picture; web-share\" referrerpolicy=\"strict-origin-when-cross-origin\" allowfullscreen><\/iframe><\/p>\n<p><iframe loading=\"lazy\" title=\"Thomas Doret: Mon cine\u0301ma belge\" width=\"618\" height=\"348\" src=\"https:\/\/www.youtube.com\/embed\/e2Mb9RQ5mCo?feature=oembed\" frameborder=\"0\" allow=\"accelerometer; autoplay; clipboard-write; encrypted-media; gyroscope; picture-in-picture; web-share\" referrerpolicy=\"strict-origin-when-cross-origin\" allowfullscreen><\/iframe><\/p>\n<p>&nbsp;<\/p>\n","protected":false},"excerpt":{"rendered":"<p>Rencontre aujourd&rsquo;hui avec Thomas Doret, d\u00e9couvert dans \u00ab\u00a0Le Gamin au v\u00e9lo\u00a0\u00bb des fr\u00e8res Dardenne, et que l&rsquo;on a revu depuis dans films et s\u00e9ries, surtout en France. Il se partage aujourd&rsquo;hui entre sa passion du cin\u00e9ma, et ses \u00e9tudes de m\u00e9decine. Il revient pour nous sur son exp\u00e9rience aux Magritte, et ses coups de coeur &hellip;<\/p>\n","protected":false},"author":343,"featured_media":202035,"comment_status":"closed","ping_status":"closed","sticky":false,"template":"","format":"standard","meta":{"ngg_post_thumbnail":0,"footnotes":""},"categories":[1978],"tags":[2054,828],"class_list":["post-202034","post","type-post","status-publish","format-standard","has-post-thumbnail","","category-interviews","tag-50cinquante","tag-thomas-doret"],"yoast_head":"<!-- This site is optimized with the Yoast SEO plugin v20.4 - https:\/\/yoast.com\/wordpress\/plugins\/seo\/ -->\n<title>Le cin\u00e9ma belge et moi, \u00e9p.19: Thomas Doret - w-l-c<\/title>\n<meta name=\"robots\" content=\"noindex, follow, max-snippet:-1, max-image-preview:large, max-video-preview:-1\" \/>\n<meta property=\"og:locale\" content=\"fr_FR\" \/>\n<meta property=\"og:type\" content=\"article\" \/>\n<meta property=\"og:title\" content=\"Le cin\u00e9ma belge et moi, \u00e9p.19: Thomas Doret - w-l-c\" \/>\n<meta property=\"og:description\" content=\"Rencontre aujourd&rsquo;hui avec Thomas Doret, d\u00e9couvert dans \u00ab\u00a0Le Gamin au v\u00e9lo\u00a0\u00bb des fr\u00e8res Dardenne, et que l&rsquo;on a revu depuis dans films et s\u00e9ries, surtout en France. Il se partage aujourd&rsquo;hui entre sa passion du cin\u00e9ma, et ses \u00e9tudes de m\u00e9decine. Il revient pour nous sur son exp\u00e9rience aux Magritte, et ses coups de coeur &hellip;\" \/>\n<meta property=\"og:url\" content=\"https:\/\/w-l-c.be\/fr\/cinema-belge-moi-ep-19-thomas-doret\/\" \/>\n<meta property=\"og:site_name\" content=\"w-l-c\" \/>\n<meta property=\"article:published_time\" content=\"2017-08-12T08:18:37+00:00\" \/>\n<meta property=\"article:modified_time\" content=\"2017-11-27T08:19:06+00:00\" \/>\n<meta property=\"og:image\" content=\"https:\/\/w-l-c.be\/wp-content\/uploads\/2017\/08\/Thomas-Doret-Cinevox.jpg\" \/>\n\t<meta property=\"og:image:width\" content=\"2754\" \/>\n\t<meta property=\"og:image:height\" content=\"1576\" \/>\n\t<meta property=\"og:image:type\" content=\"image\/jpeg\" \/>\n<meta name=\"author\" content=\"Aurore Engelen\" \/>\n<meta name=\"twitter:card\" content=\"summary_large_image\" \/>\n<meta name=\"twitter:label1\" content=\"\u00c9crit par\" \/>\n\t<meta name=\"twitter:data1\" content=\"Aurore Engelen\" \/>\n\t<meta name=\"twitter:label2\" content=\"Dur\u00e9e de lecture estim\u00e9e\" \/>\n\t<meta name=\"twitter:data2\" content=\"1 minute\" \/>\n<script type=\"application\/ld+json\" class=\"yoast-schema-graph\">{\"@context\":\"https:\/\/schema.org\",\"@graph\":[{\"@type\":\"WebPage\",\"@id\":\"https:\/\/w-l-c.be\/fr\/cinema-belge-moi-ep-19-thomas-doret\/\",\"url\":\"https:\/\/w-l-c.be\/fr\/cinema-belge-moi-ep-19-thomas-doret\/\",\"name\":\"Le cin\u00e9ma belge et moi, \u00e9p.19: Thomas Doret - w-l-c\",\"isPartOf\":{\"@id\":\"https:\/\/w-l-c.be\/fr\/#website\"},\"datePublished\":\"2017-08-12T08:18:37+00:00\",\"dateModified\":\"2017-11-27T08:19:06+00:00\",\"author\":{\"@id\":\"https:\/\/w-l-c.be\/fr\/#\/schema\/person\/8084b68c6b176142d073695c654dc7cf\"},\"breadcrumb\":{\"@id\":\"https:\/\/w-l-c.be\/fr\/cinema-belge-moi-ep-19-thomas-doret\/#breadcrumb\"},\"inLanguage\":\"fr-FR\",\"potentialAction\":[{\"@type\":\"ReadAction\",\"target\":[\"https:\/\/w-l-c.be\/fr\/cinema-belge-moi-ep-19-thomas-doret\/\"]}]},{\"@type\":\"BreadcrumbList\",\"@id\":\"https:\/\/w-l-c.be\/fr\/cinema-belge-moi-ep-19-thomas-doret\/#breadcrumb\",\"itemListElement\":[{\"@type\":\"ListItem\",\"position\":1,\"name\":\"Accueil\",\"item\":\"https:\/\/w-l-c.be\/fr\/\"},{\"@type\":\"ListItem\",\"position\":2,\"name\":\"Le cin\u00e9ma belge et moi, \u00e9p.19: Thomas Doret\"}]},{\"@type\":\"WebSite\",\"@id\":\"https:\/\/w-l-c.be\/fr\/#website\",\"url\":\"https:\/\/w-l-c.be\/fr\/\",\"name\":\"w-l-c\",\"description\":\"Le cin\u00e9ma vu par les belges\",\"potentialAction\":[{\"@type\":\"SearchAction\",\"target\":{\"@type\":\"EntryPoint\",\"urlTemplate\":\"https:\/\/w-l-c.be\/fr\/?s={search_term_string}\"},\"query-input\":\"required name=search_term_string\"}],\"inLanguage\":\"fr-FR\"},{\"@type\":\"Person\",\"@id\":\"https:\/\/w-l-c.be\/fr\/#\/schema\/person\/8084b68c6b176142d073695c654dc7cf\",\"name\":\"Aurore Engelen\",\"url\":\"https:\/\/w-l-c.be\/fr\/author\/aurore-engelen\/\"}]}<\/script>\n<!-- \/ Yoast SEO plugin. -->","yoast_head_json":{"title":"Le cin\u00e9ma belge et moi, \u00e9p.19: Thomas Doret - w-l-c","robots":{"index":"noindex","follow":"follow","max-snippet":"max-snippet:-1","max-image-preview":"max-image-preview:large","max-video-preview":"max-video-preview:-1"},"og_locale":"fr_FR","og_type":"article","og_title":"Le cin\u00e9ma belge et moi, \u00e9p.19: Thomas Doret - w-l-c","og_description":"Rencontre aujourd&rsquo;hui avec Thomas Doret, d\u00e9couvert dans \u00ab\u00a0Le Gamin au v\u00e9lo\u00a0\u00bb des fr\u00e8res Dardenne, et que l&rsquo;on a revu depuis dans films et s\u00e9ries, surtout en France. Il se partage aujourd&rsquo;hui entre sa passion du cin\u00e9ma, et ses \u00e9tudes de m\u00e9decine. Il revient pour nous sur son exp\u00e9rience aux Magritte, et ses coups de coeur &hellip;","og_url":"https:\/\/w-l-c.be\/fr\/cinema-belge-moi-ep-19-thomas-doret\/","og_site_name":"w-l-c","article_published_time":"2017-08-12T08:18:37+00:00","article_modified_time":"2017-11-27T08:19:06+00:00","og_image":[{"width":2754,"height":1576,"url":"https:\/\/w-l-c.be\/wp-content\/uploads\/2017\/08\/Thomas-Doret-Cinevox.jpg","type":"image\/jpeg"}],"author":"Aurore Engelen","twitter_card":"summary_large_image","twitter_misc":{"\u00c9crit par":"Aurore Engelen","Dur\u00e9e de lecture estim\u00e9e":"1 minute"},"schema":{"@context":"https:\/\/schema.org","@graph":[{"@type":"WebPage","@id":"https:\/\/w-l-c.be\/fr\/cinema-belge-moi-ep-19-thomas-doret\/","url":"https:\/\/w-l-c.be\/fr\/cinema-belge-moi-ep-19-thomas-doret\/","name":"Le cin\u00e9ma belge et moi, \u00e9p.19: Thomas Doret - w-l-c","isPartOf":{"@id":"https:\/\/w-l-c.be\/fr\/#website"},"datePublished":"2017-08-12T08:18:37+00:00","dateModified":"2017-11-27T08:19:06+00:00","author":{"@id":"https:\/\/w-l-c.be\/fr\/#\/schema\/person\/8084b68c6b176142d073695c654dc7cf"},"breadcrumb":{"@id":"https:\/\/w-l-c.be\/fr\/cinema-belge-moi-ep-19-thomas-doret\/#breadcrumb"},"inLanguage":"fr-FR","potentialAction":[{"@type":"ReadAction","target":["https:\/\/w-l-c.be\/fr\/cinema-belge-moi-ep-19-thomas-doret\/"]}]},{"@type":"BreadcrumbList","@id":"https:\/\/w-l-c.be\/fr\/cinema-belge-moi-ep-19-thomas-doret\/#breadcrumb","itemListElement":[{"@type":"ListItem","position":1,"name":"Accueil","item":"https:\/\/w-l-c.be\/fr\/"},{"@type":"ListItem","position":2,"name":"Le cin\u00e9ma belge et moi, \u00e9p.19: Thomas Doret"}]},{"@type":"WebSite","@id":"https:\/\/w-l-c.be\/fr\/#website","url":"https:\/\/w-l-c.be\/fr\/","name":"w-l-c","description":"Le cin\u00e9ma vu par les belges","potentialAction":[{"@type":"SearchAction","target":{"@type":"EntryPoint","urlTemplate":"https:\/\/w-l-c.be\/fr\/?s={search_term_string}"},"query-input":"required name=search_term_string"}],"inLanguage":"fr-FR"},{"@type":"Person","@id":"https:\/\/w-l-c.be\/fr\/#\/schema\/person\/8084b68c6b176142d073695c654dc7cf","name":"Aurore Engelen","url":"https:\/\/w-l-c.be\/fr\/author\/aurore-engelen\/"}]}},"_links":{"self":[{"href":"https:\/\/w-l-c.be\/fr\/wp-json\/wp\/v2\/posts\/202034","targetHints":{"allow":["GET"]}}],"collection":[{"href":"https:\/\/w-l-c.be\/fr\/wp-json\/wp\/v2\/posts"}],"about":[{"href":"https:\/\/w-l-c.be\/fr\/wp-json\/wp\/v2\/types\/post"}],"author":[{"embeddable":true,"href":"https:\/\/w-l-c.be\/fr\/wp-json\/wp\/v2\/users\/343"}],"replies":[{"embeddable":true,"href":"https:\/\/w-l-c.be\/fr\/wp-json\/wp\/v2\/comments?post=202034"}],"version-history":[{"count":0,"href":"https:\/\/w-l-c.be\/fr\/wp-json\/wp\/v2\/posts\/202034\/revisions"}],"wp:featuredmedia":[{"embeddable":true,"href":"https:\/\/w-l-c.be\/fr\/wp-json\/wp\/v2\/media\/202035"}],"wp:attachment":[{"href":"https:\/\/w-l-c.be\/fr\/wp-json\/wp\/v2\/media?parent=202034"}],"wp:term":[{"taxonomy":"category","embeddable":true,"href":"https:\/\/w-l-c.be\/fr\/wp-json\/wp\/v2\/categories?post=202034"},{"taxonomy":"post_tag","embeddable":true,"href":"https:\/\/w-l-c.be\/fr\/wp-json\/wp\/v2\/tags?post=202034"}],"curies":[{"name":"wp","href":"https:\/\/api.w.org\/{rel}","templated":true}]}}