
{"id":202054,"date":"2017-08-16T10:04:40","date_gmt":"2017-08-16T08:04:40","guid":{"rendered":"http:\/\/www.cinevox.be\/?p=202054\/"},"modified":"2017-08-18T09:17:29","modified_gmt":"2017-08-18T07:17:29","slug":"cinema-belge-moi-ep-20-picha","status":"publish","type":"post","link":"https:\/\/w-l-c.be\/fr\/cinema-belge-moi-ep-20-picha\/","title":{"rendered":"Le cin\u00e9ma belge et moi, \u00e9p.20: Picha"},"content":{"rendered":"<p><strong>Rendez-vous aujourd&rsquo;hui avec Picha, r\u00e9alisateur notamment du de la fable pr\u00e9historique compl\u00e8tement loufoque <em>Le Cha\u00eenon Manquant<\/em>, s\u00e9lectionn\u00e9e au Festival de Cannes, reprise dans la s\u00e9lection 50\/50. Il revient pour nous notamment sur\u00a0l&rsquo;\u00e9poque du <em>Cha\u00eenon Manquant<\/em>, et un pionnier du cin\u00e9ma belge, Emile Degelin.\u00a0<\/strong><\/p>\n<h4>Degelin, pionnier du cin\u00e9ma belge<\/h4>\n<p><iframe loading=\"lazy\" title=\"Picha:  Se souvenir d\u2019Emile Degelin\" width=\"618\" height=\"348\" src=\"https:\/\/www.youtube.com\/embed\/PZw9R6X0A6c?feature=oembed\" frameborder=\"0\" allow=\"accelerometer; autoplay; clipboard-write; encrypted-media; gyroscope; picture-in-picture; web-share\" referrerpolicy=\"strict-origin-when-cross-origin\" allowfullscreen><\/iframe><\/p>\n<h4><em>C&rsquo;est arriv\u00e9 pr\u00e8s de chez vous<\/em>, impertinent \u00e0 crever<\/h4>\n<p><iframe loading=\"lazy\" title=\"Picha: \u00ab C\u2019est arrive\u0301 \u00bb  le choc\" width=\"618\" height=\"348\" src=\"https:\/\/www.youtube.com\/embed\/yjMdBbasK0s?feature=oembed\" frameborder=\"0\" allow=\"accelerometer; autoplay; clipboard-write; encrypted-media; gyroscope; picture-in-picture; web-share\" referrerpolicy=\"strict-origin-when-cross-origin\" allowfullscreen><\/iframe><\/p>\n<h4>L&rsquo;\u00e9clectisme du cin\u00e9ma belge<\/h4>\n<p><iframe loading=\"lazy\" title=\"Picha:  Des maisons toutes diffe\u0301rentes\" width=\"618\" height=\"348\" src=\"https:\/\/www.youtube.com\/embed\/aoubQbfZT6A?feature=oembed\" frameborder=\"0\" allow=\"accelerometer; autoplay; clipboard-write; encrypted-media; gyroscope; picture-in-picture; web-share\" referrerpolicy=\"strict-origin-when-cross-origin\" allowfullscreen><\/iframe><\/p>\n<h4>A Cannes avec <em>Le Cha\u00eenon Manquant<\/em><\/h4>\n<p><iframe loading=\"lazy\" title=\"Picha:  Repre\u0301senter mon pays avec mon film a\u0300 la con\" width=\"618\" height=\"348\" src=\"https:\/\/www.youtube.com\/embed\/xYQ9RbA0yXQ?feature=oembed\" frameborder=\"0\" allow=\"accelerometer; autoplay; clipboard-write; encrypted-media; gyroscope; picture-in-picture; web-share\" referrerpolicy=\"strict-origin-when-cross-origin\" allowfullscreen><\/iframe><\/p>\n<h4>De Zagreb \u00e0 Bruxelles<\/h4>\n<p><iframe loading=\"lazy\" title=\"Picha:  Rapatrier la pellicule!\" width=\"618\" height=\"348\" src=\"https:\/\/www.youtube.com\/embed\/kDogN1rQHDU?feature=oembed\" frameborder=\"0\" allow=\"accelerometer; autoplay; clipboard-write; encrypted-media; gyroscope; picture-in-picture; web-share\" referrerpolicy=\"strict-origin-when-cross-origin\" allowfullscreen><\/iframe><\/p>\n","protected":false},"excerpt":{"rendered":"<p>Rendez-vous aujourd&rsquo;hui avec Picha, r\u00e9alisateur notamment du de la fable pr\u00e9historique compl\u00e8tement loufoque Le Cha\u00eenon Manquant, s\u00e9lectionn\u00e9e au Festival de Cannes, reprise dans la s\u00e9lection 50\/50. Il revient pour nous notamment sur\u00a0l&rsquo;\u00e9poque du Cha\u00eenon Manquant, et un pionnier du cin\u00e9ma belge, Emile Degelin.\u00a0 Degelin, pionnier du cin\u00e9ma belge C&rsquo;est arriv\u00e9 pr\u00e8s de chez vous, impertinent &hellip;<\/p>\n","protected":false},"author":343,"featured_media":202055,"comment_status":"closed","ping_status":"closed","sticky":false,"template":"","format":"standard","meta":{"ngg_post_thumbnail":0,"footnotes":""},"categories":[1978],"tags":[2054,2464],"class_list":["post-202054","post","type-post","status-publish","format-standard","has-post-thumbnail","","category-interviews","tag-50cinquante","tag-picha"],"yoast_head":"<!-- This site is optimized with the Yoast SEO plugin v20.4 - https:\/\/yoast.com\/wordpress\/plugins\/seo\/ -->\n<title>Le cin\u00e9ma belge et moi, \u00e9p.20: Picha - w-l-c<\/title>\n<meta name=\"robots\" content=\"noindex, follow, max-snippet:-1, max-image-preview:large, max-video-preview:-1\" \/>\n<meta property=\"og:locale\" content=\"fr_FR\" \/>\n<meta property=\"og:type\" content=\"article\" \/>\n<meta property=\"og:title\" content=\"Le cin\u00e9ma belge et moi, \u00e9p.20: Picha - w-l-c\" \/>\n<meta property=\"og:description\" content=\"Rendez-vous aujourd&rsquo;hui avec Picha, r\u00e9alisateur notamment du de la fable pr\u00e9historique compl\u00e8tement loufoque Le Cha\u00eenon Manquant, s\u00e9lectionn\u00e9e au Festival de Cannes, reprise dans la s\u00e9lection 50\/50. Il revient pour nous notamment sur\u00a0l&rsquo;\u00e9poque du Cha\u00eenon Manquant, et un pionnier du cin\u00e9ma belge, Emile Degelin.\u00a0 Degelin, pionnier du cin\u00e9ma belge C&rsquo;est arriv\u00e9 pr\u00e8s de chez vous, impertinent &hellip;\" \/>\n<meta property=\"og:url\" content=\"https:\/\/w-l-c.be\/fr\/cinema-belge-moi-ep-20-picha\/\" \/>\n<meta property=\"og:site_name\" content=\"w-l-c\" \/>\n<meta property=\"article:published_time\" content=\"2017-08-16T08:04:40+00:00\" \/>\n<meta property=\"article:modified_time\" content=\"2017-08-18T07:17:29+00:00\" \/>\n<meta property=\"og:image\" content=\"https:\/\/w-l-c.be\/wp-content\/uploads\/2017\/08\/Picha-Cinevox.jpg\" \/>\n\t<meta property=\"og:image:width\" content=\"1786\" \/>\n\t<meta property=\"og:image:height\" content=\"992\" \/>\n\t<meta property=\"og:image:type\" content=\"image\/jpeg\" \/>\n<meta name=\"author\" content=\"Aurore Engelen\" \/>\n<meta name=\"twitter:card\" content=\"summary_large_image\" \/>\n<meta name=\"twitter:label1\" content=\"\u00c9crit par\" \/>\n\t<meta name=\"twitter:data1\" content=\"Aurore Engelen\" \/>\n\t<meta name=\"twitter:label2\" content=\"Dur\u00e9e de lecture estim\u00e9e\" \/>\n\t<meta name=\"twitter:data2\" content=\"1 minute\" \/>\n<script type=\"application\/ld+json\" class=\"yoast-schema-graph\">{\"@context\":\"https:\/\/schema.org\",\"@graph\":[{\"@type\":\"WebPage\",\"@id\":\"https:\/\/w-l-c.be\/fr\/cinema-belge-moi-ep-20-picha\/\",\"url\":\"https:\/\/w-l-c.be\/fr\/cinema-belge-moi-ep-20-picha\/\",\"name\":\"Le cin\u00e9ma belge et moi, \u00e9p.20: Picha - w-l-c\",\"isPartOf\":{\"@id\":\"https:\/\/w-l-c.be\/fr\/#website\"},\"datePublished\":\"2017-08-16T08:04:40+00:00\",\"dateModified\":\"2017-08-18T07:17:29+00:00\",\"author\":{\"@id\":\"https:\/\/w-l-c.be\/fr\/#\/schema\/person\/8084b68c6b176142d073695c654dc7cf\"},\"breadcrumb\":{\"@id\":\"https:\/\/w-l-c.be\/fr\/cinema-belge-moi-ep-20-picha\/#breadcrumb\"},\"inLanguage\":\"fr-FR\",\"potentialAction\":[{\"@type\":\"ReadAction\",\"target\":[\"https:\/\/w-l-c.be\/fr\/cinema-belge-moi-ep-20-picha\/\"]}]},{\"@type\":\"BreadcrumbList\",\"@id\":\"https:\/\/w-l-c.be\/fr\/cinema-belge-moi-ep-20-picha\/#breadcrumb\",\"itemListElement\":[{\"@type\":\"ListItem\",\"position\":1,\"name\":\"Accueil\",\"item\":\"https:\/\/w-l-c.be\/fr\/\"},{\"@type\":\"ListItem\",\"position\":2,\"name\":\"Le cin\u00e9ma belge et moi, \u00e9p.20: Picha\"}]},{\"@type\":\"WebSite\",\"@id\":\"https:\/\/w-l-c.be\/fr\/#website\",\"url\":\"https:\/\/w-l-c.be\/fr\/\",\"name\":\"w-l-c\",\"description\":\"Le cin\u00e9ma vu par les belges\",\"potentialAction\":[{\"@type\":\"SearchAction\",\"target\":{\"@type\":\"EntryPoint\",\"urlTemplate\":\"https:\/\/w-l-c.be\/fr\/?s={search_term_string}\"},\"query-input\":\"required name=search_term_string\"}],\"inLanguage\":\"fr-FR\"},{\"@type\":\"Person\",\"@id\":\"https:\/\/w-l-c.be\/fr\/#\/schema\/person\/8084b68c6b176142d073695c654dc7cf\",\"name\":\"Aurore Engelen\",\"url\":\"https:\/\/w-l-c.be\/fr\/author\/aurore-engelen\/\"}]}<\/script>\n<!-- \/ Yoast SEO plugin. -->","yoast_head_json":{"title":"Le cin\u00e9ma belge et moi, \u00e9p.20: Picha - w-l-c","robots":{"index":"noindex","follow":"follow","max-snippet":"max-snippet:-1","max-image-preview":"max-image-preview:large","max-video-preview":"max-video-preview:-1"},"og_locale":"fr_FR","og_type":"article","og_title":"Le cin\u00e9ma belge et moi, \u00e9p.20: Picha - w-l-c","og_description":"Rendez-vous aujourd&rsquo;hui avec Picha, r\u00e9alisateur notamment du de la fable pr\u00e9historique compl\u00e8tement loufoque Le Cha\u00eenon Manquant, s\u00e9lectionn\u00e9e au Festival de Cannes, reprise dans la s\u00e9lection 50\/50. Il revient pour nous notamment sur\u00a0l&rsquo;\u00e9poque du Cha\u00eenon Manquant, et un pionnier du cin\u00e9ma belge, Emile Degelin.\u00a0 Degelin, pionnier du cin\u00e9ma belge C&rsquo;est arriv\u00e9 pr\u00e8s de chez vous, impertinent &hellip;","og_url":"https:\/\/w-l-c.be\/fr\/cinema-belge-moi-ep-20-picha\/","og_site_name":"w-l-c","article_published_time":"2017-08-16T08:04:40+00:00","article_modified_time":"2017-08-18T07:17:29+00:00","og_image":[{"width":1786,"height":992,"url":"https:\/\/w-l-c.be\/wp-content\/uploads\/2017\/08\/Picha-Cinevox.jpg","type":"image\/jpeg"}],"author":"Aurore Engelen","twitter_card":"summary_large_image","twitter_misc":{"\u00c9crit par":"Aurore Engelen","Dur\u00e9e de lecture estim\u00e9e":"1 minute"},"schema":{"@context":"https:\/\/schema.org","@graph":[{"@type":"WebPage","@id":"https:\/\/w-l-c.be\/fr\/cinema-belge-moi-ep-20-picha\/","url":"https:\/\/w-l-c.be\/fr\/cinema-belge-moi-ep-20-picha\/","name":"Le cin\u00e9ma belge et moi, \u00e9p.20: Picha - w-l-c","isPartOf":{"@id":"https:\/\/w-l-c.be\/fr\/#website"},"datePublished":"2017-08-16T08:04:40+00:00","dateModified":"2017-08-18T07:17:29+00:00","author":{"@id":"https:\/\/w-l-c.be\/fr\/#\/schema\/person\/8084b68c6b176142d073695c654dc7cf"},"breadcrumb":{"@id":"https:\/\/w-l-c.be\/fr\/cinema-belge-moi-ep-20-picha\/#breadcrumb"},"inLanguage":"fr-FR","potentialAction":[{"@type":"ReadAction","target":["https:\/\/w-l-c.be\/fr\/cinema-belge-moi-ep-20-picha\/"]}]},{"@type":"BreadcrumbList","@id":"https:\/\/w-l-c.be\/fr\/cinema-belge-moi-ep-20-picha\/#breadcrumb","itemListElement":[{"@type":"ListItem","position":1,"name":"Accueil","item":"https:\/\/w-l-c.be\/fr\/"},{"@type":"ListItem","position":2,"name":"Le cin\u00e9ma belge et moi, \u00e9p.20: Picha"}]},{"@type":"WebSite","@id":"https:\/\/w-l-c.be\/fr\/#website","url":"https:\/\/w-l-c.be\/fr\/","name":"w-l-c","description":"Le cin\u00e9ma vu par les belges","potentialAction":[{"@type":"SearchAction","target":{"@type":"EntryPoint","urlTemplate":"https:\/\/w-l-c.be\/fr\/?s={search_term_string}"},"query-input":"required name=search_term_string"}],"inLanguage":"fr-FR"},{"@type":"Person","@id":"https:\/\/w-l-c.be\/fr\/#\/schema\/person\/8084b68c6b176142d073695c654dc7cf","name":"Aurore Engelen","url":"https:\/\/w-l-c.be\/fr\/author\/aurore-engelen\/"}]}},"_links":{"self":[{"href":"https:\/\/w-l-c.be\/fr\/wp-json\/wp\/v2\/posts\/202054","targetHints":{"allow":["GET"]}}],"collection":[{"href":"https:\/\/w-l-c.be\/fr\/wp-json\/wp\/v2\/posts"}],"about":[{"href":"https:\/\/w-l-c.be\/fr\/wp-json\/wp\/v2\/types\/post"}],"author":[{"embeddable":true,"href":"https:\/\/w-l-c.be\/fr\/wp-json\/wp\/v2\/users\/343"}],"replies":[{"embeddable":true,"href":"https:\/\/w-l-c.be\/fr\/wp-json\/wp\/v2\/comments?post=202054"}],"version-history":[{"count":0,"href":"https:\/\/w-l-c.be\/fr\/wp-json\/wp\/v2\/posts\/202054\/revisions"}],"wp:featuredmedia":[{"embeddable":true,"href":"https:\/\/w-l-c.be\/fr\/wp-json\/wp\/v2\/media\/202055"}],"wp:attachment":[{"href":"https:\/\/w-l-c.be\/fr\/wp-json\/wp\/v2\/media?parent=202054"}],"wp:term":[{"taxonomy":"category","embeddable":true,"href":"https:\/\/w-l-c.be\/fr\/wp-json\/wp\/v2\/categories?post=202054"},{"taxonomy":"post_tag","embeddable":true,"href":"https:\/\/w-l-c.be\/fr\/wp-json\/wp\/v2\/tags?post=202054"}],"curies":[{"name":"wp","href":"https:\/\/api.w.org\/{rel}","templated":true}]}}