
{"id":202449,"date":"2017-08-28T12:30:09","date_gmt":"2017-08-28T10:30:09","guid":{"rendered":"http:\/\/www.cinevox.be\/?p=202449\/"},"modified":"2017-08-28T12:31:56","modified_gmt":"2017-08-28T10:31:56","slug":"nouvelle-moisson-de-prix-insyriated","status":"publish","type":"post","link":"https:\/\/w-l-c.be\/fr\/nouvelle-moisson-de-prix-insyriated\/","title":{"rendered":"Nouvelle moisson de prix pour \u00ab\u00a0Insyriated\u00a0\u00bb"},"content":{"rendered":"<p><strong>Le film du r\u00e9alisateur belge Philippe Van Leeuw a remport\u00e9 pas moins de trois prix dimanche lors de la c\u00e9r\u00e9monie de cl\u00f4ture du Festival du Film Francophone d&rsquo;Angoul\u00eame.\u00a0<\/strong><\/p>\n<p>Le jury, pr\u00e9sid\u00e9 par John Malkovich, excusez du peu, lui a attribu\u00e9 deux prestigieuses r\u00e9compenses: celle de la mise en sc\u00e8ne, et celle de la meilleure actrice remise ex-aequo aux deux com\u00e9diennes principales du film, les bouleversantes Hiam Abbas et Diamant Abou Aboud. Le film a \u00e9galement re\u00e7u le tr\u00e8s convoit\u00e9 Prix du public. Cette moisson de prix tombe \u00e0 point nomm\u00e9 en France, o\u00f9 le film sortira le 6 septembre prochain, aur\u00e9ol\u00e9 de r\u00e9compenses, et d&rsquo;une presse enthousiaste.<\/p>\n<p>Ce n&rsquo;est d&rsquo;ailleurs pas le premier Prix du public re\u00e7u par le film, puisqu&rsquo;il a d\u00e9j\u00e0 re\u00e7u cette m\u00eame r\u00e9compense au Festival de Berlin. Difficile semble-t-il de sortir indemne de cette projection!<\/p>\n<p class=\"p1\"><span class=\"s1\">Ancr\u00e9 dans une actualit\u00e9 br\u00fblante, le film raconte la situation d&rsquo;une famille en Syrie : rester enferm\u00e9 jour et nuit, ne pas sortir, ne pas m\u00eame oser regarder dehors, c&rsquo;est trop dangereux. Ce n&rsquo;est pas la prison, c&rsquo;est le quotidien d\u2019une famille \u00e0 Damas, en pleine guerre. Une famille parmi d&rsquo;autres qui fait ce qu&rsquo;elle peut pour continuer \u00e0 vivre, au jour le jour. L&rsquo;appartement est devenu une sorte de blockhaus. Tout y est organis\u00e9 en fonction de la p\u00e9nurie. Il s&rsquo;agit tous les jours de tenir un jour de plus. Philippe Van Leeuw nous en parlait d&rsquo;ailleurs dans notre capsule du mois de mai:<br \/>\n<\/span><\/p>\n<p><iframe loading=\"lazy\" title=\"Cinevox - CAPSULE MAI 2017\" width=\"618\" height=\"348\" src=\"https:\/\/www.youtube.com\/embed\/RdnIbPvoJwc?feature=oembed\" frameborder=\"0\" allow=\"accelerometer; autoplay; clipboard-write; encrypted-media; gyroscope; picture-in-picture; web-share\" referrerpolicy=\"strict-origin-when-cross-origin\" allowfullscreen><\/iframe><\/p>\n<p>&nbsp;<\/p>\n<p>Le film sera \u00e9galement pr\u00e9sent\u00e9 ce mois-ci au prestigieux Festival de Toronto, fera l&rsquo;ouverture du Festival de Gand en octobre, et vient d&rsquo;\u00eatre retenu parmi les 51 films finalistes pour les European Film Awards, seul repr\u00e9sentant belge avec <em>Home<\/em> de Fien Troch.<\/p>\n<p><strong><em>Insyriated<\/em> sortira le 11 octobre prochain en Belgique.\u00a0<\/strong><\/p>\n<p>&nbsp;<\/p>\n","protected":false},"excerpt":{"rendered":"<p>Le film du r\u00e9alisateur belge Philippe Van Leeuw a remport\u00e9 pas moins de trois prix dimanche lors de la c\u00e9r\u00e9monie de cl\u00f4ture du Festival du Film Francophone d&rsquo;Angoul\u00eame.\u00a0 Le jury, pr\u00e9sid\u00e9 par John Malkovich, excusez du peu, lui a attribu\u00e9 deux prestigieuses r\u00e9compenses: celle de la mise en sc\u00e8ne, et celle de la meilleure actrice &hellip;<\/p>\n","protected":false},"author":343,"featured_media":201044,"comment_status":"closed","ping_status":"closed","sticky":false,"template":"","format":"standard","meta":{"ngg_post_thumbnail":0,"footnotes":""},"categories":[12],"tags":[1918,1919],"class_list":["post-202449","post","type-post","status-publish","format-standard","has-post-thumbnail","","category-awards","tag-insyriated","tag-philippe-van-leeuw"],"yoast_head":"<!-- This site is optimized with the Yoast SEO plugin v20.4 - https:\/\/yoast.com\/wordpress\/plugins\/seo\/ -->\n<title>Nouvelle moisson de prix pour &quot;Insyriated&quot; - w-l-c<\/title>\n<meta name=\"robots\" content=\"noindex, follow, max-snippet:-1, max-image-preview:large, max-video-preview:-1\" \/>\n<meta property=\"og:locale\" content=\"fr_FR\" \/>\n<meta property=\"og:type\" content=\"article\" \/>\n<meta property=\"og:title\" content=\"Nouvelle moisson de prix pour &quot;Insyriated&quot; - w-l-c\" \/>\n<meta property=\"og:description\" content=\"Le film du r\u00e9alisateur belge Philippe Van Leeuw a remport\u00e9 pas moins de trois prix dimanche lors de la c\u00e9r\u00e9monie de cl\u00f4ture du Festival du Film Francophone d&rsquo;Angoul\u00eame.\u00a0 Le jury, pr\u00e9sid\u00e9 par John Malkovich, excusez du peu, lui a attribu\u00e9 deux prestigieuses r\u00e9compenses: celle de la mise en sc\u00e8ne, et celle de la meilleure actrice &hellip;\" \/>\n<meta property=\"og:url\" content=\"https:\/\/w-l-c.be\/fr\/nouvelle-moisson-de-prix-insyriated\/\" \/>\n<meta property=\"og:site_name\" content=\"w-l-c\" \/>\n<meta property=\"article:published_time\" content=\"2017-08-28T10:30:09+00:00\" \/>\n<meta property=\"article:modified_time\" content=\"2017-08-28T10:31:56+00:00\" \/>\n<meta property=\"og:image\" content=\"https:\/\/w-l-c.be\/wp-content\/uploads\/2017\/06\/Insyriated.jpg\" \/>\n\t<meta property=\"og:image:width\" content=\"709\" \/>\n\t<meta property=\"og:image:height\" content=\"347\" \/>\n\t<meta property=\"og:image:type\" content=\"image\/jpeg\" \/>\n<meta name=\"author\" content=\"Aurore Engelen\" \/>\n<meta name=\"twitter:card\" content=\"summary_large_image\" \/>\n<meta name=\"twitter:label1\" content=\"\u00c9crit par\" \/>\n\t<meta name=\"twitter:data1\" content=\"Aurore Engelen\" \/>\n\t<meta name=\"twitter:label2\" content=\"Dur\u00e9e de lecture estim\u00e9e\" \/>\n\t<meta name=\"twitter:data2\" content=\"2 minutes\" \/>\n<script type=\"application\/ld+json\" class=\"yoast-schema-graph\">{\"@context\":\"https:\/\/schema.org\",\"@graph\":[{\"@type\":\"WebPage\",\"@id\":\"https:\/\/w-l-c.be\/fr\/nouvelle-moisson-de-prix-insyriated\/\",\"url\":\"https:\/\/w-l-c.be\/fr\/nouvelle-moisson-de-prix-insyriated\/\",\"name\":\"Nouvelle moisson de prix pour \\\"Insyriated\\\" - w-l-c\",\"isPartOf\":{\"@id\":\"https:\/\/w-l-c.be\/fr\/#website\"},\"datePublished\":\"2017-08-28T10:30:09+00:00\",\"dateModified\":\"2017-08-28T10:31:56+00:00\",\"author\":{\"@id\":\"https:\/\/w-l-c.be\/fr\/#\/schema\/person\/8084b68c6b176142d073695c654dc7cf\"},\"breadcrumb\":{\"@id\":\"https:\/\/w-l-c.be\/fr\/nouvelle-moisson-de-prix-insyriated\/#breadcrumb\"},\"inLanguage\":\"fr-FR\",\"potentialAction\":[{\"@type\":\"ReadAction\",\"target\":[\"https:\/\/w-l-c.be\/fr\/nouvelle-moisson-de-prix-insyriated\/\"]}]},{\"@type\":\"BreadcrumbList\",\"@id\":\"https:\/\/w-l-c.be\/fr\/nouvelle-moisson-de-prix-insyriated\/#breadcrumb\",\"itemListElement\":[{\"@type\":\"ListItem\",\"position\":1,\"name\":\"Accueil\",\"item\":\"https:\/\/w-l-c.be\/fr\/\"},{\"@type\":\"ListItem\",\"position\":2,\"name\":\"Nouvelle moisson de prix pour \u00ab\u00a0Insyriated\u00a0\u00bb\"}]},{\"@type\":\"WebSite\",\"@id\":\"https:\/\/w-l-c.be\/fr\/#website\",\"url\":\"https:\/\/w-l-c.be\/fr\/\",\"name\":\"w-l-c\",\"description\":\"Le cin\u00e9ma vu par les belges\",\"potentialAction\":[{\"@type\":\"SearchAction\",\"target\":{\"@type\":\"EntryPoint\",\"urlTemplate\":\"https:\/\/w-l-c.be\/fr\/?s={search_term_string}\"},\"query-input\":\"required name=search_term_string\"}],\"inLanguage\":\"fr-FR\"},{\"@type\":\"Person\",\"@id\":\"https:\/\/w-l-c.be\/fr\/#\/schema\/person\/8084b68c6b176142d073695c654dc7cf\",\"name\":\"Aurore Engelen\",\"url\":\"https:\/\/w-l-c.be\/fr\/author\/aurore-engelen\/\"}]}<\/script>\n<!-- \/ Yoast SEO plugin. -->","yoast_head_json":{"title":"Nouvelle moisson de prix pour \"Insyriated\" - w-l-c","robots":{"index":"noindex","follow":"follow","max-snippet":"max-snippet:-1","max-image-preview":"max-image-preview:large","max-video-preview":"max-video-preview:-1"},"og_locale":"fr_FR","og_type":"article","og_title":"Nouvelle moisson de prix pour \"Insyriated\" - w-l-c","og_description":"Le film du r\u00e9alisateur belge Philippe Van Leeuw a remport\u00e9 pas moins de trois prix dimanche lors de la c\u00e9r\u00e9monie de cl\u00f4ture du Festival du Film Francophone d&rsquo;Angoul\u00eame.\u00a0 Le jury, pr\u00e9sid\u00e9 par John Malkovich, excusez du peu, lui a attribu\u00e9 deux prestigieuses r\u00e9compenses: celle de la mise en sc\u00e8ne, et celle de la meilleure actrice &hellip;","og_url":"https:\/\/w-l-c.be\/fr\/nouvelle-moisson-de-prix-insyriated\/","og_site_name":"w-l-c","article_published_time":"2017-08-28T10:30:09+00:00","article_modified_time":"2017-08-28T10:31:56+00:00","og_image":[{"width":709,"height":347,"url":"https:\/\/w-l-c.be\/wp-content\/uploads\/2017\/06\/Insyriated.jpg","type":"image\/jpeg"}],"author":"Aurore Engelen","twitter_card":"summary_large_image","twitter_misc":{"\u00c9crit par":"Aurore Engelen","Dur\u00e9e de lecture estim\u00e9e":"2 minutes"},"schema":{"@context":"https:\/\/schema.org","@graph":[{"@type":"WebPage","@id":"https:\/\/w-l-c.be\/fr\/nouvelle-moisson-de-prix-insyriated\/","url":"https:\/\/w-l-c.be\/fr\/nouvelle-moisson-de-prix-insyriated\/","name":"Nouvelle moisson de prix pour \"Insyriated\" - w-l-c","isPartOf":{"@id":"https:\/\/w-l-c.be\/fr\/#website"},"datePublished":"2017-08-28T10:30:09+00:00","dateModified":"2017-08-28T10:31:56+00:00","author":{"@id":"https:\/\/w-l-c.be\/fr\/#\/schema\/person\/8084b68c6b176142d073695c654dc7cf"},"breadcrumb":{"@id":"https:\/\/w-l-c.be\/fr\/nouvelle-moisson-de-prix-insyriated\/#breadcrumb"},"inLanguage":"fr-FR","potentialAction":[{"@type":"ReadAction","target":["https:\/\/w-l-c.be\/fr\/nouvelle-moisson-de-prix-insyriated\/"]}]},{"@type":"BreadcrumbList","@id":"https:\/\/w-l-c.be\/fr\/nouvelle-moisson-de-prix-insyriated\/#breadcrumb","itemListElement":[{"@type":"ListItem","position":1,"name":"Accueil","item":"https:\/\/w-l-c.be\/fr\/"},{"@type":"ListItem","position":2,"name":"Nouvelle moisson de prix pour \u00ab\u00a0Insyriated\u00a0\u00bb"}]},{"@type":"WebSite","@id":"https:\/\/w-l-c.be\/fr\/#website","url":"https:\/\/w-l-c.be\/fr\/","name":"w-l-c","description":"Le cin\u00e9ma vu par les belges","potentialAction":[{"@type":"SearchAction","target":{"@type":"EntryPoint","urlTemplate":"https:\/\/w-l-c.be\/fr\/?s={search_term_string}"},"query-input":"required name=search_term_string"}],"inLanguage":"fr-FR"},{"@type":"Person","@id":"https:\/\/w-l-c.be\/fr\/#\/schema\/person\/8084b68c6b176142d073695c654dc7cf","name":"Aurore Engelen","url":"https:\/\/w-l-c.be\/fr\/author\/aurore-engelen\/"}]}},"_links":{"self":[{"href":"https:\/\/w-l-c.be\/fr\/wp-json\/wp\/v2\/posts\/202449","targetHints":{"allow":["GET"]}}],"collection":[{"href":"https:\/\/w-l-c.be\/fr\/wp-json\/wp\/v2\/posts"}],"about":[{"href":"https:\/\/w-l-c.be\/fr\/wp-json\/wp\/v2\/types\/post"}],"author":[{"embeddable":true,"href":"https:\/\/w-l-c.be\/fr\/wp-json\/wp\/v2\/users\/343"}],"replies":[{"embeddable":true,"href":"https:\/\/w-l-c.be\/fr\/wp-json\/wp\/v2\/comments?post=202449"}],"version-history":[{"count":0,"href":"https:\/\/w-l-c.be\/fr\/wp-json\/wp\/v2\/posts\/202449\/revisions"}],"wp:featuredmedia":[{"embeddable":true,"href":"https:\/\/w-l-c.be\/fr\/wp-json\/wp\/v2\/media\/201044"}],"wp:attachment":[{"href":"https:\/\/w-l-c.be\/fr\/wp-json\/wp\/v2\/media?parent=202449"}],"wp:term":[{"taxonomy":"category","embeddable":true,"href":"https:\/\/w-l-c.be\/fr\/wp-json\/wp\/v2\/categories?post=202449"},{"taxonomy":"post_tag","embeddable":true,"href":"https:\/\/w-l-c.be\/fr\/wp-json\/wp\/v2\/tags?post=202449"}],"curies":[{"name":"wp","href":"https:\/\/api.w.org\/{rel}","templated":true}]}}