
{"id":203007,"date":"2017-09-17T21:49:56","date_gmt":"2017-09-17T19:49:56","guid":{"rendered":"http:\/\/www.cinevox.be\/?p=203007"},"modified":"2017-09-19T12:06:53","modified_gmt":"2017-09-19T10:06:53","slug":"fien-troch-heroine-ensors","status":"publish","type":"post","link":"https:\/\/w-l-c.be\/fr\/fien-troch-heroine-ensors\/","title":{"rendered":"Fien Troch h\u00e9ro\u00efne des Ensors"},"content":{"rendered":"<p><strong>Samedi soir \u00e0 Ostende, la r\u00e9alisatrice flamande a remport\u00e9 pas moins de 6 prix pour son film coup de poing, <em>Home<\/em>.\u00a0<\/strong><\/p>\n<h4><em>Home<\/em>, un parcours exemplaire<\/h4>\n<p>Il a un an, Fien Troch d\u00e9barquait avec son quatri\u00e8me long m\u00e9trage, <a href=\"http:\/\/www.cinevox.be\/fr\/94828\/\"><em>Home<\/em><\/a>, une anatomie redoutable mais pleine d&#8217;empathie de l&rsquo;adolescence. Le film fait l&rsquo;effet d&rsquo;un petit coup de tonnerre, tant la r\u00e9alisatrice excelle quand il s&rsquo;agit de saisir l&rsquo;indolence, l&rsquo;insolence et la fugacit\u00e9 de cette p\u00e9riode si particuli\u00e8re. Un tour de force d&rsquo;autant plus remarquable qu&rsquo;il semble que bien que si chaque adulte ait forc\u00e9ment \u00e9t\u00e9 adolescent, il a aussi tr\u00e8s vraisemblablement oubli\u00e9 ce que pouvait \u00eatre ce moment ce moment pivot. Fien Troch avant d&rsquo;ailleurs remport\u00e9 le Prix de la Meilleure R\u00e9alisation de la section Orizzonti, avant de s&rsquo;envoler pour Toronto.<\/p>\n<h4>6 Prix<\/h4>\n<p>Un an plus tard, le film ach\u00e8ve sa carri\u00e8re en beaut\u00e9, apr\u00e8s une belle sortie l&rsquo;hiver dernier, en dominant le palmar\u00e8s des Ensors. Meilleur Film, Meilleur R\u00e9alisateur, Meilleur Montage, mais aussi Meilleur Acteur, Actrice, Actrice dans un second r\u00f4le. Les jeunes com\u00e9diens, pour la plupart d\u00e9butants, sont saisissants de naturel, aid\u00e9s bien s\u00fbr par le talent de la r\u00e9alisatrice, et notamment un dispositif particuli\u00e8rement ing\u00e9nieux. Lors du tournage, Fien Troch leur a confi\u00e9 des t\u00e9l\u00e9phones portables, leur a pr\u00e9sent\u00e9 des situations, et les a laiss\u00e9s se filmer entre eux, sans intervenir. Le r\u00e9sultat est bluffant.<\/p>\n<figure id=\"attachment_202991\" aria-describedby=\"caption-attachment-202991\" style=\"width: 618px\" class=\"wp-caption alignnone\"><img loading=\"lazy\" decoding=\"async\" class=\"size-large wp-image-202991\" src=\"http:\/\/www.cinevox.be\/wp-content\/uploads\/2017\/09\/Fien-Nino-800x533.jpg\" alt=\"\" width=\"618\" height=\"412\" srcset=\"https:\/\/w-l-c.be\/wp-content\/uploads\/2017\/09\/Fien-Nino-800x533.jpg 800w, https:\/\/w-l-c.be\/wp-content\/uploads\/2017\/09\/Fien-Nino-405x270.jpg 405w, https:\/\/w-l-c.be\/wp-content\/uploads\/2017\/09\/Fien-Nino-768x512.jpg 768w\" sizes=\"auto, (max-width: 618px) 100vw, 618px\" \/><figcaption id=\"caption-attachment-202991\" class=\"wp-caption-text\">Fien Troch et son producteur Nino Lombardo (Photo: KVdm &#8211; Cinevox)<\/figcaption><\/figure>\n<p>Face \u00e0 eux, les parents, tous en lutte, sont plus ou moins dysfonctionnels, souvent plus que moins. La com\u00e9dienne Els\u00a0Deceukelier s&rsquo;est d&rsquo;ailleurs vu remettre le Ensor de la Meilleure Actrice dans un Second R\u00f4le pour son interpr\u00e9tation gla\u00e7ante.<\/p>\n<h4>Les outsiders<\/h4>\n<p>Deux autres films comptaient un joli nombre de nominations, <em><a href=\"http:\/\/www.cinevox.be\/fr\/le-ciel-flamand-lumineux-aujourdhui\/\">Le Ciel Flamand<\/a><\/em> et <a href=\"http:\/\/www.cinevox.be\/fr\/king-of-the-belgians-tu-seras-un-homme-mon-roi\/\"><em>King of the Belgians<\/em><\/a>. On peut dire que Peter Monsaert r\u00e9ussit \u00e0 Wim Willaert, puisque le com\u00e9dien remporte son deuxi\u00e8me Prix pour un r\u00f4le dans un film du r\u00e9alisateur. Apr\u00e8s le Prix du Meilleur acteur pour <em>Offline<\/em>, le voil\u00e0 laur\u00e9at d&rsquo;un Ensor du Meilleur Acteur dans un Second R\u00f4le pour <em>Le Ciel Flamand<\/em>. Le film a \u00e9galement re\u00e7u le Prix de la Meilleure Photo pour David Williamson. Quant \u00e0 la farce royale du duo Peter Brosens &amp; Jessica Woodworth, le d\u00e9jant\u00e9 <em>King of the Belgians<\/em>, elle s&rsquo;est quand m\u00eame vue d\u00e9cerner le Prix du Meilleur Sc\u00e9nario.<\/p>\n<figure id=\"attachment_202992\" aria-describedby=\"caption-attachment-202992\" style=\"width: 618px\" class=\"wp-caption alignnone\"><img loading=\"lazy\" decoding=\"async\" class=\"size-large wp-image-202992\" src=\"http:\/\/www.cinevox.be\/wp-content\/uploads\/2017\/09\/Wim-Ensor-800x533.jpg\" alt=\"\" width=\"618\" height=\"412\" srcset=\"https:\/\/w-l-c.be\/wp-content\/uploads\/2017\/09\/Wim-Ensor-800x533.jpg 800w, https:\/\/w-l-c.be\/wp-content\/uploads\/2017\/09\/Wim-Ensor-405x270.jpg 405w, https:\/\/w-l-c.be\/wp-content\/uploads\/2017\/09\/Wim-Ensor-768x512.jpg 768w\" sizes=\"auto, (max-width: 618px) 100vw, 618px\" \/><figcaption id=\"caption-attachment-202992\" class=\"wp-caption-text\">Wim Willaert, Ensor du Meilleur Second R\u00f4le Maculin (Photo: KVdm &#8211; Cinevox)<\/figcaption><\/figure>\n<h4>Le reste du palmar\u00e8s<\/h4>\n<p>Parmi les autres prix, on \u00e9pinglera celui du Meilleur Espoir attribu\u00e9 \u00e0 la jeune r\u00e9alisatrice Nathalie Teirlinck pour <a href=\"http:\/\/www.cinevox.be\/fr\/le-passe-devant-nous-ultra-moderne-solitude-en-plein-lockdown\/\"><em>Le Pass\u00e9 devant nous<\/em><\/a>, ainsi que celui de la Meilleure Musique remis \u00e0\u00a0Brent Vanneste pour <em>My First Highway<\/em> de Kevin Meeul. Le Prix de la Meilleure Coproduction avec la Wallonie est revenu \u00e0 <a href=\"http:\/\/www.cinevox.be\/fr\/noces-deux-mondes\/\"><em>Noces<\/em><\/a>, de St\u00e9phan Streker, qui a pu c\u00e9l\u00e9brer ce prix avec son actrice, Lina El Arabi, qui s&rsquo;est vu remettre une r\u00e9compense exceptionnelle pour une Performance Sp\u00e9ciale.<\/p>\n<figure id=\"attachment_202990\" aria-describedby=\"caption-attachment-202990\" style=\"width: 618px\" class=\"wp-caption alignnone\"><img loading=\"lazy\" decoding=\"async\" class=\"size-large wp-image-202990\" src=\"http:\/\/www.cinevox.be\/wp-content\/uploads\/2017\/09\/noces-800x533.jpg\" alt=\"\" width=\"618\" height=\"412\" srcset=\"https:\/\/w-l-c.be\/wp-content\/uploads\/2017\/09\/noces-800x533.jpg 800w, https:\/\/w-l-c.be\/wp-content\/uploads\/2017\/09\/noces-405x270.jpg 405w, https:\/\/w-l-c.be\/wp-content\/uploads\/2017\/09\/noces-768x512.jpg 768w\" sizes=\"auto, (max-width: 618px) 100vw, 618px\" \/><figcaption id=\"caption-attachment-202990\" class=\"wp-caption-text\">Stephan Streker et son actrice Lena El Arabi (Photo: KVdm &#8211; Cinevox)<\/figcaption><\/figure>\n<p>&nbsp;<\/p>\n<h4>Le Palmar\u00e8s dans son int\u00e9gralit\u00e9<\/h4>\n<p><strong>Meilleur film<\/strong><br \/>\n<strong><em>Home<\/em>\u00a0&#8211; Fien Troch (LAUREAT)<\/strong><br \/>\n<em>King of the Belgians\u00a0<\/em>&#8211; Peter Brosens, Jessica Woodworth<br \/>\n<em>Le Ciel Flamand<\/em>\u00a0&#8211; Peter Monsaert<\/p>\n<p><strong>Meilleur r\u00e9alisateur<\/strong><br \/>\nBavo Defurne \u2013\u00a0<em>Souvenir<\/em><br \/>\n<strong>Fien Troch \u2013\u00a0<em>Home<\/em>\u00a0(LAUREAT)<\/strong><br \/>\nPeter Monsaert &#8211;\u00a0<em>Le Ciel Flamand<\/em><\/p>\n<p><strong>Meilleur sc\u00e9nario<\/strong><br \/>\n<strong>Jessica Woodworth &amp; Peter Brosens &#8211;\u00a0<em>King of the Belgians\u00a0<\/em>(LAUREAT)<\/strong><br \/>\nFien Troch &amp; Nico Leunen \u2013\u00a0<em>Home<\/em><br \/>\nPeter Monsaert &#8211;\u00a0<em>Le Ciel Flamand<\/em><\/p>\n<p><strong>Meilleur acteur<\/strong><br \/>\n<strong>Lo\u00efc Bellemans, Mistral Guidotti, Sebastian Van Dun \u2013\u00a0<em>Home\u00a0(LAUREAT)<\/em><\/strong><br \/>\nPeter Van den Begin &#8211;\u00a0<em>King of the Belgians<\/em><br \/>\nK\u00e9vin Aza\u00efs \u2013\u00a0<em>Souvenir<\/em><\/p>\n<p><strong>Meilleure actrice<\/strong><br \/>\nAlexandra Lamy \u2013\u00a0<em>Vincent et la fin du monde<\/em><br \/>\n<strong>Lena Suijkerbuijk \u2013\u00a0<em>Home\u00a0<\/em>(LAUREAT)<\/strong><br \/>\nSara Vertongen &#8211;\u00a0<em>Le Ciel Flamand<\/em><\/p>\n<p><strong>Meilleur second r\u00f4le masculin<\/strong><br \/>\nFlor Decleir \u2013\u00a0<em>Sprakeloos<\/em><br \/>\nRik Van Uffelen \u2013\u00a0<em>Sprakeloos<\/em><br \/>\n<strong>Wim Willaert &#8211;\u00a0Le Ciel Flamand\u00a0(LAUREAT)<\/strong><\/p>\n<p><strong>Meilleur second r\u00f4le f\u00e9minin<\/strong><br \/>\nEsra Vandenbussche &#8211;\u00a0<em>Le Ciel Flamand<\/em><br \/>\nKarlijn Sileghem \u2013\u00a0<em>Home<\/em><br \/>\n<strong>Els Deceukelier \u2013\u00a0<em>Home<\/em><\/strong><\/p>\n<p><strong>Meilleur D.O.P.<\/strong><br \/>\nDanny Elsen \u2013\u00a0<em>De Premier<\/em><br \/>\n<strong>David Williamson &#8211;\u00a0<em>Le Ciel Flamand\u00a0<\/em>(LAUREAT)<\/strong><br \/>\nMenno Mans &#8211;\u00a0<em>My First Highway<\/em><\/p>\n<p><strong>Meilleur d\u00e9but<\/strong><br \/>\nLena Suijkerbuijk, Lo\u00efc Bellemans, Mistral Guidotti, Sebastian Van Dun \u2013\u00a0<em>Home<\/em><br \/>\nEsra Vandenbussche &#8211;\u00a0<em>Le Ciel Flamand<\/em><br \/>\nKevin Meul &#8211;\u00a0<em>My First Highway<\/em><br \/>\n<strong>Nathalie Teirlinck &#8211;\u00a0<em>Le Pass\u00e9 devant nous<\/em>\u00a0(LAUREAT)<\/strong><br \/>\nZuri Fran\u00e7ois &#8211;\u00a0<em>Le Pass\u00e9 devant nous<\/em><\/p>\n<p><strong>Meilleure musique<\/strong><br \/>\n<strong>Brent Vanneste &#8211;\u00a0<em>My First Highway<\/em>\u00a0(LAUREAT)<\/strong><br \/>\nJohn Parish &#8211;\u00a0<em>Le Pass\u00e9 devant nous<\/em><br \/>\nJohnny Jewel \u2013\u00a0<em>Home<\/em><\/p>\n<p><strong>Meilleur directeur artistique<\/strong><br \/>\nAndr\u00e9 Fonsny \u2013\u00a0<em>Souvenir<\/em><br \/>\n<strong>Kurt Loyens \u2013\u00a0<em>Storm<\/em>\u00a0(LAUREAT)<\/strong><br \/>\nPepijn Van Looy &#8211;\u00a0<em>My First Highway<\/em><\/p>\n<p><strong>Meilleur montage<\/strong><br \/>\nAlain Dessauvage &#8211;\u00a0<em>Le Ciel Flamand<\/em><br \/>\n<strong>Nico Leunen \u2013\u00a0<em>Home<\/em>\u00a0(LAUREAT)<\/strong><br \/>\nPhilippe Ravoet \u2013\u00a0<em>De Premier<\/em><\/p>\n<p><strong>Meilleurs costumes<\/strong><br \/>\n<strong>Christophe Pidre &amp; Florence Scholtes \u2013\u00a0<em>Souvenir<\/em>\u00a0(LAUREAT)<\/strong><br \/>\nTine Deseure \u2013\u00a0<em>Crimi Clowns 2.0: Scum<\/em><br \/>\nVanessa Evrard &#8211;\u00a0<em>Le Pass\u00e9 devant nous<\/em><\/p>\n<p><strong>Meilleur maquillage<\/strong><br \/>\n<strong>Esther De Goey &#8211;\u00a0<em>De Premier<\/em>\u00a0(LAUREAT)<\/strong><br \/>\nMike Caprino \u2013\u00a0<em>Souvenir<\/em><br \/>\nPetya Simeonova &#8211;\u00a0<em>King of the Belgians<\/em><\/p>\n<p><strong>Performance sp\u00e9ciale<\/strong><br \/>\nLina El Arabi \u2013\u00a0<em>Noces<\/em><\/p>\n<p><strong>Meilleur film de jeunesse<\/strong><br \/>\n<em>Cloudboy<\/em>\u00a0&#8211; Meikeminne Clinckspoor<br \/>\n<em>De D5R, de film<\/em>\u00a0&#8211; David Madder, Camiel Scheer<br \/>\n<strong><em>Ghost Rockers, Voor Altijd?\u00a0<\/em>&#8211; Geert Jan Booy\u00a0(LAUREAT)<\/strong><br \/>\n<em>Storm<\/em>\u00a0&#8211; Dennis Bots<\/p>\n<p><strong>Meilleure coproduction avec les Pays-Bas<\/strong><br \/>\n<strong><em>Brimstone<\/em>\u00a0&#8211; Martin Koolhoven (LAUREAT)<\/strong><br \/>\n<em>Layla M<\/em>\u00a0&#8211; Mijke de Jong<br \/>\n<em>Monk<\/em>\u00a0&#8211; Ties Schenk<\/p>\n<p><strong>Meilleure coproduction avec la Wallonie<\/strong><br \/>\n<em>La Fille Inconnue<\/em>\u00a0&#8211; Luc et Jean-Pierre Dardenne<br \/>\n<em>Angle mort<\/em>\u00a0&#8211; Nabil Ben Yadir<br \/>\n<em>Mal de pierres\u00a0<\/em>&#8211; Nicole Garcia<br \/>\n<strong><em>Noces<\/em>\u00a0&#8211; Stephan Streker\u00a0(LAUREAT)<\/strong><\/p>\n","protected":false},"excerpt":{"rendered":"<p>Samedi soir \u00e0 Ostende, la r\u00e9alisatrice flamande a remport\u00e9 pas moins de 6 prix pour son film coup de poing, Home.\u00a0 Home, un parcours exemplaire Il a un an, Fien Troch d\u00e9barquait avec son quatri\u00e8me long m\u00e9trage, Home, une anatomie redoutable mais pleine d&#8217;empathie de l&rsquo;adolescence. Le film fait l&rsquo;effet d&rsquo;un petit coup de tonnerre, &hellip;<\/p>\n","protected":false},"author":343,"featured_media":202996,"comment_status":"closed","ping_status":"closed","sticky":false,"template":"","format":"standard","meta":{"ngg_post_thumbnail":0,"footnotes":""},"categories":[12],"tags":[1252,341,1902,1539,119],"class_list":["post-203007","post","type-post","status-publish","format-standard","has-post-thumbnail","","category-awards","tag-ensors","tag-fien-troch","tag-home","tag-le-ciel-flamand","tag-peter-monsaert"],"yoast_head":"<!-- This site is optimized with the Yoast SEO plugin v20.4 - https:\/\/yoast.com\/wordpress\/plugins\/seo\/ -->\n<title>Fien Troch h\u00e9ro\u00efne des Ensors - w-l-c<\/title>\n<meta name=\"robots\" content=\"noindex, follow, max-snippet:-1, max-image-preview:large, max-video-preview:-1\" \/>\n<meta property=\"og:locale\" content=\"fr_FR\" \/>\n<meta property=\"og:type\" content=\"article\" \/>\n<meta property=\"og:title\" content=\"Fien Troch h\u00e9ro\u00efne des Ensors - w-l-c\" \/>\n<meta property=\"og:description\" content=\"Samedi soir \u00e0 Ostende, la r\u00e9alisatrice flamande a remport\u00e9 pas moins de 6 prix pour son film coup de poing, Home.\u00a0 Home, un parcours exemplaire Il a un an, Fien Troch d\u00e9barquait avec son quatri\u00e8me long m\u00e9trage, Home, une anatomie redoutable mais pleine d&#8217;empathie de l&rsquo;adolescence. Le film fait l&rsquo;effet d&rsquo;un petit coup de tonnerre, &hellip;\" \/>\n<meta property=\"og:url\" content=\"https:\/\/w-l-c.be\/fr\/fien-troch-heroine-ensors\/\" \/>\n<meta property=\"og:site_name\" content=\"w-l-c\" \/>\n<meta property=\"article:published_time\" content=\"2017-09-17T19:49:56+00:00\" \/>\n<meta property=\"article:modified_time\" content=\"2017-09-19T10:06:53+00:00\" \/>\n<meta property=\"og:image\" content=\"https:\/\/w-l-c.be\/wp-content\/uploads\/2017\/09\/Home-de-prijzen.jpg\" \/>\n\t<meta property=\"og:image:width\" content=\"5616\" \/>\n\t<meta property=\"og:image:height\" content=\"3744\" \/>\n\t<meta property=\"og:image:type\" content=\"image\/jpeg\" \/>\n<meta name=\"author\" content=\"Aurore Engelen\" \/>\n<meta name=\"twitter:card\" content=\"summary_large_image\" \/>\n<meta name=\"twitter:label1\" content=\"\u00c9crit par\" \/>\n\t<meta name=\"twitter:data1\" content=\"Aurore Engelen\" \/>\n\t<meta name=\"twitter:label2\" content=\"Dur\u00e9e de lecture estim\u00e9e\" \/>\n\t<meta name=\"twitter:data2\" content=\"5 minutes\" \/>\n<script type=\"application\/ld+json\" class=\"yoast-schema-graph\">{\"@context\":\"https:\/\/schema.org\",\"@graph\":[{\"@type\":\"WebPage\",\"@id\":\"https:\/\/w-l-c.be\/fr\/fien-troch-heroine-ensors\/\",\"url\":\"https:\/\/w-l-c.be\/fr\/fien-troch-heroine-ensors\/\",\"name\":\"Fien Troch h\u00e9ro\u00efne des Ensors - w-l-c\",\"isPartOf\":{\"@id\":\"https:\/\/w-l-c.be\/fr\/#website\"},\"datePublished\":\"2017-09-17T19:49:56+00:00\",\"dateModified\":\"2017-09-19T10:06:53+00:00\",\"author\":{\"@id\":\"https:\/\/w-l-c.be\/fr\/#\/schema\/person\/8084b68c6b176142d073695c654dc7cf\"},\"breadcrumb\":{\"@id\":\"https:\/\/w-l-c.be\/fr\/fien-troch-heroine-ensors\/#breadcrumb\"},\"inLanguage\":\"fr-FR\",\"potentialAction\":[{\"@type\":\"ReadAction\",\"target\":[\"https:\/\/w-l-c.be\/fr\/fien-troch-heroine-ensors\/\"]}]},{\"@type\":\"BreadcrumbList\",\"@id\":\"https:\/\/w-l-c.be\/fr\/fien-troch-heroine-ensors\/#breadcrumb\",\"itemListElement\":[{\"@type\":\"ListItem\",\"position\":1,\"name\":\"Accueil\",\"item\":\"https:\/\/w-l-c.be\/fr\/\"},{\"@type\":\"ListItem\",\"position\":2,\"name\":\"Fien Troch h\u00e9ro\u00efne des Ensors\"}]},{\"@type\":\"WebSite\",\"@id\":\"https:\/\/w-l-c.be\/fr\/#website\",\"url\":\"https:\/\/w-l-c.be\/fr\/\",\"name\":\"w-l-c\",\"description\":\"Le cin\u00e9ma vu par les belges\",\"potentialAction\":[{\"@type\":\"SearchAction\",\"target\":{\"@type\":\"EntryPoint\",\"urlTemplate\":\"https:\/\/w-l-c.be\/fr\/?s={search_term_string}\"},\"query-input\":\"required name=search_term_string\"}],\"inLanguage\":\"fr-FR\"},{\"@type\":\"Person\",\"@id\":\"https:\/\/w-l-c.be\/fr\/#\/schema\/person\/8084b68c6b176142d073695c654dc7cf\",\"name\":\"Aurore Engelen\",\"url\":\"https:\/\/w-l-c.be\/fr\/author\/aurore-engelen\/\"}]}<\/script>\n<!-- \/ Yoast SEO plugin. -->","yoast_head_json":{"title":"Fien Troch h\u00e9ro\u00efne des Ensors - w-l-c","robots":{"index":"noindex","follow":"follow","max-snippet":"max-snippet:-1","max-image-preview":"max-image-preview:large","max-video-preview":"max-video-preview:-1"},"og_locale":"fr_FR","og_type":"article","og_title":"Fien Troch h\u00e9ro\u00efne des Ensors - w-l-c","og_description":"Samedi soir \u00e0 Ostende, la r\u00e9alisatrice flamande a remport\u00e9 pas moins de 6 prix pour son film coup de poing, Home.\u00a0 Home, un parcours exemplaire Il a un an, Fien Troch d\u00e9barquait avec son quatri\u00e8me long m\u00e9trage, Home, une anatomie redoutable mais pleine d&#8217;empathie de l&rsquo;adolescence. Le film fait l&rsquo;effet d&rsquo;un petit coup de tonnerre, &hellip;","og_url":"https:\/\/w-l-c.be\/fr\/fien-troch-heroine-ensors\/","og_site_name":"w-l-c","article_published_time":"2017-09-17T19:49:56+00:00","article_modified_time":"2017-09-19T10:06:53+00:00","og_image":[{"width":5616,"height":3744,"url":"https:\/\/w-l-c.be\/wp-content\/uploads\/2017\/09\/Home-de-prijzen.jpg","type":"image\/jpeg"}],"author":"Aurore Engelen","twitter_card":"summary_large_image","twitter_misc":{"\u00c9crit par":"Aurore Engelen","Dur\u00e9e de lecture estim\u00e9e":"5 minutes"},"schema":{"@context":"https:\/\/schema.org","@graph":[{"@type":"WebPage","@id":"https:\/\/w-l-c.be\/fr\/fien-troch-heroine-ensors\/","url":"https:\/\/w-l-c.be\/fr\/fien-troch-heroine-ensors\/","name":"Fien Troch h\u00e9ro\u00efne des Ensors - w-l-c","isPartOf":{"@id":"https:\/\/w-l-c.be\/fr\/#website"},"datePublished":"2017-09-17T19:49:56+00:00","dateModified":"2017-09-19T10:06:53+00:00","author":{"@id":"https:\/\/w-l-c.be\/fr\/#\/schema\/person\/8084b68c6b176142d073695c654dc7cf"},"breadcrumb":{"@id":"https:\/\/w-l-c.be\/fr\/fien-troch-heroine-ensors\/#breadcrumb"},"inLanguage":"fr-FR","potentialAction":[{"@type":"ReadAction","target":["https:\/\/w-l-c.be\/fr\/fien-troch-heroine-ensors\/"]}]},{"@type":"BreadcrumbList","@id":"https:\/\/w-l-c.be\/fr\/fien-troch-heroine-ensors\/#breadcrumb","itemListElement":[{"@type":"ListItem","position":1,"name":"Accueil","item":"https:\/\/w-l-c.be\/fr\/"},{"@type":"ListItem","position":2,"name":"Fien Troch h\u00e9ro\u00efne des Ensors"}]},{"@type":"WebSite","@id":"https:\/\/w-l-c.be\/fr\/#website","url":"https:\/\/w-l-c.be\/fr\/","name":"w-l-c","description":"Le cin\u00e9ma vu par les belges","potentialAction":[{"@type":"SearchAction","target":{"@type":"EntryPoint","urlTemplate":"https:\/\/w-l-c.be\/fr\/?s={search_term_string}"},"query-input":"required name=search_term_string"}],"inLanguage":"fr-FR"},{"@type":"Person","@id":"https:\/\/w-l-c.be\/fr\/#\/schema\/person\/8084b68c6b176142d073695c654dc7cf","name":"Aurore Engelen","url":"https:\/\/w-l-c.be\/fr\/author\/aurore-engelen\/"}]}},"_links":{"self":[{"href":"https:\/\/w-l-c.be\/fr\/wp-json\/wp\/v2\/posts\/203007","targetHints":{"allow":["GET"]}}],"collection":[{"href":"https:\/\/w-l-c.be\/fr\/wp-json\/wp\/v2\/posts"}],"about":[{"href":"https:\/\/w-l-c.be\/fr\/wp-json\/wp\/v2\/types\/post"}],"author":[{"embeddable":true,"href":"https:\/\/w-l-c.be\/fr\/wp-json\/wp\/v2\/users\/343"}],"replies":[{"embeddable":true,"href":"https:\/\/w-l-c.be\/fr\/wp-json\/wp\/v2\/comments?post=203007"}],"version-history":[{"count":0,"href":"https:\/\/w-l-c.be\/fr\/wp-json\/wp\/v2\/posts\/203007\/revisions"}],"wp:featuredmedia":[{"embeddable":true,"href":"https:\/\/w-l-c.be\/fr\/wp-json\/wp\/v2\/media\/202996"}],"wp:attachment":[{"href":"https:\/\/w-l-c.be\/fr\/wp-json\/wp\/v2\/media?parent=203007"}],"wp:term":[{"taxonomy":"category","embeddable":true,"href":"https:\/\/w-l-c.be\/fr\/wp-json\/wp\/v2\/categories?post=203007"},{"taxonomy":"post_tag","embeddable":true,"href":"https:\/\/w-l-c.be\/fr\/wp-json\/wp\/v2\/tags?post=203007"}],"curies":[{"name":"wp","href":"https:\/\/api.w.org\/{rel}","templated":true}]}}