
{"id":207634,"date":"2018-02-20T12:06:52","date_gmt":"2018-02-20T11:06:52","guid":{"rendered":"http:\/\/www.cinevox.be\/?p=207634"},"modified":"2018-02-20T12:10:24","modified_gmt":"2018-02-20T11:10:24","slug":"3e-edition-de-brussels-in-love","status":"publish","type":"post","link":"https:\/\/w-l-c.be\/fr\/3e-edition-de-brussels-in-love\/","title":{"rendered":"3e \u00e9dition de Brussels in Love"},"content":{"rendered":"<p><strong>C&rsquo;est ce mardi 20 f\u00e9vrier que d\u00e9marre la 3e \u00e9dition du Festival Brussels in Love, consacr\u00e9 aux films quelque soit leur format qui mettent en avant la capitale belge.\u00a0<\/strong><\/p>\n<p>Des fictions, des documentaires et des courts-m\u00e9trages, des nouveaut\u00e9s et des classiques,\u00a0avec des d\u00e9couvertes \u00e0 faire battre le c\u0153ur de tous ceux qui sont attach\u00e9s \u00e0 l\u2019empreinte multiculturelle de la capitale, en opposition aux Cassandres toujours pr\u00eats \u00e0 d\u00e9nigrer et \u00e0 d\u00e9grader l\u2019image d\u2019une ville qui rec\u00e8le en r\u00e9alit\u00e9 des richesses qui ne demandent qu\u2019\u00e0 \u00eatre r\u00e9v\u00e9l\u00e9es.\u00a0Au programme:\u00a0une s\u00e9rie de documentaires, fictions et courts m\u00e9trages in\u00e9dits ou tr\u00e8s peu diffus\u00e9s.<\/p>\n<p>&nbsp;<\/p>\n<p><img loading=\"lazy\" decoding=\"async\" class=\"alignnone wp-image-207635 size-large\" src=\"http:\/\/www.cinevox.be\/wp-content\/uploads\/2018\/02\/BrusselsInLove-800x294.jpg\" alt=\"BrusselsInLove\" width=\"618\" height=\"227\" srcset=\"https:\/\/w-l-c.be\/wp-content\/uploads\/2018\/02\/BrusselsInLove-800x294.jpg 800w, https:\/\/w-l-c.be\/wp-content\/uploads\/2018\/02\/BrusselsInLove-480x177.jpg 480w, https:\/\/w-l-c.be\/wp-content\/uploads\/2018\/02\/BrusselsInLove-768x283.jpg 768w, https:\/\/w-l-c.be\/wp-content\/uploads\/2018\/02\/BrusselsInLove.jpg 1476w\" sizes=\"auto, (max-width: 618px) 100vw, 618px\" \/><\/p>\n<p>L&rsquo;occasion de voir ou revoir un certain nombre de films belges dont nous vous avons d\u00e9j\u00e0 parl\u00e9, comme <a href=\"http:\/\/www.cinevox.be\/fr\/drole-de-pere-lhistoire-dune-rencontre\/\"><em>Dr\u00f4le de p\u00e8re<\/em><\/a> d&rsquo;<a href=\"http:\/\/www.cinevox.be\/fr\/rencontre-amelie-van-elmbt\/\">Am\u00e9lie Van Elmbt<\/a>, <em><a href=\"http:\/\/www.cinevox.be\/fr\/fidele-polar-damour\/\">Le Fid\u00e8le<\/a> <\/em>de <a href=\"http:\/\/www.cinevox.be\/fr\/rencontre-michael-k-roskam-realisateur-fidele\/\">Micha\u00ebl R. Roskam<\/a>, <em><a href=\"http:\/\/www.cinevox.be\/fr\/le-passe-devant-nous-ultra-moderne-solitude-en-plein-lockdown\/\">Le Pass\u00e9 devant nous<\/a><\/em> de Nathalie Teirlinck, ou encore deux films qui sortent incessamment sous peu sur nos \u00e9crans, <em>Ni juge ni soumise<\/em> de Jean Libon et Yves Hinant et <a href=\"http:\/\/www.cinevox.be\/fr\/part-sauvage-portrait-dune-fragile-reinsertion\/\"><em>La Part Sauvag<\/em><\/a>e de <a href=\"http:\/\/www.cinevox.be\/fr\/2mn-guerin-van-de-vorst\/\">Gu\u00e9rin van de Vorst<\/a>.<\/p>\n<p>Le festival se d\u00e9roule du 20 au 24 f\u00e9vrier\u00e0 La V\u00e9nerie, mais aussi au\u00a0Centre Culturel Jacques Franck, au Cin\u00e9ma Aventure et au Gemeenschap WaBo. L&rsquo;int\u00e9gralit\u00e9 de la programmation et des horaires est disponible <a href=\"http:\/\/www.lavenerie.be\/?activityid=E611F51D-A95E-E00A-287A-77EE623160CE\">ici<\/a>.<\/p>\n","protected":false},"excerpt":{"rendered":"<p>C&rsquo;est ce mardi 20 f\u00e9vrier que d\u00e9marre la 3e \u00e9dition du Festival Brussels in Love, consacr\u00e9 aux films quelque soit leur format qui mettent en avant la capitale belge.\u00a0 Des fictions, des documentaires et des courts-m\u00e9trages, des nouveaut\u00e9s et des classiques,\u00a0avec des d\u00e9couvertes \u00e0 faire battre le c\u0153ur de tous ceux qui sont attach\u00e9s \u00e0 &hellip;<\/p>\n","protected":false},"author":343,"featured_media":207635,"comment_status":"closed","ping_status":"closed","sticky":false,"template":"","format":"standard","meta":{"ngg_post_thumbnail":0,"footnotes":""},"categories":[12],"tags":[3245],"class_list":["post-207634","post","type-post","status-publish","format-standard","has-post-thumbnail","","category-awards","tag-brussels-in-love"],"yoast_head":"<!-- This site is optimized with the Yoast SEO plugin v20.4 - https:\/\/yoast.com\/wordpress\/plugins\/seo\/ -->\n<title>3e \u00e9dition de Brussels in Love - w-l-c<\/title>\n<meta name=\"robots\" content=\"noindex, follow, max-snippet:-1, max-image-preview:large, max-video-preview:-1\" \/>\n<meta property=\"og:locale\" content=\"fr_FR\" \/>\n<meta property=\"og:type\" content=\"article\" \/>\n<meta property=\"og:title\" content=\"3e \u00e9dition de Brussels in Love - w-l-c\" \/>\n<meta property=\"og:description\" content=\"C&rsquo;est ce mardi 20 f\u00e9vrier que d\u00e9marre la 3e \u00e9dition du Festival Brussels in Love, consacr\u00e9 aux films quelque soit leur format qui mettent en avant la capitale belge.\u00a0 Des fictions, des documentaires et des courts-m\u00e9trages, des nouveaut\u00e9s et des classiques,\u00a0avec des d\u00e9couvertes \u00e0 faire battre le c\u0153ur de tous ceux qui sont attach\u00e9s \u00e0 &hellip;\" \/>\n<meta property=\"og:url\" content=\"https:\/\/w-l-c.be\/fr\/3e-edition-de-brussels-in-love\/\" \/>\n<meta property=\"og:site_name\" content=\"w-l-c\" \/>\n<meta property=\"article:published_time\" content=\"2018-02-20T11:06:52+00:00\" \/>\n<meta property=\"article:modified_time\" content=\"2018-02-20T11:10:24+00:00\" \/>\n<meta property=\"og:image\" content=\"https:\/\/w-l-c.be\/wp-content\/uploads\/2018\/02\/BrusselsInLove.jpg\" \/>\n\t<meta property=\"og:image:width\" content=\"1476\" \/>\n\t<meta property=\"og:image:height\" content=\"543\" \/>\n\t<meta property=\"og:image:type\" content=\"image\/jpeg\" \/>\n<meta name=\"author\" content=\"Aurore Engelen\" \/>\n<meta name=\"twitter:card\" content=\"summary_large_image\" \/>\n<meta name=\"twitter:label1\" content=\"\u00c9crit par\" \/>\n\t<meta name=\"twitter:data1\" content=\"Aurore Engelen\" \/>\n\t<meta name=\"twitter:label2\" content=\"Dur\u00e9e de lecture estim\u00e9e\" \/>\n\t<meta name=\"twitter:data2\" content=\"1 minute\" \/>\n<script type=\"application\/ld+json\" class=\"yoast-schema-graph\">{\"@context\":\"https:\/\/schema.org\",\"@graph\":[{\"@type\":\"WebPage\",\"@id\":\"https:\/\/w-l-c.be\/fr\/3e-edition-de-brussels-in-love\/\",\"url\":\"https:\/\/w-l-c.be\/fr\/3e-edition-de-brussels-in-love\/\",\"name\":\"3e \u00e9dition de Brussels in Love - w-l-c\",\"isPartOf\":{\"@id\":\"https:\/\/w-l-c.be\/fr\/#website\"},\"datePublished\":\"2018-02-20T11:06:52+00:00\",\"dateModified\":\"2018-02-20T11:10:24+00:00\",\"author\":{\"@id\":\"https:\/\/w-l-c.be\/fr\/#\/schema\/person\/8084b68c6b176142d073695c654dc7cf\"},\"breadcrumb\":{\"@id\":\"https:\/\/w-l-c.be\/fr\/3e-edition-de-brussels-in-love\/#breadcrumb\"},\"inLanguage\":\"fr-FR\",\"potentialAction\":[{\"@type\":\"ReadAction\",\"target\":[\"https:\/\/w-l-c.be\/fr\/3e-edition-de-brussels-in-love\/\"]}]},{\"@type\":\"BreadcrumbList\",\"@id\":\"https:\/\/w-l-c.be\/fr\/3e-edition-de-brussels-in-love\/#breadcrumb\",\"itemListElement\":[{\"@type\":\"ListItem\",\"position\":1,\"name\":\"Accueil\",\"item\":\"https:\/\/w-l-c.be\/fr\/\"},{\"@type\":\"ListItem\",\"position\":2,\"name\":\"3e \u00e9dition de Brussels in Love\"}]},{\"@type\":\"WebSite\",\"@id\":\"https:\/\/w-l-c.be\/fr\/#website\",\"url\":\"https:\/\/w-l-c.be\/fr\/\",\"name\":\"w-l-c\",\"description\":\"Le cin\u00e9ma vu par les belges\",\"potentialAction\":[{\"@type\":\"SearchAction\",\"target\":{\"@type\":\"EntryPoint\",\"urlTemplate\":\"https:\/\/w-l-c.be\/fr\/?s={search_term_string}\"},\"query-input\":\"required name=search_term_string\"}],\"inLanguage\":\"fr-FR\"},{\"@type\":\"Person\",\"@id\":\"https:\/\/w-l-c.be\/fr\/#\/schema\/person\/8084b68c6b176142d073695c654dc7cf\",\"name\":\"Aurore Engelen\",\"url\":\"https:\/\/w-l-c.be\/fr\/author\/aurore-engelen\/\"}]}<\/script>\n<!-- \/ Yoast SEO plugin. -->","yoast_head_json":{"title":"3e \u00e9dition de Brussels in Love - w-l-c","robots":{"index":"noindex","follow":"follow","max-snippet":"max-snippet:-1","max-image-preview":"max-image-preview:large","max-video-preview":"max-video-preview:-1"},"og_locale":"fr_FR","og_type":"article","og_title":"3e \u00e9dition de Brussels in Love - w-l-c","og_description":"C&rsquo;est ce mardi 20 f\u00e9vrier que d\u00e9marre la 3e \u00e9dition du Festival Brussels in Love, consacr\u00e9 aux films quelque soit leur format qui mettent en avant la capitale belge.\u00a0 Des fictions, des documentaires et des courts-m\u00e9trages, des nouveaut\u00e9s et des classiques,\u00a0avec des d\u00e9couvertes \u00e0 faire battre le c\u0153ur de tous ceux qui sont attach\u00e9s \u00e0 &hellip;","og_url":"https:\/\/w-l-c.be\/fr\/3e-edition-de-brussels-in-love\/","og_site_name":"w-l-c","article_published_time":"2018-02-20T11:06:52+00:00","article_modified_time":"2018-02-20T11:10:24+00:00","og_image":[{"width":1476,"height":543,"url":"https:\/\/w-l-c.be\/wp-content\/uploads\/2018\/02\/BrusselsInLove.jpg","type":"image\/jpeg"}],"author":"Aurore Engelen","twitter_card":"summary_large_image","twitter_misc":{"\u00c9crit par":"Aurore Engelen","Dur\u00e9e de lecture estim\u00e9e":"1 minute"},"schema":{"@context":"https:\/\/schema.org","@graph":[{"@type":"WebPage","@id":"https:\/\/w-l-c.be\/fr\/3e-edition-de-brussels-in-love\/","url":"https:\/\/w-l-c.be\/fr\/3e-edition-de-brussels-in-love\/","name":"3e \u00e9dition de Brussels in Love - w-l-c","isPartOf":{"@id":"https:\/\/w-l-c.be\/fr\/#website"},"datePublished":"2018-02-20T11:06:52+00:00","dateModified":"2018-02-20T11:10:24+00:00","author":{"@id":"https:\/\/w-l-c.be\/fr\/#\/schema\/person\/8084b68c6b176142d073695c654dc7cf"},"breadcrumb":{"@id":"https:\/\/w-l-c.be\/fr\/3e-edition-de-brussels-in-love\/#breadcrumb"},"inLanguage":"fr-FR","potentialAction":[{"@type":"ReadAction","target":["https:\/\/w-l-c.be\/fr\/3e-edition-de-brussels-in-love\/"]}]},{"@type":"BreadcrumbList","@id":"https:\/\/w-l-c.be\/fr\/3e-edition-de-brussels-in-love\/#breadcrumb","itemListElement":[{"@type":"ListItem","position":1,"name":"Accueil","item":"https:\/\/w-l-c.be\/fr\/"},{"@type":"ListItem","position":2,"name":"3e \u00e9dition de Brussels in Love"}]},{"@type":"WebSite","@id":"https:\/\/w-l-c.be\/fr\/#website","url":"https:\/\/w-l-c.be\/fr\/","name":"w-l-c","description":"Le cin\u00e9ma vu par les belges","potentialAction":[{"@type":"SearchAction","target":{"@type":"EntryPoint","urlTemplate":"https:\/\/w-l-c.be\/fr\/?s={search_term_string}"},"query-input":"required name=search_term_string"}],"inLanguage":"fr-FR"},{"@type":"Person","@id":"https:\/\/w-l-c.be\/fr\/#\/schema\/person\/8084b68c6b176142d073695c654dc7cf","name":"Aurore Engelen","url":"https:\/\/w-l-c.be\/fr\/author\/aurore-engelen\/"}]}},"_links":{"self":[{"href":"https:\/\/w-l-c.be\/fr\/wp-json\/wp\/v2\/posts\/207634","targetHints":{"allow":["GET"]}}],"collection":[{"href":"https:\/\/w-l-c.be\/fr\/wp-json\/wp\/v2\/posts"}],"about":[{"href":"https:\/\/w-l-c.be\/fr\/wp-json\/wp\/v2\/types\/post"}],"author":[{"embeddable":true,"href":"https:\/\/w-l-c.be\/fr\/wp-json\/wp\/v2\/users\/343"}],"replies":[{"embeddable":true,"href":"https:\/\/w-l-c.be\/fr\/wp-json\/wp\/v2\/comments?post=207634"}],"version-history":[{"count":0,"href":"https:\/\/w-l-c.be\/fr\/wp-json\/wp\/v2\/posts\/207634\/revisions"}],"wp:featuredmedia":[{"embeddable":true,"href":"https:\/\/w-l-c.be\/fr\/wp-json\/wp\/v2\/media\/207635"}],"wp:attachment":[{"href":"https:\/\/w-l-c.be\/fr\/wp-json\/wp\/v2\/media?parent=207634"}],"wp:term":[{"taxonomy":"category","embeddable":true,"href":"https:\/\/w-l-c.be\/fr\/wp-json\/wp\/v2\/categories?post=207634"},{"taxonomy":"post_tag","embeddable":true,"href":"https:\/\/w-l-c.be\/fr\/wp-json\/wp\/v2\/tags?post=207634"}],"curies":[{"name":"wp","href":"https:\/\/api.w.org\/{rel}","templated":true}]}}