
{"id":208908,"date":"2018-04-18T09:43:23","date_gmt":"2018-04-18T07:43:23","guid":{"rendered":"http:\/\/www.cinevox.be\/?p=208908"},"modified":"2018-04-19T10:57:06","modified_gmt":"2018-04-19T08:57:06","slug":"frederic-fonteyne-entame-tournage-de-frontiere","status":"publish","type":"post","link":"https:\/\/w-l-c.be\/fr\/frederic-fonteyne-entame-tournage-de-frontiere\/","title":{"rendered":"Fr\u00e9d\u00e9ric Fonteyne entame le tournage de \u00ab\u00a0La Fronti\u00e8re\u00a0\u00bb"},"content":{"rendered":"<p><strong>Fr\u00e9d\u00e9ric Fonteyne est de retour 6 ans apr\u00e8s <em>Tango Libre<\/em>, avec <em>La Fronti\u00e8re<\/em>, un film de femmes, co-\u00e9crit avec Anne Paulic\u00e9vich, qui met en sc\u00e8ne Sara Forestier, No\u00e9mie Lvovsky et\u00a0Annabelle Lengronne.\u00a0<\/strong><\/p>\n<p>La Fronti\u00e8re<i> raconte trois histoires de femmes, lors d\u2019un \u00e9t\u00e9 caniculaire, entre le nord de la France et la Belgique. Axelle, Conso et Dominique n\u2019ont rien en commun sinon qu\u2019elles sont coll\u00e8gues et que tous les jours, ensemble, elles traversent la fronti\u00e8re. Pour vivre dignement d\u2019un c\u00f4t\u00e9 de la fronti\u00e8re, \u00e0 Roubaix, elles se prostituent de l\u2019autre, en Belgique. C\u2019est leur secret, leur double vie. A la fin de l\u2019\u00e9t\u00e9, quand l\u2019orage \u00e9clate enfin, ces trois femmes vont entrer en solidarit\u00e9, comme on entrerait en r\u00e9sistance. Elles partageront un nouveau secret qui les liera \u00e0 jamais.<\/i><\/p>\n<p>C&rsquo;est donc le cinqui\u00e8me long m\u00e9trage du cin\u00e9aste belge, apr\u00e8s <em>Max &amp; Bobo<\/em> (1997), <em>Une liaison pornographique<\/em> (1999), <em>La Femme de Gilles<\/em> (2004) et <em>Tango Libre<\/em> (2012). Il retrouve \u00e0 l&rsquo;\u00e9criture sa compagne, la com\u00e9dienne et sc\u00e9nariste Anne Paulicevich, qui avait d\u00e9j\u00e0 co-\u00e9crit le sc\u00e9nario de <em>Tango Libre<\/em>, Magritte du Meilleur sc\u00e9nario en 2013.<\/p>\n<p>Dans les trois r\u00f4les principaux, on retrouve la com\u00e9dienne et r\u00e9alisatrice No\u00e9mie Lvosvky (<em>Demain et tous les autres jours, Camille redouble, Les Sentiments<\/em>), qui sera bient\u00f4t \u00e0 l&rsquo;affiche des nouveaux films de Pierre Schoeller (<em>Un peuple et son roi<\/em>) et Valeria Bruni-Tedeschi (<em>Les Estivants<\/em>), et Sara Forestier (<em>Primaire, La T\u00eate Haute, Suzanne<\/em>), dont le premier film en tant que r\u00e9alisatrice, <em>M<\/em>, est sorti \u00e0 l&rsquo;automne dernier. A leurs c\u00f4t\u00e9s,\u00a0on retrouve la jeune com\u00e9dienne Annabelle Lengronne, d\u00e9couverte dans les <em>Ka\u00efra<\/em>\u00a0en 2012, et vue r\u00e9cemment dans <em>Mercuriales<\/em> ou <em>La Fine Equipe<\/em>.<\/p>\n<p>Le film est produit par Versus Production (qui accompagne notamment Bouli Lanners, Joachim Lafosse, Olivier Masset-Depasse&#8230;), qui fait donc pour la premi\u00e8re fois \u00e9quipe avec le r\u00e9alisateur. Le tournage est pr\u00e9vu du 18 avril au 25 mai, entre Bruxelles et Metz.<\/p>\n","protected":false},"excerpt":{"rendered":"<p>Fr\u00e9d\u00e9ric Fonteyne est de retour 6 ans apr\u00e8s Tango Libre, avec La Fronti\u00e8re, un film de femmes, co-\u00e9crit avec Anne Paulic\u00e9vich, qui met en sc\u00e8ne Sara Forestier, No\u00e9mie Lvovsky et\u00a0Annabelle Lengronne.\u00a0 La Fronti\u00e8re raconte trois histoires de femmes, lors d\u2019un \u00e9t\u00e9 caniculaire, entre le nord de la France et la Belgique. Axelle, Conso et Dominique &hellip;<\/p>\n","protected":false},"author":343,"featured_media":209197,"comment_status":"closed","ping_status":"closed","sticky":false,"template":"","format":"standard","meta":{"ngg_post_thumbnail":0,"footnotes":""},"categories":[11],"tags":[721,3404],"class_list":["post-208908","post","type-post","status-publish","format-standard","has-post-thumbnail","","category-tournages","tag-frederic-fonteyne","tag-la-frontiere"],"yoast_head":"<!-- This site is optimized with the Yoast SEO plugin v20.4 - https:\/\/yoast.com\/wordpress\/plugins\/seo\/ -->\n<title>Fr\u00e9d\u00e9ric Fonteyne entame le tournage de &quot;La Fronti\u00e8re&quot; - w-l-c<\/title>\n<meta name=\"robots\" content=\"noindex, follow, max-snippet:-1, max-image-preview:large, max-video-preview:-1\" \/>\n<meta property=\"og:locale\" content=\"fr_FR\" \/>\n<meta property=\"og:type\" content=\"article\" \/>\n<meta property=\"og:title\" content=\"Fr\u00e9d\u00e9ric Fonteyne entame le tournage de &quot;La Fronti\u00e8re&quot; - w-l-c\" \/>\n<meta property=\"og:description\" content=\"Fr\u00e9d\u00e9ric Fonteyne est de retour 6 ans apr\u00e8s Tango Libre, avec La Fronti\u00e8re, un film de femmes, co-\u00e9crit avec Anne Paulic\u00e9vich, qui met en sc\u00e8ne Sara Forestier, No\u00e9mie Lvovsky et\u00a0Annabelle Lengronne.\u00a0 La Fronti\u00e8re raconte trois histoires de femmes, lors d\u2019un \u00e9t\u00e9 caniculaire, entre le nord de la France et la Belgique. Axelle, Conso et Dominique &hellip;\" \/>\n<meta property=\"og:url\" content=\"https:\/\/w-l-c.be\/fr\/frederic-fonteyne-entame-tournage-de-frontiere\/\" \/>\n<meta property=\"og:site_name\" content=\"w-l-c\" \/>\n<meta property=\"article:published_time\" content=\"2018-04-18T07:43:23+00:00\" \/>\n<meta property=\"article:modified_time\" content=\"2018-04-19T08:57:06+00:00\" \/>\n<meta property=\"og:image\" content=\"https:\/\/w-l-c.be\/wp-content\/uploads\/2018\/03\/TournageLaFrontiere.jpg\" \/>\n\t<meta property=\"og:image:width\" content=\"2400\" \/>\n\t<meta property=\"og:image:height\" content=\"1200\" \/>\n\t<meta property=\"og:image:type\" content=\"image\/jpeg\" \/>\n<meta name=\"author\" content=\"Aurore Engelen\" \/>\n<meta name=\"twitter:card\" content=\"summary_large_image\" \/>\n<meta name=\"twitter:label1\" content=\"\u00c9crit par\" \/>\n\t<meta name=\"twitter:data1\" content=\"Aurore Engelen\" \/>\n\t<meta name=\"twitter:label2\" content=\"Dur\u00e9e de lecture estim\u00e9e\" \/>\n\t<meta name=\"twitter:data2\" content=\"2 minutes\" \/>\n<script type=\"application\/ld+json\" class=\"yoast-schema-graph\">{\"@context\":\"https:\/\/schema.org\",\"@graph\":[{\"@type\":\"WebPage\",\"@id\":\"https:\/\/w-l-c.be\/fr\/frederic-fonteyne-entame-tournage-de-frontiere\/\",\"url\":\"https:\/\/w-l-c.be\/fr\/frederic-fonteyne-entame-tournage-de-frontiere\/\",\"name\":\"Fr\u00e9d\u00e9ric Fonteyne entame le tournage de \\\"La Fronti\u00e8re\\\" - w-l-c\",\"isPartOf\":{\"@id\":\"https:\/\/w-l-c.be\/fr\/#website\"},\"datePublished\":\"2018-04-18T07:43:23+00:00\",\"dateModified\":\"2018-04-19T08:57:06+00:00\",\"author\":{\"@id\":\"https:\/\/w-l-c.be\/fr\/#\/schema\/person\/8084b68c6b176142d073695c654dc7cf\"},\"breadcrumb\":{\"@id\":\"https:\/\/w-l-c.be\/fr\/frederic-fonteyne-entame-tournage-de-frontiere\/#breadcrumb\"},\"inLanguage\":\"fr-FR\",\"potentialAction\":[{\"@type\":\"ReadAction\",\"target\":[\"https:\/\/w-l-c.be\/fr\/frederic-fonteyne-entame-tournage-de-frontiere\/\"]}]},{\"@type\":\"BreadcrumbList\",\"@id\":\"https:\/\/w-l-c.be\/fr\/frederic-fonteyne-entame-tournage-de-frontiere\/#breadcrumb\",\"itemListElement\":[{\"@type\":\"ListItem\",\"position\":1,\"name\":\"Accueil\",\"item\":\"https:\/\/w-l-c.be\/fr\/\"},{\"@type\":\"ListItem\",\"position\":2,\"name\":\"Fr\u00e9d\u00e9ric Fonteyne entame le tournage de \u00ab\u00a0La Fronti\u00e8re\u00a0\u00bb\"}]},{\"@type\":\"WebSite\",\"@id\":\"https:\/\/w-l-c.be\/fr\/#website\",\"url\":\"https:\/\/w-l-c.be\/fr\/\",\"name\":\"w-l-c\",\"description\":\"Le cin\u00e9ma vu par les belges\",\"potentialAction\":[{\"@type\":\"SearchAction\",\"target\":{\"@type\":\"EntryPoint\",\"urlTemplate\":\"https:\/\/w-l-c.be\/fr\/?s={search_term_string}\"},\"query-input\":\"required name=search_term_string\"}],\"inLanguage\":\"fr-FR\"},{\"@type\":\"Person\",\"@id\":\"https:\/\/w-l-c.be\/fr\/#\/schema\/person\/8084b68c6b176142d073695c654dc7cf\",\"name\":\"Aurore Engelen\",\"url\":\"https:\/\/w-l-c.be\/fr\/author\/aurore-engelen\/\"}]}<\/script>\n<!-- \/ Yoast SEO plugin. -->","yoast_head_json":{"title":"Fr\u00e9d\u00e9ric Fonteyne entame le tournage de \"La Fronti\u00e8re\" - w-l-c","robots":{"index":"noindex","follow":"follow","max-snippet":"max-snippet:-1","max-image-preview":"max-image-preview:large","max-video-preview":"max-video-preview:-1"},"og_locale":"fr_FR","og_type":"article","og_title":"Fr\u00e9d\u00e9ric Fonteyne entame le tournage de \"La Fronti\u00e8re\" - w-l-c","og_description":"Fr\u00e9d\u00e9ric Fonteyne est de retour 6 ans apr\u00e8s Tango Libre, avec La Fronti\u00e8re, un film de femmes, co-\u00e9crit avec Anne Paulic\u00e9vich, qui met en sc\u00e8ne Sara Forestier, No\u00e9mie Lvovsky et\u00a0Annabelle Lengronne.\u00a0 La Fronti\u00e8re raconte trois histoires de femmes, lors d\u2019un \u00e9t\u00e9 caniculaire, entre le nord de la France et la Belgique. Axelle, Conso et Dominique &hellip;","og_url":"https:\/\/w-l-c.be\/fr\/frederic-fonteyne-entame-tournage-de-frontiere\/","og_site_name":"w-l-c","article_published_time":"2018-04-18T07:43:23+00:00","article_modified_time":"2018-04-19T08:57:06+00:00","og_image":[{"width":2400,"height":1200,"url":"https:\/\/w-l-c.be\/wp-content\/uploads\/2018\/03\/TournageLaFrontiere.jpg","type":"image\/jpeg"}],"author":"Aurore Engelen","twitter_card":"summary_large_image","twitter_misc":{"\u00c9crit par":"Aurore Engelen","Dur\u00e9e de lecture estim\u00e9e":"2 minutes"},"schema":{"@context":"https:\/\/schema.org","@graph":[{"@type":"WebPage","@id":"https:\/\/w-l-c.be\/fr\/frederic-fonteyne-entame-tournage-de-frontiere\/","url":"https:\/\/w-l-c.be\/fr\/frederic-fonteyne-entame-tournage-de-frontiere\/","name":"Fr\u00e9d\u00e9ric Fonteyne entame le tournage de \"La Fronti\u00e8re\" - w-l-c","isPartOf":{"@id":"https:\/\/w-l-c.be\/fr\/#website"},"datePublished":"2018-04-18T07:43:23+00:00","dateModified":"2018-04-19T08:57:06+00:00","author":{"@id":"https:\/\/w-l-c.be\/fr\/#\/schema\/person\/8084b68c6b176142d073695c654dc7cf"},"breadcrumb":{"@id":"https:\/\/w-l-c.be\/fr\/frederic-fonteyne-entame-tournage-de-frontiere\/#breadcrumb"},"inLanguage":"fr-FR","potentialAction":[{"@type":"ReadAction","target":["https:\/\/w-l-c.be\/fr\/frederic-fonteyne-entame-tournage-de-frontiere\/"]}]},{"@type":"BreadcrumbList","@id":"https:\/\/w-l-c.be\/fr\/frederic-fonteyne-entame-tournage-de-frontiere\/#breadcrumb","itemListElement":[{"@type":"ListItem","position":1,"name":"Accueil","item":"https:\/\/w-l-c.be\/fr\/"},{"@type":"ListItem","position":2,"name":"Fr\u00e9d\u00e9ric Fonteyne entame le tournage de \u00ab\u00a0La Fronti\u00e8re\u00a0\u00bb"}]},{"@type":"WebSite","@id":"https:\/\/w-l-c.be\/fr\/#website","url":"https:\/\/w-l-c.be\/fr\/","name":"w-l-c","description":"Le cin\u00e9ma vu par les belges","potentialAction":[{"@type":"SearchAction","target":{"@type":"EntryPoint","urlTemplate":"https:\/\/w-l-c.be\/fr\/?s={search_term_string}"},"query-input":"required name=search_term_string"}],"inLanguage":"fr-FR"},{"@type":"Person","@id":"https:\/\/w-l-c.be\/fr\/#\/schema\/person\/8084b68c6b176142d073695c654dc7cf","name":"Aurore Engelen","url":"https:\/\/w-l-c.be\/fr\/author\/aurore-engelen\/"}]}},"_links":{"self":[{"href":"https:\/\/w-l-c.be\/fr\/wp-json\/wp\/v2\/posts\/208908","targetHints":{"allow":["GET"]}}],"collection":[{"href":"https:\/\/w-l-c.be\/fr\/wp-json\/wp\/v2\/posts"}],"about":[{"href":"https:\/\/w-l-c.be\/fr\/wp-json\/wp\/v2\/types\/post"}],"author":[{"embeddable":true,"href":"https:\/\/w-l-c.be\/fr\/wp-json\/wp\/v2\/users\/343"}],"replies":[{"embeddable":true,"href":"https:\/\/w-l-c.be\/fr\/wp-json\/wp\/v2\/comments?post=208908"}],"version-history":[{"count":0,"href":"https:\/\/w-l-c.be\/fr\/wp-json\/wp\/v2\/posts\/208908\/revisions"}],"wp:featuredmedia":[{"embeddable":true,"href":"https:\/\/w-l-c.be\/fr\/wp-json\/wp\/v2\/media\/209197"}],"wp:attachment":[{"href":"https:\/\/w-l-c.be\/fr\/wp-json\/wp\/v2\/media?parent=208908"}],"wp:term":[{"taxonomy":"category","embeddable":true,"href":"https:\/\/w-l-c.be\/fr\/wp-json\/wp\/v2\/categories?post=208908"},{"taxonomy":"post_tag","embeddable":true,"href":"https:\/\/w-l-c.be\/fr\/wp-json\/wp\/v2\/tags?post=208908"}],"curies":[{"name":"wp","href":"https:\/\/api.w.org\/{rel}","templated":true}]}}