
{"id":209532,"date":"2018-05-07T10:17:43","date_gmt":"2018-05-07T08:17:43","guid":{"rendered":"http:\/\/www.cinevox.be\/?p=209532"},"modified":"2018-05-07T15:45:27","modified_gmt":"2018-05-07T13:45:27","slug":"icare-remporte-grand-prix-brussels-short-film-festival","status":"publish","type":"post","link":"https:\/\/w-l-c.be\/fr\/icare-remporte-grand-prix-brussels-short-film-festival\/","title":{"rendered":"\u00ab\u00a0Icare\u00a0\u00bb remporte le Grand Prix au Brussels Short Film Festival"},"content":{"rendered":"<p><strong>La 21e \u00e9dition du Brussels Short Film Festival s&rsquo;est achev\u00e9e ce week-end apr\u00e8s 12 jours de c\u00e9l\u00e9bration du format court sous toutes ses formes. De nombreux films belges ont \u00e9t\u00e9 prim\u00e9s parmi les diff\u00e9rentes comp\u00e9titions du Festival.<\/strong><\/p>\n<p>Notons tout d&rsquo;abord que le com\u00e9dien anglais Calvin Dean a re\u00e7u le Prix d&rsquo;interpr\u00e9tation masculine de la Comp\u00e9tition Internationale pour son r\u00f4le dans le film du r\u00e9alisateur belge S\u00e9bastien Petretti, <em>Make Aliens Dance<\/em>.<\/p>\n<h4>Comp\u00e9tition Nationale<\/h4>\n<p>Le grand Prix de la Comp\u00e9tition Nationale a \u00e9t\u00e9 attribu\u00e9 \u00e0 <em>Icare<\/em>, le troisi\u00e8me film de Nicolas Boucart. <em>Icare<\/em> suit le d\u00e9lire m\u00e9galomane de L\u00e9onard, que l&rsquo;on devine \u00eatre un inventeur fatigu\u00e9 et r\u00eaveur, qui entra\u00eene inlassablement le (tr\u00e8s) jeune Joseph pour lui faire r\u00e9aliser son r\u00eave le plus fou: \u00eatre le premier homme \u00e0 voler comme un oiseau, \u00e0 la seule force des ailes. Ils sont assist\u00e9s dans cette t\u00e2che si particuli\u00e8re par Sala\u00ef, souffre-douleur de L\u00e9onard, qui accompagne leurs moindres faits et gestes. Jusqu&rsquo;au bout. Un r\u00e9cit simple et limpide, dans des d\u00e9cors majestueux, servi par l&rsquo;interpr\u00e9tation au cordeau des trois com\u00e9diens, Philippe Rebbot, Maxime Bessonov et Albert Chassagne.<\/p>\n<p><em>Icare<\/em> est produit par H\u00e9licotronc, et b\u00e9n\u00e9ficiera du nouveau statut du\u00a0Brussels Short Film Festival, devenu qualifiant pour les Oscars, ce qui vaudra donc au film une\u00a0pr\u00e9-s\u00e9lection pour les Oscars.<\/p>\n<p>La Mention sp\u00e9ciale du jury est revenue \u00e0 <em>Wildebeest<\/em>, de\u00a0Nicolas Keppens et Matthias Phlips, projet hybride m\u00ealant animation et prises de vues r\u00e9elles, qui suit le surprenant safari d&rsquo;un couple d&rsquo;une quarantaine en qu\u00eate d&rsquo;aventures. Le film s&rsquo;est \u00e9galement vu d\u00e9cerner le Prix Canal + France.<\/p>\n<p><iframe loading=\"lazy\" title=\"Wildebeest\u2014Trailer\" src=\"https:\/\/player.vimeo.com\/video\/245726346?dnt=1&amp;app_id=122963\" width=\"618\" height=\"348\" frameborder=\"0\" allow=\"autoplay; fullscreen; picture-in-picture; clipboard-write; encrypted-media\"><\/iframe><\/p>\n<p>C\u00f4t\u00e9 interpr\u00e9tation, la toujours impeccable Alice de Lencquesaing, actrice fran\u00e7aise tr\u00e8s pr\u00e9sente dans le cin\u00e9ma belge (<em>La T\u00eate la premi\u00e8re, Tokyo Fianc\u00e9e, Noces, Dr\u00f4le de P\u00e8re<\/em>) a re\u00e7u le Prix pour <em>L\u00e2chez les chiens<\/em> de Manue Fleytoux, tandis que\u00a0Eryk Maj s&rsquo;est vu primer pour\u00a0<em>Deer Boy<\/em> de Katarzyna Gondek.<\/p>\n<p><em>Make Aliens Dance<\/em> a re\u00e7u le Prix de la F\u00e9d\u00e9ration Wallonie-Bruxelles, <em>SI-G<\/em> de Frederike Mignom le Prix UPCB\/UCC de la Critique, <em>The Glorious Peanut<\/em> de\u00a0Fred de Loof &amp; Fred Labeye le Prix Be TV, <em>Lost in the Middle<\/em> de\u00a0Senne Dehandschutter le Prix de La Trois &#8211; RTBF, et enfin <em>Vihta<\/em>, de Fran\u00e7ois Bierry, d\u00e9j\u00e0 prim\u00e9 \u00e0 Clermont-Ferrand, a re\u00e7u le Prix du Public.<\/p>\n<p>&nbsp;<\/p>\n<h4>Comp\u00e9tition Next Generation<\/h4>\n<p>Trois films belges se sont distingu\u00e9s dans cette comp\u00e9tition consacr\u00e9e aux jeunes auteurs et aux films d&rsquo;\u00e9cole. <em>Girlhood<\/em>, essai documentaire de\u00a0Heleen Declercq s&rsquo;interroge sur cette p\u00e9riode si particuli\u00e8re: qu&rsquo;est-ce qu&rsquo;\u00eatre une jeune fille aujourd&rsquo;hui \u00e0 l&rsquo;adolescence? Le film a re\u00e7u une mention sp\u00e9ciale du Jury. <em>La Derni\u00e8re Meute<\/em> de\u00a0Morgane Thibaut, autre court m\u00e9trage documentaire, a re\u00e7u le Prix de la F\u00e9d\u00e9ration Wallonie-Bruxelles. Enfin <em>Dispersion<\/em> de Nikita Trocki a re\u00e7u le Prix National du Public.<\/p>\n<p><iframe loading=\"lazy\" title=\"LA DERNIERE MEUTE de Morgane Thibaut\" width=\"618\" height=\"348\" src=\"https:\/\/www.youtube.com\/embed\/XgzSKhHz0mA?feature=oembed\" frameborder=\"0\" allow=\"accelerometer; autoplay; clipboard-write; encrypted-media; gyroscope; picture-in-picture; web-share\" referrerpolicy=\"strict-origin-when-cross-origin\" allowfullscreen><\/iframe><\/p>\n<p>&nbsp;<\/p>\n<p>L&rsquo;int\u00e9gralit\u00e9 du palmar\u00e8s est disponible <a href=\"http:\/\/bsff.be\/films-fr\/palmares2018-fr\/\">ici<\/a>.<\/p>\n<p>&nbsp;<\/p>\n","protected":false},"excerpt":{"rendered":"<p>La 21e \u00e9dition du Brussels Short Film Festival s&rsquo;est achev\u00e9e ce week-end apr\u00e8s 12 jours de c\u00e9l\u00e9bration du format court sous toutes ses formes. De nombreux films belges ont \u00e9t\u00e9 prim\u00e9s parmi les diff\u00e9rentes comp\u00e9titions du Festival. Notons tout d&rsquo;abord que le com\u00e9dien anglais Calvin Dean a re\u00e7u le Prix d&rsquo;interpr\u00e9tation masculine de la Comp\u00e9tition &hellip;<\/p>\n","protected":false},"author":343,"featured_media":209534,"comment_status":"closed","ping_status":"closed","sticky":false,"template":"","format":"standard","meta":{"ngg_post_thumbnail":0,"footnotes":""},"categories":[12],"tags":[1895,3509,3510],"class_list":["post-209532","post","type-post","status-publish","format-standard","has-post-thumbnail","","category-awards","tag-court-metrage","tag-icare","tag-nicolas-boucart"],"yoast_head":"<!-- This site is optimized with the Yoast SEO plugin v20.4 - https:\/\/yoast.com\/wordpress\/plugins\/seo\/ -->\n<title>&quot;Icare&quot; remporte le Grand Prix au Brussels Short Film Festival - w-l-c<\/title>\n<meta name=\"robots\" content=\"noindex, follow, max-snippet:-1, max-image-preview:large, max-video-preview:-1\" \/>\n<meta property=\"og:locale\" content=\"fr_FR\" \/>\n<meta property=\"og:type\" content=\"article\" \/>\n<meta property=\"og:title\" content=\"&quot;Icare&quot; remporte le Grand Prix au Brussels Short Film Festival - w-l-c\" \/>\n<meta property=\"og:description\" content=\"La 21e \u00e9dition du Brussels Short Film Festival s&rsquo;est achev\u00e9e ce week-end apr\u00e8s 12 jours de c\u00e9l\u00e9bration du format court sous toutes ses formes. De nombreux films belges ont \u00e9t\u00e9 prim\u00e9s parmi les diff\u00e9rentes comp\u00e9titions du Festival. Notons tout d&rsquo;abord que le com\u00e9dien anglais Calvin Dean a re\u00e7u le Prix d&rsquo;interpr\u00e9tation masculine de la Comp\u00e9tition &hellip;\" \/>\n<meta property=\"og:url\" content=\"https:\/\/w-l-c.be\/fr\/icare-remporte-grand-prix-brussels-short-film-festival\/\" \/>\n<meta property=\"og:site_name\" content=\"w-l-c\" \/>\n<meta property=\"article:published_time\" content=\"2018-05-07T08:17:43+00:00\" \/>\n<meta property=\"article:modified_time\" content=\"2018-05-07T13:45:27+00:00\" \/>\n<meta property=\"og:image\" content=\"https:\/\/w-l-c.be\/wp-content\/uploads\/2018\/05\/icare.jpg\" \/>\n\t<meta property=\"og:image:width\" content=\"1023\" \/>\n\t<meta property=\"og:image:height\" content=\"553\" \/>\n\t<meta property=\"og:image:type\" content=\"image\/jpeg\" \/>\n<meta name=\"author\" content=\"Aurore Engelen\" \/>\n<meta name=\"twitter:card\" content=\"summary_large_image\" \/>\n<meta name=\"twitter:label1\" content=\"\u00c9crit par\" \/>\n\t<meta name=\"twitter:data1\" content=\"Aurore Engelen\" \/>\n\t<meta name=\"twitter:label2\" content=\"Dur\u00e9e de lecture estim\u00e9e\" \/>\n\t<meta name=\"twitter:data2\" content=\"3 minutes\" \/>\n<script type=\"application\/ld+json\" class=\"yoast-schema-graph\">{\"@context\":\"https:\/\/schema.org\",\"@graph\":[{\"@type\":\"WebPage\",\"@id\":\"https:\/\/w-l-c.be\/fr\/icare-remporte-grand-prix-brussels-short-film-festival\/\",\"url\":\"https:\/\/w-l-c.be\/fr\/icare-remporte-grand-prix-brussels-short-film-festival\/\",\"name\":\"\\\"Icare\\\" remporte le Grand Prix au Brussels Short Film Festival - w-l-c\",\"isPartOf\":{\"@id\":\"https:\/\/w-l-c.be\/fr\/#website\"},\"datePublished\":\"2018-05-07T08:17:43+00:00\",\"dateModified\":\"2018-05-07T13:45:27+00:00\",\"author\":{\"@id\":\"https:\/\/w-l-c.be\/fr\/#\/schema\/person\/8084b68c6b176142d073695c654dc7cf\"},\"breadcrumb\":{\"@id\":\"https:\/\/w-l-c.be\/fr\/icare-remporte-grand-prix-brussels-short-film-festival\/#breadcrumb\"},\"inLanguage\":\"fr-FR\",\"potentialAction\":[{\"@type\":\"ReadAction\",\"target\":[\"https:\/\/w-l-c.be\/fr\/icare-remporte-grand-prix-brussels-short-film-festival\/\"]}]},{\"@type\":\"BreadcrumbList\",\"@id\":\"https:\/\/w-l-c.be\/fr\/icare-remporte-grand-prix-brussels-short-film-festival\/#breadcrumb\",\"itemListElement\":[{\"@type\":\"ListItem\",\"position\":1,\"name\":\"Accueil\",\"item\":\"https:\/\/w-l-c.be\/fr\/\"},{\"@type\":\"ListItem\",\"position\":2,\"name\":\"\u00ab\u00a0Icare\u00a0\u00bb remporte le Grand Prix au Brussels Short Film Festival\"}]},{\"@type\":\"WebSite\",\"@id\":\"https:\/\/w-l-c.be\/fr\/#website\",\"url\":\"https:\/\/w-l-c.be\/fr\/\",\"name\":\"w-l-c\",\"description\":\"Le cin\u00e9ma vu par les belges\",\"potentialAction\":[{\"@type\":\"SearchAction\",\"target\":{\"@type\":\"EntryPoint\",\"urlTemplate\":\"https:\/\/w-l-c.be\/fr\/?s={search_term_string}\"},\"query-input\":\"required name=search_term_string\"}],\"inLanguage\":\"fr-FR\"},{\"@type\":\"Person\",\"@id\":\"https:\/\/w-l-c.be\/fr\/#\/schema\/person\/8084b68c6b176142d073695c654dc7cf\",\"name\":\"Aurore Engelen\",\"url\":\"https:\/\/w-l-c.be\/fr\/author\/aurore-engelen\/\"}]}<\/script>\n<!-- \/ Yoast SEO plugin. -->","yoast_head_json":{"title":"\"Icare\" remporte le Grand Prix au Brussels Short Film Festival - w-l-c","robots":{"index":"noindex","follow":"follow","max-snippet":"max-snippet:-1","max-image-preview":"max-image-preview:large","max-video-preview":"max-video-preview:-1"},"og_locale":"fr_FR","og_type":"article","og_title":"\"Icare\" remporte le Grand Prix au Brussels Short Film Festival - w-l-c","og_description":"La 21e \u00e9dition du Brussels Short Film Festival s&rsquo;est achev\u00e9e ce week-end apr\u00e8s 12 jours de c\u00e9l\u00e9bration du format court sous toutes ses formes. De nombreux films belges ont \u00e9t\u00e9 prim\u00e9s parmi les diff\u00e9rentes comp\u00e9titions du Festival. Notons tout d&rsquo;abord que le com\u00e9dien anglais Calvin Dean a re\u00e7u le Prix d&rsquo;interpr\u00e9tation masculine de la Comp\u00e9tition &hellip;","og_url":"https:\/\/w-l-c.be\/fr\/icare-remporte-grand-prix-brussels-short-film-festival\/","og_site_name":"w-l-c","article_published_time":"2018-05-07T08:17:43+00:00","article_modified_time":"2018-05-07T13:45:27+00:00","og_image":[{"width":1023,"height":553,"url":"https:\/\/w-l-c.be\/wp-content\/uploads\/2018\/05\/icare.jpg","type":"image\/jpeg"}],"author":"Aurore Engelen","twitter_card":"summary_large_image","twitter_misc":{"\u00c9crit par":"Aurore Engelen","Dur\u00e9e de lecture estim\u00e9e":"3 minutes"},"schema":{"@context":"https:\/\/schema.org","@graph":[{"@type":"WebPage","@id":"https:\/\/w-l-c.be\/fr\/icare-remporte-grand-prix-brussels-short-film-festival\/","url":"https:\/\/w-l-c.be\/fr\/icare-remporte-grand-prix-brussels-short-film-festival\/","name":"\"Icare\" remporte le Grand Prix au Brussels Short Film Festival - w-l-c","isPartOf":{"@id":"https:\/\/w-l-c.be\/fr\/#website"},"datePublished":"2018-05-07T08:17:43+00:00","dateModified":"2018-05-07T13:45:27+00:00","author":{"@id":"https:\/\/w-l-c.be\/fr\/#\/schema\/person\/8084b68c6b176142d073695c654dc7cf"},"breadcrumb":{"@id":"https:\/\/w-l-c.be\/fr\/icare-remporte-grand-prix-brussels-short-film-festival\/#breadcrumb"},"inLanguage":"fr-FR","potentialAction":[{"@type":"ReadAction","target":["https:\/\/w-l-c.be\/fr\/icare-remporte-grand-prix-brussels-short-film-festival\/"]}]},{"@type":"BreadcrumbList","@id":"https:\/\/w-l-c.be\/fr\/icare-remporte-grand-prix-brussels-short-film-festival\/#breadcrumb","itemListElement":[{"@type":"ListItem","position":1,"name":"Accueil","item":"https:\/\/w-l-c.be\/fr\/"},{"@type":"ListItem","position":2,"name":"\u00ab\u00a0Icare\u00a0\u00bb remporte le Grand Prix au Brussels Short Film Festival"}]},{"@type":"WebSite","@id":"https:\/\/w-l-c.be\/fr\/#website","url":"https:\/\/w-l-c.be\/fr\/","name":"w-l-c","description":"Le cin\u00e9ma vu par les belges","potentialAction":[{"@type":"SearchAction","target":{"@type":"EntryPoint","urlTemplate":"https:\/\/w-l-c.be\/fr\/?s={search_term_string}"},"query-input":"required name=search_term_string"}],"inLanguage":"fr-FR"},{"@type":"Person","@id":"https:\/\/w-l-c.be\/fr\/#\/schema\/person\/8084b68c6b176142d073695c654dc7cf","name":"Aurore Engelen","url":"https:\/\/w-l-c.be\/fr\/author\/aurore-engelen\/"}]}},"_links":{"self":[{"href":"https:\/\/w-l-c.be\/fr\/wp-json\/wp\/v2\/posts\/209532","targetHints":{"allow":["GET"]}}],"collection":[{"href":"https:\/\/w-l-c.be\/fr\/wp-json\/wp\/v2\/posts"}],"about":[{"href":"https:\/\/w-l-c.be\/fr\/wp-json\/wp\/v2\/types\/post"}],"author":[{"embeddable":true,"href":"https:\/\/w-l-c.be\/fr\/wp-json\/wp\/v2\/users\/343"}],"replies":[{"embeddable":true,"href":"https:\/\/w-l-c.be\/fr\/wp-json\/wp\/v2\/comments?post=209532"}],"version-history":[{"count":0,"href":"https:\/\/w-l-c.be\/fr\/wp-json\/wp\/v2\/posts\/209532\/revisions"}],"wp:featuredmedia":[{"embeddable":true,"href":"https:\/\/w-l-c.be\/fr\/wp-json\/wp\/v2\/media\/209534"}],"wp:attachment":[{"href":"https:\/\/w-l-c.be\/fr\/wp-json\/wp\/v2\/media?parent=209532"}],"wp:term":[{"taxonomy":"category","embeddable":true,"href":"https:\/\/w-l-c.be\/fr\/wp-json\/wp\/v2\/categories?post=209532"},{"taxonomy":"post_tag","embeddable":true,"href":"https:\/\/w-l-c.be\/fr\/wp-json\/wp\/v2\/tags?post=209532"}],"curies":[{"name":"wp","href":"https:\/\/api.w.org\/{rel}","templated":true}]}}