
{"id":210540,"date":"2018-06-13T10:23:48","date_gmt":"2018-06-13T08:23:48","guid":{"rendered":"http:\/\/www.cinevox.be\/?p=210540"},"modified":"2018-06-14T10:31:18","modified_gmt":"2018-06-14T08:31:18","slug":"en-salle-boli-bana-de-simon-gillard","status":"publish","type":"post","link":"https:\/\/w-l-c.be\/fr\/en-salle-boli-bana-de-simon-gillard\/","title":{"rendered":"En salle: \u00ab\u00a0Boli Bana\u00a0\u00bb de Simon Gillard"},"content":{"rendered":"<div class=\"texte\">\n<p><strong>Aujourd&rsquo;hui sort aux Galeries <em>Boli Bana<\/em>, le documentaire largement prim\u00e9 de Simon Gillard sur le fragile et intemporel passage de l&rsquo;enfance \u00e0 l&rsquo;adolescence au coeur d&rsquo;un village burkinab\u00e9.\u00a0<\/strong><\/p>\n<p><em>Boli Bana<\/em> offre une v\u00e9ritable immersion sensorielle d&rsquo;une grande beaut\u00e9 plastique et d&rsquo;une r\u00e9sonance un peu mystique dans le quotidien d&rsquo;une petite troupe d&rsquo;enfants peulhs. Rien ne dit l&rsquo;\u00e9poque mais tout respire la terre, l&rsquo;ancrage au coeur d&rsquo;un territoire ancestral o\u00f9 traditions et rites de passage rythment la vie, faite de rendez-vous symboliques. Le travail sur le son, la composition des plans, tout nous happe au plus profond de l&rsquo;exp\u00e9rience du cin\u00e9aste, qui nous donne \u00e0 voir et ressentir sa fascination pour ces hommes, ces femmes, ces filles et ces gar\u00e7ons \u00e0 la r\u00e9alit\u00e9 si divergente de la n\u00f4tre.<\/p>\n<p><iframe loading=\"lazy\" title=\"BOLI BANA - Trailer\/Bande annonce\" src=\"https:\/\/player.vimeo.com\/video\/200954568?dnt=1&amp;app_id=122963\" width=\"618\" height=\"348\" frameborder=\"0\" allow=\"autoplay; fullscreen; picture-in-picture; clipboard-write; encrypted-media\"><\/iframe><\/p>\n<p>Le film d\u00e9bute par la mort et la vie, le sacrifice d&rsquo;une b\u00eate, et la naissance d&rsquo;un enfant. On va s&rsquo;immiscer au sein d&rsquo;un petit groupe de gar\u00e7ons. Simon Gillard filme au plus pr\u00e8s des corps, ceux des enfants, ceux des b\u00eates qu&rsquo;ils m\u00e8nent au p\u00e2turage, au plus pr\u00e8s de la terre. \u00ab\u00a0J\u2019ai choisi de filmer l\u2019enfance peulhe car cette p\u00e9riode de la vie densifie et met en relief le contraste qui existe entre nos modes de vie. Porter le regard sur leurs destins, c\u2019est aussi en filigrane, porter le regard sur nous-m\u00eame, sur notre d\u00e9connexion au monde naturel, explique-t-il.\u00a0\u00bb<\/p>\n<p><em>Boli Bana<\/em> prend le temps de l&rsquo;enfance, au rythme o\u00f9 elle passe dans ce village du Burkina, si loin de nous.<\/p>\n<p>Si le film b\u00e9n\u00e9ficie d&rsquo;une sortie exclusive au cin\u00e9ma Galeries \u00e0 Bruxelles, il a d\u00e9j\u00e0 un beau parcours en festivals en un peu plus d&rsquo;un an, avec pr\u00e8s de 40 s\u00e9lections, 7 prix et 3 mentions sp\u00e9ciales. Il a voyag\u00e9 sur tous les continents, dans 25 pays diff\u00e9rents pour un total de 80 projections. Il s&rsquo;agit du troisi\u00e8me film tourn\u00e9 par le r\u00e9alisateur dans cette r\u00e9gion du Burkina Faso.<\/p>\n<p>&nbsp;<\/p>\n<\/div>\n","protected":false},"excerpt":{"rendered":"<p>Aujourd&rsquo;hui sort aux Galeries Boli Bana, le documentaire largement prim\u00e9 de Simon Gillard sur le fragile et intemporel passage de l&rsquo;enfance \u00e0 l&rsquo;adolescence au coeur d&rsquo;un village burkinab\u00e9.\u00a0 Boli Bana offre une v\u00e9ritable immersion sensorielle d&rsquo;une grande beaut\u00e9 plastique et d&rsquo;une r\u00e9sonance un peu mystique dans le quotidien d&rsquo;une petite troupe d&rsquo;enfants peulhs. Rien ne &hellip;<\/p>\n","protected":false},"author":343,"featured_media":198407,"comment_status":"closed","ping_status":"closed","sticky":false,"template":"","format":"standard","meta":{"ngg_post_thumbnail":0,"footnotes":""},"categories":[10],"tags":[3637,1976,3638],"class_list":["post-210540","post","type-post","status-publish","format-standard","has-post-thumbnail","","category-a-l-affiche","tag-boli-bana","tag-documentaire-2","tag-simon-gillard"],"yoast_head":"<!-- This site is optimized with the Yoast SEO plugin v20.4 - https:\/\/yoast.com\/wordpress\/plugins\/seo\/ -->\n<title>En salle: &quot;Boli Bana&quot; de Simon Gillard - w-l-c<\/title>\n<meta name=\"robots\" content=\"noindex, follow, max-snippet:-1, max-image-preview:large, max-video-preview:-1\" \/>\n<meta property=\"og:locale\" content=\"fr_FR\" \/>\n<meta property=\"og:type\" content=\"article\" \/>\n<meta property=\"og:title\" content=\"En salle: &quot;Boli Bana&quot; de Simon Gillard - w-l-c\" \/>\n<meta property=\"og:description\" content=\"Aujourd&rsquo;hui sort aux Galeries Boli Bana, le documentaire largement prim\u00e9 de Simon Gillard sur le fragile et intemporel passage de l&rsquo;enfance \u00e0 l&rsquo;adolescence au coeur d&rsquo;un village burkinab\u00e9.\u00a0 Boli Bana offre une v\u00e9ritable immersion sensorielle d&rsquo;une grande beaut\u00e9 plastique et d&rsquo;une r\u00e9sonance un peu mystique dans le quotidien d&rsquo;une petite troupe d&rsquo;enfants peulhs. Rien ne &hellip;\" \/>\n<meta property=\"og:url\" content=\"https:\/\/w-l-c.be\/fr\/en-salle-boli-bana-de-simon-gillard\/\" \/>\n<meta property=\"og:site_name\" content=\"w-l-c\" \/>\n<meta property=\"article:published_time\" content=\"2018-06-13T08:23:48+00:00\" \/>\n<meta property=\"article:modified_time\" content=\"2018-06-14T08:31:18+00:00\" \/>\n<meta property=\"og:image\" content=\"https:\/\/w-l-c.be\/wp-content\/uploads\/2017\/04\/Boli_Bana.jpg\" \/>\n\t<meta property=\"og:image:width\" content=\"1777\" \/>\n\t<meta property=\"og:image:height\" content=\"999\" \/>\n\t<meta property=\"og:image:type\" content=\"image\/jpeg\" \/>\n<meta name=\"author\" content=\"Aurore Engelen\" \/>\n<meta name=\"twitter:card\" content=\"summary_large_image\" \/>\n<meta name=\"twitter:label1\" content=\"\u00c9crit par\" \/>\n\t<meta name=\"twitter:data1\" content=\"Aurore Engelen\" \/>\n\t<meta name=\"twitter:label2\" content=\"Dur\u00e9e de lecture estim\u00e9e\" \/>\n\t<meta name=\"twitter:data2\" content=\"2 minutes\" \/>\n<script type=\"application\/ld+json\" class=\"yoast-schema-graph\">{\"@context\":\"https:\/\/schema.org\",\"@graph\":[{\"@type\":\"WebPage\",\"@id\":\"https:\/\/w-l-c.be\/fr\/en-salle-boli-bana-de-simon-gillard\/\",\"url\":\"https:\/\/w-l-c.be\/fr\/en-salle-boli-bana-de-simon-gillard\/\",\"name\":\"En salle: \\\"Boli Bana\\\" de Simon Gillard - w-l-c\",\"isPartOf\":{\"@id\":\"https:\/\/w-l-c.be\/fr\/#website\"},\"datePublished\":\"2018-06-13T08:23:48+00:00\",\"dateModified\":\"2018-06-14T08:31:18+00:00\",\"author\":{\"@id\":\"https:\/\/w-l-c.be\/fr\/#\/schema\/person\/8084b68c6b176142d073695c654dc7cf\"},\"breadcrumb\":{\"@id\":\"https:\/\/w-l-c.be\/fr\/en-salle-boli-bana-de-simon-gillard\/#breadcrumb\"},\"inLanguage\":\"fr-FR\",\"potentialAction\":[{\"@type\":\"ReadAction\",\"target\":[\"https:\/\/w-l-c.be\/fr\/en-salle-boli-bana-de-simon-gillard\/\"]}]},{\"@type\":\"BreadcrumbList\",\"@id\":\"https:\/\/w-l-c.be\/fr\/en-salle-boli-bana-de-simon-gillard\/#breadcrumb\",\"itemListElement\":[{\"@type\":\"ListItem\",\"position\":1,\"name\":\"Accueil\",\"item\":\"https:\/\/w-l-c.be\/fr\/\"},{\"@type\":\"ListItem\",\"position\":2,\"name\":\"En salle: \u00ab\u00a0Boli Bana\u00a0\u00bb de Simon Gillard\"}]},{\"@type\":\"WebSite\",\"@id\":\"https:\/\/w-l-c.be\/fr\/#website\",\"url\":\"https:\/\/w-l-c.be\/fr\/\",\"name\":\"w-l-c\",\"description\":\"Le cin\u00e9ma vu par les belges\",\"potentialAction\":[{\"@type\":\"SearchAction\",\"target\":{\"@type\":\"EntryPoint\",\"urlTemplate\":\"https:\/\/w-l-c.be\/fr\/?s={search_term_string}\"},\"query-input\":\"required name=search_term_string\"}],\"inLanguage\":\"fr-FR\"},{\"@type\":\"Person\",\"@id\":\"https:\/\/w-l-c.be\/fr\/#\/schema\/person\/8084b68c6b176142d073695c654dc7cf\",\"name\":\"Aurore Engelen\",\"url\":\"https:\/\/w-l-c.be\/fr\/author\/aurore-engelen\/\"}]}<\/script>\n<!-- \/ Yoast SEO plugin. -->","yoast_head_json":{"title":"En salle: \"Boli Bana\" de Simon Gillard - w-l-c","robots":{"index":"noindex","follow":"follow","max-snippet":"max-snippet:-1","max-image-preview":"max-image-preview:large","max-video-preview":"max-video-preview:-1"},"og_locale":"fr_FR","og_type":"article","og_title":"En salle: \"Boli Bana\" de Simon Gillard - w-l-c","og_description":"Aujourd&rsquo;hui sort aux Galeries Boli Bana, le documentaire largement prim\u00e9 de Simon Gillard sur le fragile et intemporel passage de l&rsquo;enfance \u00e0 l&rsquo;adolescence au coeur d&rsquo;un village burkinab\u00e9.\u00a0 Boli Bana offre une v\u00e9ritable immersion sensorielle d&rsquo;une grande beaut\u00e9 plastique et d&rsquo;une r\u00e9sonance un peu mystique dans le quotidien d&rsquo;une petite troupe d&rsquo;enfants peulhs. Rien ne &hellip;","og_url":"https:\/\/w-l-c.be\/fr\/en-salle-boli-bana-de-simon-gillard\/","og_site_name":"w-l-c","article_published_time":"2018-06-13T08:23:48+00:00","article_modified_time":"2018-06-14T08:31:18+00:00","og_image":[{"width":1777,"height":999,"url":"https:\/\/w-l-c.be\/wp-content\/uploads\/2017\/04\/Boli_Bana.jpg","type":"image\/jpeg"}],"author":"Aurore Engelen","twitter_card":"summary_large_image","twitter_misc":{"\u00c9crit par":"Aurore Engelen","Dur\u00e9e de lecture estim\u00e9e":"2 minutes"},"schema":{"@context":"https:\/\/schema.org","@graph":[{"@type":"WebPage","@id":"https:\/\/w-l-c.be\/fr\/en-salle-boli-bana-de-simon-gillard\/","url":"https:\/\/w-l-c.be\/fr\/en-salle-boli-bana-de-simon-gillard\/","name":"En salle: \"Boli Bana\" de Simon Gillard - w-l-c","isPartOf":{"@id":"https:\/\/w-l-c.be\/fr\/#website"},"datePublished":"2018-06-13T08:23:48+00:00","dateModified":"2018-06-14T08:31:18+00:00","author":{"@id":"https:\/\/w-l-c.be\/fr\/#\/schema\/person\/8084b68c6b176142d073695c654dc7cf"},"breadcrumb":{"@id":"https:\/\/w-l-c.be\/fr\/en-salle-boli-bana-de-simon-gillard\/#breadcrumb"},"inLanguage":"fr-FR","potentialAction":[{"@type":"ReadAction","target":["https:\/\/w-l-c.be\/fr\/en-salle-boli-bana-de-simon-gillard\/"]}]},{"@type":"BreadcrumbList","@id":"https:\/\/w-l-c.be\/fr\/en-salle-boli-bana-de-simon-gillard\/#breadcrumb","itemListElement":[{"@type":"ListItem","position":1,"name":"Accueil","item":"https:\/\/w-l-c.be\/fr\/"},{"@type":"ListItem","position":2,"name":"En salle: \u00ab\u00a0Boli Bana\u00a0\u00bb de Simon Gillard"}]},{"@type":"WebSite","@id":"https:\/\/w-l-c.be\/fr\/#website","url":"https:\/\/w-l-c.be\/fr\/","name":"w-l-c","description":"Le cin\u00e9ma vu par les belges","potentialAction":[{"@type":"SearchAction","target":{"@type":"EntryPoint","urlTemplate":"https:\/\/w-l-c.be\/fr\/?s={search_term_string}"},"query-input":"required name=search_term_string"}],"inLanguage":"fr-FR"},{"@type":"Person","@id":"https:\/\/w-l-c.be\/fr\/#\/schema\/person\/8084b68c6b176142d073695c654dc7cf","name":"Aurore Engelen","url":"https:\/\/w-l-c.be\/fr\/author\/aurore-engelen\/"}]}},"_links":{"self":[{"href":"https:\/\/w-l-c.be\/fr\/wp-json\/wp\/v2\/posts\/210540","targetHints":{"allow":["GET"]}}],"collection":[{"href":"https:\/\/w-l-c.be\/fr\/wp-json\/wp\/v2\/posts"}],"about":[{"href":"https:\/\/w-l-c.be\/fr\/wp-json\/wp\/v2\/types\/post"}],"author":[{"embeddable":true,"href":"https:\/\/w-l-c.be\/fr\/wp-json\/wp\/v2\/users\/343"}],"replies":[{"embeddable":true,"href":"https:\/\/w-l-c.be\/fr\/wp-json\/wp\/v2\/comments?post=210540"}],"version-history":[{"count":0,"href":"https:\/\/w-l-c.be\/fr\/wp-json\/wp\/v2\/posts\/210540\/revisions"}],"wp:featuredmedia":[{"embeddable":true,"href":"https:\/\/w-l-c.be\/fr\/wp-json\/wp\/v2\/media\/198407"}],"wp:attachment":[{"href":"https:\/\/w-l-c.be\/fr\/wp-json\/wp\/v2\/media?parent=210540"}],"wp:term":[{"taxonomy":"category","embeddable":true,"href":"https:\/\/w-l-c.be\/fr\/wp-json\/wp\/v2\/categories?post=210540"},{"taxonomy":"post_tag","embeddable":true,"href":"https:\/\/w-l-c.be\/fr\/wp-json\/wp\/v2\/tags?post=210540"}],"curies":[{"name":"wp","href":"https:\/\/api.w.org\/{rel}","templated":true}]}}