
{"id":210763,"date":"2018-06-25T10:25:03","date_gmt":"2018-06-25T08:25:03","guid":{"rendered":"https:\/\/www.cinevox.be\/?p=210763"},"modified":"2018-06-25T18:41:07","modified_gmt":"2018-06-25T16:41:07","slug":"doubleplusungood-relecture-punk-et-baroque-des-saintes-ecritures","status":"publish","type":"post","link":"https:\/\/w-l-c.be\/fr\/doubleplusungood-relecture-punk-et-baroque-des-saintes-ecritures\/","title":{"rendered":"\u00ab\u00a0Doubleplusungood\u00a0\u00bb: relecture punk et baroque des saintes \u00e9critures"},"content":{"rendered":"<p><strong><em>Doubleplusungood<\/em>, exp\u00e9rience filmique \u00e0 part, suit les pas, en 2018 dans un pays qui n\u2019existe pas, de Dago Cassandra, petit truand qui revient dans son royaume apr\u00e8s 15 ans d\u2019exil investi d\u2019une mission divine: tuer les 12 ap\u00f4tres de Lucifer repr\u00e9sent\u00e9s par la pyramide du pouvoir\u2026 Son sacrifice l\u2019entra\u00eenera dans une spirale meurtri\u00e8re sans fin.<\/strong><\/p>\n<p>Dago a du boulot. Il s&rsquo;est donn\u00e9 pour mission d&rsquo;\u00e9liminer l&rsquo;un apr\u00e8s l&rsquo;autre les 12 b\u00e2tards de Lucifer. Une t\u00e2che pour le moins ardue, mais \u00e0 laquelle Dago se consacre corps et \u00e2me. Litt\u00e9ralement. 12 salopards \u00e0 \u00e9liminer, banquiers margoulins, traders insolents, avocats v\u00e9reux, 12 hommes qui n&rsquo;ont de respectable que le costume, et encore. Pour ce qui est de la col\u00e8re, Dago s&rsquo;en charge. Sa mission l&rsquo;entra\u00eene aux quatre coins d&rsquo;un territoire fantasm\u00e9, une Am\u00e9rique travestie, celle qui n&rsquo;existe plus que dans les vieux films noirs et les romans policiers d&rsquo;occasion. Une Am\u00e9rique aussi vaste qu&rsquo;anxiog\u00e8ne, qui sent bon le noir et blanc et la fum\u00e9e des Camel de Philip Marlowe. Une Am\u00e9rique du verbe aussi, un go\u00fbt du dialogue et des mots que l&rsquo;on retrouve dans les d\u00e9clamations tout en flegme de Dago, et les flash \u00e0 la radio qui \u00e9gr\u00e8ne le compte des victimes.<\/p>\n<p><iframe loading=\"lazy\" title=\"DOUBLEPLUSUNGOOD - Official Trailer (2017)\" width=\"618\" height=\"348\" src=\"https:\/\/www.youtube.com\/embed\/jEE9iyEwReU?feature=oembed\" frameborder=\"0\" allow=\"accelerometer; autoplay; clipboard-write; encrypted-media; gyroscope; picture-in-picture; web-share\" referrerpolicy=\"strict-origin-when-cross-origin\" allowfullscreen><\/iframe><\/p>\n<p>&nbsp;<\/p>\n<p><em>Doubleplusungood<\/em> tient \u00e0 la fois du film hommage, du film objet, et possiblement du film culte. Fourmillant de r\u00e9f\u00e9rences \u00e9l\u00e9gamment mises en sc\u00e8ne, on y sent l&rsquo;amour chevill\u00e9 au corps de Marco Laguna pour une certaine id\u00e9e de l&rsquo;Am\u00e9rique, du polar, du antih\u00e9ros. Un amour sublim\u00e9 en super 16 des belles bagnoles, des losers magnifiques, des gueules caboss\u00e9s, et des corps qui souffrent. Au fil des 12 meurtres comme 12 vignettes qui composent le film, Marco Laguna filme la Belgique comme s&rsquo;il \u00e9tait en Californie, embo\u00eetant le pas de son h\u00e9ros (incarn\u00e9 par le musicien Wild Dee), sorte de croisement hyper cin\u00e9g\u00e9nique entre un De Niro qui aurait un peu morfl\u00e9 et un private eye sixties pass\u00e9 du c\u00f4t\u00e9 obscur de la force.<\/p>\n<p><img loading=\"lazy\" decoding=\"async\" class=\"alignnone  wp-image-210764\" src=\"https:\/\/www.cinevox.be\/wp-content\/uploads\/2018\/06\/doubleplusungood-1.jpg\" alt=\"\" width=\"626\" height=\"308\" srcset=\"https:\/\/w-l-c.be\/wp-content\/uploads\/2018\/06\/doubleplusungood-1.jpg 500w, https:\/\/w-l-c.be\/wp-content\/uploads\/2018\/06\/doubleplusungood-1-480x236.jpg 480w\" sizes=\"auto, (max-width: 626px) 100vw, 626px\" \/><\/p>\n<p>La mission de Cassandra se r\u00e9v\u00e8le le pr\u00e9texte id\u00e9al pour d\u00e9rouler une succession de sc\u00e8nes \u00e9piques, o\u00f9 le h\u00e9ros se d\u00e9lecte de la mise en sc\u00e8ne toujours tr\u00e8s spectaculaire de la d\u00e9ch\u00e9ance de ses victimes. Avec une mention sp\u00e9ciale pour les tentatives de fuite et courses poursuites de ses cibles mouvantes, l&rsquo;une \u00e0 pied, en mode <em>La Mort aux Trousses<\/em>, l&rsquo;autre en voiture, avec en passant le plaisir de croiser Bouli Lanners, la derni\u00e8re au fond des bois, en mode stroboscopique.<\/p>\n<p><img loading=\"lazy\" decoding=\"async\" class=\"alignnone size-large wp-image-210766\" src=\"https:\/\/www.cinevox.be\/wp-content\/uploads\/2018\/06\/doubleplusungood-2.jpg\" alt=\"\" width=\"618\" height=\"349\" srcset=\"https:\/\/w-l-c.be\/wp-content\/uploads\/2018\/06\/doubleplusungood-2.jpg 705w, https:\/\/w-l-c.be\/wp-content\/uploads\/2018\/06\/doubleplusungood-2-200x113.jpg 200w, https:\/\/w-l-c.be\/wp-content\/uploads\/2018\/06\/doubleplusungood-2-478x270.jpg 478w, https:\/\/w-l-c.be\/wp-content\/uploads\/2018\/06\/doubleplusungood-2-599x337.jpg 599w\" sizes=\"auto, (max-width: 618px) 100vw, 618px\" \/><\/p>\n<p>Baroque, \u00e9pique, psych\u00e9d\u00e9lique, f\u00e9tichiste, gore, punk, <em>Doublelusungood<\/em> est tout \u00e7a \u00e0 la fois et plus encore. Marco Laguna est connu de beaucoup comme chanteur du groupe radical La Muerte. Passionn\u00e9 d&rsquo;images et de cin\u00e9ma, devenu d&rsquo;ailleurs r\u00e9alisateur et producteur de clips depuis quelques ann\u00e9es, il a mis 5 ans \u00e0 tourner <em>Doubleplusungood<\/em>, 5 ans de bouts de ficelle et de passion, pour un r\u00e9sultat hors du temps, servi par une bande originale impeccable, un film \u00e0 la marge, qui pourrait bien rencontrer le public qui voue justement un culte aux marginaux qui osent tout.<\/p>\n<p><strong><em>Doubleplusungood<\/em> sera pr\u00e9sent\u00e9 ce soir \u00e0 21h30 \u00e0 l&rsquo;UGC dans le cadre du Brussels International Film Festival en Comp\u00e9tition National, et sera rediffus\u00e9 demain mardi 26 \u00e0 19h au Cin\u00e9ma Galeries.\u00a0\u00a0<\/strong><\/p>\n","protected":false},"excerpt":{"rendered":"<p>Doubleplusungood, exp\u00e9rience filmique \u00e0 part, suit les pas, en 2018 dans un pays qui n\u2019existe pas, de Dago Cassandra, petit truand qui revient dans son royaume apr\u00e8s 15 ans d\u2019exil investi d\u2019une mission divine: tuer les 12 ap\u00f4tres de Lucifer repr\u00e9sent\u00e9s par la pyramide du pouvoir\u2026 Son sacrifice l\u2019entra\u00eenera dans une spirale meurtri\u00e8re sans fin. &hellip;<\/p>\n","protected":false},"author":343,"featured_media":210765,"comment_status":"closed","ping_status":"closed","sticky":false,"template":"","format":"standard","meta":{"ngg_post_thumbnail":0,"footnotes":""},"categories":[10],"tags":[3683,3684],"class_list":["post-210763","post","type-post","status-publish","format-standard","has-post-thumbnail","","category-a-l-affiche","tag-doubleplusungood","tag-marco-laguna"],"yoast_head":"<!-- This site is optimized with the Yoast SEO plugin v20.4 - https:\/\/yoast.com\/wordpress\/plugins\/seo\/ -->\n<title>&quot;Doubleplusungood&quot;: relecture punk et baroque des saintes \u00e9critures - w-l-c<\/title>\n<meta name=\"robots\" content=\"noindex, follow, max-snippet:-1, max-image-preview:large, max-video-preview:-1\" \/>\n<meta property=\"og:locale\" content=\"fr_FR\" \/>\n<meta property=\"og:type\" content=\"article\" \/>\n<meta property=\"og:title\" content=\"&quot;Doubleplusungood&quot;: relecture punk et baroque des saintes \u00e9critures - w-l-c\" \/>\n<meta property=\"og:description\" content=\"Doubleplusungood, exp\u00e9rience filmique \u00e0 part, suit les pas, en 2018 dans un pays qui n\u2019existe pas, de Dago Cassandra, petit truand qui revient dans son royaume apr\u00e8s 15 ans d\u2019exil investi d\u2019une mission divine: tuer les 12 ap\u00f4tres de Lucifer repr\u00e9sent\u00e9s par la pyramide du pouvoir\u2026 Son sacrifice l\u2019entra\u00eenera dans une spirale meurtri\u00e8re sans fin. &hellip;\" \/>\n<meta property=\"og:url\" content=\"https:\/\/w-l-c.be\/fr\/doubleplusungood-relecture-punk-et-baroque-des-saintes-ecritures\/\" \/>\n<meta property=\"og:site_name\" content=\"w-l-c\" \/>\n<meta property=\"article:published_time\" content=\"2018-06-25T08:25:03+00:00\" \/>\n<meta property=\"article:modified_time\" content=\"2018-06-25T16:41:07+00:00\" \/>\n<meta property=\"og:image\" content=\"https:\/\/w-l-c.be\/wp-content\/uploads\/2018\/06\/doubleplusungood-bandeau.jpg\" \/>\n\t<meta property=\"og:image:width\" content=\"1000\" \/>\n\t<meta property=\"og:image:height\" content=\"370\" \/>\n\t<meta property=\"og:image:type\" content=\"image\/jpeg\" \/>\n<meta name=\"author\" content=\"Aurore Engelen\" \/>\n<meta name=\"twitter:card\" content=\"summary_large_image\" \/>\n<meta name=\"twitter:label1\" content=\"\u00c9crit par\" \/>\n\t<meta name=\"twitter:data1\" content=\"Aurore Engelen\" \/>\n\t<meta name=\"twitter:label2\" content=\"Dur\u00e9e de lecture estim\u00e9e\" \/>\n\t<meta name=\"twitter:data2\" content=\"3 minutes\" \/>\n<script type=\"application\/ld+json\" class=\"yoast-schema-graph\">{\"@context\":\"https:\/\/schema.org\",\"@graph\":[{\"@type\":\"WebPage\",\"@id\":\"https:\/\/w-l-c.be\/fr\/doubleplusungood-relecture-punk-et-baroque-des-saintes-ecritures\/\",\"url\":\"https:\/\/w-l-c.be\/fr\/doubleplusungood-relecture-punk-et-baroque-des-saintes-ecritures\/\",\"name\":\"\\\"Doubleplusungood\\\": relecture punk et baroque des saintes \u00e9critures - w-l-c\",\"isPartOf\":{\"@id\":\"https:\/\/w-l-c.be\/fr\/#website\"},\"datePublished\":\"2018-06-25T08:25:03+00:00\",\"dateModified\":\"2018-06-25T16:41:07+00:00\",\"author\":{\"@id\":\"https:\/\/w-l-c.be\/fr\/#\/schema\/person\/8084b68c6b176142d073695c654dc7cf\"},\"breadcrumb\":{\"@id\":\"https:\/\/w-l-c.be\/fr\/doubleplusungood-relecture-punk-et-baroque-des-saintes-ecritures\/#breadcrumb\"},\"inLanguage\":\"fr-FR\",\"potentialAction\":[{\"@type\":\"ReadAction\",\"target\":[\"https:\/\/w-l-c.be\/fr\/doubleplusungood-relecture-punk-et-baroque-des-saintes-ecritures\/\"]}]},{\"@type\":\"BreadcrumbList\",\"@id\":\"https:\/\/w-l-c.be\/fr\/doubleplusungood-relecture-punk-et-baroque-des-saintes-ecritures\/#breadcrumb\",\"itemListElement\":[{\"@type\":\"ListItem\",\"position\":1,\"name\":\"Accueil\",\"item\":\"https:\/\/w-l-c.be\/fr\/\"},{\"@type\":\"ListItem\",\"position\":2,\"name\":\"\u00ab\u00a0Doubleplusungood\u00a0\u00bb: relecture punk et baroque des saintes \u00e9critures\"}]},{\"@type\":\"WebSite\",\"@id\":\"https:\/\/w-l-c.be\/fr\/#website\",\"url\":\"https:\/\/w-l-c.be\/fr\/\",\"name\":\"w-l-c\",\"description\":\"Le cin\u00e9ma vu par les belges\",\"potentialAction\":[{\"@type\":\"SearchAction\",\"target\":{\"@type\":\"EntryPoint\",\"urlTemplate\":\"https:\/\/w-l-c.be\/fr\/?s={search_term_string}\"},\"query-input\":\"required name=search_term_string\"}],\"inLanguage\":\"fr-FR\"},{\"@type\":\"Person\",\"@id\":\"https:\/\/w-l-c.be\/fr\/#\/schema\/person\/8084b68c6b176142d073695c654dc7cf\",\"name\":\"Aurore Engelen\",\"url\":\"https:\/\/w-l-c.be\/fr\/author\/aurore-engelen\/\"}]}<\/script>\n<!-- \/ Yoast SEO plugin. -->","yoast_head_json":{"title":"\"Doubleplusungood\": relecture punk et baroque des saintes \u00e9critures - w-l-c","robots":{"index":"noindex","follow":"follow","max-snippet":"max-snippet:-1","max-image-preview":"max-image-preview:large","max-video-preview":"max-video-preview:-1"},"og_locale":"fr_FR","og_type":"article","og_title":"\"Doubleplusungood\": relecture punk et baroque des saintes \u00e9critures - w-l-c","og_description":"Doubleplusungood, exp\u00e9rience filmique \u00e0 part, suit les pas, en 2018 dans un pays qui n\u2019existe pas, de Dago Cassandra, petit truand qui revient dans son royaume apr\u00e8s 15 ans d\u2019exil investi d\u2019une mission divine: tuer les 12 ap\u00f4tres de Lucifer repr\u00e9sent\u00e9s par la pyramide du pouvoir\u2026 Son sacrifice l\u2019entra\u00eenera dans une spirale meurtri\u00e8re sans fin. &hellip;","og_url":"https:\/\/w-l-c.be\/fr\/doubleplusungood-relecture-punk-et-baroque-des-saintes-ecritures\/","og_site_name":"w-l-c","article_published_time":"2018-06-25T08:25:03+00:00","article_modified_time":"2018-06-25T16:41:07+00:00","og_image":[{"width":1000,"height":370,"url":"https:\/\/w-l-c.be\/wp-content\/uploads\/2018\/06\/doubleplusungood-bandeau.jpg","type":"image\/jpeg"}],"author":"Aurore Engelen","twitter_card":"summary_large_image","twitter_misc":{"\u00c9crit par":"Aurore Engelen","Dur\u00e9e de lecture estim\u00e9e":"3 minutes"},"schema":{"@context":"https:\/\/schema.org","@graph":[{"@type":"WebPage","@id":"https:\/\/w-l-c.be\/fr\/doubleplusungood-relecture-punk-et-baroque-des-saintes-ecritures\/","url":"https:\/\/w-l-c.be\/fr\/doubleplusungood-relecture-punk-et-baroque-des-saintes-ecritures\/","name":"\"Doubleplusungood\": relecture punk et baroque des saintes \u00e9critures - w-l-c","isPartOf":{"@id":"https:\/\/w-l-c.be\/fr\/#website"},"datePublished":"2018-06-25T08:25:03+00:00","dateModified":"2018-06-25T16:41:07+00:00","author":{"@id":"https:\/\/w-l-c.be\/fr\/#\/schema\/person\/8084b68c6b176142d073695c654dc7cf"},"breadcrumb":{"@id":"https:\/\/w-l-c.be\/fr\/doubleplusungood-relecture-punk-et-baroque-des-saintes-ecritures\/#breadcrumb"},"inLanguage":"fr-FR","potentialAction":[{"@type":"ReadAction","target":["https:\/\/w-l-c.be\/fr\/doubleplusungood-relecture-punk-et-baroque-des-saintes-ecritures\/"]}]},{"@type":"BreadcrumbList","@id":"https:\/\/w-l-c.be\/fr\/doubleplusungood-relecture-punk-et-baroque-des-saintes-ecritures\/#breadcrumb","itemListElement":[{"@type":"ListItem","position":1,"name":"Accueil","item":"https:\/\/w-l-c.be\/fr\/"},{"@type":"ListItem","position":2,"name":"\u00ab\u00a0Doubleplusungood\u00a0\u00bb: relecture punk et baroque des saintes \u00e9critures"}]},{"@type":"WebSite","@id":"https:\/\/w-l-c.be\/fr\/#website","url":"https:\/\/w-l-c.be\/fr\/","name":"w-l-c","description":"Le cin\u00e9ma vu par les belges","potentialAction":[{"@type":"SearchAction","target":{"@type":"EntryPoint","urlTemplate":"https:\/\/w-l-c.be\/fr\/?s={search_term_string}"},"query-input":"required name=search_term_string"}],"inLanguage":"fr-FR"},{"@type":"Person","@id":"https:\/\/w-l-c.be\/fr\/#\/schema\/person\/8084b68c6b176142d073695c654dc7cf","name":"Aurore Engelen","url":"https:\/\/w-l-c.be\/fr\/author\/aurore-engelen\/"}]}},"_links":{"self":[{"href":"https:\/\/w-l-c.be\/fr\/wp-json\/wp\/v2\/posts\/210763","targetHints":{"allow":["GET"]}}],"collection":[{"href":"https:\/\/w-l-c.be\/fr\/wp-json\/wp\/v2\/posts"}],"about":[{"href":"https:\/\/w-l-c.be\/fr\/wp-json\/wp\/v2\/types\/post"}],"author":[{"embeddable":true,"href":"https:\/\/w-l-c.be\/fr\/wp-json\/wp\/v2\/users\/343"}],"replies":[{"embeddable":true,"href":"https:\/\/w-l-c.be\/fr\/wp-json\/wp\/v2\/comments?post=210763"}],"version-history":[{"count":0,"href":"https:\/\/w-l-c.be\/fr\/wp-json\/wp\/v2\/posts\/210763\/revisions"}],"wp:featuredmedia":[{"embeddable":true,"href":"https:\/\/w-l-c.be\/fr\/wp-json\/wp\/v2\/media\/210765"}],"wp:attachment":[{"href":"https:\/\/w-l-c.be\/fr\/wp-json\/wp\/v2\/media?parent=210763"}],"wp:term":[{"taxonomy":"category","embeddable":true,"href":"https:\/\/w-l-c.be\/fr\/wp-json\/wp\/v2\/categories?post=210763"},{"taxonomy":"post_tag","embeddable":true,"href":"https:\/\/w-l-c.be\/fr\/wp-json\/wp\/v2\/tags?post=210763"}],"curies":[{"name":"wp","href":"https:\/\/api.w.org\/{rel}","templated":true}]}}